{"id":1047,"date":"2026-04-23T16:09:16","date_gmt":"2026-04-23T16:09:16","guid":{"rendered":"https:\/\/anprotec.org.br\/conferencia2026\/?p=1047"},"modified":"2026-04-23T16:09:16","modified_gmt":"2026-04-23T16:09:16","slug":"finep-e-patrocinadora-platina-da-36a-conferencia-anprotec-2026-em-manaus","status":"publish","type":"post","link":"https:\/\/anprotec.org.br\/conferencia2026\/finep-e-patrocinadora-platina-da-36a-conferencia-anprotec-2026-em-manaus\/","title":{"rendered":"Finep \u00e9 patrocinadora Platina da 36\u00aa Confer\u00eancia Anprotec 2026 em Manaus"},"content":{"rendered":"\n<p><em>Principal ag\u00eancia federal de fomento \u00e0 inova\u00e7\u00e3o refor\u00e7a apoio ao maior evento brasileiro de ambientes de inova\u00e7\u00e3o, que acontece de 29 de junho a 2 de julho na capital amazonense<\/em><\/p>\n\n\n\n<p>A Financiadora de Estudos e Projetos (Finep), vinculada ao Minist\u00e9rio da Ci\u00eancia, Tecnologia e Inova\u00e7\u00e3o (MCTI), \u00e9 a patrocinadora Platina da 36\u00aa Confer\u00eancia Anprotec de Empreendedorismo e Ambientes de Inova\u00e7\u00e3o, que ser\u00e1 realizada de 29 de junho a 2 de julho de 2026, em Manaus (AM). O an\u00fancio refor\u00e7a o compromisso da financiadora com o fortalecimento dos ecossistemas de inova\u00e7\u00e3o no Brasil e sua rela\u00e7\u00e3o de longa data com a Anprotec.<\/p>\n\n\n\n<p>Secretaria executiva do Fundo Nacional de Desenvolvimento Cient\u00edfico e Tecnol\u00f3gico (FNDCT), a Finep atua em toda a cadeia da inova\u00e7\u00e3o \u2014 da pesquisa b\u00e1sica \u00e0 prepara\u00e7\u00e3o do produto para o mercado. Em 2026, a financiadora disponibiliza mais de R$ 10 bilh\u00f5es em chamadas p\u00fablicas e linhas de cr\u00e9dito para projetos de inova\u00e7\u00e3o e tecnologia, atendendo empresas de todos os portes, startups e institui\u00e7\u00f5es de ci\u00eancia e tecnologia (ICTs) em todo o pa\u00eds.<\/p>\n\n\n\n<p>A confer\u00eancia deste ano \u2014 com o tema \u201cConsolidando Ecossistemas: Empreendedorismo Inovador para a Economia do Futuro\u201d \u2014 discutir\u00e1 t\u00f3picos como bioeconomia, inova\u00e7\u00e3o aberta, P&amp;D colaborativo, tecnologias de fronteira e internacionaliza\u00e7\u00e3o, temas que dialogam com a atua\u00e7\u00e3o recente da Finep, que tem liderado articula\u00e7\u00f5es nacionais em financiamento a startups de base tecnol\u00f3gica e na constru\u00e7\u00e3o de pol\u00edticas p\u00fablicas para deep techs.<\/p>\n\n\n\n<p>\u201cA Confer\u00eancia Anprotec tem se consolidado como uma das principais geradoras de conhecimento sobre ambientes de inova\u00e7\u00e3o no Brasil. Nesta edi\u00e7\u00e3o, levar o evento para Manaus representa uma oportunidade \u00fanica de conectar os ecossistemas de todo o pa\u00eds com a realidade amaz\u00f4nica no momento p\u00f3s-COP30, quando a regi\u00e3o experimenta novas pol\u00edticas de inova\u00e7\u00e3o e amplia\u00e7\u00e3o de investimentos\u201d, afirma <strong>Adriana Ferreira de Faria, presidente da Anprotec<\/strong>.<\/p>\n\n\n\n<p>A parceria entre Finep e Anprotec \u00e9 de longa data. A financiadora tem patrocinado a Confer\u00eancia Anprotec nos \u00faltimos anos e participado ativamente de a\u00e7\u00f5es conjuntas com a associa\u00e7\u00e3o, incluindo semin\u00e1rios sobre deep techs e o programa Inovacred, que opera de forma descentralizada por meio de agentes financeiros para atender pequenos neg\u00f3cios inovadores em todo o pa\u00eds.<\/p>\n\n\n\n<p>A escolha de Manaus como sede ganha relev\u00e2ncia adicional com o apoio da Finep. A Regi\u00e3o Norte vive um momento de expans\u00e3o dos seus ambientes de inova\u00e7\u00e3o, com a cria\u00e7\u00e3o de hubs setoriais, o fortalecimento de programas ligados \u00e0 bioeconomia e a amplia\u00e7\u00e3o dos investimentos em P&amp;D vinculados ao Polo Industrial de Manaus (PIM). A Confer\u00eancia Anprotec ser\u00e1 a primeira vez desde 2014 que o evento retorna \u00e0 Regi\u00e3o Norte, em um contexto marcado pelo per\u00edodo p\u00f3s-COP30 e pela crescente aten\u00e7\u00e3o internacional \u00e0 Amaz\u00f4nia como territ\u00f3rio de inova\u00e7\u00e3o sustent\u00e1vel.<\/p>\n\n\n\n<p>\u201cA escolha do tema pela comunidade Anprotec demonstra a maturidade e o comprometimento do nosso ecossistema com os desafios da inova\u00e7\u00e3o no Brasil. Realizar essa discuss\u00e3o em Manaus, com o olhar voltado para a Regi\u00e3o Norte, significa reconhecer que a economia do futuro se constr\u00f3i a partir da diversidade territorial e da capacidade de cada regi\u00e3o em transformar seus ativos \u00fanicos \u2014 seja biodiversidade, conhecimento tradicional ou base tecnol\u00f3gica \u2014 em vantagens competitivas sustent\u00e1veis\u201d, destaca <strong>Deolinda Garcia, diretora t\u00e9cnica da Anprotec e coordenadora do evento<\/strong>.<\/p>\n\n\n\n<p>A programa\u00e7\u00e3o da 36\u00aa Confer\u00eancia Anprotec contar\u00e1 com plen\u00e1rias, pain\u00e9is tem\u00e1ticos, workshops, rodas de conversa e a apresenta\u00e7\u00e3o dos melhores trabalhos selecionados na Chamada de Trabalhos, que recebeu 296 submiss\u00f5es de 229 institui\u00e7\u00f5es de todo o Brasil. O evento tamb\u00e9m receber\u00e1 palestrantes internacionais e contar\u00e1 com o Demoday do Pr\u00eamio de Empreendedorismo Inovador Anprotec e o F\u00f3rum Sebrae Convida.<\/p>\n\n\n\n<p>A 36\u00aa Confer\u00eancia Anprotec \u00e9 uma realiza\u00e7\u00e3o da Anprotec em parceria com o Sebrae, com organiza\u00e7\u00e3o local da Funda\u00e7\u00e3o Paulo Feitoza (FPFTech) e da Universidade do Estado do Amazonas (UEA). Inscri\u00e7\u00f5es e informa\u00e7\u00f5es est\u00e3o dispon\u00edveis no site <strong>www.conferenciaanprotec.com.br<\/strong>.<\/p>\n\n\n\n<p><strong>Sobre a Finep<\/strong><\/p>\n\n\n\n<p>A Financiadora de Estudos e Projetos (Finep) \u00e9 uma empresa p\u00fablica vinculada ao MCTI, criada em 1967. Atua em toda a cadeia da inova\u00e7\u00e3o, com foco em a\u00e7\u00f5es estrat\u00e9gicas, estruturantes e de impacto para o desenvolvimento sustent\u00e1vel do Brasil. \u00c9 a Secretaria Executiva do Fundo Nacional de Desenvolvimento Cient\u00edfico e Tecnol\u00f3gico (FNDCT), principal fonte de financiamento p\u00fablico da ci\u00eancia brasileira.<\/p>\n\n\n\n<p><strong>Sobre a Anprotec<\/strong><\/p>\n\n\n\n<p>A Associa\u00e7\u00e3o Nacional de Entidades Promotoras de Empreendimentos Inovadores (Anprotec) re\u00fane incubadoras de empresas, parques tecnol\u00f3gicos, aceleradoras, coworkings e outros ambientes de inova\u00e7\u00e3o no Brasil. A Confer\u00eancia Anprotec \u00e9 o principal evento brasileiro dedicado ao fortalecimento desses ecossistemas.<\/p>\n","protected":false},"excerpt":{"rendered":"<p>Principal ag\u00eancia federal de fomento \u00e0 inova\u00e7\u00e3o refor\u00e7a apoio ao maior evento brasileiro de ambientes de inova\u00e7\u00e3o, que acontece de 29 de junho a 2 de julho na capital amazonense A Financiadora de Estudos e Projetos (Finep), vinculada ao Minist\u00e9rio da Ci\u00eancia, Tecnologia e Inova\u00e7\u00e3o (MCTI), \u00e9 a patrocinadora Platina da 36\u00aa Confer\u00eancia Anprotec de [&hellip;]<\/p>\n","protected":false},"author":2,"featured_media":1048,"comment_status":"open","ping_status":"open","sticky":false,"template":"","format":"standard","meta":{"footnotes":""},"categories":[1],"tags":[],"class_list":["post-1047","post","type-post","status-publish","format-standard","has-post-thumbnail","hentry","category-uncategorized"],"_links":{"self":[{"href":"https:\/\/anprotec.org.br\/conferencia2026\/wp-json\/wp\/v2\/posts\/1047","targetHints":{"allow":["GET"]}}],"collection":[{"href":"https:\/\/anprotec.org.br\/conferencia2026\/wp-json\/wp\/v2\/posts"}],"about":[{"href":"https:\/\/anprotec.org.br\/conferencia2026\/wp-json\/wp\/v2\/types\/post"}],"author":[{"embeddable":true,"href":"https:\/\/anprotec.org.br\/conferencia2026\/wp-json\/wp\/v2\/users\/2"}],"replies":[{"embeddable":true,"href":"https:\/\/anprotec.org.br\/conferencia2026\/wp-json\/wp\/v2\/comments?post=1047"}],"version-history":[{"count":1,"href":"https:\/\/anprotec.org.br\/conferencia2026\/wp-json\/wp\/v2\/posts\/1047\/revisions"}],"predecessor-version":[{"id":1049,"href":"https:\/\/anprotec.org.br\/conferencia2026\/wp-json\/wp\/v2\/posts\/1047\/revisions\/1049"}],"wp:featuredmedia":[{"embeddable":true,"href":"https:\/\/anprotec.org.br\/conferencia2026\/wp-json\/wp\/v2\/media\/1048"}],"wp:attachment":[{"href":"https:\/\/anprotec.org.br\/conferencia2026\/wp-json\/wp\/v2\/media?parent=1047"}],"wp:term":[{"taxonomy":"category","embeddable":true,"href":"https:\/\/anprotec.org.br\/conferencia2026\/wp-json\/wp\/v2\/categories?post=1047"},{"taxonomy":"post_tag","embeddable":true,"href":"https:\/\/anprotec.org.br\/conferencia2026\/wp-json\/wp\/v2\/tags?post=1047"}],"curies":[{"name":"wp","href":"https:\/\/api.w.org\/{rel}","templated":true}]}}