{"id":1043,"date":"2026-04-22T18:48:11","date_gmt":"2026-04-22T18:48:11","guid":{"rendered":"https:\/\/anprotec.org.br\/conferencia2026\/?p=1043"},"modified":"2026-04-22T18:48:11","modified_gmt":"2026-04-22T18:48:11","slug":"conferencia-anprotec-2026-anuncia-novos-palestrantes-com-foco-em-ecossistemas-de-inovacao-desenvolvimento-regional-e-sustentabilidade","status":"publish","type":"post","link":"https:\/\/anprotec.org.br\/conferencia2026\/conferencia-anprotec-2026-anuncia-novos-palestrantes-com-foco-em-ecossistemas-de-inovacao-desenvolvimento-regional-e-sustentabilidade\/","title":{"rendered":"Confer\u00eancia Anprotec 2026 anuncia novos palestrantes com foco em ecossistemas de inova\u00e7\u00e3o, desenvolvimento regional e sustentabilidade"},"content":{"rendered":"\n<p>A 36\u00aa Confer\u00eancia Anprotec de Empreendedorismo e Ambientes de Inova\u00e7\u00e3o divulga novos palestrantes que far\u00e3o parte da extensa programa\u00e7\u00e3o do evento. A Confer\u00eancia ser\u00e1 realizada de <strong>29 de junho a 2 de julho, em Manaus<\/strong>. <strong>Pierre Lucena, Juc\u00e9lia Maia e Guilherme Karam<\/strong> trar\u00e3o diferentes perspectivas sobre a consolida\u00e7\u00e3o de ecossistemas de inova\u00e7\u00e3o e a integra\u00e7\u00e3o entre desenvolvimento econ\u00f4mico e sustentabilidade.<\/p>\n\n\n\n<h2 class=\"wp-block-heading\"><strong>Pierre Lucena (Porto Digital)<\/strong><\/h2>\n\n\n\n<p>Para integrar os debates sobre inova\u00e7\u00e3o e desenvolvimento regional, o presidente do Porto Digital, Pierre Lucena, participar\u00e1 da programa\u00e7\u00e3o da Confer\u00eancia. Doutor em Administra\u00e7\u00e3o pela PUC-Rio, mestre em Economia e graduado em Administra\u00e7\u00e3o pela UFPE, possui trajet\u00f3ria consolidada na articula\u00e7\u00e3o entre academia, mercado e gest\u00e3o de ambientes de inova\u00e7\u00e3o.<\/p>\n\n\n\n<p>Atualmente, lidera o Porto Digital, um dos principais polos de tecnologia e economia criativa da Am\u00e9rica Latina, al\u00e9m de atuar como professor de Finan\u00e7as na UFPE. Sua experi\u00eancia re\u00fane atua\u00e7\u00e3o em gest\u00e3o estrat\u00e9gica, forma\u00e7\u00e3o acad\u00eamica e conex\u00e3o entre inova\u00e7\u00e3o e desenvolvimento econ\u00f4mico.<\/p>\n\n\n\n<p>Na Confer\u00eancia Anprotec 2026, participar\u00e1 do <strong>Painel Tem\u00e1tico 5<\/strong> \u2013 \u201cConsolidando ecossistemas para o desenvolvimento regional\u201d, no dia <strong>1\u00ba de julho, \u00e0s 14h<\/strong>. Pierre contribuir\u00e1 com o debate sobre o papel dos ecossistemas de inova\u00e7\u00e3o como motores do desenvolvimento territorial e da economia do futuro.<\/p>\n\n\n\n<h2 class=\"wp-block-heading\"><strong>Juc\u00e9lia Maia (tecnoPARQ\/UFV)<\/strong><\/h2>\n\n\n\n<p>Tamb\u00e9m integra a programa\u00e7\u00e3o a coordenadora do tecnoPARQ \u2013 Parque Tecnol\u00f3gico de Vi\u00e7osa, Juc\u00e9lia Maia. Administradora e servidora t\u00e9cnica da Universidade Federal de Vi\u00e7osa (UFV), atua de forma estrat\u00e9gica na promo\u00e7\u00e3o da inova\u00e7\u00e3o, do empreendedorismo e na consolida\u00e7\u00e3o de ambientes de inova\u00e7\u00e3o vinculados \u00e0 universidade.<\/p>\n\n\n\n<p>Com experi\u00eancia na gest\u00e3o de incubadoras e na mentoria de startups, Juc\u00e9lia tamb\u00e9m \u00e9 diretora da Rede Mineira de Inova\u00e7\u00e3o (RMI) e participa de conselhos municipais voltados \u00e0 inova\u00e7\u00e3o e ao desenvolvimento econ\u00f4mico. Sua atua\u00e7\u00e3o contribui diretamente para o fortalecimento das conex\u00f5es entre academia, empresas e territ\u00f3rio.<\/p>\n\n\n\n<p>Na Confer\u00eancia Anprotec 2026, participar\u00e1 do \u201c<strong>Painel Speaker Anprotec 06<\/strong> \u2013 Artigos T\u00e9cnicos\u201d, no dia <strong>29 de junho, \u00e0s 08h30<\/strong>. Juc\u00e9lia compartilhar\u00e1 sua experi\u00eancia na gest\u00e3o de parques tecnol\u00f3gicos e no desenvolvimento de iniciativas que impulsionam o ecossistema de inova\u00e7\u00e3o regional.<\/p>\n\n\n\n<h2 class=\"wp-block-heading\"><strong>Guilherme Karam (Funda\u00e7\u00e3o Grupo Botic\u00e1rio)<\/strong><\/h2>\n\n\n\n<p>O evento contar\u00e1 ainda com a participa\u00e7\u00e3o de Guilherme Karam, gerente de Economia e Biodiversidade da Funda\u00e7\u00e3o Grupo Botic\u00e1rio. Bi\u00f3logo e mestre em \u00c1reas Naturais Protegidas, possui mais de 20 anos de experi\u00eancia na constru\u00e7\u00e3o de estrat\u00e9gias voltadas \u00e0 conserva\u00e7\u00e3o da natureza e ao desenvolvimento territorial sustent\u00e1vel.<\/p>\n\n\n\n<p>Sua atua\u00e7\u00e3o est\u00e1 focada na integra\u00e7\u00e3o entre sustentabilidade, inova\u00e7\u00e3o e impacto econ\u00f4mico, com destaque para temas como seguran\u00e7a h\u00eddrica, adapta\u00e7\u00e3o clim\u00e1tica e fortalecimento de neg\u00f3cios de impacto positivo no Brasil.<\/p>\n\n\n\n<p>Na Confer\u00eancia Anprotec 2026, participar\u00e1 da <strong>Roda de Conversa 3<\/strong> \u2013 \u201cGovernan\u00e7a de ecossistemas de inova\u00e7\u00e3o. Inclus\u00e3o, diversidade e empreendedorismo \u2013 Indicadores de impacto e avalia\u00e7\u00e3o de ecossistemas\u201d, no<strong> dia 1\u00ba de julho, \u00e0s 14h<\/strong>. Guilherme contribuir\u00e1 com o debate sobre como alinhar inova\u00e7\u00e3o e sustentabilidade no desenvolvimento de ecossistemas mais resilientes.<\/p>\n\n\n\n<h2 class=\"wp-block-heading\"><strong>Sobre a Confer\u00eancia Anprotec 2026<\/strong><\/h2>\n\n\n\n<p>A 36\u00aa Confer\u00eancia Anprotec de Empreendedorismo e Ambientes de Inova\u00e7\u00e3o ser\u00e1 realizada de <strong>29 de junho a 2 de julho de 2026, em Manaus (AM),<\/strong> sob o tema \u201cConsolidando Ecossistemas: Empreendedorismo Inovador para a Economia do Futuro\u201d.\u00a0<\/p>\n\n\n\n<p>O evento reunir\u00e1 gestores de incubadoras, parques tecnol\u00f3gicos, aceleradoras e hubs de inova\u00e7\u00e3o, al\u00e9m de representantes de universidades, empresas e governos, para discutir agendas estrat\u00e9gicas relacionadas ao desenvolvimento regional, bioeconomia, tecnologias emergentes, internacionaliza\u00e7\u00e3o e forma\u00e7\u00e3o de capital humano.<\/p>\n\n\n\n<p>A confer\u00eancia \u00e9 realizada pela <strong>Anprotec<\/strong>, em parceria com o<strong> Sebrae<\/strong>, e tem como organizadores locais a <strong>Funda\u00e7\u00e3o Paulo Feitoza<\/strong> e a <strong>Universidade do Estado do Amazonas<\/strong>.<\/p>\n","protected":false},"excerpt":{"rendered":"<p>A 36\u00aa Confer\u00eancia Anprotec de Empreendedorismo e Ambientes de Inova\u00e7\u00e3o divulga novos palestrantes que far\u00e3o parte da extensa programa\u00e7\u00e3o do evento. A Confer\u00eancia ser\u00e1 realizada de 29 de junho a 2 de julho, em Manaus. Pierre Lucena, Juc\u00e9lia Maia e Guilherme Karam trar\u00e3o diferentes perspectivas sobre a consolida\u00e7\u00e3o de ecossistemas de inova\u00e7\u00e3o e a integra\u00e7\u00e3o [&hellip;]<\/p>\n","protected":false},"author":2,"featured_media":1044,"comment_status":"open","ping_status":"open","sticky":false,"template":"","format":"standard","meta":{"footnotes":""},"categories":[1],"tags":[],"class_list":["post-1043","post","type-post","status-publish","format-standard","has-post-thumbnail","hentry","category-uncategorized"],"_links":{"self":[{"href":"https:\/\/anprotec.org.br\/conferencia2026\/wp-json\/wp\/v2\/posts\/1043","targetHints":{"allow":["GET"]}}],"collection":[{"href":"https:\/\/anprotec.org.br\/conferencia2026\/wp-json\/wp\/v2\/posts"}],"about":[{"href":"https:\/\/anprotec.org.br\/conferencia2026\/wp-json\/wp\/v2\/types\/post"}],"author":[{"embeddable":true,"href":"https:\/\/anprotec.org.br\/conferencia2026\/wp-json\/wp\/v2\/users\/2"}],"replies":[{"embeddable":true,"href":"https:\/\/anprotec.org.br\/conferencia2026\/wp-json\/wp\/v2\/comments?post=1043"}],"version-history":[{"count":1,"href":"https:\/\/anprotec.org.br\/conferencia2026\/wp-json\/wp\/v2\/posts\/1043\/revisions"}],"predecessor-version":[{"id":1045,"href":"https:\/\/anprotec.org.br\/conferencia2026\/wp-json\/wp\/v2\/posts\/1043\/revisions\/1045"}],"wp:featuredmedia":[{"embeddable":true,"href":"https:\/\/anprotec.org.br\/conferencia2026\/wp-json\/wp\/v2\/media\/1044"}],"wp:attachment":[{"href":"https:\/\/anprotec.org.br\/conferencia2026\/wp-json\/wp\/v2\/media?parent=1043"}],"wp:term":[{"taxonomy":"category","embeddable":true,"href":"https:\/\/anprotec.org.br\/conferencia2026\/wp-json\/wp\/v2\/categories?post=1043"},{"taxonomy":"post_tag","embeddable":true,"href":"https:\/\/anprotec.org.br\/conferencia2026\/wp-json\/wp\/v2\/tags?post=1043"}],"curies":[{"name":"wp","href":"https:\/\/api.w.org\/{rel}","templated":true}]}}