{"id":1025,"date":"2026-04-15T18:38:50","date_gmt":"2026-04-15T18:38:50","guid":{"rendered":"https:\/\/anprotec.org.br\/conferencia2026\/?p=1025"},"modified":"2026-04-15T18:38:50","modified_gmt":"2026-04-15T18:38:50","slug":"conheca-os-novos-palestrantes-confirmados-na-conferencia-anprotec-2026-com-foco-em-governanca-formacao-de-talentos-e-desenvolvimento-regional","status":"publish","type":"post","link":"https:\/\/anprotec.org.br\/conferencia2026\/conheca-os-novos-palestrantes-confirmados-na-conferencia-anprotec-2026-com-foco-em-governanca-formacao-de-talentos-e-desenvolvimento-regional\/","title":{"rendered":"Conhe\u00e7a os novos palestrantes confirmados na Confer\u00eancia Anprotec 2026, com foco em governan\u00e7a, forma\u00e7\u00e3o de talentos e desenvolvimento regional"},"content":{"rendered":"\n<p>A 36\u00aa Confer\u00eancia Anprotec de Empreendedorismo e Ambientes de Inova\u00e7\u00e3o confirma novos nomes que far\u00e3o parte da sua extensa programa\u00e7\u00e3o. O evento ser\u00e1 realizado de 29 de junho a 2 de julho, em Manaus (AM). Ma\u00edra Nobre de Castro, Demetrius Silva e Bruno Portela trar\u00e3o diferentes perspectivas sobre pol\u00edticas p\u00fablicas para inova\u00e7\u00e3o, forma\u00e7\u00e3o de talentos e governan\u00e7a de ecossistemas.<\/p>\n\n\n\n<p><strong>Ma\u00edra Nobre de Castro (Anprotec)<\/strong><\/p>\n\n\n\n<p>Para contribuir com os debates sobre governan\u00e7a e inclus\u00e3o nos ecossistemas de inova\u00e7\u00e3o, a diretora de Redes e Associados da Anprotec, Ma\u00edra Nobre de Castro, integrar\u00e1 a programa\u00e7\u00e3o do evento. Com trajet\u00f3ria marcada pela atua\u00e7\u00e3o em empreendedorismo e pol\u00edticas p\u00fablicas, Ma\u00edra \u00e9 graduada em Pedagogia e mestre em Avalia\u00e7\u00e3o de Pol\u00edticas P\u00fablicas pela UFC, al\u00e9m de coordenar a Incubadora de Empresas do IFCE.<\/p>\n\n\n\n<p>Ao longo de sua carreira, tem liderado iniciativas voltadas \u00e0 forma\u00e7\u00e3o empreendedora, inova\u00e7\u00e3o e impacto social, com destaque para projetos como \u201cPr\u00e1ticas Formativas Empreendedoras\u201d e \u201cEconomia Solid\u00e1ria\u201d, al\u00e9m de atuar como multiplicadora do Programa Ela Pode.<\/p>\n\n\n\n<p>Na Confer\u00eancia, participar\u00e1 da <strong>Roda de Conversa 3 \u2013 Governan\u00e7a de ecossistemas de inova\u00e7\u00e3o: inclus\u00e3o, diversidade e empreendedorismo, no dia 1\u00ba de julho, \u00e0s 14h, <\/strong>contribuindo com reflex\u00f5es sobre indicadores de impacto e avalia\u00e7\u00e3o de ecossistemas.<\/p>\n\n\n\n<p><strong>Demetrius Silva<\/strong> <strong>(UFV)&nbsp;<\/strong><\/p>\n\n\n\n<p>Tamb\u00e9m participar\u00e1 o reitor da Universidade Federal de Vi\u00e7osa (UFV), Demetrius Silva, professor titular do Departamento de Engenharia Agr\u00edcola e pesquisador com ampla produ\u00e7\u00e3o cient\u00edfica. Bolsista de Produtividade em Pesquisa do CNPq n\u00edvel 1A, possui mestrado e doutorado em Recursos H\u00eddricos e Meio Ambiente pela UFV e p\u00f3s-doutorado na University of Florida (EUA).<\/p>\n\n\n\n<p>Com mais de 200 artigos cient\u00edficos publicados e extensa atua\u00e7\u00e3o na forma\u00e7\u00e3o de mestres e doutores, sua trajet\u00f3ria est\u00e1 fortemente ligada \u00e0 produ\u00e7\u00e3o de conhecimento e \u00e0 forma\u00e7\u00e3o de talentos.<\/p>\n\n\n\n<p>Na Confer\u00eancia, <strong>participar\u00e1 do Painel Tem\u00e1tico 3 \u2013 Talentos, educa\u00e7\u00e3o empreendedora e forma\u00e7\u00e3o para inova\u00e7\u00e3o, no dia 30 de junho, \u00e0s 8h30<\/strong>, contribuindo com o debate sobre o papel das universidades na forma\u00e7\u00e3o de profissionais preparados para os desafios da nova economia.<\/p>\n\n\n\n<p><strong>Bruno Portela (AGU)<\/strong><\/p>\n\n\n\n<p>Bruno Portela \u00e9 Procurador Federal da Advocacia-Geral da Uni\u00e3o (AGU), coordenador do Laborat\u00f3rio de Inova\u00e7\u00e3o da AGU (LABORI), e agrega \u00e0 programa\u00e7\u00e3o uma trajet\u00f3ria consolidada na interface entre direito, pol\u00edticas p\u00fablicas e inova\u00e7\u00e3o.<\/p>\n\n\n\n<p>Bacharel em Direito pela Universidade de Fortaleza (UNIFOR), possui p\u00f3s-gradua\u00e7\u00e3o em Direito P\u00fablico pela Universidade de Bras\u00edlia (UnB) e MBA em Gest\u00e3o P\u00fablica pela Funda\u00e7\u00e3o Getulio Vargas (FGV). Ao longo da carreira, integrou conselhos de institui\u00e7\u00f5es como EMBRAPA, ABDI e BNDES, sendo autor de obras sobre inova\u00e7\u00e3o e o marco legal de ci\u00eancia, tecnologia e inova\u00e7\u00e3o no Brasil.<\/p>\n\n\n\n<p>Na Confer\u00eancia, participar\u00e1 da <strong>Plen\u00e1ria 2 \u2013 Conectando ambientes de inova\u00e7\u00e3o e seus dispositivos ao mercado e \u00e0s pol\u00edticas p\u00fablicas, no dia 29 de junho, \u00e0s 16h30<\/strong>, contribuindo com o debate sobre o papel das pol\u00edticas p\u00fablicas na articula\u00e7\u00e3o entre inova\u00e7\u00e3o, mercado e desenvolvimento.<\/p>\n\n\n\n<p><strong>Sobre a Confer\u00eancia Anprotec 2026<\/strong><\/p>\n\n\n\n<p>A 36\u00aa Confer\u00eancia Anprotec de Empreendedorismo e Ambientes de Inova\u00e7\u00e3o ser\u00e1 realizada de <strong>29 de junho a 2 de julho de 2026, em Manaus (AM),<\/strong> sob o tema \u201cConsolidando Ecossistemas: Empreendedorismo Inovador para a Economia do Futuro\u201d.&nbsp;<\/p>\n\n\n\n<p>O evento reunir\u00e1 gestores de incubadoras, parques tecnol\u00f3gicos, aceleradoras e hubs de inova\u00e7\u00e3o, al\u00e9m de representantes de universidades, empresas e governos, para discutir agendas estrat\u00e9gicas relacionadas ao desenvolvimento regional, bioeconomia, tecnologias emergentes, internacionaliza\u00e7\u00e3o e forma\u00e7\u00e3o de capital humano.<\/p>\n\n\n\n<p>A confer\u00eancia \u00e9 realizada pela <strong>Anprotec<\/strong>, em parceria com o<strong> Sebrae<\/strong>, e tem como organizadores locais a <strong>Funda\u00e7\u00e3o Paulo Feitoza<\/strong> e a <strong>Universidade do Estado do Amazonas<\/strong>.<\/p>\n","protected":false},"excerpt":{"rendered":"<p>A 36\u00aa Confer\u00eancia Anprotec de Empreendedorismo e Ambientes de Inova\u00e7\u00e3o confirma novos nomes que far\u00e3o parte da sua extensa programa\u00e7\u00e3o. O evento ser\u00e1 realizado de 29 de junho a 2 de julho, em Manaus (AM). Ma\u00edra Nobre de Castro, Demetrius Silva e Bruno Portela trar\u00e3o diferentes perspectivas sobre pol\u00edticas p\u00fablicas para inova\u00e7\u00e3o, forma\u00e7\u00e3o de talentos [&hellip;]<\/p>\n","protected":false},"author":2,"featured_media":1026,"comment_status":"open","ping_status":"open","sticky":false,"template":"","format":"standard","meta":{"footnotes":""},"categories":[1],"tags":[],"class_list":["post-1025","post","type-post","status-publish","format-standard","has-post-thumbnail","hentry","category-uncategorized"],"_links":{"self":[{"href":"https:\/\/anprotec.org.br\/conferencia2026\/wp-json\/wp\/v2\/posts\/1025","targetHints":{"allow":["GET"]}}],"collection":[{"href":"https:\/\/anprotec.org.br\/conferencia2026\/wp-json\/wp\/v2\/posts"}],"about":[{"href":"https:\/\/anprotec.org.br\/conferencia2026\/wp-json\/wp\/v2\/types\/post"}],"author":[{"embeddable":true,"href":"https:\/\/anprotec.org.br\/conferencia2026\/wp-json\/wp\/v2\/users\/2"}],"replies":[{"embeddable":true,"href":"https:\/\/anprotec.org.br\/conferencia2026\/wp-json\/wp\/v2\/comments?post=1025"}],"version-history":[{"count":1,"href":"https:\/\/anprotec.org.br\/conferencia2026\/wp-json\/wp\/v2\/posts\/1025\/revisions"}],"predecessor-version":[{"id":1027,"href":"https:\/\/anprotec.org.br\/conferencia2026\/wp-json\/wp\/v2\/posts\/1025\/revisions\/1027"}],"wp:featuredmedia":[{"embeddable":true,"href":"https:\/\/anprotec.org.br\/conferencia2026\/wp-json\/wp\/v2\/media\/1026"}],"wp:attachment":[{"href":"https:\/\/anprotec.org.br\/conferencia2026\/wp-json\/wp\/v2\/media?parent=1025"}],"wp:term":[{"taxonomy":"category","embeddable":true,"href":"https:\/\/anprotec.org.br\/conferencia2026\/wp-json\/wp\/v2\/categories?post=1025"},{"taxonomy":"post_tag","embeddable":true,"href":"https:\/\/anprotec.org.br\/conferencia2026\/wp-json\/wp\/v2\/tags?post=1025"}],"curies":[{"name":"wp","href":"https:\/\/api.w.org\/{rel}","templated":true}]}}