{"id":1011,"date":"2026-04-14T17:10:18","date_gmt":"2026-04-14T17:10:18","guid":{"rendered":"https:\/\/anprotec.org.br\/conferencia2026\/?p=1011"},"modified":"2026-04-14T17:10:18","modified_gmt":"2026-04-14T17:10:18","slug":"conheca-novos-palestrantes-confirmados-na-conferencia-anprotec-2026-com-foco-em-politicas-publicas-e-gestao-de-ambientes-de-inovacao","status":"publish","type":"post","link":"https:\/\/anprotec.org.br\/conferencia2026\/conheca-novos-palestrantes-confirmados-na-conferencia-anprotec-2026-com-foco-em-politicas-publicas-e-gestao-de-ambientes-de-inovacao\/","title":{"rendered":"Conhe\u00e7a novos palestrantes confirmados na Confer\u00eancia Anprotec 2026, com foco em pol\u00edticas p\u00fablicas e gest\u00e3o de ambientes de inova\u00e7\u00e3o"},"content":{"rendered":"\n<p>A 36\u00aa Confer\u00eancia Anprotec de Empreendedorismo e Ambientes de Inova\u00e7\u00e3o confirma novos nomes que far\u00e3o parte da sua extensa programa\u00e7\u00e3o. O evento ser\u00e1 realizado de 29 de junho a 2 de julho, em Manaus (AM). Fl\u00e1via Fiorin, Francisco Saboya e Hideraldo Almeida trar\u00e3o diferentes perspectivas sobre o fortalecimento dos ambientes de inova\u00e7\u00e3o, conectando gest\u00e3o de ecossistemas&nbsp; e desenvolvimento tecnol\u00f3gico.<\/p>\n\n\n\n<p><strong>Fl\u00e1via Fiorin \u2013 TECNOPUC<\/strong><\/p>\n\n\n\n<p>Com mais de 15 anos de experi\u00eancia em gest\u00e3o de projetos de inova\u00e7\u00e3o com foco em empresas de base tecnol\u00f3gica, Fl\u00e1via \u00e9 diretora do TECNOPUC \u2013 Parque Cient\u00edfico e Tecnol\u00f3gico da PUCRS, e arquiteta e urbanista pela UFSM, com mestrado em Administra\u00e7\u00e3o pela Universit\u00e9 de Poitiers (Fran\u00e7a) e pela Unisinos.<\/p>\n\n\n\n<p>Sua atua\u00e7\u00e3o e pesquisa concentram-se em organiza\u00e7\u00f5es em rede, ambientes complexos e cidades responsivas, contribuindo para o desenvolvimento de ecossistemas inovadores conectados e din\u00e2micos.<\/p>\n\n\n\n<p>Na Confer\u00eancia Anprotec 2026, participar\u00e1 do <strong>Painel Speaker Anprotec 05 \u2013 Artigos T\u00e9cnicos<\/strong>, no dia 29 de junho, \u00e0s 08h30, compartilhando sua experi\u00eancia na gest\u00e3o de ambientes de inova\u00e7\u00e3o e articula\u00e7\u00e3o de redes colaborativas.<\/p>\n\n\n\n<p><strong>Francisco Saboya \u2013 Anprotec<\/strong><\/p>\n\n\n\n<p>Francisco \u00e9 Conselheiro Consultivo e ex-presidente da Anprotec, al\u00e9m de assessor de inova\u00e7\u00e3o e transforma\u00e7\u00e3o digital na FIEPE. Economista e mestre em Engenharia de Produ\u00e7\u00e3o pela UFPE, possui uma trajet\u00f3ria consolidada na articula\u00e7\u00e3o entre inova\u00e7\u00e3o, pol\u00edticas p\u00fablicas e desenvolvimento econ\u00f4mico. Tamb\u00e9m atua em diversos conselhos estrat\u00e9gicos nacionais, como o Conselho Nacional de Ci\u00eancia e Tecnologia, o Conselho Consultivo da FINEP e o Conselho Deliberativo do Sebrae.<\/p>\n\n\n\n<p>Com experi\u00eancia como empreendedor e gestor p\u00fablico, tamb\u00e9m foi presidente do Porto Digital por mais de uma d\u00e9cada, contribuindo para a consolida\u00e7\u00e3o de um dos principais ambientes de inova\u00e7\u00e3o do pa\u00eds.<\/p>\n\n\n\n<p>Na Confer\u00eancia, participar\u00e1 da <strong>Plen\u00e1ria 2 \u2013 Conectando ambientes de inova\u00e7\u00e3o e seus dispositivos ao mercado e \u00e0s pol\u00edticas p\u00fablicas<\/strong>, no dia 29 de junho, \u00e0s 16h30, trazendo sua experi\u00eancia na integra\u00e7\u00e3o entre ecossistemas de inova\u00e7\u00e3o e estrat\u00e9gias de desenvolvimento.<\/p>\n\n\n\n<p><strong>Hideraldo Almeida \u2013 MCTI\/SETEC<\/strong><\/p>\n\n\n\n<p>Hideraldo \u00e9 Diretor do Departamento de Apoio aos Ecossistemas de Inova\u00e7\u00e3o (DEPAI) da Secretaria de Desenvolvimento Tecnol\u00f3gico e Inova\u00e7\u00e3o (SETEC) do Minist\u00e9rio da Ci\u00eancia, Tecnologia e Inova\u00e7\u00e3o (MCTI). Mestre em Pol\u00edticas P\u00fablicas e Desenvolvimento e especialista em gest\u00e3o estrat\u00e9gica, atua na formula\u00e7\u00e3o e implementa\u00e7\u00e3o de pol\u00edticas de apoio \u00e0 inova\u00e7\u00e3o, com foco em instrumentos voltados ao desenvolvimento tecnol\u00f3gico e \u00e0 estrutura\u00e7\u00e3o de ambientes inovadores.<\/p>\n\n\n\n<p>Com trajet\u00f3ria no setor p\u00fablico, j\u00e1 coordenou iniciativas relacionadas \u00e0 cria\u00e7\u00e3o e consolida\u00e7\u00e3o de parques tecnol\u00f3gicos e incubadoras de empresas, al\u00e9m de ter atuado em projetos estrat\u00e9gicos de inova\u00e7\u00e3o e desenvolvimento institucional.\u00a0<\/p>\n\n\n\n<p>Na Confer\u00eancia, participar\u00e1 da <strong>Plen\u00e1ria 4 \u2013 Inova\u00e7\u00e3o, tecnologia e a economia do futuro<\/strong>, no dia 1\u00ba de julho, \u00e0s 10h30, contribuindo com sua experi\u00eancia na formula\u00e7\u00e3o de pol\u00edticas e instrumentos de apoio \u00e0 inova\u00e7\u00e3o no Brasil.&nbsp;<\/p>\n\n\n\n<p><strong>Sobre a Confer\u00eancia Anprotec 2026<\/strong><\/p>\n\n\n\n<p>A <strong>36\u00aa Confer\u00eancia Anprotec de Empreendedorismo e Ambientes de Inova\u00e7\u00e3o<\/strong> ser\u00e1 realizada de <strong>29 de junho a 2 de julho de 2026, em Manaus (AM),<\/strong> sob o tema \u201cConsolidando Ecossistemas: Empreendedorismo Inovador para a Economia do Futuro\u201d.&nbsp;<\/p>\n\n\n\n<p>O evento reunir\u00e1 gestores de incubadoras, parques tecnol\u00f3gicos, aceleradoras e hubs de inova\u00e7\u00e3o, al\u00e9m de representantes de universidades, empresas e governos, para discutir agendas estrat\u00e9gicas relacionadas ao desenvolvimento regional, bioeconomia, tecnologias emergentes, internacionaliza\u00e7\u00e3o e forma\u00e7\u00e3o de capital humano.<\/p>\n\n\n\n<p>A confer\u00eancia \u00e9 realizada pela <strong>Anprotec<\/strong>, em parceria com o <strong>Sebrae<\/strong>, e tem como organizadores locais a <strong>Funda\u00e7\u00e3o Paulo Feitoza<\/strong> e a <strong>Universidade do Estado do Amazonas.<\/strong><\/p>\n","protected":false},"excerpt":{"rendered":"<p>A 36\u00aa Confer\u00eancia Anprotec de Empreendedorismo e Ambientes de Inova\u00e7\u00e3o confirma novos nomes que far\u00e3o parte da sua extensa programa\u00e7\u00e3o. O evento ser\u00e1 realizado de 29 de junho a 2 de julho, em Manaus (AM). Fl\u00e1via Fiorin, Francisco Saboya e Hideraldo Almeida trar\u00e3o diferentes perspectivas sobre o fortalecimento dos ambientes de inova\u00e7\u00e3o, conectando gest\u00e3o de [&hellip;]<\/p>\n","protected":false},"author":2,"featured_media":1012,"comment_status":"open","ping_status":"open","sticky":false,"template":"","format":"standard","meta":{"footnotes":""},"categories":[1],"tags":[],"class_list":["post-1011","post","type-post","status-publish","format-standard","has-post-thumbnail","hentry","category-uncategorized"],"_links":{"self":[{"href":"https:\/\/anprotec.org.br\/conferencia2026\/wp-json\/wp\/v2\/posts\/1011","targetHints":{"allow":["GET"]}}],"collection":[{"href":"https:\/\/anprotec.org.br\/conferencia2026\/wp-json\/wp\/v2\/posts"}],"about":[{"href":"https:\/\/anprotec.org.br\/conferencia2026\/wp-json\/wp\/v2\/types\/post"}],"author":[{"embeddable":true,"href":"https:\/\/anprotec.org.br\/conferencia2026\/wp-json\/wp\/v2\/users\/2"}],"replies":[{"embeddable":true,"href":"https:\/\/anprotec.org.br\/conferencia2026\/wp-json\/wp\/v2\/comments?post=1011"}],"version-history":[{"count":1,"href":"https:\/\/anprotec.org.br\/conferencia2026\/wp-json\/wp\/v2\/posts\/1011\/revisions"}],"predecessor-version":[{"id":1013,"href":"https:\/\/anprotec.org.br\/conferencia2026\/wp-json\/wp\/v2\/posts\/1011\/revisions\/1013"}],"wp:featuredmedia":[{"embeddable":true,"href":"https:\/\/anprotec.org.br\/conferencia2026\/wp-json\/wp\/v2\/media\/1012"}],"wp:attachment":[{"href":"https:\/\/anprotec.org.br\/conferencia2026\/wp-json\/wp\/v2\/media?parent=1011"}],"wp:term":[{"taxonomy":"category","embeddable":true,"href":"https:\/\/anprotec.org.br\/conferencia2026\/wp-json\/wp\/v2\/categories?post=1011"},{"taxonomy":"post_tag","embeddable":true,"href":"https:\/\/anprotec.org.br\/conferencia2026\/wp-json\/wp\/v2\/tags?post=1011"}],"curies":[{"name":"wp","href":"https:\/\/api.w.org\/{rel}","templated":true}]}}