{"id":3132,"date":"2025-10-13T18:00:00","date_gmt":"2025-10-13T18:00:00","guid":{"rendered":"https:\/\/anprotec.org.br\/conferencia2025\/?p=3132"},"modified":"2025-10-22T16:43:13","modified_gmt":"2025-10-22T16:43:13","slug":"mcti-lanca-livro-sobre-evolucao-e-potencial-dos-parques-tecnologicos-brasileiros-na-conferencia-anprotec-2025","status":"publish","type":"post","link":"https:\/\/anprotec.org.br\/conferencia2025\/mcti-lanca-livro-sobre-evolucao-e-potencial-dos-parques-tecnologicos-brasileiros-na-conferencia-anprotec-2025\/","title":{"rendered":"MCTI, em parceria com a UFV e a Anprotec, lan\u00e7a livro sobre evolu\u00e7\u00e3o e potencial dos parques tecnol\u00f3gicos brasileiros na Confer\u00eancia Anprotec 2025"},"content":{"rendered":"\n<p><em>Da esq. para dir., P\u00fablio Valadares (MCTI), Sheila Pires (Embrapii), Adriana Faria (Anprotec) e Daniel Almeida Filho (MCTI), durante o lan\u00e7amento da obra.&nbsp;<\/em><\/p>\n\n\n\n<p><strong>Foz do Igua\u00e7u, 13 de outubro de 2025<\/strong> \u2014 O Minist\u00e9rio da Ci\u00eancia, Tecnologia e Inova\u00e7\u00e3o (MCTI) lan\u00e7ou oficialmente hoje, durante a cerim\u00f4nia de abertura da 35\u00aa Confer\u00eancia Anprotec, o livro <em>Evolu\u00e7\u00e3o, Impacto e Potencial dos Parques Tecnol\u00f3gicos do Brasil<\/em>. A publica\u00e7\u00e3o in\u00e9dita consolida dados, an\u00e1lises e diretrizes estrat\u00e9gicas para o fortalecimento dos ambientes de inova\u00e7\u00e3o em todo o pa\u00eds.<\/p>\n\n\n\n<p>O lan\u00e7amento foi conduzido por Daniel Almeida Filho, secret\u00e1rio de Desenvolvimento Tecnol\u00f3gico e Inova\u00e7\u00e3o do MCTI, com a participa\u00e7\u00e3o de Adriana Ferreira de Faria, presidente da Anprotec e coordenadora t\u00e9cnica da pesquisa realizada pelo N\u00facleo de Tecnologias de Gest\u00e3o (NTG) da Universidade Federal de Vi\u00e7osa (UFV).<\/p>\n\n\n\n<figure class=\"wp-block-image aligncenter size-full\"><a href=\"https:\/\/www.gov.br\/mcti\/pt-br\/centrais-de-conteudo\/publicacoes-mcti\/evolucao-impacto-e-potencial-dos-parques-tecnologicos-do-brasil\/evolucao-impacto-e-potencial-dos-parques-tecnologicos-do-brasil.pdf\/view\" target=\"_blank\" rel=\" noreferrer noopener\"><img decoding=\"async\" width=\"171\" height=\"245\" src=\"https:\/\/anprotec.org.br\/conferencia2025\/wp-content\/uploads\/2025\/10\/Captura-de-tela-2025-10-14-100238.png\" alt=\"\" class=\"wp-image-3133\"\/><\/a><\/figure>\n\n\n\n<p class=\"has-text-align-center\"><em><a href=\"https:\/\/www.gov.br\/mcti\/pt-br\/centrais-de-conteudo\/publicacoes-mcti\/evolucao-impacto-e-potencial-dos-parques-tecnologicos-do-brasil\/evolucao-impacto-e-potencial-dos-parques-tecnologicos-do-brasil.pdf\/view\" target=\"_blank\" rel=\"noreferrer noopener\">Fa\u00e7a aqui o download da publica\u00e7\u00e3o aqui!<\/a><\/em><br><\/p>\n\n\n\n<p><strong>Uma radiografia do ecossistema nacional de inova\u00e7\u00e3o<\/strong><\/p>\n\n\n\n<p>Baseado em dados robustos da Plataforma MCTI-InovaData-Br (atualizados at\u00e9 janeiro de 2025), o livro revela que o Brasil conta atualmente com 113 iniciativas de parques tecnol\u00f3gicos: 64 em opera\u00e7\u00e3o, 42 em implanta\u00e7\u00e3o e 7 em planejamento. Esses parques em opera\u00e7\u00e3o abrigam 2.706 empresas e organiza\u00e7\u00f5es distribu\u00eddas por todas as regi\u00f5es do pa\u00eds, demonstrando a vitalidade do ecossistema.<\/p>\n\n\n\n<p>A obra celebra os 40 anos do MCTI e das pol\u00edticas p\u00fablicas de apoio aos ambientes de inova\u00e7\u00e3o no Brasil, oferecendo um panorama estrat\u00e9gico sobre o papel dos parques tecnol\u00f3gicos como vetores de desenvolvimento sustent\u00e1vel e competitivo. O estudo prop\u00f5e um modelo sist\u00eamico de an\u00e1lise fundamentado na H\u00e9lice Tr\u00edplice (universidade, empresa e governo), destacando o papel dos parques como organiza\u00e7\u00f5es intermedi\u00e1rias capazes de mobilizar atores e recursos para transformar conhecimento em inova\u00e7\u00e3o.<\/p>\n\n\n\n<p><strong>Crescimento e impacto mensur\u00e1vel<\/strong><\/p>\n\n\n\n<p>Durante o lan\u00e7amento, Adriana Ferreira de Faria apresentou dados que demonstram o impacto concreto dos parques tecnol\u00f3gicos no desenvolvimento econ\u00f4mico brasileiro. Entre 2017 e 2023, as empresas vinculadas aos 64 parques em opera\u00e7\u00e3o registraram um crescimento extraordin\u00e1rio:<\/p>\n\n\n\n<ul class=\"wp-block-list\">\n<li><strong>Faturamento total:<\/strong> aumento de 170% no per\u00edodo<\/li>\n\n\n\n<li><strong>Faturamento m\u00e9dio por empresa:<\/strong> crescimento de mais de 30%, evidenciando o efeito intensivo do ambiente de inova\u00e7\u00e3o<\/li>\n\n\n\n<li><strong>Patenteamento:<\/strong> aumento superior a 100%<\/li>\n\n\n\n<li><strong>Emprego m\u00e9dio por empresa:<\/strong> crescimento de 26 para 29 funcion\u00e1rios (mais de 10% de aumento)<\/li>\n<\/ul>\n\n\n\n<p><\/p>\n\n\n\n<p>&#8220;Esse efeito intensivo que vem do ambiente provocado pelos parques vai se desdobrar em todos os outros indicadores&#8221;, explicou Adriana, ressaltando que entre 2017 e 2023 foram apoiados mais de 14 mil empreendimentos ou projetos, demonstrando o funcionamento do funil de inova\u00e7\u00e3o que seleciona e desenvolve as iniciativas de maior potencial.<\/p>\n\n\n\n<p><strong>O perfil das empresas de base tecnol\u00f3gica<\/strong><\/p>\n\n\n\n<p>A publica\u00e7\u00e3o traz pela primeira vez uma caracteriza\u00e7\u00e3o precisa das empresas vinculadas aos parques tecnol\u00f3gicos brasileiros. Das 2.706 empresas, os dados revelam que 27% do quadro de funcion\u00e1rios \u00e9 composto por pessoas graduadas e outros 27% por mestres e doutores, confirmando o car\u00e1ter intensivo em conhecimento dessas organiza\u00e7\u00f5es.<\/p>\n\n\n\n<p>&#8220;Isso \u00e9 o significado de uma empresa de base tecnol\u00f3gica&#8221;, afirmou Adriana, citando estudos da National Science Foundation que indicam que para cada emprego de alta qualidade gerado nessas empresas, s\u00e3o criados mais 2,3 a 2,9 empregos adicionais em toda a economia. &#8220;\u00c9 isso que os nossos parques tecnol\u00f3gicos representam.&#8221;<\/p>\n\n\n\n<p><strong>Um sistema jovem com potencial de crescimento&nbsp;<\/strong><\/p>\n\n\n\n<p>A coordenadora da pesquisa destacou que os parques brasileiros s\u00e3o relativamente jovens, com idade m\u00e9dia de 12 anos e mediana de 8 anos. &#8220;S\u00e3o parques muito jovens que precisam ser mantidos, com apoio e financiamento de forma perene, para que de fato eles possam alcan\u00e7ar aquilo que n\u00f3s esperamos&#8221;, alertou.<\/p>\n\n\n\n<p>Os estudos econ\u00f4micos apresentados no livro mostram que o processo de povoamento de um parque tecnol\u00f3gico segue uma curva exponencial, com ponto de inflex\u00e3o aos 12 anos de idade e povoamento pleno ap\u00f3s 20 anos de opera\u00e7\u00e3o. &#8220;Se n\u00f3s obtivemos esses resultados com os nossos parques ainda jovens, imagine daqui 10, 15, 20 anos, quando esse sistema de parques tecnol\u00f3gicos que n\u00f3s estamos semeando hoje se tornarem maduros e alcan\u00e7arem seu potencial&#8221;, projetou Adriana.<\/p>\n\n\n\n<p><strong>Alinhamento estrat\u00e9gico com a Nova Ind\u00fastria Brasil<\/strong><\/p>\n\n\n\n<p>O livro enfatiza a contribui\u00e7\u00e3o dos parques tecnol\u00f3gicos para a Nova Ind\u00fastria Brasil (NIB) e para o desenvolvimento de setores estrat\u00e9gicos como sa\u00fade, transi\u00e7\u00e3o energ\u00e9tica e transforma\u00e7\u00e3o digital. Em um momento de acelera\u00e7\u00e3o tecnol\u00f3gica global \u2014 impulsionada por intelig\u00eancia artificial, biotecnologia e energias renov\u00e1veis \u2014, a publica\u00e7\u00e3o refor\u00e7a a necessidade de pol\u00edticas p\u00fablicas que reduzam assimetrias regionais e promovam soberania produtiva.<\/p>\n\n\n\n<p>O foco em deep techs (empreendimentos com base cient\u00edfica profunda) posiciona o Brasil como poss\u00edvel l\u00edder global, conectando produ\u00e7\u00e3o cient\u00edfica ao mercado. O conte\u00fado explora din\u00e2micas sist\u00eamicas, como o suporte governamental \u2014 com investimentos de R$ 670 milh\u00f5es via Finep e FNDCT para 56 parques \u2014 e analisa programas, servi\u00e7os e indicadores de inova\u00e7\u00e3o das empresas vinculadas, com compara\u00e7\u00f5es internacionais de ecossistemas l\u00edderes como Estados Unidos, Coreia do Sul e Israel.<\/p>\n\n\n\n<p><strong>A import\u00e2ncia do planejamento para pol\u00edticas p\u00fablicas efetivas<\/strong><\/p>\n\n\n\n<p>Daniel Almeida Filho ressaltou durante o lan\u00e7amento a import\u00e2ncia estrat\u00e9gica da publica\u00e7\u00e3o para o planejamento de pol\u00edticas p\u00fablicas, definindo o trabalho como &#8220;cr\u00edtico para o planejamento das pol\u00edticas p\u00fablicas de ci\u00eancia e tecnologia no Brasil&#8221;. &#8220;Se a gente n\u00e3o entende onde estamos, a gente n\u00e3o sabe onde vai chegar&#8221;, afirmou o secret\u00e1rio, explicando como o livro permite &#8220;utilizar as experi\u00eancias internacionais e de todo o hist\u00f3rico que a gente tem nesses \u00faltimos 40 anos para delinear quais s\u00e3o os pr\u00f3ximos passos relevantes que a gente pode dar na pol\u00edtica de parques tecnol\u00f3gicos no Brasil, para conseguir avan\u00e7ar de forma com passos seguros e sustent\u00e1veis.&#8221;<\/p>\n\n\n\n<p>O secret\u00e1rio alertou para a necessidade de evitar a cria\u00e7\u00e3o de &#8220;elefantes brancos&#8221; \u2014 estruturas f\u00edsicas que n\u00e3o cumprem seu papel estrat\u00e9gico por falta de intera\u00e7\u00e3o com o setor acad\u00eamico e produtivo. &#8220;A gente est\u00e1 tamb\u00e9m delineando agora novas pol\u00edticas p\u00fablicas para fortalecer cada vez mais. N\u00e3o s\u00f3 construir, mas dar vida a esse espa\u00e7o&#8221;, destacou Daniel, considerando o trabalho de maior import\u00e2ncia para o planejamento das pol\u00edticas p\u00fablicas de ci\u00eancia e tecnologia no Brasil.<\/p>\n\n\n\n<p><strong>Ferramenta para gestores e formuladores de pol\u00edticas<\/strong><\/p>\n\n\n\n<p>A metodologia de constru\u00e7\u00e3o do texto combina an\u00e1lises quantitativas (indicadores como n\u00famero de empresas, investimentos e patentes) e qualitativas (estudos de caso), utilizando dados da s\u00e9rie hist\u00f3rica de 2018 a 2024. A abordagem permite uma avalia\u00e7\u00e3o hol\u00edstica, identificando pontos fortes como o crescimento de empresas e \u00e1reas de melhoria como assimetrias regionais.<\/p>\n\n\n\n<p>&#8220;Esse documento \u00e9 muito importante para n\u00f3s gestores, para que ele nos auxilie na gest\u00e3o do nosso parque, na gest\u00e3o do nosso ambiente&#8221;, afirmou Adriana, explicando que o livro traz informa\u00e7\u00f5es detalhadas sobre processos de governan\u00e7a, gest\u00e3o, programas e melhores pr\u00e1ticas internacionais, permitindo instrumentalizar gestores p\u00fablicos para pol\u00edticas cada vez mais assertivas.<\/p>\n\n\n\n<p>No pref\u00e1cio, a ministra Luciana Santos afirmou que o livro simboliza o amadurecimento das pol\u00edticas de inova\u00e7\u00e3o no Brasil e refor\u00e7ou que os parques &#8220;s\u00e3o plataformas de colabora\u00e7\u00e3o entre universidades, empresas e institui\u00e7\u00f5es de pesquisa, transformando conhecimento em solu\u00e7\u00f5es pr\u00e1ticas e competitivas. Que os pr\u00f3ximos 40 anos de inova\u00e7\u00e3o no Brasil sejam ainda mais pr\u00f3speros, guiados por princ\u00edpios \u00e9ticos e inclusivos.&#8221;&nbsp;<\/p>\n","protected":false},"excerpt":{"rendered":"<p>Da esq. para dir., P\u00fablio Valadares (MCTI), Sheila Pires (Embrapii), Adriana Faria (Anprotec) e Daniel Almeida Filho (MCTI), durante o lan\u00e7amento da obra.&nbsp; Foz do Igua\u00e7u, 13 de outubro de 2025 \u2014 O Minist\u00e9rio da Ci\u00eancia, Tecnologia e Inova\u00e7\u00e3o (MCTI) lan\u00e7ou oficialmente hoje, durante a cerim\u00f4nia de abertura da 35\u00aa Confer\u00eancia Anprotec, o livro Evolu\u00e7\u00e3o, [&hellip;]<\/p>\n","protected":false},"author":4,"featured_media":3134,"comment_status":"open","ping_status":"open","sticky":false,"template":"","format":"standard","meta":{"footnotes":""},"categories":[1],"tags":[],"class_list":["post-3132","post","type-post","status-publish","format-standard","has-post-thumbnail","hentry","category-sem-categoria"],"_links":{"self":[{"href":"https:\/\/anprotec.org.br\/conferencia2025\/wp-json\/wp\/v2\/posts\/3132","targetHints":{"allow":["GET"]}}],"collection":[{"href":"https:\/\/anprotec.org.br\/conferencia2025\/wp-json\/wp\/v2\/posts"}],"about":[{"href":"https:\/\/anprotec.org.br\/conferencia2025\/wp-json\/wp\/v2\/types\/post"}],"author":[{"embeddable":true,"href":"https:\/\/anprotec.org.br\/conferencia2025\/wp-json\/wp\/v2\/users\/4"}],"replies":[{"embeddable":true,"href":"https:\/\/anprotec.org.br\/conferencia2025\/wp-json\/wp\/v2\/comments?post=3132"}],"version-history":[{"count":7,"href":"https:\/\/anprotec.org.br\/conferencia2025\/wp-json\/wp\/v2\/posts\/3132\/revisions"}],"predecessor-version":[{"id":3164,"href":"https:\/\/anprotec.org.br\/conferencia2025\/wp-json\/wp\/v2\/posts\/3132\/revisions\/3164"}],"wp:featuredmedia":[{"embeddable":true,"href":"https:\/\/anprotec.org.br\/conferencia2025\/wp-json\/wp\/v2\/media\/3134"}],"wp:attachment":[{"href":"https:\/\/anprotec.org.br\/conferencia2025\/wp-json\/wp\/v2\/media?parent=3132"}],"wp:term":[{"taxonomy":"category","embeddable":true,"href":"https:\/\/anprotec.org.br\/conferencia2025\/wp-json\/wp\/v2\/categories?post=3132"},{"taxonomy":"post_tag","embeddable":true,"href":"https:\/\/anprotec.org.br\/conferencia2025\/wp-json\/wp\/v2\/tags?post=3132"}],"curies":[{"name":"wp","href":"https:\/\/api.w.org\/{rel}","templated":true}]}}