{"id":769,"date":"2023-07-27T01:47:00","date_gmt":"2023-07-27T04:47:00","guid":{"rendered":"https:\/\/anprotec.org.br\/conferencia2023\/?p=769"},"modified":"2023-09-12T11:53:11","modified_gmt":"2023-09-12T14:53:11","slug":"chamadas-trabalho-conferencia-anprotec","status":"publish","type":"post","link":"https:\/\/anprotec.org.br\/conferencia2023\/chamadas-trabalho-conferencia-anprotec\/","title":{"rendered":"Chamada de Trabalhos para a Confer\u00eancia Anprotec 2023 est\u00e1 aberta"},"content":{"rendered":"\t\t<div data-elementor-type=\"wp-post\" data-elementor-id=\"769\" class=\"elementor elementor-769\">\n\t\t\t\t\t\t<section class=\"ob-is-breaking-bad elementor-section elementor-top-section elementor-element elementor-element-e9e5fd0 elementor-section-full_width elementor-section-stretched elementor-section-height-default elementor-section-height-default\" data-dce-background-image-url=\"https:\/\/anprotec.org.br\/conferencia2023\/wp-content\/uploads\/2023\/06\/Grupo-65.png\" data-id=\"e9e5fd0\" data-element_type=\"section\" data-settings=\"{&quot;stretch_section&quot;:&quot;section-stretched&quot;,&quot;jet_parallax_layout_list&quot;:[],&quot;background_background&quot;:&quot;classic&quot;,&quot;_ob_bbad_use_it&quot;:&quot;yes&quot;,&quot;_ob_bbad_sssic_use&quot;:&quot;no&quot;}\">\n\t\t\t\t\t\t<div class=\"elementor-container elementor-column-gap-default\">\n\t\t\t\t\t<div class=\"elementor-column elementor-col-100 elementor-top-column elementor-element elementor-element-65e4bcc\" data-id=\"65e4bcc\" data-element_type=\"column\" data-settings=\"{&quot;_ob_bbad_is_stalker&quot;:&quot;no&quot;}\">\n\t\t\t<div class=\"elementor-widget-wrap elementor-element-populated\">\n\t\t\t\t\t\t<div class=\"elementor-element elementor-element-585819a elementor-widget elementor-widget-heading\" data-id=\"585819a\" data-element_type=\"widget\" data-widget_type=\"heading.default\">\n\t\t\t\t<div class=\"elementor-widget-container\">\n\t\t\t<h2 class=\"elementor-heading-title elementor-size-default\">Not\u00edcias<\/h2>\t\t<\/div>\n\t\t\t\t<\/div>\n\t\t\t\t\t<\/div>\n\t\t<\/div>\n\t\t\t\t\t<\/div>\n\t\t<\/section>\n\t\t\t\t<section class=\"ob-is-breaking-bad elementor-section elementor-top-section elementor-element elementor-element-9cd239 elementor-section-boxed elementor-section-height-default elementor-section-height-default\" data-id=\"9cd239\" data-element_type=\"section\" data-settings=\"{&quot;jet_parallax_layout_list&quot;:[],&quot;_ob_bbad_use_it&quot;:&quot;yes&quot;,&quot;_ob_bbad_sssic_use&quot;:&quot;no&quot;}\">\n\t\t\t\t\t\t<div class=\"elementor-container elementor-column-gap-default\">\n\t\t\t\t\t<div class=\"elementor-column elementor-col-100 elementor-top-column elementor-element elementor-element-17fa7f14\" data-id=\"17fa7f14\" data-element_type=\"column\" data-settings=\"{&quot;_ob_bbad_is_stalker&quot;:&quot;no&quot;}\">\n\t\t\t<div class=\"elementor-widget-wrap elementor-element-populated\">\n\t\t\t\t\t\t<div class=\"elementor-element elementor-element-78c605a5 elementor-widget elementor-widget-text-editor\" data-id=\"78c605a5\" data-element_type=\"widget\" data-widget_type=\"text-editor.default\">\n\t\t\t\t<div class=\"elementor-widget-container\">\n\t\t\t\t\t\t\t<!-- wp:image {\"id\":1085,\"sizeSlug\":\"large\",\"linkDestination\":\"none\"} -->\n<figure class=\"wp-block-image size-large\"><img fetchpriority=\"high\" decoding=\"async\" width=\"1024\" height=\"1024\" class=\"wp-image-1085\" src=\"https:\/\/anprotec.org.br\/conferencia2023\/wp-content\/uploads\/2023\/08\/Card_Chamade-Trabalho-Informativo-1024x1024.png\" alt=\"\" srcset=\"https:\/\/anprotec.org.br\/conferencia2023\/wp-content\/uploads\/2023\/08\/Card_Chamade-Trabalho-Informativo-1024x1024.png 1024w, https:\/\/anprotec.org.br\/conferencia2023\/wp-content\/uploads\/2023\/08\/Card_Chamade-Trabalho-Informativo-300x300.png 300w, https:\/\/anprotec.org.br\/conferencia2023\/wp-content\/uploads\/2023\/08\/Card_Chamade-Trabalho-Informativo-150x150.png 150w, https:\/\/anprotec.org.br\/conferencia2023\/wp-content\/uploads\/2023\/08\/Card_Chamade-Trabalho-Informativo-768x768.png 768w, https:\/\/anprotec.org.br\/conferencia2023\/wp-content\/uploads\/2023\/08\/Card_Chamade-Trabalho-Informativo.png 1080w\" sizes=\"(max-width: 1024px) 100vw, 1024px\" \/><\/figure>\n<h2><span style=\"color: #333333;\">Chamada de Trabalhos para a Confer\u00eancia Anprotec 2023 est\u00e1 aberta<\/span><\/h2>\n<!-- \/wp:image --><!-- wp:paragraph -->\n<p>A\u00a0<strong>Chamada de Trabalhos para a Confer\u00eancia Anprotec 2023 est\u00e1 oficialmente aberta!<\/strong>\u00a0Esta \u00e9 uma oportunidade \u00fanica para compartilhar sua experi\u00eancia, inova\u00e7\u00f5es e perspectivas com um p\u00fablico engajado e apaixonado por empreendedorismo, tecnologia e inova\u00e7\u00e3o.<\/p>\n<!-- \/wp:paragraph --><!-- wp:paragraph -->\n<p>A\u00a0<strong>33\u00aa Confer\u00eancia Anprotec de Empreendedorismo e Ambientes de Inova\u00e7\u00e3o ocorrer\u00e1 de 6 a 8 de novembro de 2023 em Bras\u00edlia<\/strong>. O encontro deste ano ser\u00e1 centrado no tema \u201c<strong>Inova\u00e7\u00e3o e Sociedade: tecnologias emergentes e a transforma\u00e7\u00e3o do empreendedorismo<\/strong>\u201c, abordando o cen\u00e1rio atual de r\u00e1pida mudan\u00e7a tecnol\u00f3gica.<\/p>\n<!-- \/wp:paragraph --><!-- wp:paragraph -->\n<p>Convidamos atores-chave dos ambientes de inova\u00e7\u00e3o \u2013 aceleradoras, incubadoras e parques tecnol\u00f3gicos e hubs \u2013 a submeter trabalhos sobre suas experi\u00eancias, insights e solu\u00e7\u00f5es que contribu\u00edram para o desenvolvimento e fortalecimento do ecossistema empreendedor inovador no Brasil.\u00a0<\/p>\n<!-- \/wp:paragraph --><!-- wp:paragraph -->\n<p>Os trabalhos podem ser apresentados nas categorias:\u00a0<\/p>\n<!-- \/wp:paragraph --><!-- wp:paragraph -->\n<p><strong>(1) Artigo Completo (at\u00e9 4.000 palavras);<\/strong><\/p>\n<!-- \/wp:paragraph --><!-- wp:paragraph -->\n<p><strong>(2) Relato de Boas Pr\u00e1ticas em empresas e ambientes de inova\u00e7\u00e3o (at\u00e9 2.000 palavras).<\/strong><\/p>\n<!-- \/wp:paragraph --><!-- wp:paragraph -->\n<p>A 33\u00aa Confer\u00eancia Anprotec \u00e9 uma plataforma para discuss\u00f5es sobre os impactos, oportunidades e desafios provocados pelas tecnologias emergentes no campo do empreendedorismo inovador. Com esta Chamada de Trabalhos,\u00a0 pretendemos aprofundar a compreens\u00e3o das pr\u00e1ticas e ferramentas necess\u00e1rias para criar neg\u00f3cios, aumentar a produtividade e escala, e impulsionar a inova\u00e7\u00e3o e o desenvolvimento sustent\u00e1vel no pa\u00eds.<\/p>\n<!-- \/wp:paragraph --><!-- wp:paragraph -->\n<p>As trilhas da Chamada do Evento s\u00e3o:<\/p>\n<!-- \/wp:paragraph --><!-- wp:list {\"ordered\":true} -->\n<ol><!-- wp:list-item -->\n<li>Ecossistemas empreendedores em meio \u00e0s transforma\u00e7\u00f5es tecnol\u00f3gicas<\/li>\n<!-- \/wp:list-item --><!-- wp:list-item -->\n<li>Tecnologia e Inova\u00e7\u00e3o para uma sociedade sustent\u00e1vel<\/li>\n<!-- \/wp:list-item --><!-- wp:list-item -->\n<li>Futuros emergentes: impactos na sociedade<\/li>\n<!-- \/wp:list-item --><!-- wp:list-item -->\n<li>Empreendedorismo inovador, inclusivo, diverso e de periferia.<\/li>\n<!-- \/wp:list-item --><\/ol>\n<!-- \/wp:list --><!-- wp:paragraph -->\n<p><strong>As submiss\u00f5es de trabalhos podem ser feitas at\u00e9 o dia 07 de agosto de 2023 no site da Confer\u00eancia<a href=\"http:\/\/www.conferenciaanprotec.com.br\/\">\u00a0www.conferenciaanprotec.com.br<\/a><a href=\"http:\/\/www.conferenciaanprotec.com.br\/\">.<\/a>\u00a0Os trabalhos selecionados ser\u00e3o comunicados at\u00e9 o dia 29 de setembro de 2023.<\/strong><\/p>\n<!-- \/wp:paragraph --><!-- wp:paragraph -->\n<p>Esta \u00e9 a sua chance de compartilhar suas ideias e pr\u00e1ticas inovadoras com um p\u00fablico amplo e diversificado. Estamos esperando por voc\u00ea na 33\u00aa Confer\u00eancia Anprotec!<\/p>\n<!-- \/wp:paragraph -->\t\t\t\t\t\t<\/div>\n\t\t\t\t<\/div>\n\t\t\t\t\t<\/div>\n\t\t<\/div>\n\t\t\t\t\t<\/div>\n\t\t<\/section>\n\t\t\t\t<\/div>\n\t\t","protected":false},"excerpt":{"rendered":"<p>Not\u00edcias A\u00a0Chamada de Trabalhos para a Confer\u00eancia Anprotec 2023 est\u00e1 oficialmente aberta!\u00a0Esta \u00e9 uma oportunidade \u00fanica para compartilhar sua experi\u00eancia, inova\u00e7\u00f5es e perspectivas com um p\u00fablico engajado e apaixonado por empreendedorismo, tecnologia e inova\u00e7\u00e3o. A\u00a033\u00aa Confer\u00eancia Anprotec de Empreendedorismo e Ambientes de Inova\u00e7\u00e3o ocorrer\u00e1 de 6 a 8 de novembro de 2023 em Bras\u00edlia. O [&hellip;]<\/p>\n","protected":false},"author":1,"featured_media":1087,"comment_status":"closed","ping_status":"closed","sticky":false,"template":"","format":"standard","meta":{"footnotes":""},"categories":[1],"tags":[],"class_list":["post-769","post","type-post","status-publish","format-standard","has-post-thumbnail","hentry","category-uncategorized"],"yoast_head":"<!-- This site is optimized with the Yoast SEO plugin v23.0 - https:\/\/yoast.com\/wordpress\/plugins\/seo\/ -->\n<title>Chamada de Trabalhos para a Confer\u00eancia Anprotec 2023 est\u00e1 aberta - Confer\u00eancia 2023 Anprotec<\/title>\n<meta name=\"robots\" content=\"index, follow, max-snippet:-1, max-image-preview:large, max-video-preview:-1\" \/>\n<link rel=\"canonical\" href=\"https:\/\/anprotec.org.br\/conferencia2023\/chamadas-trabalho-conferencia-anprotec\/\" \/>\n<meta property=\"og:locale\" content=\"pt_BR\" \/>\n<meta property=\"og:type\" content=\"article\" \/>\n<meta property=\"og:title\" content=\"Chamada de Trabalhos para a Confer\u00eancia Anprotec 2023 est\u00e1 aberta - Confer\u00eancia 2023 Anprotec\" \/>\n<meta property=\"og:description\" content=\"Not\u00edcias A\u00a0Chamada de Trabalhos para a Confer\u00eancia Anprotec 2023 est\u00e1 oficialmente aberta!\u00a0Esta \u00e9 uma oportunidade \u00fanica para compartilhar sua experi\u00eancia, inova\u00e7\u00f5es e perspectivas com um p\u00fablico engajado e apaixonado por empreendedorismo, tecnologia e inova\u00e7\u00e3o. A\u00a033\u00aa Confer\u00eancia Anprotec de Empreendedorismo e Ambientes de Inova\u00e7\u00e3o ocorrer\u00e1 de 6 a 8 de novembro de 2023 em Bras\u00edlia. O [&hellip;]\" \/>\n<meta property=\"og:url\" content=\"https:\/\/anprotec.org.br\/conferencia2023\/chamadas-trabalho-conferencia-anprotec\/\" \/>\n<meta property=\"og:site_name\" content=\"Confer\u00eancia 2023 Anprotec\" \/>\n<meta property=\"article:published_time\" content=\"2023-07-27T04:47:00+00:00\" \/>\n<meta property=\"article:modified_time\" content=\"2023-09-12T14:53:11+00:00\" \/>\n<meta property=\"og:image\" content=\"https:\/\/anprotec.org.br\/conferencia2023\/wp-content\/uploads\/2023\/07\/home-1.png\" \/>\n\t<meta property=\"og:image:width\" content=\"640\" \/>\n\t<meta property=\"og:image:height\" content=\"400\" \/>\n\t<meta property=\"og:image:type\" content=\"image\/png\" \/>\n<meta name=\"author\" content=\"admin\" \/>\n<meta name=\"twitter:card\" content=\"summary_large_image\" \/>\n<meta name=\"twitter:label1\" content=\"Escrito por\" \/>\n\t<meta name=\"twitter:data1\" content=\"admin\" \/>\n\t<meta name=\"twitter:label2\" content=\"Est. tempo de leitura\" \/>\n\t<meta name=\"twitter:data2\" content=\"2 minutos\" \/>\n<script type=\"application\/ld+json\" class=\"yoast-schema-graph\">{\"@context\":\"https:\/\/schema.org\",\"@graph\":[{\"@type\":\"Article\",\"@id\":\"https:\/\/anprotec.org.br\/conferencia2023\/chamadas-trabalho-conferencia-anprotec\/#article\",\"isPartOf\":{\"@id\":\"https:\/\/anprotec.org.br\/conferencia2023\/chamadas-trabalho-conferencia-anprotec\/\"},\"author\":{\"name\":\"admin\",\"@id\":\"https:\/\/anprotec.org.br\/conferencia2023\/#\/schema\/person\/7ce1d54c6005e7d21795bc5e974e2f9f\"},\"headline\":\"Chamada de Trabalhos para a Confer\u00eancia Anprotec 2023 est\u00e1 aberta\",\"datePublished\":\"2023-07-27T04:47:00+00:00\",\"dateModified\":\"2023-09-12T14:53:11+00:00\",\"mainEntityOfPage\":{\"@id\":\"https:\/\/anprotec.org.br\/conferencia2023\/chamadas-trabalho-conferencia-anprotec\/\"},\"wordCount\":340,\"publisher\":{\"@id\":\"https:\/\/anprotec.org.br\/conferencia2023\/#organization\"},\"image\":{\"@id\":\"https:\/\/anprotec.org.br\/conferencia2023\/chamadas-trabalho-conferencia-anprotec\/#primaryimage\"},\"thumbnailUrl\":\"https:\/\/anprotec.org.br\/conferencia2023\/wp-content\/uploads\/2023\/07\/home-1.png\",\"articleSection\":[\"Uncategorized\"],\"inLanguage\":\"pt-BR\"},{\"@type\":\"WebPage\",\"@id\":\"https:\/\/anprotec.org.br\/conferencia2023\/chamadas-trabalho-conferencia-anprotec\/\",\"url\":\"https:\/\/anprotec.org.br\/conferencia2023\/chamadas-trabalho-conferencia-anprotec\/\",\"name\":\"Chamada de Trabalhos para a Confer\u00eancia Anprotec 2023 est\u00e1 aberta - Confer\u00eancia 2023 Anprotec\",\"isPartOf\":{\"@id\":\"https:\/\/anprotec.org.br\/conferencia2023\/#website\"},\"primaryImageOfPage\":{\"@id\":\"https:\/\/anprotec.org.br\/conferencia2023\/chamadas-trabalho-conferencia-anprotec\/#primaryimage\"},\"image\":{\"@id\":\"https:\/\/anprotec.org.br\/conferencia2023\/chamadas-trabalho-conferencia-anprotec\/#primaryimage\"},\"thumbnailUrl\":\"https:\/\/anprotec.org.br\/conferencia2023\/wp-content\/uploads\/2023\/07\/home-1.png\",\"datePublished\":\"2023-07-27T04:47:00+00:00\",\"dateModified\":\"2023-09-12T14:53:11+00:00\",\"breadcrumb\":{\"@id\":\"https:\/\/anprotec.org.br\/conferencia2023\/chamadas-trabalho-conferencia-anprotec\/#breadcrumb\"},\"inLanguage\":\"pt-BR\",\"potentialAction\":[{\"@type\":\"ReadAction\",\"target\":[\"https:\/\/anprotec.org.br\/conferencia2023\/chamadas-trabalho-conferencia-anprotec\/\"]}]},{\"@type\":\"ImageObject\",\"inLanguage\":\"pt-BR\",\"@id\":\"https:\/\/anprotec.org.br\/conferencia2023\/chamadas-trabalho-conferencia-anprotec\/#primaryimage\",\"url\":\"https:\/\/anprotec.org.br\/conferencia2023\/wp-content\/uploads\/2023\/07\/home-1.png\",\"contentUrl\":\"https:\/\/anprotec.org.br\/conferencia2023\/wp-content\/uploads\/2023\/07\/home-1.png\",\"width\":640,\"height\":400},{\"@type\":\"BreadcrumbList\",\"@id\":\"https:\/\/anprotec.org.br\/conferencia2023\/chamadas-trabalho-conferencia-anprotec\/#breadcrumb\",\"itemListElement\":[{\"@type\":\"ListItem\",\"position\":1,\"name\":\"In\u00edcio\",\"item\":\"https:\/\/anprotec.org.br\/conferencia2023\/\"},{\"@type\":\"ListItem\",\"position\":2,\"name\":\"Chamada de Trabalhos para a Confer\u00eancia Anprotec 2023 est\u00e1 aberta\"}]},{\"@type\":\"WebSite\",\"@id\":\"https:\/\/anprotec.org.br\/conferencia2023\/#website\",\"url\":\"https:\/\/anprotec.org.br\/conferencia2023\/\",\"name\":\"Confer\u00eancia 2023 Anprotec\",\"description\":\"\",\"publisher\":{\"@id\":\"https:\/\/anprotec.org.br\/conferencia2023\/#organization\"},\"potentialAction\":[{\"@type\":\"SearchAction\",\"target\":{\"@type\":\"EntryPoint\",\"urlTemplate\":\"https:\/\/anprotec.org.br\/conferencia2023\/?s={search_term_string}\"},\"query-input\":\"required name=search_term_string\"}],\"inLanguage\":\"pt-BR\"},{\"@type\":\"Organization\",\"@id\":\"https:\/\/anprotec.org.br\/conferencia2023\/#organization\",\"name\":\"Confer\u00eancia 2023 Anprotec\",\"url\":\"https:\/\/anprotec.org.br\/conferencia2023\/\",\"logo\":{\"@type\":\"ImageObject\",\"inLanguage\":\"pt-BR\",\"@id\":\"https:\/\/anprotec.org.br\/conferencia2023\/#\/schema\/logo\/image\/\",\"url\":\"\",\"contentUrl\":\"\",\"caption\":\"Confer\u00eancia 2023 Anprotec\"},\"image\":{\"@id\":\"https:\/\/anprotec.org.br\/conferencia2023\/#\/schema\/logo\/image\/\"}},{\"@type\":\"Person\",\"@id\":\"https:\/\/anprotec.org.br\/conferencia2023\/#\/schema\/person\/7ce1d54c6005e7d21795bc5e974e2f9f\",\"name\":\"admin\",\"image\":{\"@type\":\"ImageObject\",\"inLanguage\":\"pt-BR\",\"@id\":\"https:\/\/anprotec.org.br\/conferencia2023\/#\/schema\/person\/image\/\",\"url\":\"https:\/\/secure.gravatar.com\/avatar\/245112798fe6695640d096a325e40ea81b35fc9cdce454a7fa617ee832539b58?s=96&d=mm&r=g\",\"contentUrl\":\"https:\/\/secure.gravatar.com\/avatar\/245112798fe6695640d096a325e40ea81b35fc9cdce454a7fa617ee832539b58?s=96&d=mm&r=g\",\"caption\":\"admin\"},\"sameAs\":[\"https:\/\/anprotec.org.br\/conferencia2023\"],\"url\":\"https:\/\/anprotec.org.br\/conferencia2023\/author\/admin\/\"}]}<\/script>\n<!-- \/ Yoast SEO plugin. -->","yoast_head_json":{"title":"Chamada de Trabalhos para a Confer\u00eancia Anprotec 2023 est\u00e1 aberta - Confer\u00eancia 2023 Anprotec","robots":{"index":"index","follow":"follow","max-snippet":"max-snippet:-1","max-image-preview":"max-image-preview:large","max-video-preview":"max-video-preview:-1"},"canonical":"https:\/\/anprotec.org.br\/conferencia2023\/chamadas-trabalho-conferencia-anprotec\/","og_locale":"pt_BR","og_type":"article","og_title":"Chamada de Trabalhos para a Confer\u00eancia Anprotec 2023 est\u00e1 aberta - Confer\u00eancia 2023 Anprotec","og_description":"Not\u00edcias A\u00a0Chamada de Trabalhos para a Confer\u00eancia Anprotec 2023 est\u00e1 oficialmente aberta!\u00a0Esta \u00e9 uma oportunidade \u00fanica para compartilhar sua experi\u00eancia, inova\u00e7\u00f5es e perspectivas com um p\u00fablico engajado e apaixonado por empreendedorismo, tecnologia e inova\u00e7\u00e3o. A\u00a033\u00aa Confer\u00eancia Anprotec de Empreendedorismo e Ambientes de Inova\u00e7\u00e3o ocorrer\u00e1 de 6 a 8 de novembro de 2023 em Bras\u00edlia. O [&hellip;]","og_url":"https:\/\/anprotec.org.br\/conferencia2023\/chamadas-trabalho-conferencia-anprotec\/","og_site_name":"Confer\u00eancia 2023 Anprotec","article_published_time":"2023-07-27T04:47:00+00:00","article_modified_time":"2023-09-12T14:53:11+00:00","og_image":[{"width":640,"height":400,"url":"https:\/\/anprotec.org.br\/conferencia2023\/wp-content\/uploads\/2023\/07\/home-1.png","type":"image\/png"}],"author":"admin","twitter_card":"summary_large_image","twitter_misc":{"Escrito por":"admin","Est. tempo de leitura":"2 minutos"},"schema":{"@context":"https:\/\/schema.org","@graph":[{"@type":"Article","@id":"https:\/\/anprotec.org.br\/conferencia2023\/chamadas-trabalho-conferencia-anprotec\/#article","isPartOf":{"@id":"https:\/\/anprotec.org.br\/conferencia2023\/chamadas-trabalho-conferencia-anprotec\/"},"author":{"name":"admin","@id":"https:\/\/anprotec.org.br\/conferencia2023\/#\/schema\/person\/7ce1d54c6005e7d21795bc5e974e2f9f"},"headline":"Chamada de Trabalhos para a Confer\u00eancia Anprotec 2023 est\u00e1 aberta","datePublished":"2023-07-27T04:47:00+00:00","dateModified":"2023-09-12T14:53:11+00:00","mainEntityOfPage":{"@id":"https:\/\/anprotec.org.br\/conferencia2023\/chamadas-trabalho-conferencia-anprotec\/"},"wordCount":340,"publisher":{"@id":"https:\/\/anprotec.org.br\/conferencia2023\/#organization"},"image":{"@id":"https:\/\/anprotec.org.br\/conferencia2023\/chamadas-trabalho-conferencia-anprotec\/#primaryimage"},"thumbnailUrl":"https:\/\/anprotec.org.br\/conferencia2023\/wp-content\/uploads\/2023\/07\/home-1.png","articleSection":["Uncategorized"],"inLanguage":"pt-BR"},{"@type":"WebPage","@id":"https:\/\/anprotec.org.br\/conferencia2023\/chamadas-trabalho-conferencia-anprotec\/","url":"https:\/\/anprotec.org.br\/conferencia2023\/chamadas-trabalho-conferencia-anprotec\/","name":"Chamada de Trabalhos para a Confer\u00eancia Anprotec 2023 est\u00e1 aberta - Confer\u00eancia 2023 Anprotec","isPartOf":{"@id":"https:\/\/anprotec.org.br\/conferencia2023\/#website"},"primaryImageOfPage":{"@id":"https:\/\/anprotec.org.br\/conferencia2023\/chamadas-trabalho-conferencia-anprotec\/#primaryimage"},"image":{"@id":"https:\/\/anprotec.org.br\/conferencia2023\/chamadas-trabalho-conferencia-anprotec\/#primaryimage"},"thumbnailUrl":"https:\/\/anprotec.org.br\/conferencia2023\/wp-content\/uploads\/2023\/07\/home-1.png","datePublished":"2023-07-27T04:47:00+00:00","dateModified":"2023-09-12T14:53:11+00:00","breadcrumb":{"@id":"https:\/\/anprotec.org.br\/conferencia2023\/chamadas-trabalho-conferencia-anprotec\/#breadcrumb"},"inLanguage":"pt-BR","potentialAction":[{"@type":"ReadAction","target":["https:\/\/anprotec.org.br\/conferencia2023\/chamadas-trabalho-conferencia-anprotec\/"]}]},{"@type":"ImageObject","inLanguage":"pt-BR","@id":"https:\/\/anprotec.org.br\/conferencia2023\/chamadas-trabalho-conferencia-anprotec\/#primaryimage","url":"https:\/\/anprotec.org.br\/conferencia2023\/wp-content\/uploads\/2023\/07\/home-1.png","contentUrl":"https:\/\/anprotec.org.br\/conferencia2023\/wp-content\/uploads\/2023\/07\/home-1.png","width":640,"height":400},{"@type":"BreadcrumbList","@id":"https:\/\/anprotec.org.br\/conferencia2023\/chamadas-trabalho-conferencia-anprotec\/#breadcrumb","itemListElement":[{"@type":"ListItem","position":1,"name":"In\u00edcio","item":"https:\/\/anprotec.org.br\/conferencia2023\/"},{"@type":"ListItem","position":2,"name":"Chamada de Trabalhos para a Confer\u00eancia Anprotec 2023 est\u00e1 aberta"}]},{"@type":"WebSite","@id":"https:\/\/anprotec.org.br\/conferencia2023\/#website","url":"https:\/\/anprotec.org.br\/conferencia2023\/","name":"Confer\u00eancia 2023 Anprotec","description":"","publisher":{"@id":"https:\/\/anprotec.org.br\/conferencia2023\/#organization"},"potentialAction":[{"@type":"SearchAction","target":{"@type":"EntryPoint","urlTemplate":"https:\/\/anprotec.org.br\/conferencia2023\/?s={search_term_string}"},"query-input":"required name=search_term_string"}],"inLanguage":"pt-BR"},{"@type":"Organization","@id":"https:\/\/anprotec.org.br\/conferencia2023\/#organization","name":"Confer\u00eancia 2023 Anprotec","url":"https:\/\/anprotec.org.br\/conferencia2023\/","logo":{"@type":"ImageObject","inLanguage":"pt-BR","@id":"https:\/\/anprotec.org.br\/conferencia2023\/#\/schema\/logo\/image\/","url":"","contentUrl":"","caption":"Confer\u00eancia 2023 Anprotec"},"image":{"@id":"https:\/\/anprotec.org.br\/conferencia2023\/#\/schema\/logo\/image\/"}},{"@type":"Person","@id":"https:\/\/anprotec.org.br\/conferencia2023\/#\/schema\/person\/7ce1d54c6005e7d21795bc5e974e2f9f","name":"admin","image":{"@type":"ImageObject","inLanguage":"pt-BR","@id":"https:\/\/anprotec.org.br\/conferencia2023\/#\/schema\/person\/image\/","url":"https:\/\/secure.gravatar.com\/avatar\/245112798fe6695640d096a325e40ea81b35fc9cdce454a7fa617ee832539b58?s=96&d=mm&r=g","contentUrl":"https:\/\/secure.gravatar.com\/avatar\/245112798fe6695640d096a325e40ea81b35fc9cdce454a7fa617ee832539b58?s=96&d=mm&r=g","caption":"admin"},"sameAs":["https:\/\/anprotec.org.br\/conferencia2023"],"url":"https:\/\/anprotec.org.br\/conferencia2023\/author\/admin\/"}]}},"_links":{"self":[{"href":"https:\/\/anprotec.org.br\/conferencia2023\/wp-json\/wp\/v2\/posts\/769","targetHints":{"allow":["GET"]}}],"collection":[{"href":"https:\/\/anprotec.org.br\/conferencia2023\/wp-json\/wp\/v2\/posts"}],"about":[{"href":"https:\/\/anprotec.org.br\/conferencia2023\/wp-json\/wp\/v2\/types\/post"}],"author":[{"embeddable":true,"href":"https:\/\/anprotec.org.br\/conferencia2023\/wp-json\/wp\/v2\/users\/1"}],"replies":[{"embeddable":true,"href":"https:\/\/anprotec.org.br\/conferencia2023\/wp-json\/wp\/v2\/comments?post=769"}],"version-history":[{"count":5,"href":"https:\/\/anprotec.org.br\/conferencia2023\/wp-json\/wp\/v2\/posts\/769\/revisions"}],"predecessor-version":[{"id":2227,"href":"https:\/\/anprotec.org.br\/conferencia2023\/wp-json\/wp\/v2\/posts\/769\/revisions\/2227"}],"wp:featuredmedia":[{"embeddable":true,"href":"https:\/\/anprotec.org.br\/conferencia2023\/wp-json\/wp\/v2\/media\/1087"}],"wp:attachment":[{"href":"https:\/\/anprotec.org.br\/conferencia2023\/wp-json\/wp\/v2\/media?parent=769"}],"wp:term":[{"taxonomy":"category","embeddable":true,"href":"https:\/\/anprotec.org.br\/conferencia2023\/wp-json\/wp\/v2\/categories?post=769"},{"taxonomy":"post_tag","embeddable":true,"href":"https:\/\/anprotec.org.br\/conferencia2023\/wp-json\/wp\/v2\/tags?post=769"}],"curies":[{"name":"wp","href":"https:\/\/api.w.org\/{rel}","templated":true}]}}