{"id":3870,"date":"2023-10-30T10:06:05","date_gmt":"2023-10-30T13:06:05","guid":{"rendered":"https:\/\/anprotec.org.br\/conferencia2023\/?p=3870"},"modified":"2023-11-23T10:09:56","modified_gmt":"2023-11-23T13:09:56","slug":"finep-patrocina-a-conferencia-anprotec-2023","status":"publish","type":"post","link":"https:\/\/anprotec.org.br\/conferencia2023\/finep-patrocina-a-conferencia-anprotec-2023\/","title":{"rendered":"Finep patrocina a Confer\u00eancia Anprotec 2023"},"content":{"rendered":"<div class=\"wp-block-image\">\n<figure class=\"aligncenter size-large\"><img fetchpriority=\"high\" decoding=\"async\" width=\"1024\" height=\"1024\" src=\"https:\/\/anprotec.org.br\/conferencia2023\/wp-content\/uploads\/2023\/11\/Prancheta-11-1024x1024.png\" alt=\"\" class=\"wp-image-3871\" srcset=\"https:\/\/anprotec.org.br\/conferencia2023\/wp-content\/uploads\/2023\/11\/Prancheta-11-1024x1024.png 1024w, https:\/\/anprotec.org.br\/conferencia2023\/wp-content\/uploads\/2023\/11\/Prancheta-11-300x300.png 300w, https:\/\/anprotec.org.br\/conferencia2023\/wp-content\/uploads\/2023\/11\/Prancheta-11-150x150.png 150w, https:\/\/anprotec.org.br\/conferencia2023\/wp-content\/uploads\/2023\/11\/Prancheta-11-768x769.png 768w, https:\/\/anprotec.org.br\/conferencia2023\/wp-content\/uploads\/2023\/11\/Prancheta-11.png 1080w\" sizes=\"(max-width: 1024px) 100vw, 1024px\" \/><\/figure>\n<\/div>\n\n\n<p><br>Temos o prazer de anunciar que a Finep, a Financiadora de Estudos e Projetos, vinculada ao Minist\u00e9rio da Ci\u00eancia, Tecnologia e Inova\u00e7\u00f5es, \u00e9 a patrocinadora Platina da 33\u00aa Confer\u00eancia Anprotec 2023. O evento, que ocorrer\u00e1 em Bras\u00edlia de 6 a 9 de novembro de 2023, \u00e9 um dos mais importantes do calend\u00e1rio brasileiro de empreendedorismo e inova\u00e7\u00e3o.<br><br>Este ano, a confer\u00eancia traz como tema &#8220;Inova\u00e7\u00e3o e Sociedade: Tecnologias Emergentes e a Transforma\u00e7\u00e3o do Empreendedorismo&#8221;, focando nos impactos, oportunidades e desafios das tecnologias emergentes no campo do empreendedorismo inovador no Brasil. O evento oferecer\u00e1 uma vis\u00e3o aprofundada sobre pr\u00e1ticas e ferramentas para desenvolver ambientes e ecossistemas de inova\u00e7\u00e3o, essenciais para a cria\u00e7\u00e3o de neg\u00f3cios sustent\u00e1veis, produtivos e com potencial de escala.<br><br>Como patrocinadora na categoria Platina, a Finep demonstra seu compromisso cont\u00ednuo com a promo\u00e7\u00e3o da pesquisa, desenvolvimento e inova\u00e7\u00e3o no pa\u00eds. A parceria da Finep com a Anprotec, uma associa\u00e7\u00e3o chave na promo\u00e7\u00e3o de pol\u00edticas de inova\u00e7\u00e3o e incuba\u00e7\u00e3o de empresas, refor\u00e7a o papel destas institui\u00e7\u00f5es como pilares fundamentais no fomento ao avan\u00e7o tecnol\u00f3gico e empreendedor no Brasil.<br><br>A 33\u00aa Confer\u00eancia Anprotec \u00e9 uma oportunidade \u00fanica para profissionais, acad\u00eamicos, empres\u00e1rios e entusiastas da inova\u00e7\u00e3o se reunirem, trocarem ideias e experi\u00eancias, e colaborarem para moldar o futuro do empreendedorismo e da inova\u00e7\u00e3o no Brasil. Marquem suas agendas e preparem-se para este evento transformador.<\/p>\n","protected":false},"excerpt":{"rendered":"<p>Temos o prazer de anunciar que a Finep, a Financiadora de Estudos e Projetos, vinculada ao Minist\u00e9rio da Ci\u00eancia, Tecnologia e Inova\u00e7\u00f5es, \u00e9 a patrocinadora Platina da 33\u00aa Confer\u00eancia Anprotec 2023. O evento, que ocorrer\u00e1 em Bras\u00edlia de 6 a 9 de novembro de 2023, \u00e9 um dos mais importantes do calend\u00e1rio brasileiro de empreendedorismo [&hellip;]<\/p>\n","protected":false},"author":1,"featured_media":3872,"comment_status":"closed","ping_status":"open","sticky":false,"template":"","format":"standard","meta":{"footnotes":""},"categories":[1],"tags":[],"class_list":["post-3870","post","type-post","status-publish","format-standard","has-post-thumbnail","hentry","category-uncategorized"],"yoast_head":"<!-- This site is optimized with the Yoast SEO plugin v23.0 - https:\/\/yoast.com\/wordpress\/plugins\/seo\/ -->\n<title>Finep patrocina a Confer\u00eancia Anprotec 2023 - Confer\u00eancia 2023 Anprotec<\/title>\n<meta name=\"robots\" content=\"index, follow, max-snippet:-1, max-image-preview:large, max-video-preview:-1\" \/>\n<link rel=\"canonical\" href=\"https:\/\/anprotec.org.br\/conferencia2023\/finep-patrocina-a-conferencia-anprotec-2023\/\" \/>\n<meta property=\"og:locale\" content=\"pt_BR\" \/>\n<meta property=\"og:type\" content=\"article\" \/>\n<meta property=\"og:title\" content=\"Finep patrocina a Confer\u00eancia Anprotec 2023 - Confer\u00eancia 2023 Anprotec\" \/>\n<meta property=\"og:description\" content=\"Temos o prazer de anunciar que a Finep, a Financiadora de Estudos e Projetos, vinculada ao Minist\u00e9rio da Ci\u00eancia, Tecnologia e Inova\u00e7\u00f5es, \u00e9 a patrocinadora Platina da 33\u00aa Confer\u00eancia Anprotec 2023. O evento, que ocorrer\u00e1 em Bras\u00edlia de 6 a 9 de novembro de 2023, \u00e9 um dos mais importantes do calend\u00e1rio brasileiro de empreendedorismo [&hellip;]\" \/>\n<meta property=\"og:url\" content=\"https:\/\/anprotec.org.br\/conferencia2023\/finep-patrocina-a-conferencia-anprotec-2023\/\" \/>\n<meta property=\"og:site_name\" content=\"Confer\u00eancia 2023 Anprotec\" \/>\n<meta property=\"article:published_time\" content=\"2023-10-30T13:06:05+00:00\" \/>\n<meta property=\"article:modified_time\" content=\"2023-11-23T13:09:56+00:00\" \/>\n<meta property=\"og:image\" content=\"https:\/\/anprotec.org.br\/conferencia2023\/wp-content\/uploads\/2023\/11\/Home-finep.png\" \/>\n\t<meta property=\"og:image:width\" content=\"640\" \/>\n\t<meta property=\"og:image:height\" content=\"400\" \/>\n\t<meta property=\"og:image:type\" content=\"image\/png\" \/>\n<meta name=\"author\" content=\"admin\" \/>\n<meta name=\"twitter:card\" content=\"summary_large_image\" \/>\n<meta name=\"twitter:label1\" content=\"Escrito por\" \/>\n\t<meta name=\"twitter:data1\" content=\"admin\" \/>\n\t<meta name=\"twitter:label2\" content=\"Est. tempo de leitura\" \/>\n\t<meta name=\"twitter:data2\" content=\"2 minutos\" \/>\n<script type=\"application\/ld+json\" class=\"yoast-schema-graph\">{\"@context\":\"https:\/\/schema.org\",\"@graph\":[{\"@type\":\"Article\",\"@id\":\"https:\/\/anprotec.org.br\/conferencia2023\/finep-patrocina-a-conferencia-anprotec-2023\/#article\",\"isPartOf\":{\"@id\":\"https:\/\/anprotec.org.br\/conferencia2023\/finep-patrocina-a-conferencia-anprotec-2023\/\"},\"author\":{\"name\":\"admin\",\"@id\":\"https:\/\/anprotec.org.br\/conferencia2023\/#\/schema\/person\/7ce1d54c6005e7d21795bc5e974e2f9f\"},\"headline\":\"Finep patrocina a Confer\u00eancia Anprotec 2023\",\"datePublished\":\"2023-10-30T13:06:05+00:00\",\"dateModified\":\"2023-11-23T13:09:56+00:00\",\"mainEntityOfPage\":{\"@id\":\"https:\/\/anprotec.org.br\/conferencia2023\/finep-patrocina-a-conferencia-anprotec-2023\/\"},\"wordCount\":254,\"publisher\":{\"@id\":\"https:\/\/anprotec.org.br\/conferencia2023\/#organization\"},\"image\":{\"@id\":\"https:\/\/anprotec.org.br\/conferencia2023\/finep-patrocina-a-conferencia-anprotec-2023\/#primaryimage\"},\"thumbnailUrl\":\"https:\/\/anprotec.org.br\/conferencia2023\/wp-content\/uploads\/2023\/11\/Home-finep.png\",\"articleSection\":[\"Uncategorized\"],\"inLanguage\":\"pt-BR\"},{\"@type\":\"WebPage\",\"@id\":\"https:\/\/anprotec.org.br\/conferencia2023\/finep-patrocina-a-conferencia-anprotec-2023\/\",\"url\":\"https:\/\/anprotec.org.br\/conferencia2023\/finep-patrocina-a-conferencia-anprotec-2023\/\",\"name\":\"Finep patrocina a Confer\u00eancia Anprotec 2023 - Confer\u00eancia 2023 Anprotec\",\"isPartOf\":{\"@id\":\"https:\/\/anprotec.org.br\/conferencia2023\/#website\"},\"primaryImageOfPage\":{\"@id\":\"https:\/\/anprotec.org.br\/conferencia2023\/finep-patrocina-a-conferencia-anprotec-2023\/#primaryimage\"},\"image\":{\"@id\":\"https:\/\/anprotec.org.br\/conferencia2023\/finep-patrocina-a-conferencia-anprotec-2023\/#primaryimage\"},\"thumbnailUrl\":\"https:\/\/anprotec.org.br\/conferencia2023\/wp-content\/uploads\/2023\/11\/Home-finep.png\",\"datePublished\":\"2023-10-30T13:06:05+00:00\",\"dateModified\":\"2023-11-23T13:09:56+00:00\",\"breadcrumb\":{\"@id\":\"https:\/\/anprotec.org.br\/conferencia2023\/finep-patrocina-a-conferencia-anprotec-2023\/#breadcrumb\"},\"inLanguage\":\"pt-BR\",\"potentialAction\":[{\"@type\":\"ReadAction\",\"target\":[\"https:\/\/anprotec.org.br\/conferencia2023\/finep-patrocina-a-conferencia-anprotec-2023\/\"]}]},{\"@type\":\"ImageObject\",\"inLanguage\":\"pt-BR\",\"@id\":\"https:\/\/anprotec.org.br\/conferencia2023\/finep-patrocina-a-conferencia-anprotec-2023\/#primaryimage\",\"url\":\"https:\/\/anprotec.org.br\/conferencia2023\/wp-content\/uploads\/2023\/11\/Home-finep.png\",\"contentUrl\":\"https:\/\/anprotec.org.br\/conferencia2023\/wp-content\/uploads\/2023\/11\/Home-finep.png\",\"width\":640,\"height\":400},{\"@type\":\"BreadcrumbList\",\"@id\":\"https:\/\/anprotec.org.br\/conferencia2023\/finep-patrocina-a-conferencia-anprotec-2023\/#breadcrumb\",\"itemListElement\":[{\"@type\":\"ListItem\",\"position\":1,\"name\":\"In\u00edcio\",\"item\":\"https:\/\/anprotec.org.br\/conferencia2023\/\"},{\"@type\":\"ListItem\",\"position\":2,\"name\":\"Finep patrocina a Confer\u00eancia Anprotec 2023\"}]},{\"@type\":\"WebSite\",\"@id\":\"https:\/\/anprotec.org.br\/conferencia2023\/#website\",\"url\":\"https:\/\/anprotec.org.br\/conferencia2023\/\",\"name\":\"Confer\u00eancia 2023 Anprotec\",\"description\":\"\",\"publisher\":{\"@id\":\"https:\/\/anprotec.org.br\/conferencia2023\/#organization\"},\"potentialAction\":[{\"@type\":\"SearchAction\",\"target\":{\"@type\":\"EntryPoint\",\"urlTemplate\":\"https:\/\/anprotec.org.br\/conferencia2023\/?s={search_term_string}\"},\"query-input\":\"required name=search_term_string\"}],\"inLanguage\":\"pt-BR\"},{\"@type\":\"Organization\",\"@id\":\"https:\/\/anprotec.org.br\/conferencia2023\/#organization\",\"name\":\"Confer\u00eancia 2023 Anprotec\",\"url\":\"https:\/\/anprotec.org.br\/conferencia2023\/\",\"logo\":{\"@type\":\"ImageObject\",\"inLanguage\":\"pt-BR\",\"@id\":\"https:\/\/anprotec.org.br\/conferencia2023\/#\/schema\/logo\/image\/\",\"url\":\"\",\"contentUrl\":\"\",\"caption\":\"Confer\u00eancia 2023 Anprotec\"},\"image\":{\"@id\":\"https:\/\/anprotec.org.br\/conferencia2023\/#\/schema\/logo\/image\/\"}},{\"@type\":\"Person\",\"@id\":\"https:\/\/anprotec.org.br\/conferencia2023\/#\/schema\/person\/7ce1d54c6005e7d21795bc5e974e2f9f\",\"name\":\"admin\",\"image\":{\"@type\":\"ImageObject\",\"inLanguage\":\"pt-BR\",\"@id\":\"https:\/\/anprotec.org.br\/conferencia2023\/#\/schema\/person\/image\/\",\"url\":\"https:\/\/secure.gravatar.com\/avatar\/245112798fe6695640d096a325e40ea81b35fc9cdce454a7fa617ee832539b58?s=96&d=mm&r=g\",\"contentUrl\":\"https:\/\/secure.gravatar.com\/avatar\/245112798fe6695640d096a325e40ea81b35fc9cdce454a7fa617ee832539b58?s=96&d=mm&r=g\",\"caption\":\"admin\"},\"sameAs\":[\"https:\/\/anprotec.org.br\/conferencia2023\"],\"url\":\"https:\/\/anprotec.org.br\/conferencia2023\/author\/admin\/\"}]}<\/script>\n<!-- \/ Yoast SEO plugin. -->","yoast_head_json":{"title":"Finep patrocina a Confer\u00eancia Anprotec 2023 - Confer\u00eancia 2023 Anprotec","robots":{"index":"index","follow":"follow","max-snippet":"max-snippet:-1","max-image-preview":"max-image-preview:large","max-video-preview":"max-video-preview:-1"},"canonical":"https:\/\/anprotec.org.br\/conferencia2023\/finep-patrocina-a-conferencia-anprotec-2023\/","og_locale":"pt_BR","og_type":"article","og_title":"Finep patrocina a Confer\u00eancia Anprotec 2023 - Confer\u00eancia 2023 Anprotec","og_description":"Temos o prazer de anunciar que a Finep, a Financiadora de Estudos e Projetos, vinculada ao Minist\u00e9rio da Ci\u00eancia, Tecnologia e Inova\u00e7\u00f5es, \u00e9 a patrocinadora Platina da 33\u00aa Confer\u00eancia Anprotec 2023. O evento, que ocorrer\u00e1 em Bras\u00edlia de 6 a 9 de novembro de 2023, \u00e9 um dos mais importantes do calend\u00e1rio brasileiro de empreendedorismo [&hellip;]","og_url":"https:\/\/anprotec.org.br\/conferencia2023\/finep-patrocina-a-conferencia-anprotec-2023\/","og_site_name":"Confer\u00eancia 2023 Anprotec","article_published_time":"2023-10-30T13:06:05+00:00","article_modified_time":"2023-11-23T13:09:56+00:00","og_image":[{"width":640,"height":400,"url":"https:\/\/anprotec.org.br\/conferencia2023\/wp-content\/uploads\/2023\/11\/Home-finep.png","type":"image\/png"}],"author":"admin","twitter_card":"summary_large_image","twitter_misc":{"Escrito por":"admin","Est. tempo de leitura":"2 minutos"},"schema":{"@context":"https:\/\/schema.org","@graph":[{"@type":"Article","@id":"https:\/\/anprotec.org.br\/conferencia2023\/finep-patrocina-a-conferencia-anprotec-2023\/#article","isPartOf":{"@id":"https:\/\/anprotec.org.br\/conferencia2023\/finep-patrocina-a-conferencia-anprotec-2023\/"},"author":{"name":"admin","@id":"https:\/\/anprotec.org.br\/conferencia2023\/#\/schema\/person\/7ce1d54c6005e7d21795bc5e974e2f9f"},"headline":"Finep patrocina a Confer\u00eancia Anprotec 2023","datePublished":"2023-10-30T13:06:05+00:00","dateModified":"2023-11-23T13:09:56+00:00","mainEntityOfPage":{"@id":"https:\/\/anprotec.org.br\/conferencia2023\/finep-patrocina-a-conferencia-anprotec-2023\/"},"wordCount":254,"publisher":{"@id":"https:\/\/anprotec.org.br\/conferencia2023\/#organization"},"image":{"@id":"https:\/\/anprotec.org.br\/conferencia2023\/finep-patrocina-a-conferencia-anprotec-2023\/#primaryimage"},"thumbnailUrl":"https:\/\/anprotec.org.br\/conferencia2023\/wp-content\/uploads\/2023\/11\/Home-finep.png","articleSection":["Uncategorized"],"inLanguage":"pt-BR"},{"@type":"WebPage","@id":"https:\/\/anprotec.org.br\/conferencia2023\/finep-patrocina-a-conferencia-anprotec-2023\/","url":"https:\/\/anprotec.org.br\/conferencia2023\/finep-patrocina-a-conferencia-anprotec-2023\/","name":"Finep patrocina a Confer\u00eancia Anprotec 2023 - Confer\u00eancia 2023 Anprotec","isPartOf":{"@id":"https:\/\/anprotec.org.br\/conferencia2023\/#website"},"primaryImageOfPage":{"@id":"https:\/\/anprotec.org.br\/conferencia2023\/finep-patrocina-a-conferencia-anprotec-2023\/#primaryimage"},"image":{"@id":"https:\/\/anprotec.org.br\/conferencia2023\/finep-patrocina-a-conferencia-anprotec-2023\/#primaryimage"},"thumbnailUrl":"https:\/\/anprotec.org.br\/conferencia2023\/wp-content\/uploads\/2023\/11\/Home-finep.png","datePublished":"2023-10-30T13:06:05+00:00","dateModified":"2023-11-23T13:09:56+00:00","breadcrumb":{"@id":"https:\/\/anprotec.org.br\/conferencia2023\/finep-patrocina-a-conferencia-anprotec-2023\/#breadcrumb"},"inLanguage":"pt-BR","potentialAction":[{"@type":"ReadAction","target":["https:\/\/anprotec.org.br\/conferencia2023\/finep-patrocina-a-conferencia-anprotec-2023\/"]}]},{"@type":"ImageObject","inLanguage":"pt-BR","@id":"https:\/\/anprotec.org.br\/conferencia2023\/finep-patrocina-a-conferencia-anprotec-2023\/#primaryimage","url":"https:\/\/anprotec.org.br\/conferencia2023\/wp-content\/uploads\/2023\/11\/Home-finep.png","contentUrl":"https:\/\/anprotec.org.br\/conferencia2023\/wp-content\/uploads\/2023\/11\/Home-finep.png","width":640,"height":400},{"@type":"BreadcrumbList","@id":"https:\/\/anprotec.org.br\/conferencia2023\/finep-patrocina-a-conferencia-anprotec-2023\/#breadcrumb","itemListElement":[{"@type":"ListItem","position":1,"name":"In\u00edcio","item":"https:\/\/anprotec.org.br\/conferencia2023\/"},{"@type":"ListItem","position":2,"name":"Finep patrocina a Confer\u00eancia Anprotec 2023"}]},{"@type":"WebSite","@id":"https:\/\/anprotec.org.br\/conferencia2023\/#website","url":"https:\/\/anprotec.org.br\/conferencia2023\/","name":"Confer\u00eancia 2023 Anprotec","description":"","publisher":{"@id":"https:\/\/anprotec.org.br\/conferencia2023\/#organization"},"potentialAction":[{"@type":"SearchAction","target":{"@type":"EntryPoint","urlTemplate":"https:\/\/anprotec.org.br\/conferencia2023\/?s={search_term_string}"},"query-input":"required name=search_term_string"}],"inLanguage":"pt-BR"},{"@type":"Organization","@id":"https:\/\/anprotec.org.br\/conferencia2023\/#organization","name":"Confer\u00eancia 2023 Anprotec","url":"https:\/\/anprotec.org.br\/conferencia2023\/","logo":{"@type":"ImageObject","inLanguage":"pt-BR","@id":"https:\/\/anprotec.org.br\/conferencia2023\/#\/schema\/logo\/image\/","url":"","contentUrl":"","caption":"Confer\u00eancia 2023 Anprotec"},"image":{"@id":"https:\/\/anprotec.org.br\/conferencia2023\/#\/schema\/logo\/image\/"}},{"@type":"Person","@id":"https:\/\/anprotec.org.br\/conferencia2023\/#\/schema\/person\/7ce1d54c6005e7d21795bc5e974e2f9f","name":"admin","image":{"@type":"ImageObject","inLanguage":"pt-BR","@id":"https:\/\/anprotec.org.br\/conferencia2023\/#\/schema\/person\/image\/","url":"https:\/\/secure.gravatar.com\/avatar\/245112798fe6695640d096a325e40ea81b35fc9cdce454a7fa617ee832539b58?s=96&d=mm&r=g","contentUrl":"https:\/\/secure.gravatar.com\/avatar\/245112798fe6695640d096a325e40ea81b35fc9cdce454a7fa617ee832539b58?s=96&d=mm&r=g","caption":"admin"},"sameAs":["https:\/\/anprotec.org.br\/conferencia2023"],"url":"https:\/\/anprotec.org.br\/conferencia2023\/author\/admin\/"}]}},"_links":{"self":[{"href":"https:\/\/anprotec.org.br\/conferencia2023\/wp-json\/wp\/v2\/posts\/3870","targetHints":{"allow":["GET"]}}],"collection":[{"href":"https:\/\/anprotec.org.br\/conferencia2023\/wp-json\/wp\/v2\/posts"}],"about":[{"href":"https:\/\/anprotec.org.br\/conferencia2023\/wp-json\/wp\/v2\/types\/post"}],"author":[{"embeddable":true,"href":"https:\/\/anprotec.org.br\/conferencia2023\/wp-json\/wp\/v2\/users\/1"}],"replies":[{"embeddable":true,"href":"https:\/\/anprotec.org.br\/conferencia2023\/wp-json\/wp\/v2\/comments?post=3870"}],"version-history":[{"count":1,"href":"https:\/\/anprotec.org.br\/conferencia2023\/wp-json\/wp\/v2\/posts\/3870\/revisions"}],"predecessor-version":[{"id":3873,"href":"https:\/\/anprotec.org.br\/conferencia2023\/wp-json\/wp\/v2\/posts\/3870\/revisions\/3873"}],"wp:featuredmedia":[{"embeddable":true,"href":"https:\/\/anprotec.org.br\/conferencia2023\/wp-json\/wp\/v2\/media\/3872"}],"wp:attachment":[{"href":"https:\/\/anprotec.org.br\/conferencia2023\/wp-json\/wp\/v2\/media?parent=3870"}],"wp:term":[{"taxonomy":"category","embeddable":true,"href":"https:\/\/anprotec.org.br\/conferencia2023\/wp-json\/wp\/v2\/categories?post=3870"},{"taxonomy":"post_tag","embeddable":true,"href":"https:\/\/anprotec.org.br\/conferencia2023\/wp-json\/wp\/v2\/tags?post=3870"}],"curies":[{"name":"wp","href":"https:\/\/api.w.org\/{rel}","templated":true}]}}