{"id":3821,"date":"2023-11-08T15:17:54","date_gmt":"2023-11-08T18:17:54","guid":{"rendered":"https:\/\/anprotec.org.br\/conferencia2023\/?p=3821"},"modified":"2023-11-08T15:17:54","modified_gmt":"2023-11-08T18:17:54","slug":"conferencia-anprotec-exibe-documentario-ecossistemas-de-inovacao-e-recebe-diretora-do-filme-patricia-travassos-para-debate","status":"publish","type":"post","link":"https:\/\/anprotec.org.br\/conferencia2023\/conferencia-anprotec-exibe-documentario-ecossistemas-de-inovacao-e-recebe-diretora-do-filme-patricia-travassos-para-debate\/","title":{"rendered":"Confer\u00eancia Anprotec exibe document\u00e1rio \u2018Ecossistemas de Inova\u00e7\u00e3o\u2019 e recebe diretora do filme, Patr\u00edcia Travassos, para debate\u00a0"},"content":{"rendered":"<div class=\"wp-block-image\">\n<figure class=\"aligncenter size-large is-resized\"><img fetchpriority=\"high\" decoding=\"async\" width=\"1024\" height=\"683\" src=\"https:\/\/anprotec.org.br\/conferencia2023\/wp-content\/uploads\/2023\/11\/IMG_4488-1024x683.jpg\" alt=\"\" class=\"wp-image-3829\" style=\"width:709px;height:auto\" srcset=\"https:\/\/anprotec.org.br\/conferencia2023\/wp-content\/uploads\/2023\/11\/IMG_4488-1024x683.jpg 1024w, https:\/\/anprotec.org.br\/conferencia2023\/wp-content\/uploads\/2023\/11\/IMG_4488-300x200.jpg 300w, https:\/\/anprotec.org.br\/conferencia2023\/wp-content\/uploads\/2023\/11\/IMG_4488-768x512.jpg 768w, https:\/\/anprotec.org.br\/conferencia2023\/wp-content\/uploads\/2023\/11\/IMG_4488-1536x1024.jpg 1536w, https:\/\/anprotec.org.br\/conferencia2023\/wp-content\/uploads\/2023\/11\/IMG_4488-2048x1365.jpg 2048w\" sizes=\"(max-width: 1024px) 100vw, 1024px\" \/><\/figure>\n<\/div>\n\n\n<p>Na manh\u00e3 do terceiro dia de evento, 8\/11, a Confer\u00eancia Anprotec 2023 realizou a exibi\u00e7\u00e3o do document\u00e1rio \u201cEcossistemas de Inova\u00e7\u00e3o\u201d, que percorreu mais de 20 mil km do pa\u00eds em busca de ecossistemas de empreendedorismo e inova\u00e7\u00e3o capazes de criar solu\u00e7\u00f5es para problemas locais e globais. O longa \u00e9 uma produ\u00e7\u00e3o da Prosa Press, produtora audiovisual de projetos corporativos, com a dire\u00e7\u00e3o de Patr\u00edcia Travassos.<\/p>\n\n\n\n<p>A produ\u00e7\u00e3o levou cerca de um ano, e contou com quase 100 entrevistas. Participam do document\u00e1rio grandes nomes da inova\u00e7\u00e3o como Silvio Meira (Porto Digital\/PE), Jorge Audy (Tecnopuc\/RS), Romero Rodrigues (Buscap\u00e9), Moacir Marafon (Softplan\/SC), Marcelo Dantas (Bienal do Mercosul), al\u00e9m de empreendedores, investidores e pesquisadores.<\/p>\n\n\n\n<p>Daniel Leipnitz, vice-presidente da Anprotec, tamb\u00e9m foi um dos entrevistados e abordou no document\u00e1rio sua vis\u00e3o sobre a import\u00e2ncia da inova\u00e7\u00e3o de um pa\u00eds andar em conjunto. \u201cQuando n\u00f3s fomos conhecer a Coreia do Sul o que mais nos chamou a aten\u00e7\u00e3o n\u00e3o foi a inova\u00e7\u00e3o em si. O que mais nos despertou a aten\u00e7\u00e3o foi como todos estavam remando para o mesmo lado\u201d, afirmou.<\/p>\n\n\n<div class=\"wp-block-image\">\n<figure class=\"aligncenter size-large is-resized\"><img decoding=\"async\" width=\"1024\" height=\"683\" src=\"https:\/\/anprotec.org.br\/conferencia2023\/wp-content\/uploads\/2023\/11\/IMG_4453-1024x683.jpg\" alt=\"\" class=\"wp-image-3830\" style=\"width:690px;height:auto\" srcset=\"https:\/\/anprotec.org.br\/conferencia2023\/wp-content\/uploads\/2023\/11\/IMG_4453-1024x683.jpg 1024w, https:\/\/anprotec.org.br\/conferencia2023\/wp-content\/uploads\/2023\/11\/IMG_4453-300x200.jpg 300w, https:\/\/anprotec.org.br\/conferencia2023\/wp-content\/uploads\/2023\/11\/IMG_4453-768x512.jpg 768w, https:\/\/anprotec.org.br\/conferencia2023\/wp-content\/uploads\/2023\/11\/IMG_4453-1536x1024.jpg 1536w, https:\/\/anprotec.org.br\/conferencia2023\/wp-content\/uploads\/2023\/11\/IMG_4453-2048x1365.jpg 2048w\" sizes=\"(max-width: 1024px) 100vw, 1024px\" \/><\/figure>\n<\/div>\n\n\n<p>Ap\u00f3s a exibi\u00e7\u00e3o do filme, foi realizado um debate sobre a produ\u00e7\u00e3o e os ecossistemas de inova\u00e7\u00e3o do pa\u00eds, com a presen\u00e7a de Maur\u00edcio Guedes, Superintendente de Inova\u00e7\u00e3o e Sustentabilidade \u2013 RJ e a Diretora do filme, Patr\u00edcia Travassos.<\/p>\n\n\n\n<p><em>\u201cEsse document\u00e1rio tem tido uma repercuss\u00e3o org\u00e2nica muito surpreendente. Os agentes e os ecossistemas t\u00eam compartilhado e incentivado outros a assistir, se inspirar e a despertar discuss\u00f5es. A nossa maior inten\u00e7\u00e3o com a produ\u00e7\u00e3o foi despertar paix\u00e3o nas pessoas e demonstrar que um ecossistema de inova\u00e7\u00e3o pode residir em qualquer lugar, gerar valor socioecon\u00f4mico e proporcionar novas perspectivas para aquela popula\u00e7\u00e3o<\/em>\u201d, afirmou.&nbsp;<\/p>\n\n\n\n<p>Ecossistemas que aparecem no document\u00e1rio:<\/p>\n\n\n\n<ul class=\"wp-block-list\">\n<li>Porto Digital &#8211; Recife\/PE;<\/li>\n\n\n\n<li>Tecnopuc e Instituto Caldeira- Porto Alegre\/RS;<\/li>\n\n\n\n<li>Rota da Inova\u00e7\u00e3o- Florian\u00f3polis\/SC;<\/li>\n\n\n\n<li>G10 Favelas &#8211; S\u00e3o Paulo\/SP;<\/li>\n\n\n\n<li>Parque Tecnol\u00f3gico &#8211; S\u00e3o Jos\u00e9 dos Campos\/SP;<\/li>\n\n\n\n<li>Unicamp \u2013 Campinas\/SP;<\/li>\n\n\n\n<li>Distrito de Inova\u00e7\u00e3o, Tech hub Manaus, Sidia &#8211; Manaus\/AM;<\/li>\n\n\n\n<li>Vale da Eletr\u00f4nica &#8211; Santa Rita do Sapuca\u00ed\/MG<\/li>\n<\/ul>\n\n\n\n<p>O filme est\u00e1 dispon\u00edvel na \u00edntegra e gratuitamente no <a href=\"https:\/\/www.youtube.com\/watch?v=2O7DXOO6wS0\">YouTube<\/a> da produtora.&nbsp;<\/p>\n","protected":false},"excerpt":{"rendered":"<p>Na manh\u00e3 do terceiro dia de evento, 8\/11, a Confer\u00eancia Anprotec 2023 realizou a exibi\u00e7\u00e3o do document\u00e1rio \u201cEcossistemas de Inova\u00e7\u00e3o\u201d, que percorreu mais de 20 mil km do pa\u00eds em busca de ecossistemas de empreendedorismo e inova\u00e7\u00e3o capazes de criar solu\u00e7\u00f5es para problemas locais e globais. O longa \u00e9 uma produ\u00e7\u00e3o da Prosa Press, produtora [&hellip;]<\/p>\n","protected":false},"author":2,"featured_media":3829,"comment_status":"closed","ping_status":"open","sticky":false,"template":"","format":"standard","meta":{"footnotes":""},"categories":[1],"tags":[],"class_list":["post-3821","post","type-post","status-publish","format-standard","has-post-thumbnail","hentry","category-uncategorized"],"yoast_head":"<!-- This site is optimized with the Yoast SEO plugin v23.0 - https:\/\/yoast.com\/wordpress\/plugins\/seo\/ -->\n<title>Confer\u00eancia Anprotec exibe document\u00e1rio \u2018Ecossistemas de Inova\u00e7\u00e3o\u2019 e recebe diretora do filme, Patr\u00edcia Travassos, para debate\u00a0 - Confer\u00eancia 2023 Anprotec<\/title>\n<meta name=\"robots\" content=\"index, follow, max-snippet:-1, max-image-preview:large, max-video-preview:-1\" \/>\n<link rel=\"canonical\" href=\"https:\/\/anprotec.org.br\/conferencia2023\/conferencia-anprotec-exibe-documentario-ecossistemas-de-inovacao-e-recebe-diretora-do-filme-patricia-travassos-para-debate\/\" \/>\n<meta property=\"og:locale\" content=\"pt_BR\" \/>\n<meta property=\"og:type\" content=\"article\" \/>\n<meta property=\"og:title\" content=\"Confer\u00eancia Anprotec exibe document\u00e1rio \u2018Ecossistemas de Inova\u00e7\u00e3o\u2019 e recebe diretora do filme, Patr\u00edcia Travassos, para debate\u00a0 - Confer\u00eancia 2023 Anprotec\" \/>\n<meta property=\"og:description\" content=\"Na manh\u00e3 do terceiro dia de evento, 8\/11, a Confer\u00eancia Anprotec 2023 realizou a exibi\u00e7\u00e3o do document\u00e1rio \u201cEcossistemas de Inova\u00e7\u00e3o\u201d, que percorreu mais de 20 mil km do pa\u00eds em busca de ecossistemas de empreendedorismo e inova\u00e7\u00e3o capazes de criar solu\u00e7\u00f5es para problemas locais e globais. O longa \u00e9 uma produ\u00e7\u00e3o da Prosa Press, produtora [&hellip;]\" \/>\n<meta property=\"og:url\" content=\"https:\/\/anprotec.org.br\/conferencia2023\/conferencia-anprotec-exibe-documentario-ecossistemas-de-inovacao-e-recebe-diretora-do-filme-patricia-travassos-para-debate\/\" \/>\n<meta property=\"og:site_name\" content=\"Confer\u00eancia 2023 Anprotec\" \/>\n<meta property=\"article:published_time\" content=\"2023-11-08T18:17:54+00:00\" \/>\n<meta property=\"og:image\" content=\"https:\/\/anprotec.org.br\/conferencia2023\/wp-content\/uploads\/2023\/11\/IMG_4488-scaled.jpg\" \/>\n\t<meta property=\"og:image:width\" content=\"2560\" \/>\n\t<meta property=\"og:image:height\" content=\"1707\" \/>\n\t<meta property=\"og:image:type\" content=\"image\/jpeg\" \/>\n<meta name=\"author\" content=\"Lucas\" \/>\n<meta name=\"twitter:card\" content=\"summary_large_image\" \/>\n<meta name=\"twitter:label1\" content=\"Escrito por\" \/>\n\t<meta name=\"twitter:data1\" content=\"Lucas\" \/>\n\t<meta name=\"twitter:label2\" content=\"Est. tempo de leitura\" \/>\n\t<meta name=\"twitter:data2\" content=\"3 minutos\" \/>\n<script type=\"application\/ld+json\" class=\"yoast-schema-graph\">{\"@context\":\"https:\/\/schema.org\",\"@graph\":[{\"@type\":\"Article\",\"@id\":\"https:\/\/anprotec.org.br\/conferencia2023\/conferencia-anprotec-exibe-documentario-ecossistemas-de-inovacao-e-recebe-diretora-do-filme-patricia-travassos-para-debate\/#article\",\"isPartOf\":{\"@id\":\"https:\/\/anprotec.org.br\/conferencia2023\/conferencia-anprotec-exibe-documentario-ecossistemas-de-inovacao-e-recebe-diretora-do-filme-patricia-travassos-para-debate\/\"},\"author\":{\"name\":\"Lucas\",\"@id\":\"https:\/\/anprotec.org.br\/conferencia2023\/#\/schema\/person\/f70fdc2481c5ea61387acef3e2d0c21e\"},\"headline\":\"Confer\u00eancia Anprotec exibe document\u00e1rio \u2018Ecossistemas de Inova\u00e7\u00e3o\u2019 e recebe diretora do filme, Patr\u00edcia Travassos, para debate\u00a0\",\"datePublished\":\"2023-11-08T18:17:54+00:00\",\"dateModified\":\"2023-11-08T18:17:54+00:00\",\"mainEntityOfPage\":{\"@id\":\"https:\/\/anprotec.org.br\/conferencia2023\/conferencia-anprotec-exibe-documentario-ecossistemas-de-inovacao-e-recebe-diretora-do-filme-patricia-travassos-para-debate\/\"},\"wordCount\":419,\"publisher\":{\"@id\":\"https:\/\/anprotec.org.br\/conferencia2023\/#organization\"},\"image\":{\"@id\":\"https:\/\/anprotec.org.br\/conferencia2023\/conferencia-anprotec-exibe-documentario-ecossistemas-de-inovacao-e-recebe-diretora-do-filme-patricia-travassos-para-debate\/#primaryimage\"},\"thumbnailUrl\":\"https:\/\/anprotec.org.br\/conferencia2023\/wp-content\/uploads\/2023\/11\/IMG_4488-scaled.jpg\",\"articleSection\":[\"Uncategorized\"],\"inLanguage\":\"pt-BR\"},{\"@type\":\"WebPage\",\"@id\":\"https:\/\/anprotec.org.br\/conferencia2023\/conferencia-anprotec-exibe-documentario-ecossistemas-de-inovacao-e-recebe-diretora-do-filme-patricia-travassos-para-debate\/\",\"url\":\"https:\/\/anprotec.org.br\/conferencia2023\/conferencia-anprotec-exibe-documentario-ecossistemas-de-inovacao-e-recebe-diretora-do-filme-patricia-travassos-para-debate\/\",\"name\":\"Confer\u00eancia Anprotec exibe document\u00e1rio \u2018Ecossistemas de Inova\u00e7\u00e3o\u2019 e recebe diretora do filme, Patr\u00edcia Travassos, para debate\u00a0 - Confer\u00eancia 2023 Anprotec\",\"isPartOf\":{\"@id\":\"https:\/\/anprotec.org.br\/conferencia2023\/#website\"},\"primaryImageOfPage\":{\"@id\":\"https:\/\/anprotec.org.br\/conferencia2023\/conferencia-anprotec-exibe-documentario-ecossistemas-de-inovacao-e-recebe-diretora-do-filme-patricia-travassos-para-debate\/#primaryimage\"},\"image\":{\"@id\":\"https:\/\/anprotec.org.br\/conferencia2023\/conferencia-anprotec-exibe-documentario-ecossistemas-de-inovacao-e-recebe-diretora-do-filme-patricia-travassos-para-debate\/#primaryimage\"},\"thumbnailUrl\":\"https:\/\/anprotec.org.br\/conferencia2023\/wp-content\/uploads\/2023\/11\/IMG_4488-scaled.jpg\",\"datePublished\":\"2023-11-08T18:17:54+00:00\",\"dateModified\":\"2023-11-08T18:17:54+00:00\",\"breadcrumb\":{\"@id\":\"https:\/\/anprotec.org.br\/conferencia2023\/conferencia-anprotec-exibe-documentario-ecossistemas-de-inovacao-e-recebe-diretora-do-filme-patricia-travassos-para-debate\/#breadcrumb\"},\"inLanguage\":\"pt-BR\",\"potentialAction\":[{\"@type\":\"ReadAction\",\"target\":[\"https:\/\/anprotec.org.br\/conferencia2023\/conferencia-anprotec-exibe-documentario-ecossistemas-de-inovacao-e-recebe-diretora-do-filme-patricia-travassos-para-debate\/\"]}]},{\"@type\":\"ImageObject\",\"inLanguage\":\"pt-BR\",\"@id\":\"https:\/\/anprotec.org.br\/conferencia2023\/conferencia-anprotec-exibe-documentario-ecossistemas-de-inovacao-e-recebe-diretora-do-filme-patricia-travassos-para-debate\/#primaryimage\",\"url\":\"https:\/\/anprotec.org.br\/conferencia2023\/wp-content\/uploads\/2023\/11\/IMG_4488-scaled.jpg\",\"contentUrl\":\"https:\/\/anprotec.org.br\/conferencia2023\/wp-content\/uploads\/2023\/11\/IMG_4488-scaled.jpg\",\"width\":2560,\"height\":1707},{\"@type\":\"BreadcrumbList\",\"@id\":\"https:\/\/anprotec.org.br\/conferencia2023\/conferencia-anprotec-exibe-documentario-ecossistemas-de-inovacao-e-recebe-diretora-do-filme-patricia-travassos-para-debate\/#breadcrumb\",\"itemListElement\":[{\"@type\":\"ListItem\",\"position\":1,\"name\":\"In\u00edcio\",\"item\":\"https:\/\/anprotec.org.br\/conferencia2023\/\"},{\"@type\":\"ListItem\",\"position\":2,\"name\":\"Confer\u00eancia Anprotec exibe document\u00e1rio \u2018Ecossistemas de Inova\u00e7\u00e3o\u2019 e recebe diretora do filme, Patr\u00edcia Travassos, para debate\u00a0\"}]},{\"@type\":\"WebSite\",\"@id\":\"https:\/\/anprotec.org.br\/conferencia2023\/#website\",\"url\":\"https:\/\/anprotec.org.br\/conferencia2023\/\",\"name\":\"Confer\u00eancia 2023 Anprotec\",\"description\":\"\",\"publisher\":{\"@id\":\"https:\/\/anprotec.org.br\/conferencia2023\/#organization\"},\"potentialAction\":[{\"@type\":\"SearchAction\",\"target\":{\"@type\":\"EntryPoint\",\"urlTemplate\":\"https:\/\/anprotec.org.br\/conferencia2023\/?s={search_term_string}\"},\"query-input\":\"required name=search_term_string\"}],\"inLanguage\":\"pt-BR\"},{\"@type\":\"Organization\",\"@id\":\"https:\/\/anprotec.org.br\/conferencia2023\/#organization\",\"name\":\"Confer\u00eancia 2023 Anprotec\",\"url\":\"https:\/\/anprotec.org.br\/conferencia2023\/\",\"logo\":{\"@type\":\"ImageObject\",\"inLanguage\":\"pt-BR\",\"@id\":\"https:\/\/anprotec.org.br\/conferencia2023\/#\/schema\/logo\/image\/\",\"url\":\"\",\"contentUrl\":\"\",\"caption\":\"Confer\u00eancia 2023 Anprotec\"},\"image\":{\"@id\":\"https:\/\/anprotec.org.br\/conferencia2023\/#\/schema\/logo\/image\/\"}},{\"@type\":\"Person\",\"@id\":\"https:\/\/anprotec.org.br\/conferencia2023\/#\/schema\/person\/f70fdc2481c5ea61387acef3e2d0c21e\",\"name\":\"Lucas\",\"image\":{\"@type\":\"ImageObject\",\"inLanguage\":\"pt-BR\",\"@id\":\"https:\/\/anprotec.org.br\/conferencia2023\/#\/schema\/person\/image\/\",\"url\":\"https:\/\/secure.gravatar.com\/avatar\/1b2a0158c7eec64db38a0ff9b80f9095cf8fd55dafa6cc20656ff31027848637?s=96&d=mm&r=g\",\"contentUrl\":\"https:\/\/secure.gravatar.com\/avatar\/1b2a0158c7eec64db38a0ff9b80f9095cf8fd55dafa6cc20656ff31027848637?s=96&d=mm&r=g\",\"caption\":\"Lucas\"},\"url\":\"https:\/\/anprotec.org.br\/conferencia2023\/author\/lucas\/\"}]}<\/script>\n<!-- \/ Yoast SEO plugin. -->","yoast_head_json":{"title":"Confer\u00eancia Anprotec exibe document\u00e1rio \u2018Ecossistemas de Inova\u00e7\u00e3o\u2019 e recebe diretora do filme, Patr\u00edcia Travassos, para debate\u00a0 - Confer\u00eancia 2023 Anprotec","robots":{"index":"index","follow":"follow","max-snippet":"max-snippet:-1","max-image-preview":"max-image-preview:large","max-video-preview":"max-video-preview:-1"},"canonical":"https:\/\/anprotec.org.br\/conferencia2023\/conferencia-anprotec-exibe-documentario-ecossistemas-de-inovacao-e-recebe-diretora-do-filme-patricia-travassos-para-debate\/","og_locale":"pt_BR","og_type":"article","og_title":"Confer\u00eancia Anprotec exibe document\u00e1rio \u2018Ecossistemas de Inova\u00e7\u00e3o\u2019 e recebe diretora do filme, Patr\u00edcia Travassos, para debate\u00a0 - Confer\u00eancia 2023 Anprotec","og_description":"Na manh\u00e3 do terceiro dia de evento, 8\/11, a Confer\u00eancia Anprotec 2023 realizou a exibi\u00e7\u00e3o do document\u00e1rio \u201cEcossistemas de Inova\u00e7\u00e3o\u201d, que percorreu mais de 20 mil km do pa\u00eds em busca de ecossistemas de empreendedorismo e inova\u00e7\u00e3o capazes de criar solu\u00e7\u00f5es para problemas locais e globais. O longa \u00e9 uma produ\u00e7\u00e3o da Prosa Press, produtora [&hellip;]","og_url":"https:\/\/anprotec.org.br\/conferencia2023\/conferencia-anprotec-exibe-documentario-ecossistemas-de-inovacao-e-recebe-diretora-do-filme-patricia-travassos-para-debate\/","og_site_name":"Confer\u00eancia 2023 Anprotec","article_published_time":"2023-11-08T18:17:54+00:00","og_image":[{"width":2560,"height":1707,"url":"https:\/\/anprotec.org.br\/conferencia2023\/wp-content\/uploads\/2023\/11\/IMG_4488-scaled.jpg","type":"image\/jpeg"}],"author":"Lucas","twitter_card":"summary_large_image","twitter_misc":{"Escrito por":"Lucas","Est. tempo de leitura":"3 minutos"},"schema":{"@context":"https:\/\/schema.org","@graph":[{"@type":"Article","@id":"https:\/\/anprotec.org.br\/conferencia2023\/conferencia-anprotec-exibe-documentario-ecossistemas-de-inovacao-e-recebe-diretora-do-filme-patricia-travassos-para-debate\/#article","isPartOf":{"@id":"https:\/\/anprotec.org.br\/conferencia2023\/conferencia-anprotec-exibe-documentario-ecossistemas-de-inovacao-e-recebe-diretora-do-filme-patricia-travassos-para-debate\/"},"author":{"name":"Lucas","@id":"https:\/\/anprotec.org.br\/conferencia2023\/#\/schema\/person\/f70fdc2481c5ea61387acef3e2d0c21e"},"headline":"Confer\u00eancia Anprotec exibe document\u00e1rio \u2018Ecossistemas de Inova\u00e7\u00e3o\u2019 e recebe diretora do filme, Patr\u00edcia Travassos, para debate\u00a0","datePublished":"2023-11-08T18:17:54+00:00","dateModified":"2023-11-08T18:17:54+00:00","mainEntityOfPage":{"@id":"https:\/\/anprotec.org.br\/conferencia2023\/conferencia-anprotec-exibe-documentario-ecossistemas-de-inovacao-e-recebe-diretora-do-filme-patricia-travassos-para-debate\/"},"wordCount":419,"publisher":{"@id":"https:\/\/anprotec.org.br\/conferencia2023\/#organization"},"image":{"@id":"https:\/\/anprotec.org.br\/conferencia2023\/conferencia-anprotec-exibe-documentario-ecossistemas-de-inovacao-e-recebe-diretora-do-filme-patricia-travassos-para-debate\/#primaryimage"},"thumbnailUrl":"https:\/\/anprotec.org.br\/conferencia2023\/wp-content\/uploads\/2023\/11\/IMG_4488-scaled.jpg","articleSection":["Uncategorized"],"inLanguage":"pt-BR"},{"@type":"WebPage","@id":"https:\/\/anprotec.org.br\/conferencia2023\/conferencia-anprotec-exibe-documentario-ecossistemas-de-inovacao-e-recebe-diretora-do-filme-patricia-travassos-para-debate\/","url":"https:\/\/anprotec.org.br\/conferencia2023\/conferencia-anprotec-exibe-documentario-ecossistemas-de-inovacao-e-recebe-diretora-do-filme-patricia-travassos-para-debate\/","name":"Confer\u00eancia Anprotec exibe document\u00e1rio \u2018Ecossistemas de Inova\u00e7\u00e3o\u2019 e recebe diretora do filme, Patr\u00edcia Travassos, para debate\u00a0 - Confer\u00eancia 2023 Anprotec","isPartOf":{"@id":"https:\/\/anprotec.org.br\/conferencia2023\/#website"},"primaryImageOfPage":{"@id":"https:\/\/anprotec.org.br\/conferencia2023\/conferencia-anprotec-exibe-documentario-ecossistemas-de-inovacao-e-recebe-diretora-do-filme-patricia-travassos-para-debate\/#primaryimage"},"image":{"@id":"https:\/\/anprotec.org.br\/conferencia2023\/conferencia-anprotec-exibe-documentario-ecossistemas-de-inovacao-e-recebe-diretora-do-filme-patricia-travassos-para-debate\/#primaryimage"},"thumbnailUrl":"https:\/\/anprotec.org.br\/conferencia2023\/wp-content\/uploads\/2023\/11\/IMG_4488-scaled.jpg","datePublished":"2023-11-08T18:17:54+00:00","dateModified":"2023-11-08T18:17:54+00:00","breadcrumb":{"@id":"https:\/\/anprotec.org.br\/conferencia2023\/conferencia-anprotec-exibe-documentario-ecossistemas-de-inovacao-e-recebe-diretora-do-filme-patricia-travassos-para-debate\/#breadcrumb"},"inLanguage":"pt-BR","potentialAction":[{"@type":"ReadAction","target":["https:\/\/anprotec.org.br\/conferencia2023\/conferencia-anprotec-exibe-documentario-ecossistemas-de-inovacao-e-recebe-diretora-do-filme-patricia-travassos-para-debate\/"]}]},{"@type":"ImageObject","inLanguage":"pt-BR","@id":"https:\/\/anprotec.org.br\/conferencia2023\/conferencia-anprotec-exibe-documentario-ecossistemas-de-inovacao-e-recebe-diretora-do-filme-patricia-travassos-para-debate\/#primaryimage","url":"https:\/\/anprotec.org.br\/conferencia2023\/wp-content\/uploads\/2023\/11\/IMG_4488-scaled.jpg","contentUrl":"https:\/\/anprotec.org.br\/conferencia2023\/wp-content\/uploads\/2023\/11\/IMG_4488-scaled.jpg","width":2560,"height":1707},{"@type":"BreadcrumbList","@id":"https:\/\/anprotec.org.br\/conferencia2023\/conferencia-anprotec-exibe-documentario-ecossistemas-de-inovacao-e-recebe-diretora-do-filme-patricia-travassos-para-debate\/#breadcrumb","itemListElement":[{"@type":"ListItem","position":1,"name":"In\u00edcio","item":"https:\/\/anprotec.org.br\/conferencia2023\/"},{"@type":"ListItem","position":2,"name":"Confer\u00eancia Anprotec exibe document\u00e1rio \u2018Ecossistemas de Inova\u00e7\u00e3o\u2019 e recebe diretora do filme, Patr\u00edcia Travassos, para debate\u00a0"}]},{"@type":"WebSite","@id":"https:\/\/anprotec.org.br\/conferencia2023\/#website","url":"https:\/\/anprotec.org.br\/conferencia2023\/","name":"Confer\u00eancia 2023 Anprotec","description":"","publisher":{"@id":"https:\/\/anprotec.org.br\/conferencia2023\/#organization"},"potentialAction":[{"@type":"SearchAction","target":{"@type":"EntryPoint","urlTemplate":"https:\/\/anprotec.org.br\/conferencia2023\/?s={search_term_string}"},"query-input":"required name=search_term_string"}],"inLanguage":"pt-BR"},{"@type":"Organization","@id":"https:\/\/anprotec.org.br\/conferencia2023\/#organization","name":"Confer\u00eancia 2023 Anprotec","url":"https:\/\/anprotec.org.br\/conferencia2023\/","logo":{"@type":"ImageObject","inLanguage":"pt-BR","@id":"https:\/\/anprotec.org.br\/conferencia2023\/#\/schema\/logo\/image\/","url":"","contentUrl":"","caption":"Confer\u00eancia 2023 Anprotec"},"image":{"@id":"https:\/\/anprotec.org.br\/conferencia2023\/#\/schema\/logo\/image\/"}},{"@type":"Person","@id":"https:\/\/anprotec.org.br\/conferencia2023\/#\/schema\/person\/f70fdc2481c5ea61387acef3e2d0c21e","name":"Lucas","image":{"@type":"ImageObject","inLanguage":"pt-BR","@id":"https:\/\/anprotec.org.br\/conferencia2023\/#\/schema\/person\/image\/","url":"https:\/\/secure.gravatar.com\/avatar\/1b2a0158c7eec64db38a0ff9b80f9095cf8fd55dafa6cc20656ff31027848637?s=96&d=mm&r=g","contentUrl":"https:\/\/secure.gravatar.com\/avatar\/1b2a0158c7eec64db38a0ff9b80f9095cf8fd55dafa6cc20656ff31027848637?s=96&d=mm&r=g","caption":"Lucas"},"url":"https:\/\/anprotec.org.br\/conferencia2023\/author\/lucas\/"}]}},"_links":{"self":[{"href":"https:\/\/anprotec.org.br\/conferencia2023\/wp-json\/wp\/v2\/posts\/3821","targetHints":{"allow":["GET"]}}],"collection":[{"href":"https:\/\/anprotec.org.br\/conferencia2023\/wp-json\/wp\/v2\/posts"}],"about":[{"href":"https:\/\/anprotec.org.br\/conferencia2023\/wp-json\/wp\/v2\/types\/post"}],"author":[{"embeddable":true,"href":"https:\/\/anprotec.org.br\/conferencia2023\/wp-json\/wp\/v2\/users\/2"}],"replies":[{"embeddable":true,"href":"https:\/\/anprotec.org.br\/conferencia2023\/wp-json\/wp\/v2\/comments?post=3821"}],"version-history":[{"count":1,"href":"https:\/\/anprotec.org.br\/conferencia2023\/wp-json\/wp\/v2\/posts\/3821\/revisions"}],"predecessor-version":[{"id":3831,"href":"https:\/\/anprotec.org.br\/conferencia2023\/wp-json\/wp\/v2\/posts\/3821\/revisions\/3831"}],"wp:featuredmedia":[{"embeddable":true,"href":"https:\/\/anprotec.org.br\/conferencia2023\/wp-json\/wp\/v2\/media\/3829"}],"wp:attachment":[{"href":"https:\/\/anprotec.org.br\/conferencia2023\/wp-json\/wp\/v2\/media?parent=3821"}],"wp:term":[{"taxonomy":"category","embeddable":true,"href":"https:\/\/anprotec.org.br\/conferencia2023\/wp-json\/wp\/v2\/categories?post=3821"},{"taxonomy":"post_tag","embeddable":true,"href":"https:\/\/anprotec.org.br\/conferencia2023\/wp-json\/wp\/v2\/tags?post=3821"}],"curies":[{"name":"wp","href":"https:\/\/api.w.org\/{rel}","templated":true}]}}