{"id":3802,"date":"2023-11-08T10:50:19","date_gmt":"2023-11-08T13:50:19","guid":{"rendered":"https:\/\/anprotec.org.br\/conferencia2023\/?p=3802"},"modified":"2023-11-08T10:50:20","modified_gmt":"2023-11-08T13:50:20","slug":"sao-jose-dos-campos-sediara-a-34a-conferencia-da-anprotec-em-2024","status":"publish","type":"post","link":"https:\/\/anprotec.org.br\/conferencia2023\/sao-jose-dos-campos-sediara-a-34a-conferencia-da-anprotec-em-2024\/","title":{"rendered":"S\u00e3o Jos\u00e9 dos Campos sediar\u00e1 a 34\u00aa Confer\u00eancia da Anprotec em 2024"},"content":{"rendered":"<div class=\"wp-block-image\">\n<figure class=\"aligncenter size-full is-resized\"><img fetchpriority=\"high\" decoding=\"async\" width=\"1024\" height=\"768\" src=\"https:\/\/anprotec.org.br\/conferencia2023\/wp-content\/uploads\/2023\/11\/WhatsApp-Image-2023-11-08-at-09.38.33.jpeg\" alt=\"\" class=\"wp-image-3804\" style=\"width:792px;height:auto\" srcset=\"https:\/\/anprotec.org.br\/conferencia2023\/wp-content\/uploads\/2023\/11\/WhatsApp-Image-2023-11-08-at-09.38.33.jpeg 1024w, https:\/\/anprotec.org.br\/conferencia2023\/wp-content\/uploads\/2023\/11\/WhatsApp-Image-2023-11-08-at-09.38.33-300x225.jpeg 300w, https:\/\/anprotec.org.br\/conferencia2023\/wp-content\/uploads\/2023\/11\/WhatsApp-Image-2023-11-08-at-09.38.33-768x576.jpeg 768w\" sizes=\"(max-width: 1024px) 100vw, 1024px\" \/><\/figure>\n<\/div>\n\n\n<p>Na manh\u00e3 de hoje (8), durante a realiza\u00e7\u00e3o da 34\u00aa Assembleia Geral Ordin\u00e1ria da Anprotec, foi definida a sede para a 34\u00aa Confer\u00eancia Anprotec de Empreendedorismo e Ambientes de Inova\u00e7\u00e3o. A cidade de S\u00e3o Jos\u00e9 dos Campos, no interior do estado de S\u00e3o Paulo, foi o local escolhido para sediar o evento. O processo de an\u00e1lise foi conduzido pelo comit\u00ea, conforme Edital de Chamada publicado.<\/p>\n\n\n\n<p>Localizada a 81 km da capital do estado, S\u00e3o Jos\u00e9 dos Campos possui um dos maiores centros tecnol\u00f3gicos do Brasil, ocupando a 17\u00aa posi\u00e7\u00e3o no ranking das melhores cidades para empreender, e o 9\u00ba lugar entre as cidades mais inovadoras do Brasil, segundo a Escola Nacional de Administra\u00e7\u00e3o P\u00fablica (ENAP).<\/p>\n\n\n\n<p>O respons\u00e1vel por apresentar a candidatura de S\u00e3o Jos\u00e9 dos Campos foi o vice-presidente de neg\u00f3cios do Parque de Inova\u00e7\u00e3o Tecnol\u00f3gica de S\u00e3o Jos\u00e9 dos Campos (PIT), Marcelo Nunes da Silva. Institu\u00eddo em 2009, o PIT \u00e9 um dos maiores complexos de inova\u00e7\u00e3o e empreendedorismo do Brasil, com mais de 55 mil metros quadrados de \u00e1rea constru\u00edda, com quatro centros empresariais, al\u00e9m de um novo centro previsto para 2024 com o apoio da FINEP.<\/p>\n\n\n\n<p>Com uma forte presen\u00e7a no setor aeroespacial, a cidade possui um hist\u00f3rico de participa\u00e7\u00e3o ativa no desenvolvimento do setor. Nas \u00faltimas d\u00e9cadas, S\u00e3o Jos\u00e9 dos Campos foi ber\u00e7o de grandes institui\u00e7\u00f5es como o Instituto Nacional de Tecnologia (INT), o Centro T\u00e9cnico de Aeron\u00e1utica (CTA), o Instituto Tecnol\u00f3gico de Aeron\u00e1utica (ITA), a Empresa Brasileira de Aeron\u00e1utica (Embraer), o Instituto Nacional de Pesquisas Espaciais (INPE), entre outras. Com isso, o local estabeleceu-se como um importante polo industrial, seguido por nomes como Avibras, General Motors, Panasonic, IBM e mais empresas.<\/p>\n\n\n\n<p>\u201cS\u00e3o Jos\u00e9 dos Campos \u00e9 uma regi\u00e3o muito rica em conhecimento, tecnologia e pesquisa, e que ao longo dos anos construiu uma cultura de inova\u00e7\u00e3o muito consolidada que cria e atrai talentos. Estamos muito felizes e j\u00e1 ansiosos para receber um evento t\u00e3o importante para o ecossistema em nossa casa\u201d, destacou Marcelo.<\/p>\n","protected":false},"excerpt":{"rendered":"<p>Na manh\u00e3 de hoje (8), durante a realiza\u00e7\u00e3o da 34\u00aa Assembleia Geral Ordin\u00e1ria da Anprotec, foi definida a sede para a 34\u00aa Confer\u00eancia Anprotec de Empreendedorismo e Ambientes de Inova\u00e7\u00e3o. A cidade de S\u00e3o Jos\u00e9 dos Campos, no interior do estado de S\u00e3o Paulo, foi o local escolhido para sediar o evento. O processo de [&hellip;]<\/p>\n","protected":false},"author":2,"featured_media":3803,"comment_status":"closed","ping_status":"open","sticky":false,"template":"","format":"standard","meta":{"footnotes":""},"categories":[1],"tags":[],"class_list":["post-3802","post","type-post","status-publish","format-standard","has-post-thumbnail","hentry","category-uncategorized"],"yoast_head":"<!-- This site is optimized with the Yoast SEO plugin v23.0 - https:\/\/yoast.com\/wordpress\/plugins\/seo\/ -->\n<title>S\u00e3o Jos\u00e9 dos Campos sediar\u00e1 a 34\u00aa Confer\u00eancia da Anprotec em 2024 - Confer\u00eancia 2023 Anprotec<\/title>\n<meta name=\"robots\" content=\"index, follow, max-snippet:-1, max-image-preview:large, max-video-preview:-1\" \/>\n<link rel=\"canonical\" href=\"https:\/\/anprotec.org.br\/conferencia2023\/sao-jose-dos-campos-sediara-a-34a-conferencia-da-anprotec-em-2024\/\" \/>\n<meta property=\"og:locale\" content=\"pt_BR\" \/>\n<meta property=\"og:type\" content=\"article\" \/>\n<meta property=\"og:title\" content=\"S\u00e3o Jos\u00e9 dos Campos sediar\u00e1 a 34\u00aa Confer\u00eancia da Anprotec em 2024 - Confer\u00eancia 2023 Anprotec\" \/>\n<meta property=\"og:description\" content=\"Na manh\u00e3 de hoje (8), durante a realiza\u00e7\u00e3o da 34\u00aa Assembleia Geral Ordin\u00e1ria da Anprotec, foi definida a sede para a 34\u00aa Confer\u00eancia Anprotec de Empreendedorismo e Ambientes de Inova\u00e7\u00e3o. A cidade de S\u00e3o Jos\u00e9 dos Campos, no interior do estado de S\u00e3o Paulo, foi o local escolhido para sediar o evento. O processo de [&hellip;]\" \/>\n<meta property=\"og:url\" content=\"https:\/\/anprotec.org.br\/conferencia2023\/sao-jose-dos-campos-sediara-a-34a-conferencia-da-anprotec-em-2024\/\" \/>\n<meta property=\"og:site_name\" content=\"Confer\u00eancia 2023 Anprotec\" \/>\n<meta property=\"article:published_time\" content=\"2023-11-08T13:50:19+00:00\" \/>\n<meta property=\"article:modified_time\" content=\"2023-11-08T13:50:20+00:00\" \/>\n<meta property=\"og:image\" content=\"https:\/\/anprotec.org.br\/conferencia2023\/wp-content\/uploads\/2023\/11\/Homesede.png\" \/>\n\t<meta property=\"og:image:width\" content=\"640\" \/>\n\t<meta property=\"og:image:height\" content=\"400\" \/>\n\t<meta property=\"og:image:type\" content=\"image\/png\" \/>\n<meta name=\"author\" content=\"Lucas\" \/>\n<meta name=\"twitter:card\" content=\"summary_large_image\" \/>\n<meta name=\"twitter:label1\" content=\"Escrito por\" \/>\n\t<meta name=\"twitter:data1\" content=\"Lucas\" \/>\n\t<meta name=\"twitter:label2\" content=\"Est. tempo de leitura\" \/>\n\t<meta name=\"twitter:data2\" content=\"3 minutos\" \/>\n<script type=\"application\/ld+json\" class=\"yoast-schema-graph\">{\"@context\":\"https:\/\/schema.org\",\"@graph\":[{\"@type\":\"Article\",\"@id\":\"https:\/\/anprotec.org.br\/conferencia2023\/sao-jose-dos-campos-sediara-a-34a-conferencia-da-anprotec-em-2024\/#article\",\"isPartOf\":{\"@id\":\"https:\/\/anprotec.org.br\/conferencia2023\/sao-jose-dos-campos-sediara-a-34a-conferencia-da-anprotec-em-2024\/\"},\"author\":{\"name\":\"Lucas\",\"@id\":\"https:\/\/anprotec.org.br\/conferencia2023\/#\/schema\/person\/f70fdc2481c5ea61387acef3e2d0c21e\"},\"headline\":\"S\u00e3o Jos\u00e9 dos Campos sediar\u00e1 a 34\u00aa Confer\u00eancia da Anprotec em 2024\",\"datePublished\":\"2023-11-08T13:50:19+00:00\",\"dateModified\":\"2023-11-08T13:50:20+00:00\",\"mainEntityOfPage\":{\"@id\":\"https:\/\/anprotec.org.br\/conferencia2023\/sao-jose-dos-campos-sediara-a-34a-conferencia-da-anprotec-em-2024\/\"},\"wordCount\":367,\"publisher\":{\"@id\":\"https:\/\/anprotec.org.br\/conferencia2023\/#organization\"},\"image\":{\"@id\":\"https:\/\/anprotec.org.br\/conferencia2023\/sao-jose-dos-campos-sediara-a-34a-conferencia-da-anprotec-em-2024\/#primaryimage\"},\"thumbnailUrl\":\"https:\/\/anprotec.org.br\/conferencia2023\/wp-content\/uploads\/2023\/11\/Homesede.png\",\"articleSection\":[\"Uncategorized\"],\"inLanguage\":\"pt-BR\"},{\"@type\":\"WebPage\",\"@id\":\"https:\/\/anprotec.org.br\/conferencia2023\/sao-jose-dos-campos-sediara-a-34a-conferencia-da-anprotec-em-2024\/\",\"url\":\"https:\/\/anprotec.org.br\/conferencia2023\/sao-jose-dos-campos-sediara-a-34a-conferencia-da-anprotec-em-2024\/\",\"name\":\"S\u00e3o Jos\u00e9 dos Campos sediar\u00e1 a 34\u00aa Confer\u00eancia da Anprotec em 2024 - Confer\u00eancia 2023 Anprotec\",\"isPartOf\":{\"@id\":\"https:\/\/anprotec.org.br\/conferencia2023\/#website\"},\"primaryImageOfPage\":{\"@id\":\"https:\/\/anprotec.org.br\/conferencia2023\/sao-jose-dos-campos-sediara-a-34a-conferencia-da-anprotec-em-2024\/#primaryimage\"},\"image\":{\"@id\":\"https:\/\/anprotec.org.br\/conferencia2023\/sao-jose-dos-campos-sediara-a-34a-conferencia-da-anprotec-em-2024\/#primaryimage\"},\"thumbnailUrl\":\"https:\/\/anprotec.org.br\/conferencia2023\/wp-content\/uploads\/2023\/11\/Homesede.png\",\"datePublished\":\"2023-11-08T13:50:19+00:00\",\"dateModified\":\"2023-11-08T13:50:20+00:00\",\"breadcrumb\":{\"@id\":\"https:\/\/anprotec.org.br\/conferencia2023\/sao-jose-dos-campos-sediara-a-34a-conferencia-da-anprotec-em-2024\/#breadcrumb\"},\"inLanguage\":\"pt-BR\",\"potentialAction\":[{\"@type\":\"ReadAction\",\"target\":[\"https:\/\/anprotec.org.br\/conferencia2023\/sao-jose-dos-campos-sediara-a-34a-conferencia-da-anprotec-em-2024\/\"]}]},{\"@type\":\"ImageObject\",\"inLanguage\":\"pt-BR\",\"@id\":\"https:\/\/anprotec.org.br\/conferencia2023\/sao-jose-dos-campos-sediara-a-34a-conferencia-da-anprotec-em-2024\/#primaryimage\",\"url\":\"https:\/\/anprotec.org.br\/conferencia2023\/wp-content\/uploads\/2023\/11\/Homesede.png\",\"contentUrl\":\"https:\/\/anprotec.org.br\/conferencia2023\/wp-content\/uploads\/2023\/11\/Homesede.png\",\"width\":640,\"height\":400},{\"@type\":\"BreadcrumbList\",\"@id\":\"https:\/\/anprotec.org.br\/conferencia2023\/sao-jose-dos-campos-sediara-a-34a-conferencia-da-anprotec-em-2024\/#breadcrumb\",\"itemListElement\":[{\"@type\":\"ListItem\",\"position\":1,\"name\":\"In\u00edcio\",\"item\":\"https:\/\/anprotec.org.br\/conferencia2023\/\"},{\"@type\":\"ListItem\",\"position\":2,\"name\":\"S\u00e3o Jos\u00e9 dos Campos sediar\u00e1 a 34\u00aa Confer\u00eancia da Anprotec em 2024\"}]},{\"@type\":\"WebSite\",\"@id\":\"https:\/\/anprotec.org.br\/conferencia2023\/#website\",\"url\":\"https:\/\/anprotec.org.br\/conferencia2023\/\",\"name\":\"Confer\u00eancia 2023 Anprotec\",\"description\":\"\",\"publisher\":{\"@id\":\"https:\/\/anprotec.org.br\/conferencia2023\/#organization\"},\"potentialAction\":[{\"@type\":\"SearchAction\",\"target\":{\"@type\":\"EntryPoint\",\"urlTemplate\":\"https:\/\/anprotec.org.br\/conferencia2023\/?s={search_term_string}\"},\"query-input\":\"required name=search_term_string\"}],\"inLanguage\":\"pt-BR\"},{\"@type\":\"Organization\",\"@id\":\"https:\/\/anprotec.org.br\/conferencia2023\/#organization\",\"name\":\"Confer\u00eancia 2023 Anprotec\",\"url\":\"https:\/\/anprotec.org.br\/conferencia2023\/\",\"logo\":{\"@type\":\"ImageObject\",\"inLanguage\":\"pt-BR\",\"@id\":\"https:\/\/anprotec.org.br\/conferencia2023\/#\/schema\/logo\/image\/\",\"url\":\"\",\"contentUrl\":\"\",\"caption\":\"Confer\u00eancia 2023 Anprotec\"},\"image\":{\"@id\":\"https:\/\/anprotec.org.br\/conferencia2023\/#\/schema\/logo\/image\/\"}},{\"@type\":\"Person\",\"@id\":\"https:\/\/anprotec.org.br\/conferencia2023\/#\/schema\/person\/f70fdc2481c5ea61387acef3e2d0c21e\",\"name\":\"Lucas\",\"image\":{\"@type\":\"ImageObject\",\"inLanguage\":\"pt-BR\",\"@id\":\"https:\/\/anprotec.org.br\/conferencia2023\/#\/schema\/person\/image\/\",\"url\":\"https:\/\/secure.gravatar.com\/avatar\/1b2a0158c7eec64db38a0ff9b80f9095cf8fd55dafa6cc20656ff31027848637?s=96&d=mm&r=g\",\"contentUrl\":\"https:\/\/secure.gravatar.com\/avatar\/1b2a0158c7eec64db38a0ff9b80f9095cf8fd55dafa6cc20656ff31027848637?s=96&d=mm&r=g\",\"caption\":\"Lucas\"},\"url\":\"https:\/\/anprotec.org.br\/conferencia2023\/author\/lucas\/\"}]}<\/script>\n<!-- \/ Yoast SEO plugin. -->","yoast_head_json":{"title":"S\u00e3o Jos\u00e9 dos Campos sediar\u00e1 a 34\u00aa Confer\u00eancia da Anprotec em 2024 - Confer\u00eancia 2023 Anprotec","robots":{"index":"index","follow":"follow","max-snippet":"max-snippet:-1","max-image-preview":"max-image-preview:large","max-video-preview":"max-video-preview:-1"},"canonical":"https:\/\/anprotec.org.br\/conferencia2023\/sao-jose-dos-campos-sediara-a-34a-conferencia-da-anprotec-em-2024\/","og_locale":"pt_BR","og_type":"article","og_title":"S\u00e3o Jos\u00e9 dos Campos sediar\u00e1 a 34\u00aa Confer\u00eancia da Anprotec em 2024 - Confer\u00eancia 2023 Anprotec","og_description":"Na manh\u00e3 de hoje (8), durante a realiza\u00e7\u00e3o da 34\u00aa Assembleia Geral Ordin\u00e1ria da Anprotec, foi definida a sede para a 34\u00aa Confer\u00eancia Anprotec de Empreendedorismo e Ambientes de Inova\u00e7\u00e3o. A cidade de S\u00e3o Jos\u00e9 dos Campos, no interior do estado de S\u00e3o Paulo, foi o local escolhido para sediar o evento. O processo de [&hellip;]","og_url":"https:\/\/anprotec.org.br\/conferencia2023\/sao-jose-dos-campos-sediara-a-34a-conferencia-da-anprotec-em-2024\/","og_site_name":"Confer\u00eancia 2023 Anprotec","article_published_time":"2023-11-08T13:50:19+00:00","article_modified_time":"2023-11-08T13:50:20+00:00","og_image":[{"width":640,"height":400,"url":"https:\/\/anprotec.org.br\/conferencia2023\/wp-content\/uploads\/2023\/11\/Homesede.png","type":"image\/png"}],"author":"Lucas","twitter_card":"summary_large_image","twitter_misc":{"Escrito por":"Lucas","Est. tempo de leitura":"3 minutos"},"schema":{"@context":"https:\/\/schema.org","@graph":[{"@type":"Article","@id":"https:\/\/anprotec.org.br\/conferencia2023\/sao-jose-dos-campos-sediara-a-34a-conferencia-da-anprotec-em-2024\/#article","isPartOf":{"@id":"https:\/\/anprotec.org.br\/conferencia2023\/sao-jose-dos-campos-sediara-a-34a-conferencia-da-anprotec-em-2024\/"},"author":{"name":"Lucas","@id":"https:\/\/anprotec.org.br\/conferencia2023\/#\/schema\/person\/f70fdc2481c5ea61387acef3e2d0c21e"},"headline":"S\u00e3o Jos\u00e9 dos Campos sediar\u00e1 a 34\u00aa Confer\u00eancia da Anprotec em 2024","datePublished":"2023-11-08T13:50:19+00:00","dateModified":"2023-11-08T13:50:20+00:00","mainEntityOfPage":{"@id":"https:\/\/anprotec.org.br\/conferencia2023\/sao-jose-dos-campos-sediara-a-34a-conferencia-da-anprotec-em-2024\/"},"wordCount":367,"publisher":{"@id":"https:\/\/anprotec.org.br\/conferencia2023\/#organization"},"image":{"@id":"https:\/\/anprotec.org.br\/conferencia2023\/sao-jose-dos-campos-sediara-a-34a-conferencia-da-anprotec-em-2024\/#primaryimage"},"thumbnailUrl":"https:\/\/anprotec.org.br\/conferencia2023\/wp-content\/uploads\/2023\/11\/Homesede.png","articleSection":["Uncategorized"],"inLanguage":"pt-BR"},{"@type":"WebPage","@id":"https:\/\/anprotec.org.br\/conferencia2023\/sao-jose-dos-campos-sediara-a-34a-conferencia-da-anprotec-em-2024\/","url":"https:\/\/anprotec.org.br\/conferencia2023\/sao-jose-dos-campos-sediara-a-34a-conferencia-da-anprotec-em-2024\/","name":"S\u00e3o Jos\u00e9 dos Campos sediar\u00e1 a 34\u00aa Confer\u00eancia da Anprotec em 2024 - Confer\u00eancia 2023 Anprotec","isPartOf":{"@id":"https:\/\/anprotec.org.br\/conferencia2023\/#website"},"primaryImageOfPage":{"@id":"https:\/\/anprotec.org.br\/conferencia2023\/sao-jose-dos-campos-sediara-a-34a-conferencia-da-anprotec-em-2024\/#primaryimage"},"image":{"@id":"https:\/\/anprotec.org.br\/conferencia2023\/sao-jose-dos-campos-sediara-a-34a-conferencia-da-anprotec-em-2024\/#primaryimage"},"thumbnailUrl":"https:\/\/anprotec.org.br\/conferencia2023\/wp-content\/uploads\/2023\/11\/Homesede.png","datePublished":"2023-11-08T13:50:19+00:00","dateModified":"2023-11-08T13:50:20+00:00","breadcrumb":{"@id":"https:\/\/anprotec.org.br\/conferencia2023\/sao-jose-dos-campos-sediara-a-34a-conferencia-da-anprotec-em-2024\/#breadcrumb"},"inLanguage":"pt-BR","potentialAction":[{"@type":"ReadAction","target":["https:\/\/anprotec.org.br\/conferencia2023\/sao-jose-dos-campos-sediara-a-34a-conferencia-da-anprotec-em-2024\/"]}]},{"@type":"ImageObject","inLanguage":"pt-BR","@id":"https:\/\/anprotec.org.br\/conferencia2023\/sao-jose-dos-campos-sediara-a-34a-conferencia-da-anprotec-em-2024\/#primaryimage","url":"https:\/\/anprotec.org.br\/conferencia2023\/wp-content\/uploads\/2023\/11\/Homesede.png","contentUrl":"https:\/\/anprotec.org.br\/conferencia2023\/wp-content\/uploads\/2023\/11\/Homesede.png","width":640,"height":400},{"@type":"BreadcrumbList","@id":"https:\/\/anprotec.org.br\/conferencia2023\/sao-jose-dos-campos-sediara-a-34a-conferencia-da-anprotec-em-2024\/#breadcrumb","itemListElement":[{"@type":"ListItem","position":1,"name":"In\u00edcio","item":"https:\/\/anprotec.org.br\/conferencia2023\/"},{"@type":"ListItem","position":2,"name":"S\u00e3o Jos\u00e9 dos Campos sediar\u00e1 a 34\u00aa Confer\u00eancia da Anprotec em 2024"}]},{"@type":"WebSite","@id":"https:\/\/anprotec.org.br\/conferencia2023\/#website","url":"https:\/\/anprotec.org.br\/conferencia2023\/","name":"Confer\u00eancia 2023 Anprotec","description":"","publisher":{"@id":"https:\/\/anprotec.org.br\/conferencia2023\/#organization"},"potentialAction":[{"@type":"SearchAction","target":{"@type":"EntryPoint","urlTemplate":"https:\/\/anprotec.org.br\/conferencia2023\/?s={search_term_string}"},"query-input":"required name=search_term_string"}],"inLanguage":"pt-BR"},{"@type":"Organization","@id":"https:\/\/anprotec.org.br\/conferencia2023\/#organization","name":"Confer\u00eancia 2023 Anprotec","url":"https:\/\/anprotec.org.br\/conferencia2023\/","logo":{"@type":"ImageObject","inLanguage":"pt-BR","@id":"https:\/\/anprotec.org.br\/conferencia2023\/#\/schema\/logo\/image\/","url":"","contentUrl":"","caption":"Confer\u00eancia 2023 Anprotec"},"image":{"@id":"https:\/\/anprotec.org.br\/conferencia2023\/#\/schema\/logo\/image\/"}},{"@type":"Person","@id":"https:\/\/anprotec.org.br\/conferencia2023\/#\/schema\/person\/f70fdc2481c5ea61387acef3e2d0c21e","name":"Lucas","image":{"@type":"ImageObject","inLanguage":"pt-BR","@id":"https:\/\/anprotec.org.br\/conferencia2023\/#\/schema\/person\/image\/","url":"https:\/\/secure.gravatar.com\/avatar\/1b2a0158c7eec64db38a0ff9b80f9095cf8fd55dafa6cc20656ff31027848637?s=96&d=mm&r=g","contentUrl":"https:\/\/secure.gravatar.com\/avatar\/1b2a0158c7eec64db38a0ff9b80f9095cf8fd55dafa6cc20656ff31027848637?s=96&d=mm&r=g","caption":"Lucas"},"url":"https:\/\/anprotec.org.br\/conferencia2023\/author\/lucas\/"}]}},"_links":{"self":[{"href":"https:\/\/anprotec.org.br\/conferencia2023\/wp-json\/wp\/v2\/posts\/3802","targetHints":{"allow":["GET"]}}],"collection":[{"href":"https:\/\/anprotec.org.br\/conferencia2023\/wp-json\/wp\/v2\/posts"}],"about":[{"href":"https:\/\/anprotec.org.br\/conferencia2023\/wp-json\/wp\/v2\/types\/post"}],"author":[{"embeddable":true,"href":"https:\/\/anprotec.org.br\/conferencia2023\/wp-json\/wp\/v2\/users\/2"}],"replies":[{"embeddable":true,"href":"https:\/\/anprotec.org.br\/conferencia2023\/wp-json\/wp\/v2\/comments?post=3802"}],"version-history":[{"count":1,"href":"https:\/\/anprotec.org.br\/conferencia2023\/wp-json\/wp\/v2\/posts\/3802\/revisions"}],"predecessor-version":[{"id":3805,"href":"https:\/\/anprotec.org.br\/conferencia2023\/wp-json\/wp\/v2\/posts\/3802\/revisions\/3805"}],"wp:featuredmedia":[{"embeddable":true,"href":"https:\/\/anprotec.org.br\/conferencia2023\/wp-json\/wp\/v2\/media\/3803"}],"wp:attachment":[{"href":"https:\/\/anprotec.org.br\/conferencia2023\/wp-json\/wp\/v2\/media?parent=3802"}],"wp:term":[{"taxonomy":"category","embeddable":true,"href":"https:\/\/anprotec.org.br\/conferencia2023\/wp-json\/wp\/v2\/categories?post=3802"},{"taxonomy":"post_tag","embeddable":true,"href":"https:\/\/anprotec.org.br\/conferencia2023\/wp-json\/wp\/v2\/tags?post=3802"}],"curies":[{"name":"wp","href":"https:\/\/api.w.org\/{rel}","templated":true}]}}