{"id":3730,"date":"2023-11-07T08:45:45","date_gmt":"2023-11-07T11:45:45","guid":{"rendered":"https:\/\/anprotec.org.br\/conferencia2023\/?p=3730"},"modified":"2023-11-07T08:45:46","modified_gmt":"2023-11-07T11:45:46","slug":"kauan-von-novack-realiza-plenaria-de-abertura-com-tema-inovacao-e-startups-como-projeto-para-mudanca-social-ambiental-e-nacional","status":"publish","type":"post","link":"https:\/\/anprotec.org.br\/conferencia2023\/kauan-von-novack-realiza-plenaria-de-abertura-com-tema-inovacao-e-startups-como-projeto-para-mudanca-social-ambiental-e-nacional\/","title":{"rendered":"Kauan von Novack realiza plen\u00e1ria de abertura com tema \u2018Inova\u00e7\u00e3o e Startups como projeto para mudan\u00e7a social, ambiental e nacional\u2019"},"content":{"rendered":"<div class=\"wp-block-image\">\n<figure class=\"aligncenter size-large is-resized\"><img fetchpriority=\"high\" decoding=\"async\" width=\"1024\" height=\"683\" src=\"https:\/\/anprotec.org.br\/conferencia2023\/wp-content\/uploads\/2023\/11\/IMG_3846-1024x683.jpg\" alt=\"\" class=\"wp-image-3731\" style=\"aspect-ratio:1.499267935578331;width:704px;height:auto\" srcset=\"https:\/\/anprotec.org.br\/conferencia2023\/wp-content\/uploads\/2023\/11\/IMG_3846-1024x683.jpg 1024w, https:\/\/anprotec.org.br\/conferencia2023\/wp-content\/uploads\/2023\/11\/IMG_3846-300x200.jpg 300w, https:\/\/anprotec.org.br\/conferencia2023\/wp-content\/uploads\/2023\/11\/IMG_3846-768x512.jpg 768w, https:\/\/anprotec.org.br\/conferencia2023\/wp-content\/uploads\/2023\/11\/IMG_3846-1536x1024.jpg 1536w, https:\/\/anprotec.org.br\/conferencia2023\/wp-content\/uploads\/2023\/11\/IMG_3846-2048x1365.jpg 2048w\" sizes=\"(max-width: 1024px) 100vw, 1024px\" \/><\/figure>\n<\/div>\n\n\n<p>Aconteceu hoje, 6\/11, a primeira plen\u00e1ria da 33\u00aa edi\u00e7\u00e3o da Confer\u00eancia Anprotec, que contou com a presen\u00e7a de&nbsp; Kauan von Novack, CEO Group da Startupbootcamp &amp; Innoleaps, a terceira&nbsp; maior aceleradora do mundo.&nbsp;<\/p>\n\n\n\n<p>Novack iniciou seu discurso contando um pouco sobre a sua hist\u00f3ria como empreendedor e fundador de mais de 17 startups e scaleups. Sua&nbsp; trajet\u00f3ria o levou do Brasil, sua terra natal, para o epicentro global da inova\u00e7\u00e3o, o Vale do Sil\u00edcio, e posteriormente \u00e0 Europa.&nbsp;&nbsp;<\/p>\n\n\n\n<p>Kauan explicou a principal miss\u00e3o da Startupbootcamp no cen\u00e1rio mundial atual. Explicou sobre a import\u00e2ncia da internacionaliza\u00e7\u00e3o para o crescimento e escala\u00e7\u00e3o das solu\u00e7\u00f5es tecnol\u00f3gicas de startups.<\/p>\n\n\n\n<p>Em seguida apresentou alguns dos principais cases inovadores atuais de sucesso da aceleradora, evidenciando como a inova\u00e7\u00e3o \u00e9 o componente principal capaz de gerar impacto social em uma sociedade, levando solu\u00e7\u00f5es inteligentes e \u00fateis para os mais variados problemas da sociedade.&nbsp;<\/p>\n\n\n\n<p>Kauan trouxe como principal exemplo o Kuda Bank, uma empresa fintech que opera na \u00c1frica do Sul proporcionando acesso financeiro a cerca de 10 mil pessoas diariamente. Na sua vis\u00e3o, ecossistema \u00e9 sempre um meio para um fim: criar transforma\u00e7\u00e3o social atrav\u00e9s do empreendedorismo inovador.&nbsp;<\/p>\n\n\n\n<p><em>\u201cNa Startupbootcamp empoderamos startups para mudarem o mundo. N\u00f3s queremos mudar a vida das pessoas que v\u00e3o mudar a vida de outras pessoas\u201d, <\/em>afirmou.<\/p>\n\n\n<div class=\"wp-block-image\">\n<figure class=\"aligncenter size-large is-resized\"><img decoding=\"async\" width=\"1024\" height=\"683\" src=\"https:\/\/anprotec.org.br\/conferencia2023\/wp-content\/uploads\/2023\/11\/IMG_3848-1024x683.jpg\" alt=\"\" class=\"wp-image-3732\" style=\"aspect-ratio:1.499267935578331;width:714px;height:auto\" srcset=\"https:\/\/anprotec.org.br\/conferencia2023\/wp-content\/uploads\/2023\/11\/IMG_3848-1024x683.jpg 1024w, https:\/\/anprotec.org.br\/conferencia2023\/wp-content\/uploads\/2023\/11\/IMG_3848-300x200.jpg 300w, https:\/\/anprotec.org.br\/conferencia2023\/wp-content\/uploads\/2023\/11\/IMG_3848-768x512.jpg 768w, https:\/\/anprotec.org.br\/conferencia2023\/wp-content\/uploads\/2023\/11\/IMG_3848-1536x1024.jpg 1536w, https:\/\/anprotec.org.br\/conferencia2023\/wp-content\/uploads\/2023\/11\/IMG_3848-2048x1365.jpg 2048w\" sizes=\"(max-width: 1024px) 100vw, 1024px\" \/><\/figure>\n<\/div>\n\n\n<p>Continuou a sua coloca\u00e7\u00e3o exibindo um estudo realizado tendo como base a atua\u00e7\u00e3o da Startupbootcamp em v\u00e1rios pa\u00edses ao redor do mundo. O foco da quest\u00e3o \u00e9, tendo vista a capacidade de transforma\u00e7\u00e3o social e tecnologia de grandes startups internacionais,&nbsp; \u2018quantas startups o mundo precisaria para atingir todos os objetivos de desenvolvimento sustent\u00e1vel, as ODS da ONU?\u2019.&nbsp;<\/p>\n\n\n\n<p>Segundo o CEO, a resposta \u00e9 100 mil startups. Ap\u00f3s essa descoberta e aprova\u00e7\u00e3o do conselho da Startupbootcamp, Kauan relatou que tem viajado o mundo divulgando essa vis\u00e3o, que junto ao apoio e entusiasmo de investidores da aceleradora em diversos pa\u00edses, se tornou uma nova meta.&nbsp;<\/p>\n\n\n\n<p><em>\u201cNosso foco agora \u00e9 investir e acelerar 100.000 startups por todo o mundo que tenham como foco solucionar os problemas complexos da sociedade atrav\u00e9s de inova\u00e7\u00e3o e tecnologia de ponta, sejam eles sociais, ambientais, econ\u00f4micos, culturais, educacionais, ou quaisquer outros. E aqui trago o ponto principal: o foco \u00e9 que 20 mil dessas 100 mil startups sejam do Brasil\u201d, <\/em>ressaltou.<\/p>\n\n\n\n<p>Kauan ressaltou a import\u00e2ncia da Anprotec na sua inser\u00e7\u00e3o no ecossistema brasileiro que resultou em uma grande novidade: a rec\u00e9m chegada sede da Startupbootcamp no Brasil. A aceleradora ter\u00e1 como localiza\u00e7\u00e3o o Porto Digital, em Recife, mas o objetivo \u00e9 que consiga atingir todo o pa\u00eds.<em>&nbsp;<\/em><\/p>\n\n\n\n<p><em>\u201cJ\u00e1 estamos iniciando a primeira rodada de investimentos advindos dos fundos globais da aceleradora em startups brasileiras. Queremos que essas solu\u00e7\u00f5es tecnol\u00f3gicas com potencial cheguem a n\u00f3s para terem suas inova\u00e7\u00f5es escaladas em n\u00edvel mundial\u201d<\/em>, afirmou.&nbsp;<\/p>\n\n\n\n<p>Ele ressaltou que sua maior miss\u00e3o nos pr\u00f3ximos anos \u00e9 conectar o Brasil a uma fam\u00edlia de inovadores, construindo em cima do legado e funda\u00e7\u00e3o da startupbootcamp para atingir os objetivos de 2030, colocando capital nessas solu\u00e7\u00f5es e as enviando para todo o mundo.&nbsp;<\/p>\n\n\n\n<p><em>\u201cEu acredito muito no poder de transforma\u00e7\u00e3o que o empreendedorismo tem em resolver os problemas complexos que s\u00e3o comuns no mundo. Pra isso, nosso foco \u00e9 investir em startups perif\u00e9ricas, n\u00e3o por caridade, mas por acreditar que a solu\u00e7\u00e3o desses problemas vem de quem os vivencia na pele e sabe criar solu\u00e7\u00f5es para que se resolvam<\/em>\u201d, explicou.<\/p>\n\n\n\n<p>Por fim, Kauan deixou o convite a todos os participantes para serem agentes de inova\u00e7\u00e3o que contribuam para o alcance dessa meta, direcionando as startups brasileiras com esse potencial para a aceleradora. Al\u00e9m disso, ressaltou tamb\u00e9m que a startupbootcamp passa a ser associada da Anprotec e a fazer parte efetivamente do ecossistema de inova\u00e7\u00e3o brasileiro.<\/p>\n","protected":false},"excerpt":{"rendered":"<p>Aconteceu hoje, 6\/11, a primeira plen\u00e1ria da 33\u00aa edi\u00e7\u00e3o da Confer\u00eancia Anprotec, que contou com a presen\u00e7a de&nbsp; Kauan von Novack, CEO Group da Startupbootcamp &amp; Innoleaps, a terceira&nbsp; maior aceleradora do mundo.&nbsp; Novack iniciou seu discurso contando um pouco sobre a sua hist\u00f3ria como empreendedor e fundador de mais de 17 startups e scaleups. [&hellip;]<\/p>\n","protected":false},"author":1,"featured_media":3733,"comment_status":"closed","ping_status":"open","sticky":false,"template":"","format":"standard","meta":{"footnotes":""},"categories":[1],"tags":[],"class_list":["post-3730","post","type-post","status-publish","format-standard","has-post-thumbnail","hentry","category-uncategorized"],"yoast_head":"<!-- This site is optimized with the Yoast SEO plugin v23.0 - https:\/\/yoast.com\/wordpress\/plugins\/seo\/ -->\n<title>Kauan von Novack realiza plen\u00e1ria de abertura com tema \u2018Inova\u00e7\u00e3o e Startups como projeto para mudan\u00e7a social, ambiental e nacional\u2019 - Confer\u00eancia 2023 Anprotec<\/title>\n<meta name=\"robots\" content=\"index, follow, max-snippet:-1, max-image-preview:large, max-video-preview:-1\" \/>\n<link rel=\"canonical\" href=\"https:\/\/anprotec.org.br\/conferencia2023\/kauan-von-novack-realiza-plenaria-de-abertura-com-tema-inovacao-e-startups-como-projeto-para-mudanca-social-ambiental-e-nacional\/\" \/>\n<meta property=\"og:locale\" content=\"pt_BR\" \/>\n<meta property=\"og:type\" content=\"article\" \/>\n<meta property=\"og:title\" content=\"Kauan von Novack realiza plen\u00e1ria de abertura com tema \u2018Inova\u00e7\u00e3o e Startups como projeto para mudan\u00e7a social, ambiental e nacional\u2019 - Confer\u00eancia 2023 Anprotec\" \/>\n<meta property=\"og:description\" content=\"Aconteceu hoje, 6\/11, a primeira plen\u00e1ria da 33\u00aa edi\u00e7\u00e3o da Confer\u00eancia Anprotec, que contou com a presen\u00e7a de&nbsp; Kauan von Novack, CEO Group da Startupbootcamp &amp; Innoleaps, a terceira&nbsp; maior aceleradora do mundo.&nbsp; Novack iniciou seu discurso contando um pouco sobre a sua hist\u00f3ria como empreendedor e fundador de mais de 17 startups e scaleups. [&hellip;]\" \/>\n<meta property=\"og:url\" content=\"https:\/\/anprotec.org.br\/conferencia2023\/kauan-von-novack-realiza-plenaria-de-abertura-com-tema-inovacao-e-startups-como-projeto-para-mudanca-social-ambiental-e-nacional\/\" \/>\n<meta property=\"og:site_name\" content=\"Confer\u00eancia 2023 Anprotec\" \/>\n<meta property=\"article:published_time\" content=\"2023-11-07T11:45:45+00:00\" \/>\n<meta property=\"article:modified_time\" content=\"2023-11-07T11:45:46+00:00\" \/>\n<meta property=\"og:image\" content=\"https:\/\/anprotec.org.br\/conferencia2023\/wp-content\/uploads\/2023\/11\/home-kauan.png\" \/>\n\t<meta property=\"og:image:width\" content=\"640\" \/>\n\t<meta property=\"og:image:height\" content=\"400\" \/>\n\t<meta property=\"og:image:type\" content=\"image\/png\" \/>\n<meta name=\"author\" content=\"admin\" \/>\n<meta name=\"twitter:card\" content=\"summary_large_image\" \/>\n<meta name=\"twitter:label1\" content=\"Escrito por\" \/>\n\t<meta name=\"twitter:data1\" content=\"admin\" \/>\n\t<meta name=\"twitter:label2\" content=\"Est. tempo de leitura\" \/>\n\t<meta name=\"twitter:data2\" content=\"4 minutos\" \/>\n<script type=\"application\/ld+json\" class=\"yoast-schema-graph\">{\"@context\":\"https:\/\/schema.org\",\"@graph\":[{\"@type\":\"Article\",\"@id\":\"https:\/\/anprotec.org.br\/conferencia2023\/kauan-von-novack-realiza-plenaria-de-abertura-com-tema-inovacao-e-startups-como-projeto-para-mudanca-social-ambiental-e-nacional\/#article\",\"isPartOf\":{\"@id\":\"https:\/\/anprotec.org.br\/conferencia2023\/kauan-von-novack-realiza-plenaria-de-abertura-com-tema-inovacao-e-startups-como-projeto-para-mudanca-social-ambiental-e-nacional\/\"},\"author\":{\"name\":\"admin\",\"@id\":\"https:\/\/anprotec.org.br\/conferencia2023\/#\/schema\/person\/7ce1d54c6005e7d21795bc5e974e2f9f\"},\"headline\":\"Kauan von Novack realiza plen\u00e1ria de abertura com tema \u2018Inova\u00e7\u00e3o e Startups como projeto para mudan\u00e7a social, ambiental e nacional\u2019\",\"datePublished\":\"2023-11-07T11:45:45+00:00\",\"dateModified\":\"2023-11-07T11:45:46+00:00\",\"mainEntityOfPage\":{\"@id\":\"https:\/\/anprotec.org.br\/conferencia2023\/kauan-von-novack-realiza-plenaria-de-abertura-com-tema-inovacao-e-startups-como-projeto-para-mudanca-social-ambiental-e-nacional\/\"},\"wordCount\":695,\"publisher\":{\"@id\":\"https:\/\/anprotec.org.br\/conferencia2023\/#organization\"},\"image\":{\"@id\":\"https:\/\/anprotec.org.br\/conferencia2023\/kauan-von-novack-realiza-plenaria-de-abertura-com-tema-inovacao-e-startups-como-projeto-para-mudanca-social-ambiental-e-nacional\/#primaryimage\"},\"thumbnailUrl\":\"https:\/\/anprotec.org.br\/conferencia2023\/wp-content\/uploads\/2023\/11\/home-kauan.png\",\"articleSection\":[\"Uncategorized\"],\"inLanguage\":\"pt-BR\"},{\"@type\":\"WebPage\",\"@id\":\"https:\/\/anprotec.org.br\/conferencia2023\/kauan-von-novack-realiza-plenaria-de-abertura-com-tema-inovacao-e-startups-como-projeto-para-mudanca-social-ambiental-e-nacional\/\",\"url\":\"https:\/\/anprotec.org.br\/conferencia2023\/kauan-von-novack-realiza-plenaria-de-abertura-com-tema-inovacao-e-startups-como-projeto-para-mudanca-social-ambiental-e-nacional\/\",\"name\":\"Kauan von Novack realiza plen\u00e1ria de abertura com tema \u2018Inova\u00e7\u00e3o e Startups como projeto para mudan\u00e7a social, ambiental e nacional\u2019 - Confer\u00eancia 2023 Anprotec\",\"isPartOf\":{\"@id\":\"https:\/\/anprotec.org.br\/conferencia2023\/#website\"},\"primaryImageOfPage\":{\"@id\":\"https:\/\/anprotec.org.br\/conferencia2023\/kauan-von-novack-realiza-plenaria-de-abertura-com-tema-inovacao-e-startups-como-projeto-para-mudanca-social-ambiental-e-nacional\/#primaryimage\"},\"image\":{\"@id\":\"https:\/\/anprotec.org.br\/conferencia2023\/kauan-von-novack-realiza-plenaria-de-abertura-com-tema-inovacao-e-startups-como-projeto-para-mudanca-social-ambiental-e-nacional\/#primaryimage\"},\"thumbnailUrl\":\"https:\/\/anprotec.org.br\/conferencia2023\/wp-content\/uploads\/2023\/11\/home-kauan.png\",\"datePublished\":\"2023-11-07T11:45:45+00:00\",\"dateModified\":\"2023-11-07T11:45:46+00:00\",\"breadcrumb\":{\"@id\":\"https:\/\/anprotec.org.br\/conferencia2023\/kauan-von-novack-realiza-plenaria-de-abertura-com-tema-inovacao-e-startups-como-projeto-para-mudanca-social-ambiental-e-nacional\/#breadcrumb\"},\"inLanguage\":\"pt-BR\",\"potentialAction\":[{\"@type\":\"ReadAction\",\"target\":[\"https:\/\/anprotec.org.br\/conferencia2023\/kauan-von-novack-realiza-plenaria-de-abertura-com-tema-inovacao-e-startups-como-projeto-para-mudanca-social-ambiental-e-nacional\/\"]}]},{\"@type\":\"ImageObject\",\"inLanguage\":\"pt-BR\",\"@id\":\"https:\/\/anprotec.org.br\/conferencia2023\/kauan-von-novack-realiza-plenaria-de-abertura-com-tema-inovacao-e-startups-como-projeto-para-mudanca-social-ambiental-e-nacional\/#primaryimage\",\"url\":\"https:\/\/anprotec.org.br\/conferencia2023\/wp-content\/uploads\/2023\/11\/home-kauan.png\",\"contentUrl\":\"https:\/\/anprotec.org.br\/conferencia2023\/wp-content\/uploads\/2023\/11\/home-kauan.png\",\"width\":640,\"height\":400},{\"@type\":\"BreadcrumbList\",\"@id\":\"https:\/\/anprotec.org.br\/conferencia2023\/kauan-von-novack-realiza-plenaria-de-abertura-com-tema-inovacao-e-startups-como-projeto-para-mudanca-social-ambiental-e-nacional\/#breadcrumb\",\"itemListElement\":[{\"@type\":\"ListItem\",\"position\":1,\"name\":\"In\u00edcio\",\"item\":\"https:\/\/anprotec.org.br\/conferencia2023\/\"},{\"@type\":\"ListItem\",\"position\":2,\"name\":\"Kauan von Novack realiza plen\u00e1ria de abertura com tema \u2018Inova\u00e7\u00e3o e Startups como projeto para mudan\u00e7a social, ambiental e nacional\u2019\"}]},{\"@type\":\"WebSite\",\"@id\":\"https:\/\/anprotec.org.br\/conferencia2023\/#website\",\"url\":\"https:\/\/anprotec.org.br\/conferencia2023\/\",\"name\":\"Confer\u00eancia 2023 Anprotec\",\"description\":\"\",\"publisher\":{\"@id\":\"https:\/\/anprotec.org.br\/conferencia2023\/#organization\"},\"potentialAction\":[{\"@type\":\"SearchAction\",\"target\":{\"@type\":\"EntryPoint\",\"urlTemplate\":\"https:\/\/anprotec.org.br\/conferencia2023\/?s={search_term_string}\"},\"query-input\":\"required name=search_term_string\"}],\"inLanguage\":\"pt-BR\"},{\"@type\":\"Organization\",\"@id\":\"https:\/\/anprotec.org.br\/conferencia2023\/#organization\",\"name\":\"Confer\u00eancia 2023 Anprotec\",\"url\":\"https:\/\/anprotec.org.br\/conferencia2023\/\",\"logo\":{\"@type\":\"ImageObject\",\"inLanguage\":\"pt-BR\",\"@id\":\"https:\/\/anprotec.org.br\/conferencia2023\/#\/schema\/logo\/image\/\",\"url\":\"\",\"contentUrl\":\"\",\"caption\":\"Confer\u00eancia 2023 Anprotec\"},\"image\":{\"@id\":\"https:\/\/anprotec.org.br\/conferencia2023\/#\/schema\/logo\/image\/\"}},{\"@type\":\"Person\",\"@id\":\"https:\/\/anprotec.org.br\/conferencia2023\/#\/schema\/person\/7ce1d54c6005e7d21795bc5e974e2f9f\",\"name\":\"admin\",\"image\":{\"@type\":\"ImageObject\",\"inLanguage\":\"pt-BR\",\"@id\":\"https:\/\/anprotec.org.br\/conferencia2023\/#\/schema\/person\/image\/\",\"url\":\"https:\/\/secure.gravatar.com\/avatar\/245112798fe6695640d096a325e40ea81b35fc9cdce454a7fa617ee832539b58?s=96&d=mm&r=g\",\"contentUrl\":\"https:\/\/secure.gravatar.com\/avatar\/245112798fe6695640d096a325e40ea81b35fc9cdce454a7fa617ee832539b58?s=96&d=mm&r=g\",\"caption\":\"admin\"},\"sameAs\":[\"https:\/\/anprotec.org.br\/conferencia2023\"],\"url\":\"https:\/\/anprotec.org.br\/conferencia2023\/author\/admin\/\"}]}<\/script>\n<!-- \/ Yoast SEO plugin. -->","yoast_head_json":{"title":"Kauan von Novack realiza plen\u00e1ria de abertura com tema \u2018Inova\u00e7\u00e3o e Startups como projeto para mudan\u00e7a social, ambiental e nacional\u2019 - Confer\u00eancia 2023 Anprotec","robots":{"index":"index","follow":"follow","max-snippet":"max-snippet:-1","max-image-preview":"max-image-preview:large","max-video-preview":"max-video-preview:-1"},"canonical":"https:\/\/anprotec.org.br\/conferencia2023\/kauan-von-novack-realiza-plenaria-de-abertura-com-tema-inovacao-e-startups-como-projeto-para-mudanca-social-ambiental-e-nacional\/","og_locale":"pt_BR","og_type":"article","og_title":"Kauan von Novack realiza plen\u00e1ria de abertura com tema \u2018Inova\u00e7\u00e3o e Startups como projeto para mudan\u00e7a social, ambiental e nacional\u2019 - Confer\u00eancia 2023 Anprotec","og_description":"Aconteceu hoje, 6\/11, a primeira plen\u00e1ria da 33\u00aa edi\u00e7\u00e3o da Confer\u00eancia Anprotec, que contou com a presen\u00e7a de&nbsp; Kauan von Novack, CEO Group da Startupbootcamp &amp; Innoleaps, a terceira&nbsp; maior aceleradora do mundo.&nbsp; Novack iniciou seu discurso contando um pouco sobre a sua hist\u00f3ria como empreendedor e fundador de mais de 17 startups e scaleups. [&hellip;]","og_url":"https:\/\/anprotec.org.br\/conferencia2023\/kauan-von-novack-realiza-plenaria-de-abertura-com-tema-inovacao-e-startups-como-projeto-para-mudanca-social-ambiental-e-nacional\/","og_site_name":"Confer\u00eancia 2023 Anprotec","article_published_time":"2023-11-07T11:45:45+00:00","article_modified_time":"2023-11-07T11:45:46+00:00","og_image":[{"width":640,"height":400,"url":"https:\/\/anprotec.org.br\/conferencia2023\/wp-content\/uploads\/2023\/11\/home-kauan.png","type":"image\/png"}],"author":"admin","twitter_card":"summary_large_image","twitter_misc":{"Escrito por":"admin","Est. tempo de leitura":"4 minutos"},"schema":{"@context":"https:\/\/schema.org","@graph":[{"@type":"Article","@id":"https:\/\/anprotec.org.br\/conferencia2023\/kauan-von-novack-realiza-plenaria-de-abertura-com-tema-inovacao-e-startups-como-projeto-para-mudanca-social-ambiental-e-nacional\/#article","isPartOf":{"@id":"https:\/\/anprotec.org.br\/conferencia2023\/kauan-von-novack-realiza-plenaria-de-abertura-com-tema-inovacao-e-startups-como-projeto-para-mudanca-social-ambiental-e-nacional\/"},"author":{"name":"admin","@id":"https:\/\/anprotec.org.br\/conferencia2023\/#\/schema\/person\/7ce1d54c6005e7d21795bc5e974e2f9f"},"headline":"Kauan von Novack realiza plen\u00e1ria de abertura com tema \u2018Inova\u00e7\u00e3o e Startups como projeto para mudan\u00e7a social, ambiental e nacional\u2019","datePublished":"2023-11-07T11:45:45+00:00","dateModified":"2023-11-07T11:45:46+00:00","mainEntityOfPage":{"@id":"https:\/\/anprotec.org.br\/conferencia2023\/kauan-von-novack-realiza-plenaria-de-abertura-com-tema-inovacao-e-startups-como-projeto-para-mudanca-social-ambiental-e-nacional\/"},"wordCount":695,"publisher":{"@id":"https:\/\/anprotec.org.br\/conferencia2023\/#organization"},"image":{"@id":"https:\/\/anprotec.org.br\/conferencia2023\/kauan-von-novack-realiza-plenaria-de-abertura-com-tema-inovacao-e-startups-como-projeto-para-mudanca-social-ambiental-e-nacional\/#primaryimage"},"thumbnailUrl":"https:\/\/anprotec.org.br\/conferencia2023\/wp-content\/uploads\/2023\/11\/home-kauan.png","articleSection":["Uncategorized"],"inLanguage":"pt-BR"},{"@type":"WebPage","@id":"https:\/\/anprotec.org.br\/conferencia2023\/kauan-von-novack-realiza-plenaria-de-abertura-com-tema-inovacao-e-startups-como-projeto-para-mudanca-social-ambiental-e-nacional\/","url":"https:\/\/anprotec.org.br\/conferencia2023\/kauan-von-novack-realiza-plenaria-de-abertura-com-tema-inovacao-e-startups-como-projeto-para-mudanca-social-ambiental-e-nacional\/","name":"Kauan von Novack realiza plen\u00e1ria de abertura com tema \u2018Inova\u00e7\u00e3o e Startups como projeto para mudan\u00e7a social, ambiental e nacional\u2019 - Confer\u00eancia 2023 Anprotec","isPartOf":{"@id":"https:\/\/anprotec.org.br\/conferencia2023\/#website"},"primaryImageOfPage":{"@id":"https:\/\/anprotec.org.br\/conferencia2023\/kauan-von-novack-realiza-plenaria-de-abertura-com-tema-inovacao-e-startups-como-projeto-para-mudanca-social-ambiental-e-nacional\/#primaryimage"},"image":{"@id":"https:\/\/anprotec.org.br\/conferencia2023\/kauan-von-novack-realiza-plenaria-de-abertura-com-tema-inovacao-e-startups-como-projeto-para-mudanca-social-ambiental-e-nacional\/#primaryimage"},"thumbnailUrl":"https:\/\/anprotec.org.br\/conferencia2023\/wp-content\/uploads\/2023\/11\/home-kauan.png","datePublished":"2023-11-07T11:45:45+00:00","dateModified":"2023-11-07T11:45:46+00:00","breadcrumb":{"@id":"https:\/\/anprotec.org.br\/conferencia2023\/kauan-von-novack-realiza-plenaria-de-abertura-com-tema-inovacao-e-startups-como-projeto-para-mudanca-social-ambiental-e-nacional\/#breadcrumb"},"inLanguage":"pt-BR","potentialAction":[{"@type":"ReadAction","target":["https:\/\/anprotec.org.br\/conferencia2023\/kauan-von-novack-realiza-plenaria-de-abertura-com-tema-inovacao-e-startups-como-projeto-para-mudanca-social-ambiental-e-nacional\/"]}]},{"@type":"ImageObject","inLanguage":"pt-BR","@id":"https:\/\/anprotec.org.br\/conferencia2023\/kauan-von-novack-realiza-plenaria-de-abertura-com-tema-inovacao-e-startups-como-projeto-para-mudanca-social-ambiental-e-nacional\/#primaryimage","url":"https:\/\/anprotec.org.br\/conferencia2023\/wp-content\/uploads\/2023\/11\/home-kauan.png","contentUrl":"https:\/\/anprotec.org.br\/conferencia2023\/wp-content\/uploads\/2023\/11\/home-kauan.png","width":640,"height":400},{"@type":"BreadcrumbList","@id":"https:\/\/anprotec.org.br\/conferencia2023\/kauan-von-novack-realiza-plenaria-de-abertura-com-tema-inovacao-e-startups-como-projeto-para-mudanca-social-ambiental-e-nacional\/#breadcrumb","itemListElement":[{"@type":"ListItem","position":1,"name":"In\u00edcio","item":"https:\/\/anprotec.org.br\/conferencia2023\/"},{"@type":"ListItem","position":2,"name":"Kauan von Novack realiza plen\u00e1ria de abertura com tema \u2018Inova\u00e7\u00e3o e Startups como projeto para mudan\u00e7a social, ambiental e nacional\u2019"}]},{"@type":"WebSite","@id":"https:\/\/anprotec.org.br\/conferencia2023\/#website","url":"https:\/\/anprotec.org.br\/conferencia2023\/","name":"Confer\u00eancia 2023 Anprotec","description":"","publisher":{"@id":"https:\/\/anprotec.org.br\/conferencia2023\/#organization"},"potentialAction":[{"@type":"SearchAction","target":{"@type":"EntryPoint","urlTemplate":"https:\/\/anprotec.org.br\/conferencia2023\/?s={search_term_string}"},"query-input":"required name=search_term_string"}],"inLanguage":"pt-BR"},{"@type":"Organization","@id":"https:\/\/anprotec.org.br\/conferencia2023\/#organization","name":"Confer\u00eancia 2023 Anprotec","url":"https:\/\/anprotec.org.br\/conferencia2023\/","logo":{"@type":"ImageObject","inLanguage":"pt-BR","@id":"https:\/\/anprotec.org.br\/conferencia2023\/#\/schema\/logo\/image\/","url":"","contentUrl":"","caption":"Confer\u00eancia 2023 Anprotec"},"image":{"@id":"https:\/\/anprotec.org.br\/conferencia2023\/#\/schema\/logo\/image\/"}},{"@type":"Person","@id":"https:\/\/anprotec.org.br\/conferencia2023\/#\/schema\/person\/7ce1d54c6005e7d21795bc5e974e2f9f","name":"admin","image":{"@type":"ImageObject","inLanguage":"pt-BR","@id":"https:\/\/anprotec.org.br\/conferencia2023\/#\/schema\/person\/image\/","url":"https:\/\/secure.gravatar.com\/avatar\/245112798fe6695640d096a325e40ea81b35fc9cdce454a7fa617ee832539b58?s=96&d=mm&r=g","contentUrl":"https:\/\/secure.gravatar.com\/avatar\/245112798fe6695640d096a325e40ea81b35fc9cdce454a7fa617ee832539b58?s=96&d=mm&r=g","caption":"admin"},"sameAs":["https:\/\/anprotec.org.br\/conferencia2023"],"url":"https:\/\/anprotec.org.br\/conferencia2023\/author\/admin\/"}]}},"_links":{"self":[{"href":"https:\/\/anprotec.org.br\/conferencia2023\/wp-json\/wp\/v2\/posts\/3730","targetHints":{"allow":["GET"]}}],"collection":[{"href":"https:\/\/anprotec.org.br\/conferencia2023\/wp-json\/wp\/v2\/posts"}],"about":[{"href":"https:\/\/anprotec.org.br\/conferencia2023\/wp-json\/wp\/v2\/types\/post"}],"author":[{"embeddable":true,"href":"https:\/\/anprotec.org.br\/conferencia2023\/wp-json\/wp\/v2\/users\/1"}],"replies":[{"embeddable":true,"href":"https:\/\/anprotec.org.br\/conferencia2023\/wp-json\/wp\/v2\/comments?post=3730"}],"version-history":[{"count":1,"href":"https:\/\/anprotec.org.br\/conferencia2023\/wp-json\/wp\/v2\/posts\/3730\/revisions"}],"predecessor-version":[{"id":3734,"href":"https:\/\/anprotec.org.br\/conferencia2023\/wp-json\/wp\/v2\/posts\/3730\/revisions\/3734"}],"wp:featuredmedia":[{"embeddable":true,"href":"https:\/\/anprotec.org.br\/conferencia2023\/wp-json\/wp\/v2\/media\/3733"}],"wp:attachment":[{"href":"https:\/\/anprotec.org.br\/conferencia2023\/wp-json\/wp\/v2\/media?parent=3730"}],"wp:term":[{"taxonomy":"category","embeddable":true,"href":"https:\/\/anprotec.org.br\/conferencia2023\/wp-json\/wp\/v2\/categories?post=3730"},{"taxonomy":"post_tag","embeddable":true,"href":"https:\/\/anprotec.org.br\/conferencia2023\/wp-json\/wp\/v2\/tags?post=3730"}],"curies":[{"name":"wp","href":"https:\/\/api.w.org\/{rel}","templated":true}]}}