{"id":3721,"date":"2023-11-06T21:18:56","date_gmt":"2023-11-07T00:18:56","guid":{"rendered":"https:\/\/anprotec.org.br\/conferencia2023\/?p=3721"},"modified":"2023-11-06T21:18:57","modified_gmt":"2023-11-07T00:18:57","slug":"inovacao-e-diversidade-marcam-discurso-de-abertura-da-33a-conferencia-anprotec","status":"publish","type":"post","link":"https:\/\/anprotec.org.br\/conferencia2023\/inovacao-e-diversidade-marcam-discurso-de-abertura-da-33a-conferencia-anprotec\/","title":{"rendered":"Inova\u00e7\u00e3o e diversidade marcam discurso de abertura da 33\u00aa Confer\u00eancia Anprotec\u00a0\u00a0"},"content":{"rendered":"<div class=\"wp-block-image\">\n<figure class=\"aligncenter size-large is-resized\"><img fetchpriority=\"high\" decoding=\"async\" width=\"1024\" height=\"683\" src=\"https:\/\/anprotec.org.br\/conferencia2023\/wp-content\/uploads\/2023\/11\/IMG_3831-1024x683.jpg\" alt=\"\" class=\"wp-image-3727\" style=\"aspect-ratio:1.499267935578331;width:810px;height:auto\" srcset=\"https:\/\/anprotec.org.br\/conferencia2023\/wp-content\/uploads\/2023\/11\/IMG_3831-1024x683.jpg 1024w, https:\/\/anprotec.org.br\/conferencia2023\/wp-content\/uploads\/2023\/11\/IMG_3831-300x200.jpg 300w, https:\/\/anprotec.org.br\/conferencia2023\/wp-content\/uploads\/2023\/11\/IMG_3831-768x512.jpg 768w, https:\/\/anprotec.org.br\/conferencia2023\/wp-content\/uploads\/2023\/11\/IMG_3831-1536x1024.jpg 1536w, https:\/\/anprotec.org.br\/conferencia2023\/wp-content\/uploads\/2023\/11\/IMG_3831-2048x1365.jpg 2048w\" sizes=\"(max-width: 1024px) 100vw, 1024px\" \/><\/figure>\n<\/div>\n\n\n<p>Na noite de hoje (6), foi realizada a cerim\u00f4nia de abertura da 33\u00aa Confer\u00eancia Anprotec, que contou com a presen\u00e7a de Francisco Saboya, presidente da Anprotec, Luciana Santos, ministra da Ci\u00eancia, Tecnologia e Inova\u00e7\u00e3o, Margarete Coelho, diretora de Administra\u00e7\u00e3o e Finan\u00e7as no Sebrae e Prof. Edward Madureira, assessor da presid\u00eancia da Finep. Nesta edi\u00e7\u00e3o o evento tem como tema \u201cInova\u00e7\u00e3o e Sociedade: tecnologias emergentes e a transforma\u00e7\u00e3o do empreendedorismo\u201c.<\/p>\n\n\n\n<p>Francisco Saboya, presidente da Anprotec, deu in\u00edcio ao evento cumprimentando os participantes do evento, patrocinadores e a todos os inovadores e empreendedores do Brasil. Saboya ressaltou a import\u00e2ncia desses agentes de inova\u00e7\u00e3o que com coragem e entusiasmo se mant\u00eam firmes no desenvolvimento da tecnologia e inova\u00e7\u00e3o do pa\u00eds, mesmo estando em um ambiente que historicamente n\u00e3o favorece e incentiva esse setor.<\/p>\n\n\n<div class=\"wp-block-image\">\n<figure class=\"aligncenter size-large is-resized\"><img decoding=\"async\" width=\"1024\" height=\"683\" src=\"https:\/\/anprotec.org.br\/conferencia2023\/wp-content\/uploads\/2023\/11\/IMG_3775-1024x683.jpg\" alt=\"\" class=\"wp-image-3723\" style=\"aspect-ratio:1.499267935578331;width:826px;height:auto\" srcset=\"https:\/\/anprotec.org.br\/conferencia2023\/wp-content\/uploads\/2023\/11\/IMG_3775-1024x683.jpg 1024w, https:\/\/anprotec.org.br\/conferencia2023\/wp-content\/uploads\/2023\/11\/IMG_3775-300x200.jpg 300w, https:\/\/anprotec.org.br\/conferencia2023\/wp-content\/uploads\/2023\/11\/IMG_3775-768x512.jpg 768w, https:\/\/anprotec.org.br\/conferencia2023\/wp-content\/uploads\/2023\/11\/IMG_3775-1536x1024.jpg 1536w, https:\/\/anprotec.org.br\/conferencia2023\/wp-content\/uploads\/2023\/11\/IMG_3775-2048x1365.jpg 2048w\" sizes=\"(max-width: 1024px) 100vw, 1024px\" \/><\/figure>\n<\/div>\n\n\n<p>Nesta edi\u00e7\u00e3o a Anprotec decidiu trazer para o cerne da confer\u00eancia as discuss\u00f5es sociais relacionadas ao ambiente de empreendedorismo e inova\u00e7\u00e3o do pa\u00eds, como a import\u00e2ncia das minorias neste ambiente, o impacto do empreendedorismo no desenvolvimento socioambiental e econ\u00f4mico do pa\u00eds e entre outros.&nbsp;<\/p>\n\n\n\n<p><em>\u201cInova\u00e7\u00e3o \u00e9 algo que ocorre na universidade por pessoas que se dedicam a ter um conhecimento aprofundado e \u00e9 algo tamb\u00e9m que se d\u00e1 no \u00e2mbito da empresa no aprimoramento de produto e processo. Mas \u00e9 verdade tamb\u00e9m que a inova\u00e7\u00e3o n\u00e3o \u00e9 algo solit\u00e1rio. \u00c9 um processo que acontece em rede. \u00c9, portanto, um fen\u00f4meno social que precisa retornar para a sociedade. Inova\u00e7\u00f5es mais relevantes s\u00e3o aquelas que s\u00e3o capazes de impactar toda a sociedade<\/em>\u201d, ressaltou Saboya.&nbsp;<\/p>\n\n\n\n<p>Em seguida, Edward Madureira, Assessor da Presid\u00eancia da Finep, complementou a fala de Saboya falando sobre a relev\u00e2ncia da diversidade neste meio de transforma\u00e7\u00e3o tecnol\u00f3gica. Ressaltou tamb\u00e9m a import\u00e2ncia dos financiamentos p\u00fablicos que impulsionam esses ambientes de inova\u00e7\u00e3o e empreendedorismo no pa\u00eds e tornam poss\u00edvel fazer com que as iniciativas tecnol\u00f3gicas desses ambientes e sua estrutura sejam sustent\u00e1veis.&nbsp;<\/p>\n\n\n<div class=\"wp-block-image\">\n<figure class=\"aligncenter size-large is-resized\"><img decoding=\"async\" width=\"1024\" height=\"683\" src=\"https:\/\/anprotec.org.br\/conferencia2023\/wp-content\/uploads\/2023\/11\/IMG_3794-1024x683.jpg\" alt=\"\" class=\"wp-image-3724\" style=\"aspect-ratio:1.499267935578331;width:816px;height:auto\" srcset=\"https:\/\/anprotec.org.br\/conferencia2023\/wp-content\/uploads\/2023\/11\/IMG_3794-1024x683.jpg 1024w, https:\/\/anprotec.org.br\/conferencia2023\/wp-content\/uploads\/2023\/11\/IMG_3794-300x200.jpg 300w, https:\/\/anprotec.org.br\/conferencia2023\/wp-content\/uploads\/2023\/11\/IMG_3794-768x512.jpg 768w, https:\/\/anprotec.org.br\/conferencia2023\/wp-content\/uploads\/2023\/11\/IMG_3794-1536x1024.jpg 1536w, https:\/\/anprotec.org.br\/conferencia2023\/wp-content\/uploads\/2023\/11\/IMG_3794-2048x1365.jpg 2048w\" sizes=\"(max-width: 1024px) 100vw, 1024px\" \/><\/figure>\n<\/div>\n\n\n<p>O futuro da inova\u00e7\u00e3o do pa\u00eds foi o t\u00f3pico abordado pela Diretora de Administra\u00e7\u00e3o e Finan\u00e7as no Sebrae, Margarete Coelho, que tratou sobre a relev\u00e2ncia de confer\u00eancias para autoquestionamento, gera\u00e7\u00e3o de ideias, mudan\u00e7a de mindset, percep\u00e7\u00e3o de novos rumos, conhecimento de novas solu\u00e7\u00f5es, contato com a diversidade e inclus\u00e3o, entendimento de perguntas e novas perspectivas. <em>\u201cPrimeiro \u00e9 necess\u00e1rio tomar consci\u00eancia, segundo: dialogar, e em terceiro, e mais importante, agir\u201d, <\/em>pontuou.<\/p>\n\n\n<div class=\"wp-block-image\">\n<figure class=\"aligncenter size-large is-resized\"><img loading=\"lazy\" decoding=\"async\" width=\"1024\" height=\"683\" src=\"https:\/\/anprotec.org.br\/conferencia2023\/wp-content\/uploads\/2023\/11\/IMG_3799-1024x683.jpg\" alt=\"\" class=\"wp-image-3725\" style=\"aspect-ratio:1.499267935578331;width:806px;height:auto\" srcset=\"https:\/\/anprotec.org.br\/conferencia2023\/wp-content\/uploads\/2023\/11\/IMG_3799-1024x683.jpg 1024w, https:\/\/anprotec.org.br\/conferencia2023\/wp-content\/uploads\/2023\/11\/IMG_3799-300x200.jpg 300w, https:\/\/anprotec.org.br\/conferencia2023\/wp-content\/uploads\/2023\/11\/IMG_3799-768x512.jpg 768w, https:\/\/anprotec.org.br\/conferencia2023\/wp-content\/uploads\/2023\/11\/IMG_3799-1536x1024.jpg 1536w, https:\/\/anprotec.org.br\/conferencia2023\/wp-content\/uploads\/2023\/11\/IMG_3799-2048x1365.jpg 2048w\" sizes=\"(max-width: 1024px) 100vw, 1024px\" \/><\/figure>\n<\/div>\n\n\n<p>Em sua vez, Luciana Santos, Ministra da Ci\u00eancia, Tecnologia e Inova\u00e7\u00e3o, explicou sobre o processo de retomada e restaura\u00e7\u00e3o dos recursos direcionados aos mecanismos de inova\u00e7\u00e3o do pa\u00eds, al\u00e9m da conquista da perenidade dos recursos do FNDCT aos ambientes. Luciana apresentou os programas vigentes do MCTI de apoio a transforma\u00e7\u00e3o tecnol\u00f3gica e demonstrou atrav\u00e9s de dados os esfor\u00e7os da pasta para o retorno ao acesso e gerenciamento dos fundos que possibilitam o investimento aos ambientes de ci\u00eancia e tecnologia do Brasil, os quais s\u00e3o catalisadores de neg\u00f3cios inovadores. <em>\u201cN\u00f3s n\u00e3o faremos inova\u00e7\u00e3o de verdade para o desenvolvimento da sociedade se n\u00e3o enterdemos que \u00e9 a diversidade que leva a excel\u00eancia\u201d, <\/em>afirmou.<\/p>\n\n\n<div class=\"wp-block-image\">\n<figure class=\"aligncenter size-large is-resized\"><img loading=\"lazy\" decoding=\"async\" width=\"1024\" height=\"683\" src=\"https:\/\/anprotec.org.br\/conferencia2023\/wp-content\/uploads\/2023\/11\/IMG_3815-1024x683.jpg\" alt=\"\" class=\"wp-image-3726\" style=\"aspect-ratio:1.499267935578331;width:844px;height:auto\" srcset=\"https:\/\/anprotec.org.br\/conferencia2023\/wp-content\/uploads\/2023\/11\/IMG_3815-1024x683.jpg 1024w, https:\/\/anprotec.org.br\/conferencia2023\/wp-content\/uploads\/2023\/11\/IMG_3815-300x200.jpg 300w, https:\/\/anprotec.org.br\/conferencia2023\/wp-content\/uploads\/2023\/11\/IMG_3815-768x512.jpg 768w, https:\/\/anprotec.org.br\/conferencia2023\/wp-content\/uploads\/2023\/11\/IMG_3815-1536x1024.jpg 1536w, https:\/\/anprotec.org.br\/conferencia2023\/wp-content\/uploads\/2023\/11\/IMG_3815-2048x1365.jpg 2048w\" sizes=\"(max-width: 1024px) 100vw, 1024px\" \/><\/figure>\n<\/div>\n\n\n<p>Encerrando-se a cerim\u00f4nia de abertura, iniciou-se oficialmente as atividades da 33\u00aa Confer\u00eancia Anprotec, com plen\u00e1ria conduzida por Kauan von Novack, CEO Group da Startupbootcamp &amp; Innoleaps.&nbsp;<\/p>\n","protected":false},"excerpt":{"rendered":"<p>Na noite de hoje (6), foi realizada a cerim\u00f4nia de abertura da 33\u00aa Confer\u00eancia Anprotec, que contou com a presen\u00e7a de Francisco Saboya, presidente da Anprotec, Luciana Santos, ministra da Ci\u00eancia, Tecnologia e Inova\u00e7\u00e3o, Margarete Coelho, diretora de Administra\u00e7\u00e3o e Finan\u00e7as no Sebrae e Prof. Edward Madureira, assessor da presid\u00eancia da Finep. Nesta edi\u00e7\u00e3o o [&hellip;]<\/p>\n","protected":false},"author":2,"featured_media":3722,"comment_status":"closed","ping_status":"open","sticky":false,"template":"","format":"standard","meta":{"footnotes":""},"categories":[1],"tags":[],"class_list":["post-3721","post","type-post","status-publish","format-standard","has-post-thumbnail","hentry","category-uncategorized"],"yoast_head":"<!-- This site is optimized with the Yoast SEO plugin v23.0 - https:\/\/yoast.com\/wordpress\/plugins\/seo\/ -->\n<title>Inova\u00e7\u00e3o e diversidade marcam discurso de abertura da 33\u00aa Confer\u00eancia Anprotec\u00a0\u00a0 - Confer\u00eancia 2023 Anprotec<\/title>\n<meta name=\"robots\" content=\"index, follow, max-snippet:-1, max-image-preview:large, max-video-preview:-1\" \/>\n<link rel=\"canonical\" href=\"https:\/\/anprotec.org.br\/conferencia2023\/inovacao-e-diversidade-marcam-discurso-de-abertura-da-33a-conferencia-anprotec\/\" \/>\n<meta property=\"og:locale\" content=\"pt_BR\" \/>\n<meta property=\"og:type\" content=\"article\" \/>\n<meta property=\"og:title\" content=\"Inova\u00e7\u00e3o e diversidade marcam discurso de abertura da 33\u00aa Confer\u00eancia Anprotec\u00a0\u00a0 - Confer\u00eancia 2023 Anprotec\" \/>\n<meta property=\"og:description\" content=\"Na noite de hoje (6), foi realizada a cerim\u00f4nia de abertura da 33\u00aa Confer\u00eancia Anprotec, que contou com a presen\u00e7a de Francisco Saboya, presidente da Anprotec, Luciana Santos, ministra da Ci\u00eancia, Tecnologia e Inova\u00e7\u00e3o, Margarete Coelho, diretora de Administra\u00e7\u00e3o e Finan\u00e7as no Sebrae e Prof. Edward Madureira, assessor da presid\u00eancia da Finep. Nesta edi\u00e7\u00e3o o [&hellip;]\" \/>\n<meta property=\"og:url\" content=\"https:\/\/anprotec.org.br\/conferencia2023\/inovacao-e-diversidade-marcam-discurso-de-abertura-da-33a-conferencia-anprotec\/\" \/>\n<meta property=\"og:site_name\" content=\"Confer\u00eancia 2023 Anprotec\" \/>\n<meta property=\"article:published_time\" content=\"2023-11-07T00:18:56+00:00\" \/>\n<meta property=\"article:modified_time\" content=\"2023-11-07T00:18:57+00:00\" \/>\n<meta property=\"og:image\" content=\"https:\/\/anprotec.org.br\/conferencia2023\/wp-content\/uploads\/2023\/11\/home-abertura.png\" \/>\n\t<meta property=\"og:image:width\" content=\"640\" \/>\n\t<meta property=\"og:image:height\" content=\"400\" \/>\n\t<meta property=\"og:image:type\" content=\"image\/png\" \/>\n<meta name=\"author\" content=\"Lucas\" \/>\n<meta name=\"twitter:card\" content=\"summary_large_image\" \/>\n<meta name=\"twitter:label1\" content=\"Escrito por\" \/>\n\t<meta name=\"twitter:data1\" content=\"Lucas\" \/>\n\t<meta name=\"twitter:label2\" content=\"Est. tempo de leitura\" \/>\n\t<meta name=\"twitter:data2\" content=\"4 minutos\" \/>\n<script type=\"application\/ld+json\" class=\"yoast-schema-graph\">{\"@context\":\"https:\/\/schema.org\",\"@graph\":[{\"@type\":\"Article\",\"@id\":\"https:\/\/anprotec.org.br\/conferencia2023\/inovacao-e-diversidade-marcam-discurso-de-abertura-da-33a-conferencia-anprotec\/#article\",\"isPartOf\":{\"@id\":\"https:\/\/anprotec.org.br\/conferencia2023\/inovacao-e-diversidade-marcam-discurso-de-abertura-da-33a-conferencia-anprotec\/\"},\"author\":{\"name\":\"Lucas\",\"@id\":\"https:\/\/anprotec.org.br\/conferencia2023\/#\/schema\/person\/f70fdc2481c5ea61387acef3e2d0c21e\"},\"headline\":\"Inova\u00e7\u00e3o e diversidade marcam discurso de abertura da 33\u00aa Confer\u00eancia Anprotec\u00a0\u00a0\",\"datePublished\":\"2023-11-07T00:18:56+00:00\",\"dateModified\":\"2023-11-07T00:18:57+00:00\",\"mainEntityOfPage\":{\"@id\":\"https:\/\/anprotec.org.br\/conferencia2023\/inovacao-e-diversidade-marcam-discurso-de-abertura-da-33a-conferencia-anprotec\/\"},\"wordCount\":605,\"publisher\":{\"@id\":\"https:\/\/anprotec.org.br\/conferencia2023\/#organization\"},\"image\":{\"@id\":\"https:\/\/anprotec.org.br\/conferencia2023\/inovacao-e-diversidade-marcam-discurso-de-abertura-da-33a-conferencia-anprotec\/#primaryimage\"},\"thumbnailUrl\":\"https:\/\/anprotec.org.br\/conferencia2023\/wp-content\/uploads\/2023\/11\/home-abertura.png\",\"articleSection\":[\"Uncategorized\"],\"inLanguage\":\"pt-BR\"},{\"@type\":\"WebPage\",\"@id\":\"https:\/\/anprotec.org.br\/conferencia2023\/inovacao-e-diversidade-marcam-discurso-de-abertura-da-33a-conferencia-anprotec\/\",\"url\":\"https:\/\/anprotec.org.br\/conferencia2023\/inovacao-e-diversidade-marcam-discurso-de-abertura-da-33a-conferencia-anprotec\/\",\"name\":\"Inova\u00e7\u00e3o e diversidade marcam discurso de abertura da 33\u00aa Confer\u00eancia Anprotec\u00a0\u00a0 - Confer\u00eancia 2023 Anprotec\",\"isPartOf\":{\"@id\":\"https:\/\/anprotec.org.br\/conferencia2023\/#website\"},\"primaryImageOfPage\":{\"@id\":\"https:\/\/anprotec.org.br\/conferencia2023\/inovacao-e-diversidade-marcam-discurso-de-abertura-da-33a-conferencia-anprotec\/#primaryimage\"},\"image\":{\"@id\":\"https:\/\/anprotec.org.br\/conferencia2023\/inovacao-e-diversidade-marcam-discurso-de-abertura-da-33a-conferencia-anprotec\/#primaryimage\"},\"thumbnailUrl\":\"https:\/\/anprotec.org.br\/conferencia2023\/wp-content\/uploads\/2023\/11\/home-abertura.png\",\"datePublished\":\"2023-11-07T00:18:56+00:00\",\"dateModified\":\"2023-11-07T00:18:57+00:00\",\"breadcrumb\":{\"@id\":\"https:\/\/anprotec.org.br\/conferencia2023\/inovacao-e-diversidade-marcam-discurso-de-abertura-da-33a-conferencia-anprotec\/#breadcrumb\"},\"inLanguage\":\"pt-BR\",\"potentialAction\":[{\"@type\":\"ReadAction\",\"target\":[\"https:\/\/anprotec.org.br\/conferencia2023\/inovacao-e-diversidade-marcam-discurso-de-abertura-da-33a-conferencia-anprotec\/\"]}]},{\"@type\":\"ImageObject\",\"inLanguage\":\"pt-BR\",\"@id\":\"https:\/\/anprotec.org.br\/conferencia2023\/inovacao-e-diversidade-marcam-discurso-de-abertura-da-33a-conferencia-anprotec\/#primaryimage\",\"url\":\"https:\/\/anprotec.org.br\/conferencia2023\/wp-content\/uploads\/2023\/11\/home-abertura.png\",\"contentUrl\":\"https:\/\/anprotec.org.br\/conferencia2023\/wp-content\/uploads\/2023\/11\/home-abertura.png\",\"width\":640,\"height\":400},{\"@type\":\"BreadcrumbList\",\"@id\":\"https:\/\/anprotec.org.br\/conferencia2023\/inovacao-e-diversidade-marcam-discurso-de-abertura-da-33a-conferencia-anprotec\/#breadcrumb\",\"itemListElement\":[{\"@type\":\"ListItem\",\"position\":1,\"name\":\"In\u00edcio\",\"item\":\"https:\/\/anprotec.org.br\/conferencia2023\/\"},{\"@type\":\"ListItem\",\"position\":2,\"name\":\"Inova\u00e7\u00e3o e diversidade marcam discurso de abertura da 33\u00aa Confer\u00eancia Anprotec\u00a0\u00a0\"}]},{\"@type\":\"WebSite\",\"@id\":\"https:\/\/anprotec.org.br\/conferencia2023\/#website\",\"url\":\"https:\/\/anprotec.org.br\/conferencia2023\/\",\"name\":\"Confer\u00eancia 2023 Anprotec\",\"description\":\"\",\"publisher\":{\"@id\":\"https:\/\/anprotec.org.br\/conferencia2023\/#organization\"},\"potentialAction\":[{\"@type\":\"SearchAction\",\"target\":{\"@type\":\"EntryPoint\",\"urlTemplate\":\"https:\/\/anprotec.org.br\/conferencia2023\/?s={search_term_string}\"},\"query-input\":\"required name=search_term_string\"}],\"inLanguage\":\"pt-BR\"},{\"@type\":\"Organization\",\"@id\":\"https:\/\/anprotec.org.br\/conferencia2023\/#organization\",\"name\":\"Confer\u00eancia 2023 Anprotec\",\"url\":\"https:\/\/anprotec.org.br\/conferencia2023\/\",\"logo\":{\"@type\":\"ImageObject\",\"inLanguage\":\"pt-BR\",\"@id\":\"https:\/\/anprotec.org.br\/conferencia2023\/#\/schema\/logo\/image\/\",\"url\":\"\",\"contentUrl\":\"\",\"caption\":\"Confer\u00eancia 2023 Anprotec\"},\"image\":{\"@id\":\"https:\/\/anprotec.org.br\/conferencia2023\/#\/schema\/logo\/image\/\"}},{\"@type\":\"Person\",\"@id\":\"https:\/\/anprotec.org.br\/conferencia2023\/#\/schema\/person\/f70fdc2481c5ea61387acef3e2d0c21e\",\"name\":\"Lucas\",\"image\":{\"@type\":\"ImageObject\",\"inLanguage\":\"pt-BR\",\"@id\":\"https:\/\/anprotec.org.br\/conferencia2023\/#\/schema\/person\/image\/\",\"url\":\"https:\/\/secure.gravatar.com\/avatar\/1b2a0158c7eec64db38a0ff9b80f9095cf8fd55dafa6cc20656ff31027848637?s=96&d=mm&r=g\",\"contentUrl\":\"https:\/\/secure.gravatar.com\/avatar\/1b2a0158c7eec64db38a0ff9b80f9095cf8fd55dafa6cc20656ff31027848637?s=96&d=mm&r=g\",\"caption\":\"Lucas\"},\"url\":\"https:\/\/anprotec.org.br\/conferencia2023\/author\/lucas\/\"}]}<\/script>\n<!-- \/ Yoast SEO plugin. -->","yoast_head_json":{"title":"Inova\u00e7\u00e3o e diversidade marcam discurso de abertura da 33\u00aa Confer\u00eancia Anprotec\u00a0\u00a0 - Confer\u00eancia 2023 Anprotec","robots":{"index":"index","follow":"follow","max-snippet":"max-snippet:-1","max-image-preview":"max-image-preview:large","max-video-preview":"max-video-preview:-1"},"canonical":"https:\/\/anprotec.org.br\/conferencia2023\/inovacao-e-diversidade-marcam-discurso-de-abertura-da-33a-conferencia-anprotec\/","og_locale":"pt_BR","og_type":"article","og_title":"Inova\u00e7\u00e3o e diversidade marcam discurso de abertura da 33\u00aa Confer\u00eancia Anprotec\u00a0\u00a0 - Confer\u00eancia 2023 Anprotec","og_description":"Na noite de hoje (6), foi realizada a cerim\u00f4nia de abertura da 33\u00aa Confer\u00eancia Anprotec, que contou com a presen\u00e7a de Francisco Saboya, presidente da Anprotec, Luciana Santos, ministra da Ci\u00eancia, Tecnologia e Inova\u00e7\u00e3o, Margarete Coelho, diretora de Administra\u00e7\u00e3o e Finan\u00e7as no Sebrae e Prof. Edward Madureira, assessor da presid\u00eancia da Finep. Nesta edi\u00e7\u00e3o o [&hellip;]","og_url":"https:\/\/anprotec.org.br\/conferencia2023\/inovacao-e-diversidade-marcam-discurso-de-abertura-da-33a-conferencia-anprotec\/","og_site_name":"Confer\u00eancia 2023 Anprotec","article_published_time":"2023-11-07T00:18:56+00:00","article_modified_time":"2023-11-07T00:18:57+00:00","og_image":[{"width":640,"height":400,"url":"https:\/\/anprotec.org.br\/conferencia2023\/wp-content\/uploads\/2023\/11\/home-abertura.png","type":"image\/png"}],"author":"Lucas","twitter_card":"summary_large_image","twitter_misc":{"Escrito por":"Lucas","Est. tempo de leitura":"4 minutos"},"schema":{"@context":"https:\/\/schema.org","@graph":[{"@type":"Article","@id":"https:\/\/anprotec.org.br\/conferencia2023\/inovacao-e-diversidade-marcam-discurso-de-abertura-da-33a-conferencia-anprotec\/#article","isPartOf":{"@id":"https:\/\/anprotec.org.br\/conferencia2023\/inovacao-e-diversidade-marcam-discurso-de-abertura-da-33a-conferencia-anprotec\/"},"author":{"name":"Lucas","@id":"https:\/\/anprotec.org.br\/conferencia2023\/#\/schema\/person\/f70fdc2481c5ea61387acef3e2d0c21e"},"headline":"Inova\u00e7\u00e3o e diversidade marcam discurso de abertura da 33\u00aa Confer\u00eancia Anprotec\u00a0\u00a0","datePublished":"2023-11-07T00:18:56+00:00","dateModified":"2023-11-07T00:18:57+00:00","mainEntityOfPage":{"@id":"https:\/\/anprotec.org.br\/conferencia2023\/inovacao-e-diversidade-marcam-discurso-de-abertura-da-33a-conferencia-anprotec\/"},"wordCount":605,"publisher":{"@id":"https:\/\/anprotec.org.br\/conferencia2023\/#organization"},"image":{"@id":"https:\/\/anprotec.org.br\/conferencia2023\/inovacao-e-diversidade-marcam-discurso-de-abertura-da-33a-conferencia-anprotec\/#primaryimage"},"thumbnailUrl":"https:\/\/anprotec.org.br\/conferencia2023\/wp-content\/uploads\/2023\/11\/home-abertura.png","articleSection":["Uncategorized"],"inLanguage":"pt-BR"},{"@type":"WebPage","@id":"https:\/\/anprotec.org.br\/conferencia2023\/inovacao-e-diversidade-marcam-discurso-de-abertura-da-33a-conferencia-anprotec\/","url":"https:\/\/anprotec.org.br\/conferencia2023\/inovacao-e-diversidade-marcam-discurso-de-abertura-da-33a-conferencia-anprotec\/","name":"Inova\u00e7\u00e3o e diversidade marcam discurso de abertura da 33\u00aa Confer\u00eancia Anprotec\u00a0\u00a0 - Confer\u00eancia 2023 Anprotec","isPartOf":{"@id":"https:\/\/anprotec.org.br\/conferencia2023\/#website"},"primaryImageOfPage":{"@id":"https:\/\/anprotec.org.br\/conferencia2023\/inovacao-e-diversidade-marcam-discurso-de-abertura-da-33a-conferencia-anprotec\/#primaryimage"},"image":{"@id":"https:\/\/anprotec.org.br\/conferencia2023\/inovacao-e-diversidade-marcam-discurso-de-abertura-da-33a-conferencia-anprotec\/#primaryimage"},"thumbnailUrl":"https:\/\/anprotec.org.br\/conferencia2023\/wp-content\/uploads\/2023\/11\/home-abertura.png","datePublished":"2023-11-07T00:18:56+00:00","dateModified":"2023-11-07T00:18:57+00:00","breadcrumb":{"@id":"https:\/\/anprotec.org.br\/conferencia2023\/inovacao-e-diversidade-marcam-discurso-de-abertura-da-33a-conferencia-anprotec\/#breadcrumb"},"inLanguage":"pt-BR","potentialAction":[{"@type":"ReadAction","target":["https:\/\/anprotec.org.br\/conferencia2023\/inovacao-e-diversidade-marcam-discurso-de-abertura-da-33a-conferencia-anprotec\/"]}]},{"@type":"ImageObject","inLanguage":"pt-BR","@id":"https:\/\/anprotec.org.br\/conferencia2023\/inovacao-e-diversidade-marcam-discurso-de-abertura-da-33a-conferencia-anprotec\/#primaryimage","url":"https:\/\/anprotec.org.br\/conferencia2023\/wp-content\/uploads\/2023\/11\/home-abertura.png","contentUrl":"https:\/\/anprotec.org.br\/conferencia2023\/wp-content\/uploads\/2023\/11\/home-abertura.png","width":640,"height":400},{"@type":"BreadcrumbList","@id":"https:\/\/anprotec.org.br\/conferencia2023\/inovacao-e-diversidade-marcam-discurso-de-abertura-da-33a-conferencia-anprotec\/#breadcrumb","itemListElement":[{"@type":"ListItem","position":1,"name":"In\u00edcio","item":"https:\/\/anprotec.org.br\/conferencia2023\/"},{"@type":"ListItem","position":2,"name":"Inova\u00e7\u00e3o e diversidade marcam discurso de abertura da 33\u00aa Confer\u00eancia Anprotec\u00a0\u00a0"}]},{"@type":"WebSite","@id":"https:\/\/anprotec.org.br\/conferencia2023\/#website","url":"https:\/\/anprotec.org.br\/conferencia2023\/","name":"Confer\u00eancia 2023 Anprotec","description":"","publisher":{"@id":"https:\/\/anprotec.org.br\/conferencia2023\/#organization"},"potentialAction":[{"@type":"SearchAction","target":{"@type":"EntryPoint","urlTemplate":"https:\/\/anprotec.org.br\/conferencia2023\/?s={search_term_string}"},"query-input":"required name=search_term_string"}],"inLanguage":"pt-BR"},{"@type":"Organization","@id":"https:\/\/anprotec.org.br\/conferencia2023\/#organization","name":"Confer\u00eancia 2023 Anprotec","url":"https:\/\/anprotec.org.br\/conferencia2023\/","logo":{"@type":"ImageObject","inLanguage":"pt-BR","@id":"https:\/\/anprotec.org.br\/conferencia2023\/#\/schema\/logo\/image\/","url":"","contentUrl":"","caption":"Confer\u00eancia 2023 Anprotec"},"image":{"@id":"https:\/\/anprotec.org.br\/conferencia2023\/#\/schema\/logo\/image\/"}},{"@type":"Person","@id":"https:\/\/anprotec.org.br\/conferencia2023\/#\/schema\/person\/f70fdc2481c5ea61387acef3e2d0c21e","name":"Lucas","image":{"@type":"ImageObject","inLanguage":"pt-BR","@id":"https:\/\/anprotec.org.br\/conferencia2023\/#\/schema\/person\/image\/","url":"https:\/\/secure.gravatar.com\/avatar\/1b2a0158c7eec64db38a0ff9b80f9095cf8fd55dafa6cc20656ff31027848637?s=96&d=mm&r=g","contentUrl":"https:\/\/secure.gravatar.com\/avatar\/1b2a0158c7eec64db38a0ff9b80f9095cf8fd55dafa6cc20656ff31027848637?s=96&d=mm&r=g","caption":"Lucas"},"url":"https:\/\/anprotec.org.br\/conferencia2023\/author\/lucas\/"}]}},"_links":{"self":[{"href":"https:\/\/anprotec.org.br\/conferencia2023\/wp-json\/wp\/v2\/posts\/3721","targetHints":{"allow":["GET"]}}],"collection":[{"href":"https:\/\/anprotec.org.br\/conferencia2023\/wp-json\/wp\/v2\/posts"}],"about":[{"href":"https:\/\/anprotec.org.br\/conferencia2023\/wp-json\/wp\/v2\/types\/post"}],"author":[{"embeddable":true,"href":"https:\/\/anprotec.org.br\/conferencia2023\/wp-json\/wp\/v2\/users\/2"}],"replies":[{"embeddable":true,"href":"https:\/\/anprotec.org.br\/conferencia2023\/wp-json\/wp\/v2\/comments?post=3721"}],"version-history":[{"count":2,"href":"https:\/\/anprotec.org.br\/conferencia2023\/wp-json\/wp\/v2\/posts\/3721\/revisions"}],"predecessor-version":[{"id":3729,"href":"https:\/\/anprotec.org.br\/conferencia2023\/wp-json\/wp\/v2\/posts\/3721\/revisions\/3729"}],"wp:featuredmedia":[{"embeddable":true,"href":"https:\/\/anprotec.org.br\/conferencia2023\/wp-json\/wp\/v2\/media\/3722"}],"wp:attachment":[{"href":"https:\/\/anprotec.org.br\/conferencia2023\/wp-json\/wp\/v2\/media?parent=3721"}],"wp:term":[{"taxonomy":"category","embeddable":true,"href":"https:\/\/anprotec.org.br\/conferencia2023\/wp-json\/wp\/v2\/categories?post=3721"},{"taxonomy":"post_tag","embeddable":true,"href":"https:\/\/anprotec.org.br\/conferencia2023\/wp-json\/wp\/v2\/tags?post=3721"}],"curies":[{"name":"wp","href":"https:\/\/api.w.org\/{rel}","templated":true}]}}