{"id":3715,"date":"2023-11-06T20:58:34","date_gmt":"2023-11-06T23:58:34","guid":{"rendered":"https:\/\/anprotec.org.br\/conferencia2023\/?p=3715"},"modified":"2023-11-06T20:58:35","modified_gmt":"2023-11-06T23:58:35","slug":"roda-de-conversa-da-conferencia-anprotec-trata-sobre-estruturacao-e-gestao-de-mecanismos-com-o-sebraetec-ni","status":"publish","type":"post","link":"https:\/\/anprotec.org.br\/conferencia2023\/roda-de-conversa-da-conferencia-anprotec-trata-sobre-estruturacao-e-gestao-de-mecanismos-com-o-sebraetec-ni\/","title":{"rendered":"Roda de Conversa da Confer\u00eancia Anprotec trata sobre Estrutura\u00e7\u00e3o e Gest\u00e3o de Mecanismos com o Sebraetec NI"},"content":{"rendered":"<div class=\"wp-block-image\">\n<figure class=\"aligncenter size-large is-resized\"><img fetchpriority=\"high\" decoding=\"async\" width=\"1024\" height=\"683\" src=\"https:\/\/anprotec.org.br\/conferencia2023\/wp-content\/uploads\/2023\/11\/IMG_3668-1024x683.jpg\" alt=\"\" class=\"wp-image-3716\" style=\"aspect-ratio:1.499267935578331;width:656px;height:auto\" srcset=\"https:\/\/anprotec.org.br\/conferencia2023\/wp-content\/uploads\/2023\/11\/IMG_3668-1024x683.jpg 1024w, https:\/\/anprotec.org.br\/conferencia2023\/wp-content\/uploads\/2023\/11\/IMG_3668-300x200.jpg 300w, https:\/\/anprotec.org.br\/conferencia2023\/wp-content\/uploads\/2023\/11\/IMG_3668-768x512.jpg 768w, https:\/\/anprotec.org.br\/conferencia2023\/wp-content\/uploads\/2023\/11\/IMG_3668-1536x1024.jpg 1536w, https:\/\/anprotec.org.br\/conferencia2023\/wp-content\/uploads\/2023\/11\/IMG_3668-2048x1365.jpg 2048w\" sizes=\"(max-width: 1024px) 100vw, 1024px\" \/><\/figure>\n<\/div>\n\n\n<p>Dando seguimento \u00e0s atividades da Pr\u00e9-Confer\u00eancia Anprotec, a roda de conversa \u201cEstrutura\u00e7\u00e3o e Gest\u00e3o de Mecanismos para Capta\u00e7\u00e3o de Recursos e Clientes\u201d reuniu gestores e equipes de incubadoras e aceleradoras para um bate-papo din\u00e2mico e interativo.<\/p>\n\n\n\n<p>Em um formato descontra\u00eddo e informal, a roda de conversa foi conduzida por Marcos Suassuna, e contou tamb\u00e9m com a participa\u00e7\u00e3o de Tony Chierighini, da Incubadora CELTA, e Rodrigo Paolilo, da Rede+, que apresentaram cases de suas respectivas institui\u00e7\u00f5es. Camila Mainara, gestora de projetos da Anprotec, tamb\u00e9m participou da conversa, detalhando as informa\u00e7\u00f5es sobre o Sebraetec NI.<\/p>\n\n\n<div class=\"wp-block-image\">\n<figure class=\"aligncenter size-large is-resized\"><img decoding=\"async\" width=\"1024\" height=\"683\" src=\"https:\/\/anprotec.org.br\/conferencia2023\/wp-content\/uploads\/2023\/11\/IMG_3682-1024x683.jpg\" alt=\"\" class=\"wp-image-3717\" style=\"aspect-ratio:1.499267935578331;width:585px;height:auto\" srcset=\"https:\/\/anprotec.org.br\/conferencia2023\/wp-content\/uploads\/2023\/11\/IMG_3682-1024x683.jpg 1024w, https:\/\/anprotec.org.br\/conferencia2023\/wp-content\/uploads\/2023\/11\/IMG_3682-300x200.jpg 300w, https:\/\/anprotec.org.br\/conferencia2023\/wp-content\/uploads\/2023\/11\/IMG_3682-768x512.jpg 768w, https:\/\/anprotec.org.br\/conferencia2023\/wp-content\/uploads\/2023\/11\/IMG_3682-1536x1024.jpg 1536w, https:\/\/anprotec.org.br\/conferencia2023\/wp-content\/uploads\/2023\/11\/IMG_3682-2048x1365.jpg 2048w\" sizes=\"(max-width: 1024px) 100vw, 1024px\" \/><\/figure>\n<\/div>\n\n\n<p>A atividade discutiu conte\u00fados que auxiliam gestores e equipes dos mecanismos a estruturar e gerenciar melhor suas institui\u00e7\u00f5es para prepar\u00e1-los para captar recursos e aproveitar as oportunidades dispon\u00edveis de amplia\u00e7\u00e3o dos atendimentos e impactos por meio do programa Sebraetec Neg\u00f3cios Inovadores.<\/p>\n\n\n\n<p>O Sebraetec NI tem como foco desenvolver startups e empreendimentos inovadores desde a fase de valida\u00e7\u00e3o do modelo de neg\u00f3cio at\u00e9 a prepara\u00e7\u00e3o para escalar no mercado. Trata-se de uma oportunidade tanto para os mecanismos quanto para os empreendedores.<\/p>\n\n\n\n<p>Como ponto de partida da discuss\u00e3o, Tony Chierighini&nbsp; e Rodrigo Paolilo levaram importantes n\u00fameros sobre suas institui\u00e7\u00f5es, ressaltando a oportunidade que o Sebraetec NI traz para as incubadoras e aceleradoras adquirirem recursos e se fortalecerem no ecossistema de inova\u00e7\u00e3o.<\/p>\n\n\n<div class=\"wp-block-image\">\n<figure class=\"aligncenter size-large is-resized\"><img decoding=\"async\" width=\"1024\" height=\"683\" src=\"https:\/\/anprotec.org.br\/conferencia2023\/wp-content\/uploads\/2023\/11\/IMG_3692-1024x683.jpg\" alt=\"\" class=\"wp-image-3718\" style=\"aspect-ratio:1.499267935578331;width:651px;height:auto\" srcset=\"https:\/\/anprotec.org.br\/conferencia2023\/wp-content\/uploads\/2023\/11\/IMG_3692-1024x683.jpg 1024w, https:\/\/anprotec.org.br\/conferencia2023\/wp-content\/uploads\/2023\/11\/IMG_3692-300x200.jpg 300w, https:\/\/anprotec.org.br\/conferencia2023\/wp-content\/uploads\/2023\/11\/IMG_3692-768x512.jpg 768w, https:\/\/anprotec.org.br\/conferencia2023\/wp-content\/uploads\/2023\/11\/IMG_3692-1536x1024.jpg 1536w, https:\/\/anprotec.org.br\/conferencia2023\/wp-content\/uploads\/2023\/11\/IMG_3692-2048x1365.jpg 2048w\" sizes=\"(max-width: 1024px) 100vw, 1024px\" \/><\/figure>\n<\/div>\n\n\n<p>Ap\u00f3s a apresenta\u00e7\u00e3o dos cases, Suassuna provocou os participantes apontando a necessidade de um planejamento estrat\u00e9gico para capta\u00e7\u00e3o de recursos. \u201cA falta de recursos \u00e9 um motivo frequentemente citado por mecanismos, mas o ponto principal \u00e9 que o recurso existe, por\u00e9m temos que aprender a busc\u00e1-lo e o Sebraetec NI \u00e9 um exemplo disso\u201d.<\/p>\n\n\n\n<p>Para uma incubadora ou aceleradora fazer parte da rede Sebraetec \u00e9 preciso se credenciar em cada estado que tem interesse em atuar. O programa oferece diferentes alternativas de presta\u00e7\u00e3o de servi\u00e7o para os mecanismos que v\u00e3o desde a valida\u00e7\u00e3o do neg\u00f3cio at\u00e9 tra\u00e7\u00e3o e escala no mercado.<\/p>\n\n\n\n<p>Para saber mais sobre o Sebraetec NI, acesse <a href=\"https:\/\/sebraetecni.anprotec.org.br\/\" target=\"_blank\" rel=\"noreferrer noopener\">https:\/\/sebraetecni.anprotec.org.br\/<\/a><\/p>\n","protected":false},"excerpt":{"rendered":"<p>Dando seguimento \u00e0s atividades da Pr\u00e9-Confer\u00eancia Anprotec, a roda de conversa \u201cEstrutura\u00e7\u00e3o e Gest\u00e3o de Mecanismos para Capta\u00e7\u00e3o de Recursos e Clientes\u201d reuniu gestores e equipes de incubadoras e aceleradoras para um bate-papo din\u00e2mico e interativo. Em um formato descontra\u00eddo e informal, a roda de conversa foi conduzida por Marcos Suassuna, e contou tamb\u00e9m com [&hellip;]<\/p>\n","protected":false},"author":1,"featured_media":3719,"comment_status":"closed","ping_status":"open","sticky":false,"template":"","format":"standard","meta":{"footnotes":""},"categories":[1],"tags":[],"class_list":["post-3715","post","type-post","status-publish","format-standard","has-post-thumbnail","hentry","category-uncategorized"],"yoast_head":"<!-- This site is optimized with the Yoast SEO plugin v23.0 - https:\/\/yoast.com\/wordpress\/plugins\/seo\/ -->\n<title>Roda de Conversa da Confer\u00eancia Anprotec trata sobre Estrutura\u00e7\u00e3o e Gest\u00e3o de Mecanismos com o Sebraetec NI - Confer\u00eancia 2023 Anprotec<\/title>\n<meta name=\"robots\" content=\"index, follow, max-snippet:-1, max-image-preview:large, max-video-preview:-1\" \/>\n<link rel=\"canonical\" href=\"https:\/\/anprotec.org.br\/conferencia2023\/roda-de-conversa-da-conferencia-anprotec-trata-sobre-estruturacao-e-gestao-de-mecanismos-com-o-sebraetec-ni\/\" \/>\n<meta property=\"og:locale\" content=\"pt_BR\" \/>\n<meta property=\"og:type\" content=\"article\" \/>\n<meta property=\"og:title\" content=\"Roda de Conversa da Confer\u00eancia Anprotec trata sobre Estrutura\u00e7\u00e3o e Gest\u00e3o de Mecanismos com o Sebraetec NI - Confer\u00eancia 2023 Anprotec\" \/>\n<meta property=\"og:description\" content=\"Dando seguimento \u00e0s atividades da Pr\u00e9-Confer\u00eancia Anprotec, a roda de conversa \u201cEstrutura\u00e7\u00e3o e Gest\u00e3o de Mecanismos para Capta\u00e7\u00e3o de Recursos e Clientes\u201d reuniu gestores e equipes de incubadoras e aceleradoras para um bate-papo din\u00e2mico e interativo. Em um formato descontra\u00eddo e informal, a roda de conversa foi conduzida por Marcos Suassuna, e contou tamb\u00e9m com [&hellip;]\" \/>\n<meta property=\"og:url\" content=\"https:\/\/anprotec.org.br\/conferencia2023\/roda-de-conversa-da-conferencia-anprotec-trata-sobre-estruturacao-e-gestao-de-mecanismos-com-o-sebraetec-ni\/\" \/>\n<meta property=\"og:site_name\" content=\"Confer\u00eancia 2023 Anprotec\" \/>\n<meta property=\"article:published_time\" content=\"2023-11-06T23:58:34+00:00\" \/>\n<meta property=\"article:modified_time\" content=\"2023-11-06T23:58:35+00:00\" \/>\n<meta property=\"og:image\" content=\"https:\/\/anprotec.org.br\/conferencia2023\/wp-content\/uploads\/2023\/11\/home-1.png\" \/>\n\t<meta property=\"og:image:width\" content=\"640\" \/>\n\t<meta property=\"og:image:height\" content=\"400\" \/>\n\t<meta property=\"og:image:type\" content=\"image\/png\" \/>\n<meta name=\"author\" content=\"admin\" \/>\n<meta name=\"twitter:card\" content=\"summary_large_image\" \/>\n<meta name=\"twitter:label1\" content=\"Escrito por\" \/>\n\t<meta name=\"twitter:data1\" content=\"admin\" \/>\n\t<meta name=\"twitter:label2\" content=\"Est. tempo de leitura\" \/>\n\t<meta name=\"twitter:data2\" content=\"3 minutos\" \/>\n<script type=\"application\/ld+json\" class=\"yoast-schema-graph\">{\"@context\":\"https:\/\/schema.org\",\"@graph\":[{\"@type\":\"Article\",\"@id\":\"https:\/\/anprotec.org.br\/conferencia2023\/roda-de-conversa-da-conferencia-anprotec-trata-sobre-estruturacao-e-gestao-de-mecanismos-com-o-sebraetec-ni\/#article\",\"isPartOf\":{\"@id\":\"https:\/\/anprotec.org.br\/conferencia2023\/roda-de-conversa-da-conferencia-anprotec-trata-sobre-estruturacao-e-gestao-de-mecanismos-com-o-sebraetec-ni\/\"},\"author\":{\"name\":\"admin\",\"@id\":\"https:\/\/anprotec.org.br\/conferencia2023\/#\/schema\/person\/7ce1d54c6005e7d21795bc5e974e2f9f\"},\"headline\":\"Roda de Conversa da Confer\u00eancia Anprotec trata sobre Estrutura\u00e7\u00e3o e Gest\u00e3o de Mecanismos com o Sebraetec NI\",\"datePublished\":\"2023-11-06T23:58:34+00:00\",\"dateModified\":\"2023-11-06T23:58:35+00:00\",\"mainEntityOfPage\":{\"@id\":\"https:\/\/anprotec.org.br\/conferencia2023\/roda-de-conversa-da-conferencia-anprotec-trata-sobre-estruturacao-e-gestao-de-mecanismos-com-o-sebraetec-ni\/\"},\"wordCount\":380,\"publisher\":{\"@id\":\"https:\/\/anprotec.org.br\/conferencia2023\/#organization\"},\"image\":{\"@id\":\"https:\/\/anprotec.org.br\/conferencia2023\/roda-de-conversa-da-conferencia-anprotec-trata-sobre-estruturacao-e-gestao-de-mecanismos-com-o-sebraetec-ni\/#primaryimage\"},\"thumbnailUrl\":\"https:\/\/anprotec.org.br\/conferencia2023\/wp-content\/uploads\/2023\/11\/home-1.png\",\"articleSection\":[\"Uncategorized\"],\"inLanguage\":\"pt-BR\"},{\"@type\":\"WebPage\",\"@id\":\"https:\/\/anprotec.org.br\/conferencia2023\/roda-de-conversa-da-conferencia-anprotec-trata-sobre-estruturacao-e-gestao-de-mecanismos-com-o-sebraetec-ni\/\",\"url\":\"https:\/\/anprotec.org.br\/conferencia2023\/roda-de-conversa-da-conferencia-anprotec-trata-sobre-estruturacao-e-gestao-de-mecanismos-com-o-sebraetec-ni\/\",\"name\":\"Roda de Conversa da Confer\u00eancia Anprotec trata sobre Estrutura\u00e7\u00e3o e Gest\u00e3o de Mecanismos com o Sebraetec NI - Confer\u00eancia 2023 Anprotec\",\"isPartOf\":{\"@id\":\"https:\/\/anprotec.org.br\/conferencia2023\/#website\"},\"primaryImageOfPage\":{\"@id\":\"https:\/\/anprotec.org.br\/conferencia2023\/roda-de-conversa-da-conferencia-anprotec-trata-sobre-estruturacao-e-gestao-de-mecanismos-com-o-sebraetec-ni\/#primaryimage\"},\"image\":{\"@id\":\"https:\/\/anprotec.org.br\/conferencia2023\/roda-de-conversa-da-conferencia-anprotec-trata-sobre-estruturacao-e-gestao-de-mecanismos-com-o-sebraetec-ni\/#primaryimage\"},\"thumbnailUrl\":\"https:\/\/anprotec.org.br\/conferencia2023\/wp-content\/uploads\/2023\/11\/home-1.png\",\"datePublished\":\"2023-11-06T23:58:34+00:00\",\"dateModified\":\"2023-11-06T23:58:35+00:00\",\"breadcrumb\":{\"@id\":\"https:\/\/anprotec.org.br\/conferencia2023\/roda-de-conversa-da-conferencia-anprotec-trata-sobre-estruturacao-e-gestao-de-mecanismos-com-o-sebraetec-ni\/#breadcrumb\"},\"inLanguage\":\"pt-BR\",\"potentialAction\":[{\"@type\":\"ReadAction\",\"target\":[\"https:\/\/anprotec.org.br\/conferencia2023\/roda-de-conversa-da-conferencia-anprotec-trata-sobre-estruturacao-e-gestao-de-mecanismos-com-o-sebraetec-ni\/\"]}]},{\"@type\":\"ImageObject\",\"inLanguage\":\"pt-BR\",\"@id\":\"https:\/\/anprotec.org.br\/conferencia2023\/roda-de-conversa-da-conferencia-anprotec-trata-sobre-estruturacao-e-gestao-de-mecanismos-com-o-sebraetec-ni\/#primaryimage\",\"url\":\"https:\/\/anprotec.org.br\/conferencia2023\/wp-content\/uploads\/2023\/11\/home-1.png\",\"contentUrl\":\"https:\/\/anprotec.org.br\/conferencia2023\/wp-content\/uploads\/2023\/11\/home-1.png\",\"width\":640,\"height\":400},{\"@type\":\"BreadcrumbList\",\"@id\":\"https:\/\/anprotec.org.br\/conferencia2023\/roda-de-conversa-da-conferencia-anprotec-trata-sobre-estruturacao-e-gestao-de-mecanismos-com-o-sebraetec-ni\/#breadcrumb\",\"itemListElement\":[{\"@type\":\"ListItem\",\"position\":1,\"name\":\"In\u00edcio\",\"item\":\"https:\/\/anprotec.org.br\/conferencia2023\/\"},{\"@type\":\"ListItem\",\"position\":2,\"name\":\"Roda de Conversa da Confer\u00eancia Anprotec trata sobre Estrutura\u00e7\u00e3o e Gest\u00e3o de Mecanismos com o Sebraetec NI\"}]},{\"@type\":\"WebSite\",\"@id\":\"https:\/\/anprotec.org.br\/conferencia2023\/#website\",\"url\":\"https:\/\/anprotec.org.br\/conferencia2023\/\",\"name\":\"Confer\u00eancia 2023 Anprotec\",\"description\":\"\",\"publisher\":{\"@id\":\"https:\/\/anprotec.org.br\/conferencia2023\/#organization\"},\"potentialAction\":[{\"@type\":\"SearchAction\",\"target\":{\"@type\":\"EntryPoint\",\"urlTemplate\":\"https:\/\/anprotec.org.br\/conferencia2023\/?s={search_term_string}\"},\"query-input\":\"required name=search_term_string\"}],\"inLanguage\":\"pt-BR\"},{\"@type\":\"Organization\",\"@id\":\"https:\/\/anprotec.org.br\/conferencia2023\/#organization\",\"name\":\"Confer\u00eancia 2023 Anprotec\",\"url\":\"https:\/\/anprotec.org.br\/conferencia2023\/\",\"logo\":{\"@type\":\"ImageObject\",\"inLanguage\":\"pt-BR\",\"@id\":\"https:\/\/anprotec.org.br\/conferencia2023\/#\/schema\/logo\/image\/\",\"url\":\"\",\"contentUrl\":\"\",\"caption\":\"Confer\u00eancia 2023 Anprotec\"},\"image\":{\"@id\":\"https:\/\/anprotec.org.br\/conferencia2023\/#\/schema\/logo\/image\/\"}},{\"@type\":\"Person\",\"@id\":\"https:\/\/anprotec.org.br\/conferencia2023\/#\/schema\/person\/7ce1d54c6005e7d21795bc5e974e2f9f\",\"name\":\"admin\",\"image\":{\"@type\":\"ImageObject\",\"inLanguage\":\"pt-BR\",\"@id\":\"https:\/\/anprotec.org.br\/conferencia2023\/#\/schema\/person\/image\/\",\"url\":\"https:\/\/secure.gravatar.com\/avatar\/245112798fe6695640d096a325e40ea81b35fc9cdce454a7fa617ee832539b58?s=96&d=mm&r=g\",\"contentUrl\":\"https:\/\/secure.gravatar.com\/avatar\/245112798fe6695640d096a325e40ea81b35fc9cdce454a7fa617ee832539b58?s=96&d=mm&r=g\",\"caption\":\"admin\"},\"sameAs\":[\"https:\/\/anprotec.org.br\/conferencia2023\"],\"url\":\"https:\/\/anprotec.org.br\/conferencia2023\/author\/admin\/\"}]}<\/script>\n<!-- \/ Yoast SEO plugin. -->","yoast_head_json":{"title":"Roda de Conversa da Confer\u00eancia Anprotec trata sobre Estrutura\u00e7\u00e3o e Gest\u00e3o de Mecanismos com o Sebraetec NI - Confer\u00eancia 2023 Anprotec","robots":{"index":"index","follow":"follow","max-snippet":"max-snippet:-1","max-image-preview":"max-image-preview:large","max-video-preview":"max-video-preview:-1"},"canonical":"https:\/\/anprotec.org.br\/conferencia2023\/roda-de-conversa-da-conferencia-anprotec-trata-sobre-estruturacao-e-gestao-de-mecanismos-com-o-sebraetec-ni\/","og_locale":"pt_BR","og_type":"article","og_title":"Roda de Conversa da Confer\u00eancia Anprotec trata sobre Estrutura\u00e7\u00e3o e Gest\u00e3o de Mecanismos com o Sebraetec NI - Confer\u00eancia 2023 Anprotec","og_description":"Dando seguimento \u00e0s atividades da Pr\u00e9-Confer\u00eancia Anprotec, a roda de conversa \u201cEstrutura\u00e7\u00e3o e Gest\u00e3o de Mecanismos para Capta\u00e7\u00e3o de Recursos e Clientes\u201d reuniu gestores e equipes de incubadoras e aceleradoras para um bate-papo din\u00e2mico e interativo. Em um formato descontra\u00eddo e informal, a roda de conversa foi conduzida por Marcos Suassuna, e contou tamb\u00e9m com [&hellip;]","og_url":"https:\/\/anprotec.org.br\/conferencia2023\/roda-de-conversa-da-conferencia-anprotec-trata-sobre-estruturacao-e-gestao-de-mecanismos-com-o-sebraetec-ni\/","og_site_name":"Confer\u00eancia 2023 Anprotec","article_published_time":"2023-11-06T23:58:34+00:00","article_modified_time":"2023-11-06T23:58:35+00:00","og_image":[{"width":640,"height":400,"url":"https:\/\/anprotec.org.br\/conferencia2023\/wp-content\/uploads\/2023\/11\/home-1.png","type":"image\/png"}],"author":"admin","twitter_card":"summary_large_image","twitter_misc":{"Escrito por":"admin","Est. tempo de leitura":"3 minutos"},"schema":{"@context":"https:\/\/schema.org","@graph":[{"@type":"Article","@id":"https:\/\/anprotec.org.br\/conferencia2023\/roda-de-conversa-da-conferencia-anprotec-trata-sobre-estruturacao-e-gestao-de-mecanismos-com-o-sebraetec-ni\/#article","isPartOf":{"@id":"https:\/\/anprotec.org.br\/conferencia2023\/roda-de-conversa-da-conferencia-anprotec-trata-sobre-estruturacao-e-gestao-de-mecanismos-com-o-sebraetec-ni\/"},"author":{"name":"admin","@id":"https:\/\/anprotec.org.br\/conferencia2023\/#\/schema\/person\/7ce1d54c6005e7d21795bc5e974e2f9f"},"headline":"Roda de Conversa da Confer\u00eancia Anprotec trata sobre Estrutura\u00e7\u00e3o e Gest\u00e3o de Mecanismos com o Sebraetec NI","datePublished":"2023-11-06T23:58:34+00:00","dateModified":"2023-11-06T23:58:35+00:00","mainEntityOfPage":{"@id":"https:\/\/anprotec.org.br\/conferencia2023\/roda-de-conversa-da-conferencia-anprotec-trata-sobre-estruturacao-e-gestao-de-mecanismos-com-o-sebraetec-ni\/"},"wordCount":380,"publisher":{"@id":"https:\/\/anprotec.org.br\/conferencia2023\/#organization"},"image":{"@id":"https:\/\/anprotec.org.br\/conferencia2023\/roda-de-conversa-da-conferencia-anprotec-trata-sobre-estruturacao-e-gestao-de-mecanismos-com-o-sebraetec-ni\/#primaryimage"},"thumbnailUrl":"https:\/\/anprotec.org.br\/conferencia2023\/wp-content\/uploads\/2023\/11\/home-1.png","articleSection":["Uncategorized"],"inLanguage":"pt-BR"},{"@type":"WebPage","@id":"https:\/\/anprotec.org.br\/conferencia2023\/roda-de-conversa-da-conferencia-anprotec-trata-sobre-estruturacao-e-gestao-de-mecanismos-com-o-sebraetec-ni\/","url":"https:\/\/anprotec.org.br\/conferencia2023\/roda-de-conversa-da-conferencia-anprotec-trata-sobre-estruturacao-e-gestao-de-mecanismos-com-o-sebraetec-ni\/","name":"Roda de Conversa da Confer\u00eancia Anprotec trata sobre Estrutura\u00e7\u00e3o e Gest\u00e3o de Mecanismos com o Sebraetec NI - Confer\u00eancia 2023 Anprotec","isPartOf":{"@id":"https:\/\/anprotec.org.br\/conferencia2023\/#website"},"primaryImageOfPage":{"@id":"https:\/\/anprotec.org.br\/conferencia2023\/roda-de-conversa-da-conferencia-anprotec-trata-sobre-estruturacao-e-gestao-de-mecanismos-com-o-sebraetec-ni\/#primaryimage"},"image":{"@id":"https:\/\/anprotec.org.br\/conferencia2023\/roda-de-conversa-da-conferencia-anprotec-trata-sobre-estruturacao-e-gestao-de-mecanismos-com-o-sebraetec-ni\/#primaryimage"},"thumbnailUrl":"https:\/\/anprotec.org.br\/conferencia2023\/wp-content\/uploads\/2023\/11\/home-1.png","datePublished":"2023-11-06T23:58:34+00:00","dateModified":"2023-11-06T23:58:35+00:00","breadcrumb":{"@id":"https:\/\/anprotec.org.br\/conferencia2023\/roda-de-conversa-da-conferencia-anprotec-trata-sobre-estruturacao-e-gestao-de-mecanismos-com-o-sebraetec-ni\/#breadcrumb"},"inLanguage":"pt-BR","potentialAction":[{"@type":"ReadAction","target":["https:\/\/anprotec.org.br\/conferencia2023\/roda-de-conversa-da-conferencia-anprotec-trata-sobre-estruturacao-e-gestao-de-mecanismos-com-o-sebraetec-ni\/"]}]},{"@type":"ImageObject","inLanguage":"pt-BR","@id":"https:\/\/anprotec.org.br\/conferencia2023\/roda-de-conversa-da-conferencia-anprotec-trata-sobre-estruturacao-e-gestao-de-mecanismos-com-o-sebraetec-ni\/#primaryimage","url":"https:\/\/anprotec.org.br\/conferencia2023\/wp-content\/uploads\/2023\/11\/home-1.png","contentUrl":"https:\/\/anprotec.org.br\/conferencia2023\/wp-content\/uploads\/2023\/11\/home-1.png","width":640,"height":400},{"@type":"BreadcrumbList","@id":"https:\/\/anprotec.org.br\/conferencia2023\/roda-de-conversa-da-conferencia-anprotec-trata-sobre-estruturacao-e-gestao-de-mecanismos-com-o-sebraetec-ni\/#breadcrumb","itemListElement":[{"@type":"ListItem","position":1,"name":"In\u00edcio","item":"https:\/\/anprotec.org.br\/conferencia2023\/"},{"@type":"ListItem","position":2,"name":"Roda de Conversa da Confer\u00eancia Anprotec trata sobre Estrutura\u00e7\u00e3o e Gest\u00e3o de Mecanismos com o Sebraetec NI"}]},{"@type":"WebSite","@id":"https:\/\/anprotec.org.br\/conferencia2023\/#website","url":"https:\/\/anprotec.org.br\/conferencia2023\/","name":"Confer\u00eancia 2023 Anprotec","description":"","publisher":{"@id":"https:\/\/anprotec.org.br\/conferencia2023\/#organization"},"potentialAction":[{"@type":"SearchAction","target":{"@type":"EntryPoint","urlTemplate":"https:\/\/anprotec.org.br\/conferencia2023\/?s={search_term_string}"},"query-input":"required name=search_term_string"}],"inLanguage":"pt-BR"},{"@type":"Organization","@id":"https:\/\/anprotec.org.br\/conferencia2023\/#organization","name":"Confer\u00eancia 2023 Anprotec","url":"https:\/\/anprotec.org.br\/conferencia2023\/","logo":{"@type":"ImageObject","inLanguage":"pt-BR","@id":"https:\/\/anprotec.org.br\/conferencia2023\/#\/schema\/logo\/image\/","url":"","contentUrl":"","caption":"Confer\u00eancia 2023 Anprotec"},"image":{"@id":"https:\/\/anprotec.org.br\/conferencia2023\/#\/schema\/logo\/image\/"}},{"@type":"Person","@id":"https:\/\/anprotec.org.br\/conferencia2023\/#\/schema\/person\/7ce1d54c6005e7d21795bc5e974e2f9f","name":"admin","image":{"@type":"ImageObject","inLanguage":"pt-BR","@id":"https:\/\/anprotec.org.br\/conferencia2023\/#\/schema\/person\/image\/","url":"https:\/\/secure.gravatar.com\/avatar\/245112798fe6695640d096a325e40ea81b35fc9cdce454a7fa617ee832539b58?s=96&d=mm&r=g","contentUrl":"https:\/\/secure.gravatar.com\/avatar\/245112798fe6695640d096a325e40ea81b35fc9cdce454a7fa617ee832539b58?s=96&d=mm&r=g","caption":"admin"},"sameAs":["https:\/\/anprotec.org.br\/conferencia2023"],"url":"https:\/\/anprotec.org.br\/conferencia2023\/author\/admin\/"}]}},"_links":{"self":[{"href":"https:\/\/anprotec.org.br\/conferencia2023\/wp-json\/wp\/v2\/posts\/3715","targetHints":{"allow":["GET"]}}],"collection":[{"href":"https:\/\/anprotec.org.br\/conferencia2023\/wp-json\/wp\/v2\/posts"}],"about":[{"href":"https:\/\/anprotec.org.br\/conferencia2023\/wp-json\/wp\/v2\/types\/post"}],"author":[{"embeddable":true,"href":"https:\/\/anprotec.org.br\/conferencia2023\/wp-json\/wp\/v2\/users\/1"}],"replies":[{"embeddable":true,"href":"https:\/\/anprotec.org.br\/conferencia2023\/wp-json\/wp\/v2\/comments?post=3715"}],"version-history":[{"count":1,"href":"https:\/\/anprotec.org.br\/conferencia2023\/wp-json\/wp\/v2\/posts\/3715\/revisions"}],"predecessor-version":[{"id":3720,"href":"https:\/\/anprotec.org.br\/conferencia2023\/wp-json\/wp\/v2\/posts\/3715\/revisions\/3720"}],"wp:featuredmedia":[{"embeddable":true,"href":"https:\/\/anprotec.org.br\/conferencia2023\/wp-json\/wp\/v2\/media\/3719"}],"wp:attachment":[{"href":"https:\/\/anprotec.org.br\/conferencia2023\/wp-json\/wp\/v2\/media?parent=3715"}],"wp:term":[{"taxonomy":"category","embeddable":true,"href":"https:\/\/anprotec.org.br\/conferencia2023\/wp-json\/wp\/v2\/categories?post=3715"},{"taxonomy":"post_tag","embeddable":true,"href":"https:\/\/anprotec.org.br\/conferencia2023\/wp-json\/wp\/v2\/tags?post=3715"}],"curies":[{"name":"wp","href":"https:\/\/api.w.org\/{rel}","templated":true}]}}