{"id":3569,"date":"2023-11-01T18:05:09","date_gmt":"2023-11-01T21:05:09","guid":{"rendered":"https:\/\/anprotec.org.br\/conferencia2023\/?p=3569"},"modified":"2023-11-03T11:09:59","modified_gmt":"2023-11-03T14:09:59","slug":"descubra-as-plenarias-da-33a-conferencia-anprotec-explorando-o-tema-inovacao-e-sociedade","status":"publish","type":"post","link":"https:\/\/anprotec.org.br\/conferencia2023\/descubra-as-plenarias-da-33a-conferencia-anprotec-explorando-o-tema-inovacao-e-sociedade\/","title":{"rendered":"Descubra as Plen\u00e1rias da 33\u00aa Confer\u00eancia Anprotec: explorando o tema Inova\u00e7\u00e3o e Sociedade"},"content":{"rendered":"\t\t<div data-elementor-type=\"wp-post\" data-elementor-id=\"3569\" class=\"elementor elementor-3569\">\n\t\t\t\t\t\t<section class=\"ob-is-breaking-bad elementor-section elementor-top-section elementor-element elementor-element-26356ad6 elementor-section-boxed elementor-section-height-default elementor-section-height-default\" data-id=\"26356ad6\" data-element_type=\"section\" data-settings=\"{&quot;jet_parallax_layout_list&quot;:[],&quot;_ob_bbad_use_it&quot;:&quot;yes&quot;,&quot;_ob_bbad_sssic_use&quot;:&quot;no&quot;}\">\n\t\t\t\t\t\t<div class=\"elementor-container elementor-column-gap-no\">\n\t\t\t\t\t<div class=\"elementor-column elementor-col-100 elementor-top-column elementor-element elementor-element-1396cb57\" data-id=\"1396cb57\" data-element_type=\"column\" data-settings=\"{&quot;_ob_bbad_is_stalker&quot;:&quot;no&quot;}\">\n\t\t\t<div class=\"elementor-widget-wrap elementor-element-populated\">\n\t\t\t\t\t\t<div class=\"elementor-element elementor-element-7138876 elementor-widget elementor-widget-text-editor\" data-id=\"7138876\" data-element_type=\"widget\" data-widget_type=\"text-editor.default\">\n\t\t\t\t<div class=\"elementor-widget-container\">\n\t\t\t\t\t\t\t<p>A 33\u00aa Confer\u00eancia Anprotec est\u00e1 prestes a come\u00e7ar, e com ela, trazemos uma sele\u00e7\u00e3o imperd\u00edvel de plen\u00e1rias que ir\u00e3o aprofundar a discuss\u00e3o sobre &#8220;Inova\u00e7\u00e3o e Sociedade: Tecnologias Emergentes e a Transforma\u00e7\u00e3o do Empreendedorismo&#8221;. Prepare-se para se inspirar, aprender e interagir com alguns dos maiores nomes do cen\u00e1rio de inova\u00e7\u00e3o. Confira a programa\u00e7\u00e3o das plen\u00e1rias:<\/p>\n<p>\u00a0<\/p>\t\t\t\t\t\t<\/div>\n\t\t\t\t<\/div>\n\t\t\t\t<section class=\"ob-is-breaking-bad ob-bb-inner elementor-section elementor-inner-section elementor-element elementor-element-0d0f699 elementor-section-full_width elementor-reverse-mobile elementor-section-height-default elementor-section-height-default\" data-id=\"0d0f699\" data-element_type=\"section\" data-settings=\"{&quot;jet_parallax_layout_list&quot;:[],&quot;_ob_bbad_use_it&quot;:&quot;yes&quot;,&quot;_ob_bbad_sssic_use&quot;:&quot;no&quot;}\">\n\t\t\t\t\t\t<div class=\"elementor-container elementor-column-gap-no\">\n\t\t\t\t\t<div class=\"elementor-column elementor-col-50 elementor-inner-column elementor-element elementor-element-d519e3d\" data-id=\"d519e3d\" data-element_type=\"column\" data-settings=\"{&quot;_ob_bbad_is_stalker&quot;:&quot;no&quot;}\">\n\t\t\t<div class=\"elementor-widget-wrap elementor-element-populated\">\n\t\t\t\t\t\t<div class=\"elementor-element elementor-element-5c75b33 elementor-widget elementor-widget-text-editor\" data-id=\"5c75b33\" data-element_type=\"widget\" data-widget_type=\"text-editor.default\">\n\t\t\t\t<div class=\"elementor-widget-container\">\n\t\t\t\t\t\t\t<p><strong>Plen\u00e1ria de Abertura &#8211; 6\/11 \u00e0s 19h<\/strong><\/p>\n<p><!-- \/wp:paragraph --><!-- wp:list --><\/p>\n<ul><!-- wp:list-item -->\n<li><em>Startups, Inova\u00e7\u00e3o e Desafios Socioambientais<\/em><br \/>Palestrante: Kauan Von Novack, da Startupbootcamp<\/li>\n<!-- \/wp:list-item --><\/ul>\n<p><!-- \/wp:list --><!-- wp:paragraph --><\/p>\t\t\t\t\t\t<\/div>\n\t\t\t\t<\/div>\n\t\t\t\t\t<\/div>\n\t\t<\/div>\n\t\t\t\t<div class=\"elementor-column elementor-col-50 elementor-inner-column elementor-element elementor-element-e8a9262\" data-id=\"e8a9262\" data-element_type=\"column\" data-settings=\"{&quot;_ob_bbad_is_stalker&quot;:&quot;no&quot;}\">\n\t\t\t<div class=\"elementor-widget-wrap elementor-element-populated\">\n\t\t\t\t\t\t<div class=\"elementor-element elementor-element-262922a elementor-widget elementor-widget-image\" data-id=\"262922a\" data-element_type=\"widget\" data-widget_type=\"image.default\">\n\t\t\t\t<div class=\"elementor-widget-container\">\n\t\t\t\t\t\t\t\t\t\t\t\t\t<img fetchpriority=\"high\" decoding=\"async\" width=\"800\" height=\"800\" src=\"https:\/\/anprotec.org.br\/conferencia2023\/wp-content\/uploads\/2023\/11\/Card_Palestrantes_Kauan-Novack-1024x1024.png\" class=\"attachment-large size-large wp-image-3570\" alt=\"\" srcset=\"https:\/\/anprotec.org.br\/conferencia2023\/wp-content\/uploads\/2023\/11\/Card_Palestrantes_Kauan-Novack-1024x1024.png 1024w, https:\/\/anprotec.org.br\/conferencia2023\/wp-content\/uploads\/2023\/11\/Card_Palestrantes_Kauan-Novack-300x300.png 300w, https:\/\/anprotec.org.br\/conferencia2023\/wp-content\/uploads\/2023\/11\/Card_Palestrantes_Kauan-Novack-150x150.png 150w, https:\/\/anprotec.org.br\/conferencia2023\/wp-content\/uploads\/2023\/11\/Card_Palestrantes_Kauan-Novack-768x768.png 768w, https:\/\/anprotec.org.br\/conferencia2023\/wp-content\/uploads\/2023\/11\/Card_Palestrantes_Kauan-Novack.png 1080w\" sizes=\"(max-width: 800px) 100vw, 800px\" \/>\t\t\t\t\t\t\t\t\t\t\t\t\t<\/div>\n\t\t\t\t<\/div>\n\t\t\t\t\t<\/div>\n\t\t<\/div>\n\t\t\t\t\t<\/div>\n\t\t<\/section>\n\t\t\t\t<section class=\"ob-is-breaking-bad ob-bb-inner elementor-section elementor-inner-section elementor-element elementor-element-335c602 elementor-section-full_width elementor-section-height-default elementor-section-height-default\" data-id=\"335c602\" data-element_type=\"section\" data-settings=\"{&quot;jet_parallax_layout_list&quot;:[],&quot;_ob_bbad_use_it&quot;:&quot;yes&quot;,&quot;_ob_bbad_sssic_use&quot;:&quot;no&quot;}\">\n\t\t\t\t\t\t<div class=\"elementor-container elementor-column-gap-no\">\n\t\t\t\t\t<div class=\"elementor-column elementor-col-50 elementor-inner-column elementor-element elementor-element-389ec81\" data-id=\"389ec81\" data-element_type=\"column\" data-settings=\"{&quot;_ob_bbad_is_stalker&quot;:&quot;no&quot;}\">\n\t\t\t<div class=\"elementor-widget-wrap elementor-element-populated\">\n\t\t\t\t\t\t<div class=\"elementor-element elementor-element-7b64a74 elementor-widget elementor-widget-image\" data-id=\"7b64a74\" data-element_type=\"widget\" data-widget_type=\"image.default\">\n\t\t\t\t<div class=\"elementor-widget-container\">\n\t\t\t\t\t\t\t\t\t\t\t\t\t<img decoding=\"async\" width=\"800\" height=\"800\" src=\"https:\/\/anprotec.org.br\/conferencia2023\/wp-content\/uploads\/2023\/11\/2Plenaria-2-1024x1024.png\" class=\"attachment-large size-large wp-image-3571\" alt=\"\" srcset=\"https:\/\/anprotec.org.br\/conferencia2023\/wp-content\/uploads\/2023\/11\/2Plenaria-2-1024x1024.png 1024w, https:\/\/anprotec.org.br\/conferencia2023\/wp-content\/uploads\/2023\/11\/2Plenaria-2-300x300.png 300w, https:\/\/anprotec.org.br\/conferencia2023\/wp-content\/uploads\/2023\/11\/2Plenaria-2-150x150.png 150w, https:\/\/anprotec.org.br\/conferencia2023\/wp-content\/uploads\/2023\/11\/2Plenaria-2-768x768.png 768w, https:\/\/anprotec.org.br\/conferencia2023\/wp-content\/uploads\/2023\/11\/2Plenaria-2.png 1080w\" sizes=\"(max-width: 800px) 100vw, 800px\" \/>\t\t\t\t\t\t\t\t\t\t\t\t\t<\/div>\n\t\t\t\t<\/div>\n\t\t\t\t\t<\/div>\n\t\t<\/div>\n\t\t\t\t<div class=\"elementor-column elementor-col-50 elementor-inner-column elementor-element elementor-element-d3450ea\" data-id=\"d3450ea\" data-element_type=\"column\" data-settings=\"{&quot;_ob_bbad_is_stalker&quot;:&quot;no&quot;}\">\n\t\t\t<div class=\"elementor-widget-wrap elementor-element-populated\">\n\t\t\t\t\t\t<div class=\"elementor-element elementor-element-e6218a0 elementor-widget elementor-widget-text-editor\" data-id=\"e6218a0\" data-element_type=\"widget\" data-widget_type=\"text-editor.default\">\n\t\t\t\t<div class=\"elementor-widget-container\">\n\t\t\t\t\t\t\t<p><strong>Plen\u00e1ria 2 &#8211; 7\/11 \u00e0s 14h<\/strong><\/p>\n<p><!-- \/wp:paragraph --><!-- wp:list --><\/p>\n<ul><!-- wp:list-item -->\n<li><em>Fomento ao Empreendedorismo Feminino no Brasil<\/em><br \/>Palestrante: Franklin Luzes Junior, da Microsoft<br \/>Modera\u00e7\u00e3o: Rosana Jamal Fernandes, da Anprotec<\/li>\n<!-- \/wp:list-item --><\/ul>\n<p><!-- \/wp:list --><!-- wp:paragraph --><\/p>\t\t\t\t\t\t<\/div>\n\t\t\t\t<\/div>\n\t\t\t\t\t<\/div>\n\t\t<\/div>\n\t\t\t\t\t<\/div>\n\t\t<\/section>\n\t\t\t\t<section class=\"ob-is-breaking-bad ob-bb-inner elementor-section elementor-inner-section elementor-element elementor-element-aad0668 elementor-section-full_width elementor-reverse-mobile elementor-section-height-default elementor-section-height-default\" data-id=\"aad0668\" data-element_type=\"section\" data-settings=\"{&quot;jet_parallax_layout_list&quot;:[],&quot;_ob_bbad_use_it&quot;:&quot;yes&quot;,&quot;_ob_bbad_sssic_use&quot;:&quot;no&quot;}\">\n\t\t\t\t\t\t<div class=\"elementor-container elementor-column-gap-no\">\n\t\t\t\t\t<div class=\"elementor-column elementor-col-50 elementor-inner-column elementor-element elementor-element-77f0d1c\" data-id=\"77f0d1c\" data-element_type=\"column\" data-settings=\"{&quot;_ob_bbad_is_stalker&quot;:&quot;no&quot;}\">\n\t\t\t<div class=\"elementor-widget-wrap elementor-element-populated\">\n\t\t\t\t\t\t<div class=\"elementor-element elementor-element-026817b elementor-widget elementor-widget-text-editor\" data-id=\"026817b\" data-element_type=\"widget\" data-widget_type=\"text-editor.default\">\n\t\t\t\t<div class=\"elementor-widget-container\">\n\t\t\t\t\t\t\t<p><strong>Plen\u00e1ria 3 &#8211; 7\/11 \u00e0s 14h<\/strong><\/p>\n<p><!-- \/wp:paragraph --><!-- wp:list --><\/p>\n<ul><!-- wp:list-item -->\n<li><em>Amaz\u00f4nia de Dentro para Fora: Conex\u00f5es e Desenvolvimento de Parcerias com o Ecossistema da Maior Floresta do Mundo<\/em><br \/>Palestrante: Mayra Castro, da Invest Amaz\u00f4nia<\/li>\n<!-- \/wp:list-item --><\/ul>\n<p><!-- \/wp:list --><!-- wp:paragraph --><\/p>\n<ul><!-- \/wp:list-item --><\/ul>\n<p><!-- \/wp:list --><!-- wp:paragraph --><\/p>\t\t\t\t\t\t<\/div>\n\t\t\t\t<\/div>\n\t\t\t\t\t<\/div>\n\t\t<\/div>\n\t\t\t\t<div class=\"elementor-column elementor-col-50 elementor-inner-column elementor-element elementor-element-d18b074\" data-id=\"d18b074\" data-element_type=\"column\" data-settings=\"{&quot;_ob_bbad_is_stalker&quot;:&quot;no&quot;}\">\n\t\t\t<div class=\"elementor-widget-wrap elementor-element-populated\">\n\t\t\t\t\t\t<div class=\"elementor-element elementor-element-9679608 elementor-widget elementor-widget-image\" data-id=\"9679608\" data-element_type=\"widget\" data-widget_type=\"image.default\">\n\t\t\t\t<div class=\"elementor-widget-container\">\n\t\t\t\t\t\t\t\t\t\t\t\t\t<img decoding=\"async\" width=\"800\" height=\"800\" src=\"https:\/\/anprotec.org.br\/conferencia2023\/wp-content\/uploads\/2023\/11\/3Plenaria-3-1024x1024.png\" class=\"attachment-large size-large wp-image-3572\" alt=\"\" srcset=\"https:\/\/anprotec.org.br\/conferencia2023\/wp-content\/uploads\/2023\/11\/3Plenaria-3-1024x1024.png 1024w, https:\/\/anprotec.org.br\/conferencia2023\/wp-content\/uploads\/2023\/11\/3Plenaria-3-300x300.png 300w, https:\/\/anprotec.org.br\/conferencia2023\/wp-content\/uploads\/2023\/11\/3Plenaria-3-150x150.png 150w, https:\/\/anprotec.org.br\/conferencia2023\/wp-content\/uploads\/2023\/11\/3Plenaria-3-768x768.png 768w, https:\/\/anprotec.org.br\/conferencia2023\/wp-content\/uploads\/2023\/11\/3Plenaria-3.png 1080w\" sizes=\"(max-width: 800px) 100vw, 800px\" \/>\t\t\t\t\t\t\t\t\t\t\t\t\t<\/div>\n\t\t\t\t<\/div>\n\t\t\t\t\t<\/div>\n\t\t<\/div>\n\t\t\t\t\t<\/div>\n\t\t<\/section>\n\t\t\t\t<section class=\"ob-is-breaking-bad ob-bb-inner elementor-section elementor-inner-section elementor-element elementor-element-c1969df elementor-section-full_width elementor-section-height-default elementor-section-height-default\" data-id=\"c1969df\" data-element_type=\"section\" data-settings=\"{&quot;jet_parallax_layout_list&quot;:[],&quot;_ob_bbad_use_it&quot;:&quot;yes&quot;,&quot;_ob_bbad_sssic_use&quot;:&quot;no&quot;}\">\n\t\t\t\t\t\t<div class=\"elementor-container elementor-column-gap-no\">\n\t\t\t\t\t<div class=\"elementor-column elementor-col-50 elementor-inner-column elementor-element elementor-element-dc144d5\" data-id=\"dc144d5\" data-element_type=\"column\" data-settings=\"{&quot;_ob_bbad_is_stalker&quot;:&quot;no&quot;}\">\n\t\t\t<div class=\"elementor-widget-wrap elementor-element-populated\">\n\t\t\t\t\t\t<div class=\"elementor-element elementor-element-e544d5f elementor-widget elementor-widget-image\" data-id=\"e544d5f\" data-element_type=\"widget\" data-widget_type=\"image.default\">\n\t\t\t\t<div class=\"elementor-widget-container\">\n\t\t\t\t\t\t\t\t\t\t\t\t\t<img decoding=\"async\" width=\"800\" height=\"800\" src=\"https:\/\/anprotec.org.br\/conferencia2023\/wp-content\/uploads\/2023\/11\/2Plenaria-2-1024x1024.png\" class=\"attachment-large size-large wp-image-3571\" alt=\"\" srcset=\"https:\/\/anprotec.org.br\/conferencia2023\/wp-content\/uploads\/2023\/11\/2Plenaria-2-1024x1024.png 1024w, https:\/\/anprotec.org.br\/conferencia2023\/wp-content\/uploads\/2023\/11\/2Plenaria-2-300x300.png 300w, https:\/\/anprotec.org.br\/conferencia2023\/wp-content\/uploads\/2023\/11\/2Plenaria-2-150x150.png 150w, https:\/\/anprotec.org.br\/conferencia2023\/wp-content\/uploads\/2023\/11\/2Plenaria-2-768x768.png 768w, https:\/\/anprotec.org.br\/conferencia2023\/wp-content\/uploads\/2023\/11\/2Plenaria-2.png 1080w\" sizes=\"(max-width: 800px) 100vw, 800px\" \/>\t\t\t\t\t\t\t\t\t\t\t\t\t<\/div>\n\t\t\t\t<\/div>\n\t\t\t\t\t<\/div>\n\t\t<\/div>\n\t\t\t\t<div class=\"elementor-column elementor-col-50 elementor-inner-column elementor-element elementor-element-ae28e92\" data-id=\"ae28e92\" data-element_type=\"column\" data-settings=\"{&quot;_ob_bbad_is_stalker&quot;:&quot;no&quot;}\">\n\t\t\t<div class=\"elementor-widget-wrap elementor-element-populated\">\n\t\t\t\t\t\t<div class=\"elementor-element elementor-element-7e5a326 elementor-widget elementor-widget-text-editor\" data-id=\"7e5a326\" data-element_type=\"widget\" data-widget_type=\"text-editor.default\">\n\t\t\t\t<div class=\"elementor-widget-container\">\n\t\t\t\t\t\t\t<p><strong>Plen\u00e1ria 4 &#8211; 8\/11 \u00e0s 18h45<\/strong><\/p>\n<p><!-- \/wp:paragraph --><!-- wp:list --><\/p>\n<ul><!-- wp:list-item -->\n<li><em>Inova\u00e7\u00e3o e Empreendedorismo Enfrentando Desafios de Desenvolvimento Regional<\/em><br \/>Palestrante: Francisco Saboya, da Anprotec<\/li>\n<!-- \/wp:list-item --><\/ul>\n<p><!-- \/wp:list --><!-- wp:paragraph --><\/p>\n<ul><!-- \/wp:list-item --><\/ul>\n<p><!-- \/wp:list --><!-- wp:paragraph --><\/p>\t\t\t\t\t\t<\/div>\n\t\t\t\t<\/div>\n\t\t\t\t\t<\/div>\n\t\t<\/div>\n\t\t\t\t\t<\/div>\n\t\t<\/section>\n\t\t\t\t<div class=\"elementor-element elementor-element-47861464 elementor-widget elementor-widget-text-editor\" data-id=\"47861464\" data-element_type=\"widget\" data-widget_type=\"text-editor.default\">\n\t\t\t\t<div class=\"elementor-widget-container\">\n\t\t\t\t\t\t\t<p>Essas plen\u00e1rias oferecer\u00e3o insights valiosos sobre como as tecnologias emergentes est\u00e3o moldando o empreendedorismo no Brasil, abordando temas que v\u00e3o desde desafios socioambientais at\u00e9 o papel fundamental do empreendedorismo feminino e parcerias inovadoras na regi\u00e3o da Amaz\u00f4nia. Al\u00e9m disso, mergulharemos nas estrat\u00e9gias para enfrentar os desafios do desenvolvimento regional por meio da inova\u00e7\u00e3o.<\/p>\t\t\t\t\t\t<\/div>\n\t\t\t\t<\/div>\n\t\t\t\t\t<\/div>\n\t\t<\/div>\n\t\t\t\t\t<\/div>\n\t\t<\/section>\n\t\t\t\t<\/div>\n\t\t","protected":false},"excerpt":{"rendered":"<p>A 33\u00aa Confer\u00eancia Anprotec est\u00e1 prestes a come\u00e7ar, e com ela, trazemos uma sele\u00e7\u00e3o imperd\u00edvel de plen\u00e1rias que ir\u00e3o aprofundar a discuss\u00e3o sobre &#8220;Inova\u00e7\u00e3o e Sociedade: Tecnologias Emergentes e a Transforma\u00e7\u00e3o do Empreendedorismo&#8221;. Prepare-se para se inspirar, aprender e interagir com alguns dos maiores nomes do cen\u00e1rio de inova\u00e7\u00e3o. Confira a programa\u00e7\u00e3o das plen\u00e1rias: \u00a0 [&hellip;]<\/p>\n","protected":false},"author":2,"featured_media":0,"comment_status":"closed","ping_status":"open","sticky":false,"template":"","format":"standard","meta":{"footnotes":""},"categories":[1],"tags":[],"class_list":["post-3569","post","type-post","status-publish","format-standard","hentry","category-uncategorized"],"yoast_head":"<!-- This site is optimized with the Yoast SEO plugin v23.0 - https:\/\/yoast.com\/wordpress\/plugins\/seo\/ -->\n<title>Descubra as Plen\u00e1rias da 33\u00aa Confer\u00eancia Anprotec: explorando o tema Inova\u00e7\u00e3o e Sociedade - Confer\u00eancia 2023 Anprotec<\/title>\n<meta name=\"description\" content=\"Trazemos uma sele\u00e7\u00e3o imperd\u00edvel de plen\u00e1rias que ir\u00e3o aprofundar a discuss\u00e3o sobre &quot;Inova\u00e7\u00e3o e Sociedade: Tecnologias Emergentes e a Transforma\u00e7\u00e3o do Empreendedorismo&quot;.\" \/>\n<meta name=\"robots\" content=\"index, follow, max-snippet:-1, max-image-preview:large, max-video-preview:-1\" \/>\n<link rel=\"canonical\" href=\"https:\/\/anprotec.org.br\/conferencia2023\/descubra-as-plenarias-da-33a-conferencia-anprotec-explorando-o-tema-inovacao-e-sociedade\/\" \/>\n<meta property=\"og:locale\" content=\"pt_BR\" \/>\n<meta property=\"og:type\" content=\"article\" \/>\n<meta property=\"og:title\" content=\"Descubra as Plen\u00e1rias da 33\u00aa Confer\u00eancia Anprotec: explorando o tema Inova\u00e7\u00e3o e Sociedade - Confer\u00eancia 2023 Anprotec\" \/>\n<meta property=\"og:description\" content=\"Trazemos uma sele\u00e7\u00e3o imperd\u00edvel de plen\u00e1rias que ir\u00e3o aprofundar a discuss\u00e3o sobre &quot;Inova\u00e7\u00e3o e Sociedade: Tecnologias Emergentes e a Transforma\u00e7\u00e3o do Empreendedorismo&quot;.\" \/>\n<meta property=\"og:url\" content=\"https:\/\/anprotec.org.br\/conferencia2023\/descubra-as-plenarias-da-33a-conferencia-anprotec-explorando-o-tema-inovacao-e-sociedade\/\" \/>\n<meta property=\"og:site_name\" content=\"Confer\u00eancia 2023 Anprotec\" \/>\n<meta property=\"article:published_time\" content=\"2023-11-01T21:05:09+00:00\" \/>\n<meta property=\"article:modified_time\" content=\"2023-11-03T14:09:59+00:00\" \/>\n<meta property=\"og:image\" content=\"https:\/\/anprotec.org.br\/conferencia2023\/wp-content\/uploads\/2023\/11\/Card_Palestrantes_Kauan-Novack-1024x1024.png\" \/>\n<meta name=\"author\" content=\"Lucas\" \/>\n<meta name=\"twitter:card\" content=\"summary_large_image\" \/>\n<meta name=\"twitter:label1\" content=\"Escrito por\" \/>\n\t<meta name=\"twitter:data1\" content=\"Lucas\" \/>\n\t<meta name=\"twitter:label2\" content=\"Est. tempo de leitura\" \/>\n\t<meta name=\"twitter:data2\" content=\"2 minutos\" \/>\n<script type=\"application\/ld+json\" class=\"yoast-schema-graph\">{\"@context\":\"https:\/\/schema.org\",\"@graph\":[{\"@type\":\"Article\",\"@id\":\"https:\/\/anprotec.org.br\/conferencia2023\/descubra-as-plenarias-da-33a-conferencia-anprotec-explorando-o-tema-inovacao-e-sociedade\/#article\",\"isPartOf\":{\"@id\":\"https:\/\/anprotec.org.br\/conferencia2023\/descubra-as-plenarias-da-33a-conferencia-anprotec-explorando-o-tema-inovacao-e-sociedade\/\"},\"author\":{\"name\":\"Lucas\",\"@id\":\"https:\/\/anprotec.org.br\/conferencia2023\/#\/schema\/person\/f70fdc2481c5ea61387acef3e2d0c21e\"},\"headline\":\"Descubra as Plen\u00e1rias da 33\u00aa Confer\u00eancia Anprotec: explorando o tema Inova\u00e7\u00e3o e Sociedade\",\"datePublished\":\"2023-11-01T21:05:09+00:00\",\"dateModified\":\"2023-11-03T14:09:59+00:00\",\"mainEntityOfPage\":{\"@id\":\"https:\/\/anprotec.org.br\/conferencia2023\/descubra-as-plenarias-da-33a-conferencia-anprotec-explorando-o-tema-inovacao-e-sociedade\/\"},\"wordCount\":236,\"publisher\":{\"@id\":\"https:\/\/anprotec.org.br\/conferencia2023\/#organization\"},\"image\":{\"@id\":\"https:\/\/anprotec.org.br\/conferencia2023\/descubra-as-plenarias-da-33a-conferencia-anprotec-explorando-o-tema-inovacao-e-sociedade\/#primaryimage\"},\"thumbnailUrl\":\"https:\/\/anprotec.org.br\/conferencia2023\/wp-content\/uploads\/2023\/11\/Card_Palestrantes_Kauan-Novack-1024x1024.png\",\"articleSection\":[\"Uncategorized\"],\"inLanguage\":\"pt-BR\"},{\"@type\":\"WebPage\",\"@id\":\"https:\/\/anprotec.org.br\/conferencia2023\/descubra-as-plenarias-da-33a-conferencia-anprotec-explorando-o-tema-inovacao-e-sociedade\/\",\"url\":\"https:\/\/anprotec.org.br\/conferencia2023\/descubra-as-plenarias-da-33a-conferencia-anprotec-explorando-o-tema-inovacao-e-sociedade\/\",\"name\":\"Descubra as Plen\u00e1rias da 33\u00aa Confer\u00eancia Anprotec: explorando o tema Inova\u00e7\u00e3o e Sociedade - Confer\u00eancia 2023 Anprotec\",\"isPartOf\":{\"@id\":\"https:\/\/anprotec.org.br\/conferencia2023\/#website\"},\"primaryImageOfPage\":{\"@id\":\"https:\/\/anprotec.org.br\/conferencia2023\/descubra-as-plenarias-da-33a-conferencia-anprotec-explorando-o-tema-inovacao-e-sociedade\/#primaryimage\"},\"image\":{\"@id\":\"https:\/\/anprotec.org.br\/conferencia2023\/descubra-as-plenarias-da-33a-conferencia-anprotec-explorando-o-tema-inovacao-e-sociedade\/#primaryimage\"},\"thumbnailUrl\":\"https:\/\/anprotec.org.br\/conferencia2023\/wp-content\/uploads\/2023\/11\/Card_Palestrantes_Kauan-Novack-1024x1024.png\",\"datePublished\":\"2023-11-01T21:05:09+00:00\",\"dateModified\":\"2023-11-03T14:09:59+00:00\",\"description\":\"Trazemos uma sele\u00e7\u00e3o imperd\u00edvel de plen\u00e1rias que ir\u00e3o aprofundar a discuss\u00e3o sobre \\\"Inova\u00e7\u00e3o e Sociedade: Tecnologias Emergentes e a Transforma\u00e7\u00e3o do Empreendedorismo\\\".\",\"breadcrumb\":{\"@id\":\"https:\/\/anprotec.org.br\/conferencia2023\/descubra-as-plenarias-da-33a-conferencia-anprotec-explorando-o-tema-inovacao-e-sociedade\/#breadcrumb\"},\"inLanguage\":\"pt-BR\",\"potentialAction\":[{\"@type\":\"ReadAction\",\"target\":[\"https:\/\/anprotec.org.br\/conferencia2023\/descubra-as-plenarias-da-33a-conferencia-anprotec-explorando-o-tema-inovacao-e-sociedade\/\"]}]},{\"@type\":\"ImageObject\",\"inLanguage\":\"pt-BR\",\"@id\":\"https:\/\/anprotec.org.br\/conferencia2023\/descubra-as-plenarias-da-33a-conferencia-anprotec-explorando-o-tema-inovacao-e-sociedade\/#primaryimage\",\"url\":\"https:\/\/anprotec.org.br\/conferencia2023\/wp-content\/uploads\/2023\/11\/Card_Palestrantes_Kauan-Novack.png\",\"contentUrl\":\"https:\/\/anprotec.org.br\/conferencia2023\/wp-content\/uploads\/2023\/11\/Card_Palestrantes_Kauan-Novack.png\",\"width\":1080,\"height\":1080},{\"@type\":\"BreadcrumbList\",\"@id\":\"https:\/\/anprotec.org.br\/conferencia2023\/descubra-as-plenarias-da-33a-conferencia-anprotec-explorando-o-tema-inovacao-e-sociedade\/#breadcrumb\",\"itemListElement\":[{\"@type\":\"ListItem\",\"position\":1,\"name\":\"In\u00edcio\",\"item\":\"https:\/\/anprotec.org.br\/conferencia2023\/\"},{\"@type\":\"ListItem\",\"position\":2,\"name\":\"Descubra as Plen\u00e1rias da 33\u00aa Confer\u00eancia Anprotec: explorando o tema Inova\u00e7\u00e3o e Sociedade\"}]},{\"@type\":\"WebSite\",\"@id\":\"https:\/\/anprotec.org.br\/conferencia2023\/#website\",\"url\":\"https:\/\/anprotec.org.br\/conferencia2023\/\",\"name\":\"Confer\u00eancia 2023 Anprotec\",\"description\":\"\",\"publisher\":{\"@id\":\"https:\/\/anprotec.org.br\/conferencia2023\/#organization\"},\"potentialAction\":[{\"@type\":\"SearchAction\",\"target\":{\"@type\":\"EntryPoint\",\"urlTemplate\":\"https:\/\/anprotec.org.br\/conferencia2023\/?s={search_term_string}\"},\"query-input\":\"required name=search_term_string\"}],\"inLanguage\":\"pt-BR\"},{\"@type\":\"Organization\",\"@id\":\"https:\/\/anprotec.org.br\/conferencia2023\/#organization\",\"name\":\"Confer\u00eancia 2023 Anprotec\",\"url\":\"https:\/\/anprotec.org.br\/conferencia2023\/\",\"logo\":{\"@type\":\"ImageObject\",\"inLanguage\":\"pt-BR\",\"@id\":\"https:\/\/anprotec.org.br\/conferencia2023\/#\/schema\/logo\/image\/\",\"url\":\"\",\"contentUrl\":\"\",\"caption\":\"Confer\u00eancia 2023 Anprotec\"},\"image\":{\"@id\":\"https:\/\/anprotec.org.br\/conferencia2023\/#\/schema\/logo\/image\/\"}},{\"@type\":\"Person\",\"@id\":\"https:\/\/anprotec.org.br\/conferencia2023\/#\/schema\/person\/f70fdc2481c5ea61387acef3e2d0c21e\",\"name\":\"Lucas\",\"image\":{\"@type\":\"ImageObject\",\"inLanguage\":\"pt-BR\",\"@id\":\"https:\/\/anprotec.org.br\/conferencia2023\/#\/schema\/person\/image\/\",\"url\":\"https:\/\/secure.gravatar.com\/avatar\/1b2a0158c7eec64db38a0ff9b80f9095cf8fd55dafa6cc20656ff31027848637?s=96&d=mm&r=g\",\"contentUrl\":\"https:\/\/secure.gravatar.com\/avatar\/1b2a0158c7eec64db38a0ff9b80f9095cf8fd55dafa6cc20656ff31027848637?s=96&d=mm&r=g\",\"caption\":\"Lucas\"},\"url\":\"https:\/\/anprotec.org.br\/conferencia2023\/author\/lucas\/\"}]}<\/script>\n<!-- \/ Yoast SEO plugin. -->","yoast_head_json":{"title":"Descubra as Plen\u00e1rias da 33\u00aa Confer\u00eancia Anprotec: explorando o tema Inova\u00e7\u00e3o e Sociedade - Confer\u00eancia 2023 Anprotec","description":"Trazemos uma sele\u00e7\u00e3o imperd\u00edvel de plen\u00e1rias que ir\u00e3o aprofundar a discuss\u00e3o sobre \"Inova\u00e7\u00e3o e Sociedade: Tecnologias Emergentes e a Transforma\u00e7\u00e3o do Empreendedorismo\".","robots":{"index":"index","follow":"follow","max-snippet":"max-snippet:-1","max-image-preview":"max-image-preview:large","max-video-preview":"max-video-preview:-1"},"canonical":"https:\/\/anprotec.org.br\/conferencia2023\/descubra-as-plenarias-da-33a-conferencia-anprotec-explorando-o-tema-inovacao-e-sociedade\/","og_locale":"pt_BR","og_type":"article","og_title":"Descubra as Plen\u00e1rias da 33\u00aa Confer\u00eancia Anprotec: explorando o tema Inova\u00e7\u00e3o e Sociedade - Confer\u00eancia 2023 Anprotec","og_description":"Trazemos uma sele\u00e7\u00e3o imperd\u00edvel de plen\u00e1rias que ir\u00e3o aprofundar a discuss\u00e3o sobre \"Inova\u00e7\u00e3o e Sociedade: Tecnologias Emergentes e a Transforma\u00e7\u00e3o do Empreendedorismo\".","og_url":"https:\/\/anprotec.org.br\/conferencia2023\/descubra-as-plenarias-da-33a-conferencia-anprotec-explorando-o-tema-inovacao-e-sociedade\/","og_site_name":"Confer\u00eancia 2023 Anprotec","article_published_time":"2023-11-01T21:05:09+00:00","article_modified_time":"2023-11-03T14:09:59+00:00","og_image":[{"url":"https:\/\/anprotec.org.br\/conferencia2023\/wp-content\/uploads\/2023\/11\/Card_Palestrantes_Kauan-Novack-1024x1024.png"}],"author":"Lucas","twitter_card":"summary_large_image","twitter_misc":{"Escrito por":"Lucas","Est. tempo de leitura":"2 minutos"},"schema":{"@context":"https:\/\/schema.org","@graph":[{"@type":"Article","@id":"https:\/\/anprotec.org.br\/conferencia2023\/descubra-as-plenarias-da-33a-conferencia-anprotec-explorando-o-tema-inovacao-e-sociedade\/#article","isPartOf":{"@id":"https:\/\/anprotec.org.br\/conferencia2023\/descubra-as-plenarias-da-33a-conferencia-anprotec-explorando-o-tema-inovacao-e-sociedade\/"},"author":{"name":"Lucas","@id":"https:\/\/anprotec.org.br\/conferencia2023\/#\/schema\/person\/f70fdc2481c5ea61387acef3e2d0c21e"},"headline":"Descubra as Plen\u00e1rias da 33\u00aa Confer\u00eancia Anprotec: explorando o tema Inova\u00e7\u00e3o e Sociedade","datePublished":"2023-11-01T21:05:09+00:00","dateModified":"2023-11-03T14:09:59+00:00","mainEntityOfPage":{"@id":"https:\/\/anprotec.org.br\/conferencia2023\/descubra-as-plenarias-da-33a-conferencia-anprotec-explorando-o-tema-inovacao-e-sociedade\/"},"wordCount":236,"publisher":{"@id":"https:\/\/anprotec.org.br\/conferencia2023\/#organization"},"image":{"@id":"https:\/\/anprotec.org.br\/conferencia2023\/descubra-as-plenarias-da-33a-conferencia-anprotec-explorando-o-tema-inovacao-e-sociedade\/#primaryimage"},"thumbnailUrl":"https:\/\/anprotec.org.br\/conferencia2023\/wp-content\/uploads\/2023\/11\/Card_Palestrantes_Kauan-Novack-1024x1024.png","articleSection":["Uncategorized"],"inLanguage":"pt-BR"},{"@type":"WebPage","@id":"https:\/\/anprotec.org.br\/conferencia2023\/descubra-as-plenarias-da-33a-conferencia-anprotec-explorando-o-tema-inovacao-e-sociedade\/","url":"https:\/\/anprotec.org.br\/conferencia2023\/descubra-as-plenarias-da-33a-conferencia-anprotec-explorando-o-tema-inovacao-e-sociedade\/","name":"Descubra as Plen\u00e1rias da 33\u00aa Confer\u00eancia Anprotec: explorando o tema Inova\u00e7\u00e3o e Sociedade - Confer\u00eancia 2023 Anprotec","isPartOf":{"@id":"https:\/\/anprotec.org.br\/conferencia2023\/#website"},"primaryImageOfPage":{"@id":"https:\/\/anprotec.org.br\/conferencia2023\/descubra-as-plenarias-da-33a-conferencia-anprotec-explorando-o-tema-inovacao-e-sociedade\/#primaryimage"},"image":{"@id":"https:\/\/anprotec.org.br\/conferencia2023\/descubra-as-plenarias-da-33a-conferencia-anprotec-explorando-o-tema-inovacao-e-sociedade\/#primaryimage"},"thumbnailUrl":"https:\/\/anprotec.org.br\/conferencia2023\/wp-content\/uploads\/2023\/11\/Card_Palestrantes_Kauan-Novack-1024x1024.png","datePublished":"2023-11-01T21:05:09+00:00","dateModified":"2023-11-03T14:09:59+00:00","description":"Trazemos uma sele\u00e7\u00e3o imperd\u00edvel de plen\u00e1rias que ir\u00e3o aprofundar a discuss\u00e3o sobre \"Inova\u00e7\u00e3o e Sociedade: Tecnologias Emergentes e a Transforma\u00e7\u00e3o do Empreendedorismo\".","breadcrumb":{"@id":"https:\/\/anprotec.org.br\/conferencia2023\/descubra-as-plenarias-da-33a-conferencia-anprotec-explorando-o-tema-inovacao-e-sociedade\/#breadcrumb"},"inLanguage":"pt-BR","potentialAction":[{"@type":"ReadAction","target":["https:\/\/anprotec.org.br\/conferencia2023\/descubra-as-plenarias-da-33a-conferencia-anprotec-explorando-o-tema-inovacao-e-sociedade\/"]}]},{"@type":"ImageObject","inLanguage":"pt-BR","@id":"https:\/\/anprotec.org.br\/conferencia2023\/descubra-as-plenarias-da-33a-conferencia-anprotec-explorando-o-tema-inovacao-e-sociedade\/#primaryimage","url":"https:\/\/anprotec.org.br\/conferencia2023\/wp-content\/uploads\/2023\/11\/Card_Palestrantes_Kauan-Novack.png","contentUrl":"https:\/\/anprotec.org.br\/conferencia2023\/wp-content\/uploads\/2023\/11\/Card_Palestrantes_Kauan-Novack.png","width":1080,"height":1080},{"@type":"BreadcrumbList","@id":"https:\/\/anprotec.org.br\/conferencia2023\/descubra-as-plenarias-da-33a-conferencia-anprotec-explorando-o-tema-inovacao-e-sociedade\/#breadcrumb","itemListElement":[{"@type":"ListItem","position":1,"name":"In\u00edcio","item":"https:\/\/anprotec.org.br\/conferencia2023\/"},{"@type":"ListItem","position":2,"name":"Descubra as Plen\u00e1rias da 33\u00aa Confer\u00eancia Anprotec: explorando o tema Inova\u00e7\u00e3o e Sociedade"}]},{"@type":"WebSite","@id":"https:\/\/anprotec.org.br\/conferencia2023\/#website","url":"https:\/\/anprotec.org.br\/conferencia2023\/","name":"Confer\u00eancia 2023 Anprotec","description":"","publisher":{"@id":"https:\/\/anprotec.org.br\/conferencia2023\/#organization"},"potentialAction":[{"@type":"SearchAction","target":{"@type":"EntryPoint","urlTemplate":"https:\/\/anprotec.org.br\/conferencia2023\/?s={search_term_string}"},"query-input":"required name=search_term_string"}],"inLanguage":"pt-BR"},{"@type":"Organization","@id":"https:\/\/anprotec.org.br\/conferencia2023\/#organization","name":"Confer\u00eancia 2023 Anprotec","url":"https:\/\/anprotec.org.br\/conferencia2023\/","logo":{"@type":"ImageObject","inLanguage":"pt-BR","@id":"https:\/\/anprotec.org.br\/conferencia2023\/#\/schema\/logo\/image\/","url":"","contentUrl":"","caption":"Confer\u00eancia 2023 Anprotec"},"image":{"@id":"https:\/\/anprotec.org.br\/conferencia2023\/#\/schema\/logo\/image\/"}},{"@type":"Person","@id":"https:\/\/anprotec.org.br\/conferencia2023\/#\/schema\/person\/f70fdc2481c5ea61387acef3e2d0c21e","name":"Lucas","image":{"@type":"ImageObject","inLanguage":"pt-BR","@id":"https:\/\/anprotec.org.br\/conferencia2023\/#\/schema\/person\/image\/","url":"https:\/\/secure.gravatar.com\/avatar\/1b2a0158c7eec64db38a0ff9b80f9095cf8fd55dafa6cc20656ff31027848637?s=96&d=mm&r=g","contentUrl":"https:\/\/secure.gravatar.com\/avatar\/1b2a0158c7eec64db38a0ff9b80f9095cf8fd55dafa6cc20656ff31027848637?s=96&d=mm&r=g","caption":"Lucas"},"url":"https:\/\/anprotec.org.br\/conferencia2023\/author\/lucas\/"}]}},"_links":{"self":[{"href":"https:\/\/anprotec.org.br\/conferencia2023\/wp-json\/wp\/v2\/posts\/3569","targetHints":{"allow":["GET"]}}],"collection":[{"href":"https:\/\/anprotec.org.br\/conferencia2023\/wp-json\/wp\/v2\/posts"}],"about":[{"href":"https:\/\/anprotec.org.br\/conferencia2023\/wp-json\/wp\/v2\/types\/post"}],"author":[{"embeddable":true,"href":"https:\/\/anprotec.org.br\/conferencia2023\/wp-json\/wp\/v2\/users\/2"}],"replies":[{"embeddable":true,"href":"https:\/\/anprotec.org.br\/conferencia2023\/wp-json\/wp\/v2\/comments?post=3569"}],"version-history":[{"count":19,"href":"https:\/\/anprotec.org.br\/conferencia2023\/wp-json\/wp\/v2\/posts\/3569\/revisions"}],"predecessor-version":[{"id":3617,"href":"https:\/\/anprotec.org.br\/conferencia2023\/wp-json\/wp\/v2\/posts\/3569\/revisions\/3617"}],"wp:attachment":[{"href":"https:\/\/anprotec.org.br\/conferencia2023\/wp-json\/wp\/v2\/media?parent=3569"}],"wp:term":[{"taxonomy":"category","embeddable":true,"href":"https:\/\/anprotec.org.br\/conferencia2023\/wp-json\/wp\/v2\/categories?post=3569"},{"taxonomy":"post_tag","embeddable":true,"href":"https:\/\/anprotec.org.br\/conferencia2023\/wp-json\/wp\/v2\/tags?post=3569"}],"curies":[{"name":"wp","href":"https:\/\/api.w.org\/{rel}","templated":true}]}}