{"id":3499,"date":"2023-10-31T13:20:19","date_gmt":"2023-10-31T16:20:19","guid":{"rendered":"https:\/\/anprotec.org.br\/conferencia2023\/?p=3499"},"modified":"2023-10-31T17:09:50","modified_gmt":"2023-10-31T20:09:50","slug":"33a-conferencia-anprotec-tera-workshop-cerne-co-criacao-para-o-futuro","status":"publish","type":"post","link":"https:\/\/anprotec.org.br\/conferencia2023\/33a-conferencia-anprotec-tera-workshop-cerne-co-criacao-para-o-futuro\/","title":{"rendered":"33\u00aa Confer\u00eancia Anprotec ter\u00e1 &#8220;Workshop CERNE \u2013 Co-cria\u00e7\u00e3o para o Futuro&#8221;"},"content":{"rendered":"<div class=\"wp-block-image\">\n<figure class=\"aligncenter\"><img decoding=\"async\" src=\"https:\/\/anprotec.org.br\/site\/wp-content\/uploads\/2023\/10\/Card-Workshop_Prancheta-1-copia-6.png\" alt=\"\" class=\"wp-image-46303\"\/><\/figure>\n<\/div>\n\n\n<div style=\"height:35px\" aria-hidden=\"true\" class=\"wp-block-spacer\"><\/div>\n\n\n\n<p>Durante a Confer\u00eancia Anprotec 2023 acontecer\u00e1 no dia 8\/11,&nbsp; a sess\u00e3o \u201cWorkshop CERNE \u2013 Co-cria\u00e7\u00e3o para o Futuro\u201d.&nbsp; O objetivo do workshop \u00e9 definir coletivamente as diretrizes para o lan\u00e7amento do CERNE 2024: Processos e Pr\u00e1ticas; Certifica\u00e7\u00e3o; Sistema de Indicadores; Capacita\u00e7\u00f5es; dentre outras.<\/p>\n\n\n\n<p>O CERNE teve sua constru\u00e7\u00e3o coletiva iniciada em junho de 2007. A partir da\u00ed, foram lan\u00e7adas v\u00e1rias atualiza\u00e7\u00f5es. 2008, 2011, 2013, 2015 e 2018. Essa \u00faltima, foram feitas atualiza\u00e7\u00f5es expressivas em seus processos e pr\u00e1ticas.<\/p>\n\n\n\n<p>Em 2019, foram iniciadas discuss\u00f5es sobre a implementa\u00e7\u00e3o da Vers\u00e3o 2020 do CERNE, interrompidas pela PANDEMIA. Atualmente, dezenas de ambientes de inova\u00e7\u00f5es passaram pelo processo de \u201ccernifica\u00e7\u00e3o\u201d.&nbsp;<\/p>\n\n\n\n<p>Isto derivou muitos aprendizados que ainda n\u00e3o se encontram representados na vers\u00e3o 2018, demandando uma nova vers\u00e3o que os incorpore.<\/p>\n\n\n\n<p>Agora \u00e9 hora de focar no futuro do CERNE.<\/p>\n\n\n\n<p>Estrutura do Workshop:<\/p>\n\n\n\n<p>Durante o \u201cWorkshop CERNE \u2013 Co-cria\u00e7\u00e3o para o Futuro\u201d, a equipe Anprotec\/CERNE apresentar\u00e1 os resultados e li\u00e7\u00f5es aprendidas do CERNE at\u00e9 o momento. Ambientes e mecanismos de inova\u00e7\u00e3o \u201ccernificados\u201d v\u00e3o dividir a sua experi\u00eancia com o processo CERNE e os participantes trabalhar\u00e3o de forma colaborativa para iniciar a defini\u00e7\u00e3o da vers\u00e3o CERNE 2024.<\/p>\n\n\n\n<p>Mediadores: Filipe Martins e Marcos Suassuna<\/p>\n","protected":false},"excerpt":{"rendered":"<p>Durante a Confer\u00eancia Anprotec 2023 acontecer\u00e1 no dia 8\/11,&nbsp; a sess\u00e3o \u201cWorkshop CERNE \u2013 Co-cria\u00e7\u00e3o para o Futuro\u201d.&nbsp; O objetivo do workshop \u00e9 definir coletivamente as diretrizes para o lan\u00e7amento do CERNE 2024: Processos e Pr\u00e1ticas; Certifica\u00e7\u00e3o; Sistema de Indicadores; Capacita\u00e7\u00f5es; dentre outras. O CERNE teve sua constru\u00e7\u00e3o coletiva iniciada em junho de 2007. A [&hellip;]<\/p>\n","protected":false},"author":1,"featured_media":3500,"comment_status":"closed","ping_status":"open","sticky":false,"template":"","format":"standard","meta":{"footnotes":""},"categories":[1],"tags":[],"class_list":["post-3499","post","type-post","status-publish","format-standard","has-post-thumbnail","hentry","category-uncategorized"],"yoast_head":"<!-- This site is optimized with the Yoast SEO plugin v23.0 - https:\/\/yoast.com\/wordpress\/plugins\/seo\/ -->\n<title>33\u00aa Confer\u00eancia Anprotec ter\u00e1 &quot;Workshop CERNE \u2013 Co-cria\u00e7\u00e3o para o Futuro&quot; - Confer\u00eancia 2023 Anprotec<\/title>\n<meta name=\"robots\" content=\"index, follow, max-snippet:-1, max-image-preview:large, max-video-preview:-1\" \/>\n<link rel=\"canonical\" href=\"https:\/\/anprotec.org.br\/conferencia2023\/33a-conferencia-anprotec-tera-workshop-cerne-co-criacao-para-o-futuro\/\" \/>\n<meta property=\"og:locale\" content=\"pt_BR\" \/>\n<meta property=\"og:type\" content=\"article\" \/>\n<meta property=\"og:title\" content=\"33\u00aa Confer\u00eancia Anprotec ter\u00e1 &quot;Workshop CERNE \u2013 Co-cria\u00e7\u00e3o para o Futuro&quot; - Confer\u00eancia 2023 Anprotec\" \/>\n<meta property=\"og:description\" content=\"Durante a Confer\u00eancia Anprotec 2023 acontecer\u00e1 no dia 8\/11,&nbsp; a sess\u00e3o \u201cWorkshop CERNE \u2013 Co-cria\u00e7\u00e3o para o Futuro\u201d.&nbsp; O objetivo do workshop \u00e9 definir coletivamente as diretrizes para o lan\u00e7amento do CERNE 2024: Processos e Pr\u00e1ticas; Certifica\u00e7\u00e3o; Sistema de Indicadores; Capacita\u00e7\u00f5es; dentre outras. O CERNE teve sua constru\u00e7\u00e3o coletiva iniciada em junho de 2007. A [&hellip;]\" \/>\n<meta property=\"og:url\" content=\"https:\/\/anprotec.org.br\/conferencia2023\/33a-conferencia-anprotec-tera-workshop-cerne-co-criacao-para-o-futuro\/\" \/>\n<meta property=\"og:site_name\" content=\"Confer\u00eancia 2023 Anprotec\" \/>\n<meta property=\"article:published_time\" content=\"2023-10-31T16:20:19+00:00\" \/>\n<meta property=\"article:modified_time\" content=\"2023-10-31T20:09:50+00:00\" \/>\n<meta property=\"og:image\" content=\"https:\/\/anprotec.org.br\/conferencia2023\/wp-content\/uploads\/2023\/10\/Card-Workshop-08.png\" \/>\n\t<meta property=\"og:image:width\" content=\"640\" \/>\n\t<meta property=\"og:image:height\" content=\"400\" \/>\n\t<meta property=\"og:image:type\" content=\"image\/png\" \/>\n<meta name=\"author\" content=\"admin\" \/>\n<meta name=\"twitter:card\" content=\"summary_large_image\" \/>\n<meta name=\"twitter:label1\" content=\"Escrito por\" \/>\n\t<meta name=\"twitter:data1\" content=\"admin\" \/>\n\t<meta name=\"twitter:label2\" content=\"Est. tempo de leitura\" \/>\n\t<meta name=\"twitter:data2\" content=\"2 minutos\" \/>\n<script type=\"application\/ld+json\" class=\"yoast-schema-graph\">{\"@context\":\"https:\/\/schema.org\",\"@graph\":[{\"@type\":\"Article\",\"@id\":\"https:\/\/anprotec.org.br\/conferencia2023\/33a-conferencia-anprotec-tera-workshop-cerne-co-criacao-para-o-futuro\/#article\",\"isPartOf\":{\"@id\":\"https:\/\/anprotec.org.br\/conferencia2023\/33a-conferencia-anprotec-tera-workshop-cerne-co-criacao-para-o-futuro\/\"},\"author\":{\"name\":\"admin\",\"@id\":\"https:\/\/anprotec.org.br\/conferencia2023\/#\/schema\/person\/7ce1d54c6005e7d21795bc5e974e2f9f\"},\"headline\":\"33\u00aa Confer\u00eancia Anprotec ter\u00e1 &#8220;Workshop CERNE \u2013 Co-cria\u00e7\u00e3o para o Futuro&#8221;\",\"datePublished\":\"2023-10-31T16:20:19+00:00\",\"dateModified\":\"2023-10-31T20:09:50+00:00\",\"mainEntityOfPage\":{\"@id\":\"https:\/\/anprotec.org.br\/conferencia2023\/33a-conferencia-anprotec-tera-workshop-cerne-co-criacao-para-o-futuro\/\"},\"wordCount\":223,\"publisher\":{\"@id\":\"https:\/\/anprotec.org.br\/conferencia2023\/#organization\"},\"image\":{\"@id\":\"https:\/\/anprotec.org.br\/conferencia2023\/33a-conferencia-anprotec-tera-workshop-cerne-co-criacao-para-o-futuro\/#primaryimage\"},\"thumbnailUrl\":\"https:\/\/anprotec.org.br\/conferencia2023\/wp-content\/uploads\/2023\/10\/Card-Workshop-08.png\",\"articleSection\":[\"Uncategorized\"],\"inLanguage\":\"pt-BR\"},{\"@type\":\"WebPage\",\"@id\":\"https:\/\/anprotec.org.br\/conferencia2023\/33a-conferencia-anprotec-tera-workshop-cerne-co-criacao-para-o-futuro\/\",\"url\":\"https:\/\/anprotec.org.br\/conferencia2023\/33a-conferencia-anprotec-tera-workshop-cerne-co-criacao-para-o-futuro\/\",\"name\":\"33\u00aa Confer\u00eancia Anprotec ter\u00e1 \\\"Workshop CERNE \u2013 Co-cria\u00e7\u00e3o para o Futuro\\\" - Confer\u00eancia 2023 Anprotec\",\"isPartOf\":{\"@id\":\"https:\/\/anprotec.org.br\/conferencia2023\/#website\"},\"primaryImageOfPage\":{\"@id\":\"https:\/\/anprotec.org.br\/conferencia2023\/33a-conferencia-anprotec-tera-workshop-cerne-co-criacao-para-o-futuro\/#primaryimage\"},\"image\":{\"@id\":\"https:\/\/anprotec.org.br\/conferencia2023\/33a-conferencia-anprotec-tera-workshop-cerne-co-criacao-para-o-futuro\/#primaryimage\"},\"thumbnailUrl\":\"https:\/\/anprotec.org.br\/conferencia2023\/wp-content\/uploads\/2023\/10\/Card-Workshop-08.png\",\"datePublished\":\"2023-10-31T16:20:19+00:00\",\"dateModified\":\"2023-10-31T20:09:50+00:00\",\"breadcrumb\":{\"@id\":\"https:\/\/anprotec.org.br\/conferencia2023\/33a-conferencia-anprotec-tera-workshop-cerne-co-criacao-para-o-futuro\/#breadcrumb\"},\"inLanguage\":\"pt-BR\",\"potentialAction\":[{\"@type\":\"ReadAction\",\"target\":[\"https:\/\/anprotec.org.br\/conferencia2023\/33a-conferencia-anprotec-tera-workshop-cerne-co-criacao-para-o-futuro\/\"]}]},{\"@type\":\"ImageObject\",\"inLanguage\":\"pt-BR\",\"@id\":\"https:\/\/anprotec.org.br\/conferencia2023\/33a-conferencia-anprotec-tera-workshop-cerne-co-criacao-para-o-futuro\/#primaryimage\",\"url\":\"https:\/\/anprotec.org.br\/conferencia2023\/wp-content\/uploads\/2023\/10\/Card-Workshop-08.png\",\"contentUrl\":\"https:\/\/anprotec.org.br\/conferencia2023\/wp-content\/uploads\/2023\/10\/Card-Workshop-08.png\",\"width\":640,\"height\":400},{\"@type\":\"BreadcrumbList\",\"@id\":\"https:\/\/anprotec.org.br\/conferencia2023\/33a-conferencia-anprotec-tera-workshop-cerne-co-criacao-para-o-futuro\/#breadcrumb\",\"itemListElement\":[{\"@type\":\"ListItem\",\"position\":1,\"name\":\"In\u00edcio\",\"item\":\"https:\/\/anprotec.org.br\/conferencia2023\/\"},{\"@type\":\"ListItem\",\"position\":2,\"name\":\"33\u00aa Confer\u00eancia Anprotec ter\u00e1 &#8220;Workshop CERNE \u2013 Co-cria\u00e7\u00e3o para o Futuro&#8221;\"}]},{\"@type\":\"WebSite\",\"@id\":\"https:\/\/anprotec.org.br\/conferencia2023\/#website\",\"url\":\"https:\/\/anprotec.org.br\/conferencia2023\/\",\"name\":\"Confer\u00eancia 2023 Anprotec\",\"description\":\"\",\"publisher\":{\"@id\":\"https:\/\/anprotec.org.br\/conferencia2023\/#organization\"},\"potentialAction\":[{\"@type\":\"SearchAction\",\"target\":{\"@type\":\"EntryPoint\",\"urlTemplate\":\"https:\/\/anprotec.org.br\/conferencia2023\/?s={search_term_string}\"},\"query-input\":\"required name=search_term_string\"}],\"inLanguage\":\"pt-BR\"},{\"@type\":\"Organization\",\"@id\":\"https:\/\/anprotec.org.br\/conferencia2023\/#organization\",\"name\":\"Confer\u00eancia 2023 Anprotec\",\"url\":\"https:\/\/anprotec.org.br\/conferencia2023\/\",\"logo\":{\"@type\":\"ImageObject\",\"inLanguage\":\"pt-BR\",\"@id\":\"https:\/\/anprotec.org.br\/conferencia2023\/#\/schema\/logo\/image\/\",\"url\":\"\",\"contentUrl\":\"\",\"caption\":\"Confer\u00eancia 2023 Anprotec\"},\"image\":{\"@id\":\"https:\/\/anprotec.org.br\/conferencia2023\/#\/schema\/logo\/image\/\"}},{\"@type\":\"Person\",\"@id\":\"https:\/\/anprotec.org.br\/conferencia2023\/#\/schema\/person\/7ce1d54c6005e7d21795bc5e974e2f9f\",\"name\":\"admin\",\"image\":{\"@type\":\"ImageObject\",\"inLanguage\":\"pt-BR\",\"@id\":\"https:\/\/anprotec.org.br\/conferencia2023\/#\/schema\/person\/image\/\",\"url\":\"https:\/\/secure.gravatar.com\/avatar\/245112798fe6695640d096a325e40ea81b35fc9cdce454a7fa617ee832539b58?s=96&d=mm&r=g\",\"contentUrl\":\"https:\/\/secure.gravatar.com\/avatar\/245112798fe6695640d096a325e40ea81b35fc9cdce454a7fa617ee832539b58?s=96&d=mm&r=g\",\"caption\":\"admin\"},\"sameAs\":[\"https:\/\/anprotec.org.br\/conferencia2023\"],\"url\":\"https:\/\/anprotec.org.br\/conferencia2023\/author\/admin\/\"}]}<\/script>\n<!-- \/ Yoast SEO plugin. -->","yoast_head_json":{"title":"33\u00aa Confer\u00eancia Anprotec ter\u00e1 \"Workshop CERNE \u2013 Co-cria\u00e7\u00e3o para o Futuro\" - Confer\u00eancia 2023 Anprotec","robots":{"index":"index","follow":"follow","max-snippet":"max-snippet:-1","max-image-preview":"max-image-preview:large","max-video-preview":"max-video-preview:-1"},"canonical":"https:\/\/anprotec.org.br\/conferencia2023\/33a-conferencia-anprotec-tera-workshop-cerne-co-criacao-para-o-futuro\/","og_locale":"pt_BR","og_type":"article","og_title":"33\u00aa Confer\u00eancia Anprotec ter\u00e1 \"Workshop CERNE \u2013 Co-cria\u00e7\u00e3o para o Futuro\" - Confer\u00eancia 2023 Anprotec","og_description":"Durante a Confer\u00eancia Anprotec 2023 acontecer\u00e1 no dia 8\/11,&nbsp; a sess\u00e3o \u201cWorkshop CERNE \u2013 Co-cria\u00e7\u00e3o para o Futuro\u201d.&nbsp; O objetivo do workshop \u00e9 definir coletivamente as diretrizes para o lan\u00e7amento do CERNE 2024: Processos e Pr\u00e1ticas; Certifica\u00e7\u00e3o; Sistema de Indicadores; Capacita\u00e7\u00f5es; dentre outras. O CERNE teve sua constru\u00e7\u00e3o coletiva iniciada em junho de 2007. A [&hellip;]","og_url":"https:\/\/anprotec.org.br\/conferencia2023\/33a-conferencia-anprotec-tera-workshop-cerne-co-criacao-para-o-futuro\/","og_site_name":"Confer\u00eancia 2023 Anprotec","article_published_time":"2023-10-31T16:20:19+00:00","article_modified_time":"2023-10-31T20:09:50+00:00","og_image":[{"width":640,"height":400,"url":"https:\/\/anprotec.org.br\/conferencia2023\/wp-content\/uploads\/2023\/10\/Card-Workshop-08.png","type":"image\/png"}],"author":"admin","twitter_card":"summary_large_image","twitter_misc":{"Escrito por":"admin","Est. tempo de leitura":"2 minutos"},"schema":{"@context":"https:\/\/schema.org","@graph":[{"@type":"Article","@id":"https:\/\/anprotec.org.br\/conferencia2023\/33a-conferencia-anprotec-tera-workshop-cerne-co-criacao-para-o-futuro\/#article","isPartOf":{"@id":"https:\/\/anprotec.org.br\/conferencia2023\/33a-conferencia-anprotec-tera-workshop-cerne-co-criacao-para-o-futuro\/"},"author":{"name":"admin","@id":"https:\/\/anprotec.org.br\/conferencia2023\/#\/schema\/person\/7ce1d54c6005e7d21795bc5e974e2f9f"},"headline":"33\u00aa Confer\u00eancia Anprotec ter\u00e1 &#8220;Workshop CERNE \u2013 Co-cria\u00e7\u00e3o para o Futuro&#8221;","datePublished":"2023-10-31T16:20:19+00:00","dateModified":"2023-10-31T20:09:50+00:00","mainEntityOfPage":{"@id":"https:\/\/anprotec.org.br\/conferencia2023\/33a-conferencia-anprotec-tera-workshop-cerne-co-criacao-para-o-futuro\/"},"wordCount":223,"publisher":{"@id":"https:\/\/anprotec.org.br\/conferencia2023\/#organization"},"image":{"@id":"https:\/\/anprotec.org.br\/conferencia2023\/33a-conferencia-anprotec-tera-workshop-cerne-co-criacao-para-o-futuro\/#primaryimage"},"thumbnailUrl":"https:\/\/anprotec.org.br\/conferencia2023\/wp-content\/uploads\/2023\/10\/Card-Workshop-08.png","articleSection":["Uncategorized"],"inLanguage":"pt-BR"},{"@type":"WebPage","@id":"https:\/\/anprotec.org.br\/conferencia2023\/33a-conferencia-anprotec-tera-workshop-cerne-co-criacao-para-o-futuro\/","url":"https:\/\/anprotec.org.br\/conferencia2023\/33a-conferencia-anprotec-tera-workshop-cerne-co-criacao-para-o-futuro\/","name":"33\u00aa Confer\u00eancia Anprotec ter\u00e1 \"Workshop CERNE \u2013 Co-cria\u00e7\u00e3o para o Futuro\" - Confer\u00eancia 2023 Anprotec","isPartOf":{"@id":"https:\/\/anprotec.org.br\/conferencia2023\/#website"},"primaryImageOfPage":{"@id":"https:\/\/anprotec.org.br\/conferencia2023\/33a-conferencia-anprotec-tera-workshop-cerne-co-criacao-para-o-futuro\/#primaryimage"},"image":{"@id":"https:\/\/anprotec.org.br\/conferencia2023\/33a-conferencia-anprotec-tera-workshop-cerne-co-criacao-para-o-futuro\/#primaryimage"},"thumbnailUrl":"https:\/\/anprotec.org.br\/conferencia2023\/wp-content\/uploads\/2023\/10\/Card-Workshop-08.png","datePublished":"2023-10-31T16:20:19+00:00","dateModified":"2023-10-31T20:09:50+00:00","breadcrumb":{"@id":"https:\/\/anprotec.org.br\/conferencia2023\/33a-conferencia-anprotec-tera-workshop-cerne-co-criacao-para-o-futuro\/#breadcrumb"},"inLanguage":"pt-BR","potentialAction":[{"@type":"ReadAction","target":["https:\/\/anprotec.org.br\/conferencia2023\/33a-conferencia-anprotec-tera-workshop-cerne-co-criacao-para-o-futuro\/"]}]},{"@type":"ImageObject","inLanguage":"pt-BR","@id":"https:\/\/anprotec.org.br\/conferencia2023\/33a-conferencia-anprotec-tera-workshop-cerne-co-criacao-para-o-futuro\/#primaryimage","url":"https:\/\/anprotec.org.br\/conferencia2023\/wp-content\/uploads\/2023\/10\/Card-Workshop-08.png","contentUrl":"https:\/\/anprotec.org.br\/conferencia2023\/wp-content\/uploads\/2023\/10\/Card-Workshop-08.png","width":640,"height":400},{"@type":"BreadcrumbList","@id":"https:\/\/anprotec.org.br\/conferencia2023\/33a-conferencia-anprotec-tera-workshop-cerne-co-criacao-para-o-futuro\/#breadcrumb","itemListElement":[{"@type":"ListItem","position":1,"name":"In\u00edcio","item":"https:\/\/anprotec.org.br\/conferencia2023\/"},{"@type":"ListItem","position":2,"name":"33\u00aa Confer\u00eancia Anprotec ter\u00e1 &#8220;Workshop CERNE \u2013 Co-cria\u00e7\u00e3o para o Futuro&#8221;"}]},{"@type":"WebSite","@id":"https:\/\/anprotec.org.br\/conferencia2023\/#website","url":"https:\/\/anprotec.org.br\/conferencia2023\/","name":"Confer\u00eancia 2023 Anprotec","description":"","publisher":{"@id":"https:\/\/anprotec.org.br\/conferencia2023\/#organization"},"potentialAction":[{"@type":"SearchAction","target":{"@type":"EntryPoint","urlTemplate":"https:\/\/anprotec.org.br\/conferencia2023\/?s={search_term_string}"},"query-input":"required name=search_term_string"}],"inLanguage":"pt-BR"},{"@type":"Organization","@id":"https:\/\/anprotec.org.br\/conferencia2023\/#organization","name":"Confer\u00eancia 2023 Anprotec","url":"https:\/\/anprotec.org.br\/conferencia2023\/","logo":{"@type":"ImageObject","inLanguage":"pt-BR","@id":"https:\/\/anprotec.org.br\/conferencia2023\/#\/schema\/logo\/image\/","url":"","contentUrl":"","caption":"Confer\u00eancia 2023 Anprotec"},"image":{"@id":"https:\/\/anprotec.org.br\/conferencia2023\/#\/schema\/logo\/image\/"}},{"@type":"Person","@id":"https:\/\/anprotec.org.br\/conferencia2023\/#\/schema\/person\/7ce1d54c6005e7d21795bc5e974e2f9f","name":"admin","image":{"@type":"ImageObject","inLanguage":"pt-BR","@id":"https:\/\/anprotec.org.br\/conferencia2023\/#\/schema\/person\/image\/","url":"https:\/\/secure.gravatar.com\/avatar\/245112798fe6695640d096a325e40ea81b35fc9cdce454a7fa617ee832539b58?s=96&d=mm&r=g","contentUrl":"https:\/\/secure.gravatar.com\/avatar\/245112798fe6695640d096a325e40ea81b35fc9cdce454a7fa617ee832539b58?s=96&d=mm&r=g","caption":"admin"},"sameAs":["https:\/\/anprotec.org.br\/conferencia2023"],"url":"https:\/\/anprotec.org.br\/conferencia2023\/author\/admin\/"}]}},"_links":{"self":[{"href":"https:\/\/anprotec.org.br\/conferencia2023\/wp-json\/wp\/v2\/posts\/3499","targetHints":{"allow":["GET"]}}],"collection":[{"href":"https:\/\/anprotec.org.br\/conferencia2023\/wp-json\/wp\/v2\/posts"}],"about":[{"href":"https:\/\/anprotec.org.br\/conferencia2023\/wp-json\/wp\/v2\/types\/post"}],"author":[{"embeddable":true,"href":"https:\/\/anprotec.org.br\/conferencia2023\/wp-json\/wp\/v2\/users\/1"}],"replies":[{"embeddable":true,"href":"https:\/\/anprotec.org.br\/conferencia2023\/wp-json\/wp\/v2\/comments?post=3499"}],"version-history":[{"count":3,"href":"https:\/\/anprotec.org.br\/conferencia2023\/wp-json\/wp\/v2\/posts\/3499\/revisions"}],"predecessor-version":[{"id":3523,"href":"https:\/\/anprotec.org.br\/conferencia2023\/wp-json\/wp\/v2\/posts\/3499\/revisions\/3523"}],"wp:featuredmedia":[{"embeddable":true,"href":"https:\/\/anprotec.org.br\/conferencia2023\/wp-json\/wp\/v2\/media\/3500"}],"wp:attachment":[{"href":"https:\/\/anprotec.org.br\/conferencia2023\/wp-json\/wp\/v2\/media?parent=3499"}],"wp:term":[{"taxonomy":"category","embeddable":true,"href":"https:\/\/anprotec.org.br\/conferencia2023\/wp-json\/wp\/v2\/categories?post=3499"},{"taxonomy":"post_tag","embeddable":true,"href":"https:\/\/anprotec.org.br\/conferencia2023\/wp-json\/wp\/v2\/tags?post=3499"}],"curies":[{"name":"wp","href":"https:\/\/api.w.org\/{rel}","templated":true}]}}