{"id":3409,"date":"2023-10-24T13:13:14","date_gmt":"2023-10-24T16:13:14","guid":{"rendered":"https:\/\/anprotec.org.br\/conferencia2023\/?p=3409"},"modified":"2023-10-26T09:45:44","modified_gmt":"2023-10-26T12:45:44","slug":"pre-conferencia-anprotec-promove-mesa-redonda-sobre-incentivos-a-participacao-de-mulheres-em-cti","status":"publish","type":"post","link":"https:\/\/anprotec.org.br\/conferencia2023\/pre-conferencia-anprotec-promove-mesa-redonda-sobre-incentivos-a-participacao-de-mulheres-em-cti\/","title":{"rendered":"Pr\u00e9-Confer\u00eancia Anprotec promove mesa redonda sobre incentivos \u00e0 participa\u00e7\u00e3o de mulheres em CT&amp;I"},"content":{"rendered":"\n<p><\/p>\n\n\n\n<figure class=\"wp-block-image size-large\"><img fetchpriority=\"high\" decoding=\"async\" width=\"1024\" height=\"1024\" src=\"https:\/\/anprotec.org.br\/conferencia2023\/wp-content\/uploads\/2023\/10\/Card-Workshop_Prancheta-1-copia-3-1024x1024.png\" alt=\"\" class=\"wp-image-3459\" srcset=\"https:\/\/anprotec.org.br\/conferencia2023\/wp-content\/uploads\/2023\/10\/Card-Workshop_Prancheta-1-copia-3-1024x1024.png 1024w, https:\/\/anprotec.org.br\/conferencia2023\/wp-content\/uploads\/2023\/10\/Card-Workshop_Prancheta-1-copia-3-300x300.png 300w, https:\/\/anprotec.org.br\/conferencia2023\/wp-content\/uploads\/2023\/10\/Card-Workshop_Prancheta-1-copia-3-150x150.png 150w, https:\/\/anprotec.org.br\/conferencia2023\/wp-content\/uploads\/2023\/10\/Card-Workshop_Prancheta-1-copia-3-768x768.png 768w, https:\/\/anprotec.org.br\/conferencia2023\/wp-content\/uploads\/2023\/10\/Card-Workshop_Prancheta-1-copia-3.png 1080w\" sizes=\"(max-width: 1024px) 100vw, 1024px\" \/><\/figure>\n\n\n\n<div style=\"height:41px\" aria-hidden=\"true\" class=\"wp-block-spacer\"><\/div>\n\n\n\n<p>O Grupo de Trabalho do<a href=\"https:\/\/www.scitechwomen.com\/\"> <strong>Female Sci-Tech Capacity Building Center Brazil<\/strong><\/a> realizar\u00e1 na Pr\u00e9-Confer\u00eancia Anprotec, no dia <strong>6 de novembro, das 9h \u00e0s 12h<\/strong>, a atividade chamada \u201c<strong>Incentivos \u00e0 participa\u00e7\u00e3o de mulheres na ci\u00eancia, tecnologia, empreendedorismo e inova\u00e7\u00e3o no Brasil: Cases, oportunidades e pr\u00f3ximos passos<\/strong>\u201d.<br><br>A atividade \u00e9 a primeira a\u00e7\u00e3o do GT, que tem como objetivo desenhar a estrat\u00e9gia e definir a execu\u00e7\u00e3o do Female Sci-Tech Capacity Building Center Brazil para todo o territ\u00f3rio nacional, A iniciativa tem a miss\u00e3o de criar uma rede de colabora\u00e7\u00e3o de talentos femininos em sci-tech atrav\u00e9s de eventos, workshops, relat\u00f3rios, etc.<\/p>\n\n\n\n<p>Durante a atividade ser\u00e1 realizada uma mesa redonda com a participa\u00e7\u00e3o de mulheres atuantes no \u00e2mbito do empreendedorismo inovador, da ci\u00eancia e da tecnologia e que possuem experi\u00eancia com iniciativas de incentivo \u00e0 participa\u00e7\u00e3o de mulheres nessas \u00e1reas. Al\u00e9m da discuss\u00e3o, o evento contar\u00e1 com a apresenta\u00e7\u00e3o do plano de a\u00e7\u00e3o do GT Female Sci-Tech e um momento para que as participantes compartilhem suas experi\u00eancias como mulheres nas \u00e1reas de ci\u00eancia, tecnologia, inova\u00e7\u00e3o e empreendedorismo.<\/p>\n\n\n\n<p>Participantes:<\/p>\n\n\n\n<ul class=\"wp-block-list\">\n<li>Sheila Oliveira Pires &#8211; MCTI&nbsp;<\/li>\n\n\n\n<li>Jana Borghi &#8211; Rede Mulher Empreendedora<\/li>\n\n\n\n<li>Roberta Ludwig &#8211; InovAtiva MDIC<\/li>\n\n\n\n<li>Clarissa Furtado &#8211; APEX<\/li>\n<\/ul>\n\n\n\n<p><strong>A atividade \u00e9 exclusiva para mulheres.<\/strong><\/p>\n\n\n\n<p>Inscreva-se em <a href=\"https:\/\/docs.google.com\/forms\/d\/e\/1FAIpQLSfv7wxsl-wPVGNKWE1qSgGg8n_QRdPPH2kZW_ntD0HBSPqNfQ\/viewform\">https:\/\/docs.google.com\/forms\/d\/e\/1FAIpQLSfv7wxsl-wPVGNKWE1qSgGg8n_QRdPPH2kZW_ntD0HBSPqNfQ\/viewform<\/a><\/p>\n\n\n\n<p>A 33\u00aa Confer\u00eancia Anprotec ser\u00e1 realizada de 6 a 9 de novembro, em Bras\u00edlia, e ter\u00e1 como tema &#8220;Inova\u00e7\u00e3o e Sociedade&#8221;. Saiba mais sobre o evento em <a href=\"https:\/\/anprotec.org.br\/conferencia2023\/\">https:\/\/anprotec.org.br\/conferencia2023\/<\/a><\/p>\n\n\n\n<p><em>*A realiza\u00e7\u00e3o da atividade est\u00e1 sujeita a um n\u00famero m\u00ednimo de inscritos<\/em><\/p>\n","protected":false},"excerpt":{"rendered":"<p>O Grupo de Trabalho do Female Sci-Tech Capacity Building Center Brazil realizar\u00e1 na Pr\u00e9-Confer\u00eancia Anprotec, no dia 6 de novembro, das 9h \u00e0s 12h, a atividade chamada \u201cIncentivos \u00e0 participa\u00e7\u00e3o de mulheres na ci\u00eancia, tecnologia, empreendedorismo e inova\u00e7\u00e3o no Brasil: Cases, oportunidades e pr\u00f3ximos passos\u201d. A atividade \u00e9 a primeira a\u00e7\u00e3o do GT, que tem [&hellip;]<\/p>\n","protected":false},"author":1,"featured_media":3460,"comment_status":"closed","ping_status":"open","sticky":false,"template":"","format":"standard","meta":{"footnotes":""},"categories":[1],"tags":[],"class_list":["post-3409","post","type-post","status-publish","format-standard","has-post-thumbnail","hentry","category-uncategorized"],"yoast_head":"<!-- This site is optimized with the Yoast SEO plugin v23.0 - https:\/\/yoast.com\/wordpress\/plugins\/seo\/ -->\n<title>Pr\u00e9-Confer\u00eancia Anprotec promove mesa redonda sobre incentivos \u00e0 participa\u00e7\u00e3o de mulheres em CT&amp;I - Confer\u00eancia 2023 Anprotec<\/title>\n<meta name=\"robots\" content=\"index, follow, max-snippet:-1, max-image-preview:large, max-video-preview:-1\" \/>\n<link rel=\"canonical\" href=\"https:\/\/anprotec.org.br\/conferencia2023\/pre-conferencia-anprotec-promove-mesa-redonda-sobre-incentivos-a-participacao-de-mulheres-em-cti\/\" \/>\n<meta property=\"og:locale\" content=\"pt_BR\" \/>\n<meta property=\"og:type\" content=\"article\" \/>\n<meta property=\"og:title\" content=\"Pr\u00e9-Confer\u00eancia Anprotec promove mesa redonda sobre incentivos \u00e0 participa\u00e7\u00e3o de mulheres em CT&amp;I - Confer\u00eancia 2023 Anprotec\" \/>\n<meta property=\"og:description\" content=\"O Grupo de Trabalho do Female Sci-Tech Capacity Building Center Brazil realizar\u00e1 na Pr\u00e9-Confer\u00eancia Anprotec, no dia 6 de novembro, das 9h \u00e0s 12h, a atividade chamada \u201cIncentivos \u00e0 participa\u00e7\u00e3o de mulheres na ci\u00eancia, tecnologia, empreendedorismo e inova\u00e7\u00e3o no Brasil: Cases, oportunidades e pr\u00f3ximos passos\u201d. A atividade \u00e9 a primeira a\u00e7\u00e3o do GT, que tem [&hellip;]\" \/>\n<meta property=\"og:url\" content=\"https:\/\/anprotec.org.br\/conferencia2023\/pre-conferencia-anprotec-promove-mesa-redonda-sobre-incentivos-a-participacao-de-mulheres-em-cti\/\" \/>\n<meta property=\"og:site_name\" content=\"Confer\u00eancia 2023 Anprotec\" \/>\n<meta property=\"article:published_time\" content=\"2023-10-24T16:13:14+00:00\" \/>\n<meta property=\"article:modified_time\" content=\"2023-10-26T12:45:44+00:00\" \/>\n<meta property=\"og:image\" content=\"https:\/\/anprotec.org.br\/conferencia2023\/wp-content\/uploads\/2023\/10\/Card-Workshop_Prancheta-1-copia-5.png\" \/>\n\t<meta property=\"og:image:width\" content=\"640\" \/>\n\t<meta property=\"og:image:height\" content=\"400\" \/>\n\t<meta property=\"og:image:type\" content=\"image\/png\" \/>\n<meta name=\"author\" content=\"admin\" \/>\n<meta name=\"twitter:card\" content=\"summary_large_image\" \/>\n<meta name=\"twitter:label1\" content=\"Escrito por\" \/>\n\t<meta name=\"twitter:data1\" content=\"admin\" \/>\n\t<meta name=\"twitter:label2\" content=\"Est. tempo de leitura\" \/>\n\t<meta name=\"twitter:data2\" content=\"2 minutos\" \/>\n<script type=\"application\/ld+json\" class=\"yoast-schema-graph\">{\"@context\":\"https:\/\/schema.org\",\"@graph\":[{\"@type\":\"Article\",\"@id\":\"https:\/\/anprotec.org.br\/conferencia2023\/pre-conferencia-anprotec-promove-mesa-redonda-sobre-incentivos-a-participacao-de-mulheres-em-cti\/#article\",\"isPartOf\":{\"@id\":\"https:\/\/anprotec.org.br\/conferencia2023\/pre-conferencia-anprotec-promove-mesa-redonda-sobre-incentivos-a-participacao-de-mulheres-em-cti\/\"},\"author\":{\"name\":\"admin\",\"@id\":\"https:\/\/anprotec.org.br\/conferencia2023\/#\/schema\/person\/7ce1d54c6005e7d21795bc5e974e2f9f\"},\"headline\":\"Pr\u00e9-Confer\u00eancia Anprotec promove mesa redonda sobre incentivos \u00e0 participa\u00e7\u00e3o de mulheres em CT&amp;I\",\"datePublished\":\"2023-10-24T16:13:14+00:00\",\"dateModified\":\"2023-10-26T12:45:44+00:00\",\"mainEntityOfPage\":{\"@id\":\"https:\/\/anprotec.org.br\/conferencia2023\/pre-conferencia-anprotec-promove-mesa-redonda-sobre-incentivos-a-participacao-de-mulheres-em-cti\/\"},\"wordCount\":303,\"publisher\":{\"@id\":\"https:\/\/anprotec.org.br\/conferencia2023\/#organization\"},\"image\":{\"@id\":\"https:\/\/anprotec.org.br\/conferencia2023\/pre-conferencia-anprotec-promove-mesa-redonda-sobre-incentivos-a-participacao-de-mulheres-em-cti\/#primaryimage\"},\"thumbnailUrl\":\"https:\/\/anprotec.org.br\/conferencia2023\/wp-content\/uploads\/2023\/10\/Card-Workshop_Prancheta-1-copia-5.png\",\"articleSection\":[\"Uncategorized\"],\"inLanguage\":\"pt-BR\"},{\"@type\":\"WebPage\",\"@id\":\"https:\/\/anprotec.org.br\/conferencia2023\/pre-conferencia-anprotec-promove-mesa-redonda-sobre-incentivos-a-participacao-de-mulheres-em-cti\/\",\"url\":\"https:\/\/anprotec.org.br\/conferencia2023\/pre-conferencia-anprotec-promove-mesa-redonda-sobre-incentivos-a-participacao-de-mulheres-em-cti\/\",\"name\":\"Pr\u00e9-Confer\u00eancia Anprotec promove mesa redonda sobre incentivos \u00e0 participa\u00e7\u00e3o de mulheres em CT&amp;I - Confer\u00eancia 2023 Anprotec\",\"isPartOf\":{\"@id\":\"https:\/\/anprotec.org.br\/conferencia2023\/#website\"},\"primaryImageOfPage\":{\"@id\":\"https:\/\/anprotec.org.br\/conferencia2023\/pre-conferencia-anprotec-promove-mesa-redonda-sobre-incentivos-a-participacao-de-mulheres-em-cti\/#primaryimage\"},\"image\":{\"@id\":\"https:\/\/anprotec.org.br\/conferencia2023\/pre-conferencia-anprotec-promove-mesa-redonda-sobre-incentivos-a-participacao-de-mulheres-em-cti\/#primaryimage\"},\"thumbnailUrl\":\"https:\/\/anprotec.org.br\/conferencia2023\/wp-content\/uploads\/2023\/10\/Card-Workshop_Prancheta-1-copia-5.png\",\"datePublished\":\"2023-10-24T16:13:14+00:00\",\"dateModified\":\"2023-10-26T12:45:44+00:00\",\"breadcrumb\":{\"@id\":\"https:\/\/anprotec.org.br\/conferencia2023\/pre-conferencia-anprotec-promove-mesa-redonda-sobre-incentivos-a-participacao-de-mulheres-em-cti\/#breadcrumb\"},\"inLanguage\":\"pt-BR\",\"potentialAction\":[{\"@type\":\"ReadAction\",\"target\":[\"https:\/\/anprotec.org.br\/conferencia2023\/pre-conferencia-anprotec-promove-mesa-redonda-sobre-incentivos-a-participacao-de-mulheres-em-cti\/\"]}]},{\"@type\":\"ImageObject\",\"inLanguage\":\"pt-BR\",\"@id\":\"https:\/\/anprotec.org.br\/conferencia2023\/pre-conferencia-anprotec-promove-mesa-redonda-sobre-incentivos-a-participacao-de-mulheres-em-cti\/#primaryimage\",\"url\":\"https:\/\/anprotec.org.br\/conferencia2023\/wp-content\/uploads\/2023\/10\/Card-Workshop_Prancheta-1-copia-5.png\",\"contentUrl\":\"https:\/\/anprotec.org.br\/conferencia2023\/wp-content\/uploads\/2023\/10\/Card-Workshop_Prancheta-1-copia-5.png\",\"width\":640,\"height\":400},{\"@type\":\"BreadcrumbList\",\"@id\":\"https:\/\/anprotec.org.br\/conferencia2023\/pre-conferencia-anprotec-promove-mesa-redonda-sobre-incentivos-a-participacao-de-mulheres-em-cti\/#breadcrumb\",\"itemListElement\":[{\"@type\":\"ListItem\",\"position\":1,\"name\":\"In\u00edcio\",\"item\":\"https:\/\/anprotec.org.br\/conferencia2023\/\"},{\"@type\":\"ListItem\",\"position\":2,\"name\":\"Pr\u00e9-Confer\u00eancia Anprotec promove mesa redonda sobre incentivos \u00e0 participa\u00e7\u00e3o de mulheres em CT&amp;I\"}]},{\"@type\":\"WebSite\",\"@id\":\"https:\/\/anprotec.org.br\/conferencia2023\/#website\",\"url\":\"https:\/\/anprotec.org.br\/conferencia2023\/\",\"name\":\"Confer\u00eancia 2023 Anprotec\",\"description\":\"\",\"publisher\":{\"@id\":\"https:\/\/anprotec.org.br\/conferencia2023\/#organization\"},\"potentialAction\":[{\"@type\":\"SearchAction\",\"target\":{\"@type\":\"EntryPoint\",\"urlTemplate\":\"https:\/\/anprotec.org.br\/conferencia2023\/?s={search_term_string}\"},\"query-input\":\"required name=search_term_string\"}],\"inLanguage\":\"pt-BR\"},{\"@type\":\"Organization\",\"@id\":\"https:\/\/anprotec.org.br\/conferencia2023\/#organization\",\"name\":\"Confer\u00eancia 2023 Anprotec\",\"url\":\"https:\/\/anprotec.org.br\/conferencia2023\/\",\"logo\":{\"@type\":\"ImageObject\",\"inLanguage\":\"pt-BR\",\"@id\":\"https:\/\/anprotec.org.br\/conferencia2023\/#\/schema\/logo\/image\/\",\"url\":\"\",\"contentUrl\":\"\",\"caption\":\"Confer\u00eancia 2023 Anprotec\"},\"image\":{\"@id\":\"https:\/\/anprotec.org.br\/conferencia2023\/#\/schema\/logo\/image\/\"}},{\"@type\":\"Person\",\"@id\":\"https:\/\/anprotec.org.br\/conferencia2023\/#\/schema\/person\/7ce1d54c6005e7d21795bc5e974e2f9f\",\"name\":\"admin\",\"image\":{\"@type\":\"ImageObject\",\"inLanguage\":\"pt-BR\",\"@id\":\"https:\/\/anprotec.org.br\/conferencia2023\/#\/schema\/person\/image\/\",\"url\":\"https:\/\/secure.gravatar.com\/avatar\/245112798fe6695640d096a325e40ea81b35fc9cdce454a7fa617ee832539b58?s=96&d=mm&r=g\",\"contentUrl\":\"https:\/\/secure.gravatar.com\/avatar\/245112798fe6695640d096a325e40ea81b35fc9cdce454a7fa617ee832539b58?s=96&d=mm&r=g\",\"caption\":\"admin\"},\"sameAs\":[\"https:\/\/anprotec.org.br\/conferencia2023\"],\"url\":\"https:\/\/anprotec.org.br\/conferencia2023\/author\/admin\/\"}]}<\/script>\n<!-- \/ Yoast SEO plugin. -->","yoast_head_json":{"title":"Pr\u00e9-Confer\u00eancia Anprotec promove mesa redonda sobre incentivos \u00e0 participa\u00e7\u00e3o de mulheres em CT&amp;I - Confer\u00eancia 2023 Anprotec","robots":{"index":"index","follow":"follow","max-snippet":"max-snippet:-1","max-image-preview":"max-image-preview:large","max-video-preview":"max-video-preview:-1"},"canonical":"https:\/\/anprotec.org.br\/conferencia2023\/pre-conferencia-anprotec-promove-mesa-redonda-sobre-incentivos-a-participacao-de-mulheres-em-cti\/","og_locale":"pt_BR","og_type":"article","og_title":"Pr\u00e9-Confer\u00eancia Anprotec promove mesa redonda sobre incentivos \u00e0 participa\u00e7\u00e3o de mulheres em CT&amp;I - Confer\u00eancia 2023 Anprotec","og_description":"O Grupo de Trabalho do Female Sci-Tech Capacity Building Center Brazil realizar\u00e1 na Pr\u00e9-Confer\u00eancia Anprotec, no dia 6 de novembro, das 9h \u00e0s 12h, a atividade chamada \u201cIncentivos \u00e0 participa\u00e7\u00e3o de mulheres na ci\u00eancia, tecnologia, empreendedorismo e inova\u00e7\u00e3o no Brasil: Cases, oportunidades e pr\u00f3ximos passos\u201d. A atividade \u00e9 a primeira a\u00e7\u00e3o do GT, que tem [&hellip;]","og_url":"https:\/\/anprotec.org.br\/conferencia2023\/pre-conferencia-anprotec-promove-mesa-redonda-sobre-incentivos-a-participacao-de-mulheres-em-cti\/","og_site_name":"Confer\u00eancia 2023 Anprotec","article_published_time":"2023-10-24T16:13:14+00:00","article_modified_time":"2023-10-26T12:45:44+00:00","og_image":[{"width":640,"height":400,"url":"https:\/\/anprotec.org.br\/conferencia2023\/wp-content\/uploads\/2023\/10\/Card-Workshop_Prancheta-1-copia-5.png","type":"image\/png"}],"author":"admin","twitter_card":"summary_large_image","twitter_misc":{"Escrito por":"admin","Est. tempo de leitura":"2 minutos"},"schema":{"@context":"https:\/\/schema.org","@graph":[{"@type":"Article","@id":"https:\/\/anprotec.org.br\/conferencia2023\/pre-conferencia-anprotec-promove-mesa-redonda-sobre-incentivos-a-participacao-de-mulheres-em-cti\/#article","isPartOf":{"@id":"https:\/\/anprotec.org.br\/conferencia2023\/pre-conferencia-anprotec-promove-mesa-redonda-sobre-incentivos-a-participacao-de-mulheres-em-cti\/"},"author":{"name":"admin","@id":"https:\/\/anprotec.org.br\/conferencia2023\/#\/schema\/person\/7ce1d54c6005e7d21795bc5e974e2f9f"},"headline":"Pr\u00e9-Confer\u00eancia Anprotec promove mesa redonda sobre incentivos \u00e0 participa\u00e7\u00e3o de mulheres em CT&amp;I","datePublished":"2023-10-24T16:13:14+00:00","dateModified":"2023-10-26T12:45:44+00:00","mainEntityOfPage":{"@id":"https:\/\/anprotec.org.br\/conferencia2023\/pre-conferencia-anprotec-promove-mesa-redonda-sobre-incentivos-a-participacao-de-mulheres-em-cti\/"},"wordCount":303,"publisher":{"@id":"https:\/\/anprotec.org.br\/conferencia2023\/#organization"},"image":{"@id":"https:\/\/anprotec.org.br\/conferencia2023\/pre-conferencia-anprotec-promove-mesa-redonda-sobre-incentivos-a-participacao-de-mulheres-em-cti\/#primaryimage"},"thumbnailUrl":"https:\/\/anprotec.org.br\/conferencia2023\/wp-content\/uploads\/2023\/10\/Card-Workshop_Prancheta-1-copia-5.png","articleSection":["Uncategorized"],"inLanguage":"pt-BR"},{"@type":"WebPage","@id":"https:\/\/anprotec.org.br\/conferencia2023\/pre-conferencia-anprotec-promove-mesa-redonda-sobre-incentivos-a-participacao-de-mulheres-em-cti\/","url":"https:\/\/anprotec.org.br\/conferencia2023\/pre-conferencia-anprotec-promove-mesa-redonda-sobre-incentivos-a-participacao-de-mulheres-em-cti\/","name":"Pr\u00e9-Confer\u00eancia Anprotec promove mesa redonda sobre incentivos \u00e0 participa\u00e7\u00e3o de mulheres em CT&amp;I - Confer\u00eancia 2023 Anprotec","isPartOf":{"@id":"https:\/\/anprotec.org.br\/conferencia2023\/#website"},"primaryImageOfPage":{"@id":"https:\/\/anprotec.org.br\/conferencia2023\/pre-conferencia-anprotec-promove-mesa-redonda-sobre-incentivos-a-participacao-de-mulheres-em-cti\/#primaryimage"},"image":{"@id":"https:\/\/anprotec.org.br\/conferencia2023\/pre-conferencia-anprotec-promove-mesa-redonda-sobre-incentivos-a-participacao-de-mulheres-em-cti\/#primaryimage"},"thumbnailUrl":"https:\/\/anprotec.org.br\/conferencia2023\/wp-content\/uploads\/2023\/10\/Card-Workshop_Prancheta-1-copia-5.png","datePublished":"2023-10-24T16:13:14+00:00","dateModified":"2023-10-26T12:45:44+00:00","breadcrumb":{"@id":"https:\/\/anprotec.org.br\/conferencia2023\/pre-conferencia-anprotec-promove-mesa-redonda-sobre-incentivos-a-participacao-de-mulheres-em-cti\/#breadcrumb"},"inLanguage":"pt-BR","potentialAction":[{"@type":"ReadAction","target":["https:\/\/anprotec.org.br\/conferencia2023\/pre-conferencia-anprotec-promove-mesa-redonda-sobre-incentivos-a-participacao-de-mulheres-em-cti\/"]}]},{"@type":"ImageObject","inLanguage":"pt-BR","@id":"https:\/\/anprotec.org.br\/conferencia2023\/pre-conferencia-anprotec-promove-mesa-redonda-sobre-incentivos-a-participacao-de-mulheres-em-cti\/#primaryimage","url":"https:\/\/anprotec.org.br\/conferencia2023\/wp-content\/uploads\/2023\/10\/Card-Workshop_Prancheta-1-copia-5.png","contentUrl":"https:\/\/anprotec.org.br\/conferencia2023\/wp-content\/uploads\/2023\/10\/Card-Workshop_Prancheta-1-copia-5.png","width":640,"height":400},{"@type":"BreadcrumbList","@id":"https:\/\/anprotec.org.br\/conferencia2023\/pre-conferencia-anprotec-promove-mesa-redonda-sobre-incentivos-a-participacao-de-mulheres-em-cti\/#breadcrumb","itemListElement":[{"@type":"ListItem","position":1,"name":"In\u00edcio","item":"https:\/\/anprotec.org.br\/conferencia2023\/"},{"@type":"ListItem","position":2,"name":"Pr\u00e9-Confer\u00eancia Anprotec promove mesa redonda sobre incentivos \u00e0 participa\u00e7\u00e3o de mulheres em CT&amp;I"}]},{"@type":"WebSite","@id":"https:\/\/anprotec.org.br\/conferencia2023\/#website","url":"https:\/\/anprotec.org.br\/conferencia2023\/","name":"Confer\u00eancia 2023 Anprotec","description":"","publisher":{"@id":"https:\/\/anprotec.org.br\/conferencia2023\/#organization"},"potentialAction":[{"@type":"SearchAction","target":{"@type":"EntryPoint","urlTemplate":"https:\/\/anprotec.org.br\/conferencia2023\/?s={search_term_string}"},"query-input":"required name=search_term_string"}],"inLanguage":"pt-BR"},{"@type":"Organization","@id":"https:\/\/anprotec.org.br\/conferencia2023\/#organization","name":"Confer\u00eancia 2023 Anprotec","url":"https:\/\/anprotec.org.br\/conferencia2023\/","logo":{"@type":"ImageObject","inLanguage":"pt-BR","@id":"https:\/\/anprotec.org.br\/conferencia2023\/#\/schema\/logo\/image\/","url":"","contentUrl":"","caption":"Confer\u00eancia 2023 Anprotec"},"image":{"@id":"https:\/\/anprotec.org.br\/conferencia2023\/#\/schema\/logo\/image\/"}},{"@type":"Person","@id":"https:\/\/anprotec.org.br\/conferencia2023\/#\/schema\/person\/7ce1d54c6005e7d21795bc5e974e2f9f","name":"admin","image":{"@type":"ImageObject","inLanguage":"pt-BR","@id":"https:\/\/anprotec.org.br\/conferencia2023\/#\/schema\/person\/image\/","url":"https:\/\/secure.gravatar.com\/avatar\/245112798fe6695640d096a325e40ea81b35fc9cdce454a7fa617ee832539b58?s=96&d=mm&r=g","contentUrl":"https:\/\/secure.gravatar.com\/avatar\/245112798fe6695640d096a325e40ea81b35fc9cdce454a7fa617ee832539b58?s=96&d=mm&r=g","caption":"admin"},"sameAs":["https:\/\/anprotec.org.br\/conferencia2023"],"url":"https:\/\/anprotec.org.br\/conferencia2023\/author\/admin\/"}]}},"_links":{"self":[{"href":"https:\/\/anprotec.org.br\/conferencia2023\/wp-json\/wp\/v2\/posts\/3409","targetHints":{"allow":["GET"]}}],"collection":[{"href":"https:\/\/anprotec.org.br\/conferencia2023\/wp-json\/wp\/v2\/posts"}],"about":[{"href":"https:\/\/anprotec.org.br\/conferencia2023\/wp-json\/wp\/v2\/types\/post"}],"author":[{"embeddable":true,"href":"https:\/\/anprotec.org.br\/conferencia2023\/wp-json\/wp\/v2\/users\/1"}],"replies":[{"embeddable":true,"href":"https:\/\/anprotec.org.br\/conferencia2023\/wp-json\/wp\/v2\/comments?post=3409"}],"version-history":[{"count":3,"href":"https:\/\/anprotec.org.br\/conferencia2023\/wp-json\/wp\/v2\/posts\/3409\/revisions"}],"predecessor-version":[{"id":3461,"href":"https:\/\/anprotec.org.br\/conferencia2023\/wp-json\/wp\/v2\/posts\/3409\/revisions\/3461"}],"wp:featuredmedia":[{"embeddable":true,"href":"https:\/\/anprotec.org.br\/conferencia2023\/wp-json\/wp\/v2\/media\/3460"}],"wp:attachment":[{"href":"https:\/\/anprotec.org.br\/conferencia2023\/wp-json\/wp\/v2\/media?parent=3409"}],"wp:term":[{"taxonomy":"category","embeddable":true,"href":"https:\/\/anprotec.org.br\/conferencia2023\/wp-json\/wp\/v2\/categories?post=3409"},{"taxonomy":"post_tag","embeddable":true,"href":"https:\/\/anprotec.org.br\/conferencia2023\/wp-json\/wp\/v2\/tags?post=3409"}],"curies":[{"name":"wp","href":"https:\/\/api.w.org\/{rel}","templated":true}]}}