{"id":3374,"date":"2023-10-20T10:22:13","date_gmt":"2023-10-20T13:22:13","guid":{"rendered":"https:\/\/anprotec.org.br\/conferencia2023\/?p=3374"},"modified":"2023-11-01T14:47:14","modified_gmt":"2023-11-01T17:47:14","slug":"33a-conferencia-anprotec-tera-bate-papo-sobre-investimento-empreendedor","status":"publish","type":"post","link":"https:\/\/anprotec.org.br\/conferencia2023\/33a-conferencia-anprotec-tera-bate-papo-sobre-investimento-empreendedor\/","title":{"rendered":"33\u00aa Confer\u00eancia Anprotec ter\u00e1 \u2018Bate-papo sobre investimento empreendedor\u2019"},"content":{"rendered":"\n<p><\/p>\n\n\n<div class=\"wp-block-image\">\n<figure class=\"aligncenter size-large\"><img fetchpriority=\"high\" decoding=\"async\" width=\"819\" height=\"1024\" src=\"https:\/\/anprotec.org.br\/conferencia2023\/wp-content\/uploads\/2023\/11\/Card_Bate-Papo_Prancheta-1-819x1024.png\" alt=\"\" class=\"wp-image-3559\" srcset=\"https:\/\/anprotec.org.br\/conferencia2023\/wp-content\/uploads\/2023\/11\/Card_Bate-Papo_Prancheta-1-819x1024.png 819w, https:\/\/anprotec.org.br\/conferencia2023\/wp-content\/uploads\/2023\/11\/Card_Bate-Papo_Prancheta-1-240x300.png 240w, https:\/\/anprotec.org.br\/conferencia2023\/wp-content\/uploads\/2023\/11\/Card_Bate-Papo_Prancheta-1-768x960.png 768w, https:\/\/anprotec.org.br\/conferencia2023\/wp-content\/uploads\/2023\/11\/Card_Bate-Papo_Prancheta-1.png 1080w\" sizes=\"(max-width: 819px) 100vw, 819px\" \/><\/figure>\n<\/div>\n\n\n<div style=\"height:54px\" aria-hidden=\"true\" class=\"wp-block-spacer\"><\/div>\n\n\n\n<p>A <strong>Confer\u00eancia Anprotec 2023 <\/strong>acontecer\u00e1 nos dias <strong>6 a 9 de novembro<\/strong>, em <strong>Bras\u00edlia<\/strong>-DF e abordar\u00e1 a tem\u00e1tica \u201c<strong>Inova\u00e7\u00e3o e Sociedade: tecnologias emergentes e a transforma\u00e7\u00e3o do empreendedorismo<\/strong>\u201d.<\/p>\n\n\n\n<p>Neste ano, no <strong>segundo dia<\/strong> de evento, <strong>7\/11<\/strong>, acontecer\u00e1 o<strong> \u201cBate-papo sobre investimento empreendedor\u201d<\/strong>, que discutir\u00e1 as realidades do empreendedorismo acerca de investimentos.<\/p>\n\n\n\n<p>Esta sess\u00e3o contar\u00e1 com a presen\u00e7a dos palestrantes:<\/p>\n\n\n\n<p><strong>Sandro Valeri (Slat Ventures) &#8211;&nbsp; <\/strong>Fundador e Managing Partner da Slat Ventures, uma gestora de fundos de investimento (FIP e Offshore), com modelo de neg\u00f3cio tradicional de venture capital, 2% de administra\u00e7\u00e3o e gest\u00e3o com 20% de performance.<\/p>\n\n\n\n<p><strong>Jo\u00e3o Pac\u00edfico (Grupo Gaia) &#8211; <\/strong>CEO Investimentos de Impacto do Grupo Gaia, que atua no mercado financeiro h\u00e1 14 anos, com mais de R$ 20 bi em opera\u00e7\u00f5es.&nbsp;<\/p>\n\n\n\n<p><strong>Cris Alessi (Women Investment Movement) &#8211;&nbsp; <\/strong>Fundadora da WIM Angels \u2013 Women Investment Movement, um fundo de investimentos com foco em investir em startups lideradas por mulheres.<\/p>\n\n\n\n<p><strong>Airam Correia (Maz\u00f4 Man\u00e1 Forest Food)<\/strong> &#8211; Co-Fundador e Presidente de Conselho da lyga, uma startup school Cubo Ita\u00fa e Co-Fundador da Maz\u00f4 Man\u00e1 Forest Food, startup de impacto socioambiental.&nbsp;<\/p>\n\n\n\n<p><strong>Filipe Martins &#8211; <\/strong>S\u00f3cio fundador e Diretor Executivo da Innovetter Consultoria de Inova\u00e7\u00e3o<\/p>\n\n\n\n<p>A confer\u00eancia j\u00e1 conta com <strong>mais de 40 palestrantes <\/strong>confirmados e cerca <strong>25 atividades programadas<\/strong>, incluindo Pain\u00e9is, Debates, F\u00f3rum Sebrae de Inova\u00e7\u00e3o, Talks, Eventos sociais, Apresenta\u00e7\u00e3o de trabalhos, Visitas t\u00e9cnicas, Semin\u00e1rio de resultados da Plataforma InovaLink para mapeamento de aceleradoras e incubadoras e muitas outras atividades.<br>Garanta a sua participa\u00e7\u00e3o pelo site: <a href=\"https:\/\/anprotec.org.br\/conferencia2023\/\">https:\/\/anprotec.org.br\/conferencia2023\/<\/a><\/p>\n","protected":false},"excerpt":{"rendered":"<p>A Confer\u00eancia Anprotec 2023 acontecer\u00e1 nos dias 6 a 9 de novembro, em Bras\u00edlia-DF e abordar\u00e1 a tem\u00e1tica \u201cInova\u00e7\u00e3o e Sociedade: tecnologias emergentes e a transforma\u00e7\u00e3o do empreendedorismo\u201d. Neste ano, no segundo dia de evento, 7\/11, acontecer\u00e1 o \u201cBate-papo sobre investimento empreendedor\u201d, que discutir\u00e1 as realidades do empreendedorismo acerca de investimentos. Esta sess\u00e3o contar\u00e1 com [&hellip;]<\/p>\n","protected":false},"author":1,"featured_media":3560,"comment_status":"closed","ping_status":"open","sticky":false,"template":"","format":"standard","meta":{"footnotes":""},"categories":[1],"tags":[],"class_list":["post-3374","post","type-post","status-publish","format-standard","has-post-thumbnail","hentry","category-uncategorized"],"yoast_head":"<!-- This site is optimized with the Yoast SEO plugin v23.0 - https:\/\/yoast.com\/wordpress\/plugins\/seo\/ -->\n<title>33\u00aa Confer\u00eancia Anprotec ter\u00e1 \u2018Bate-papo sobre investimento empreendedor\u2019 - Confer\u00eancia 2023 Anprotec<\/title>\n<meta name=\"robots\" content=\"index, follow, max-snippet:-1, max-image-preview:large, max-video-preview:-1\" \/>\n<link rel=\"canonical\" href=\"https:\/\/anprotec.org.br\/conferencia2023\/33a-conferencia-anprotec-tera-bate-papo-sobre-investimento-empreendedor\/\" \/>\n<meta property=\"og:locale\" content=\"pt_BR\" \/>\n<meta property=\"og:type\" content=\"article\" \/>\n<meta property=\"og:title\" content=\"33\u00aa Confer\u00eancia Anprotec ter\u00e1 \u2018Bate-papo sobre investimento empreendedor\u2019 - Confer\u00eancia 2023 Anprotec\" \/>\n<meta property=\"og:description\" content=\"A Confer\u00eancia Anprotec 2023 acontecer\u00e1 nos dias 6 a 9 de novembro, em Bras\u00edlia-DF e abordar\u00e1 a tem\u00e1tica \u201cInova\u00e7\u00e3o e Sociedade: tecnologias emergentes e a transforma\u00e7\u00e3o do empreendedorismo\u201d. Neste ano, no segundo dia de evento, 7\/11, acontecer\u00e1 o \u201cBate-papo sobre investimento empreendedor\u201d, que discutir\u00e1 as realidades do empreendedorismo acerca de investimentos. Esta sess\u00e3o contar\u00e1 com [&hellip;]\" \/>\n<meta property=\"og:url\" content=\"https:\/\/anprotec.org.br\/conferencia2023\/33a-conferencia-anprotec-tera-bate-papo-sobre-investimento-empreendedor\/\" \/>\n<meta property=\"og:site_name\" content=\"Confer\u00eancia 2023 Anprotec\" \/>\n<meta property=\"article:published_time\" content=\"2023-10-20T13:22:13+00:00\" \/>\n<meta property=\"article:modified_time\" content=\"2023-11-01T17:47:14+00:00\" \/>\n<meta property=\"og:image\" content=\"https:\/\/anprotec.org.br\/conferencia2023\/wp-content\/uploads\/2023\/10\/Card_Bate-Papo-02.png\" \/>\n\t<meta property=\"og:image:width\" content=\"800\" \/>\n\t<meta property=\"og:image:height\" content=\"450\" \/>\n\t<meta property=\"og:image:type\" content=\"image\/png\" \/>\n<meta name=\"author\" content=\"admin\" \/>\n<meta name=\"twitter:card\" content=\"summary_large_image\" \/>\n<meta name=\"twitter:label1\" content=\"Escrito por\" \/>\n\t<meta name=\"twitter:data1\" content=\"admin\" \/>\n\t<meta name=\"twitter:label2\" content=\"Est. tempo de leitura\" \/>\n\t<meta name=\"twitter:data2\" content=\"2 minutos\" \/>\n<script type=\"application\/ld+json\" class=\"yoast-schema-graph\">{\"@context\":\"https:\/\/schema.org\",\"@graph\":[{\"@type\":\"Article\",\"@id\":\"https:\/\/anprotec.org.br\/conferencia2023\/33a-conferencia-anprotec-tera-bate-papo-sobre-investimento-empreendedor\/#article\",\"isPartOf\":{\"@id\":\"https:\/\/anprotec.org.br\/conferencia2023\/33a-conferencia-anprotec-tera-bate-papo-sobre-investimento-empreendedor\/\"},\"author\":{\"name\":\"admin\",\"@id\":\"https:\/\/anprotec.org.br\/conferencia2023\/#\/schema\/person\/7ce1d54c6005e7d21795bc5e974e2f9f\"},\"headline\":\"33\u00aa Confer\u00eancia Anprotec ter\u00e1 \u2018Bate-papo sobre investimento empreendedor\u2019\",\"datePublished\":\"2023-10-20T13:22:13+00:00\",\"dateModified\":\"2023-11-01T17:47:14+00:00\",\"mainEntityOfPage\":{\"@id\":\"https:\/\/anprotec.org.br\/conferencia2023\/33a-conferencia-anprotec-tera-bate-papo-sobre-investimento-empreendedor\/\"},\"wordCount\":276,\"publisher\":{\"@id\":\"https:\/\/anprotec.org.br\/conferencia2023\/#organization\"},\"image\":{\"@id\":\"https:\/\/anprotec.org.br\/conferencia2023\/33a-conferencia-anprotec-tera-bate-papo-sobre-investimento-empreendedor\/#primaryimage\"},\"thumbnailUrl\":\"https:\/\/anprotec.org.br\/conferencia2023\/wp-content\/uploads\/2023\/10\/Card_Bate-Papo-02.png\",\"articleSection\":[\"Uncategorized\"],\"inLanguage\":\"pt-BR\"},{\"@type\":\"WebPage\",\"@id\":\"https:\/\/anprotec.org.br\/conferencia2023\/33a-conferencia-anprotec-tera-bate-papo-sobre-investimento-empreendedor\/\",\"url\":\"https:\/\/anprotec.org.br\/conferencia2023\/33a-conferencia-anprotec-tera-bate-papo-sobre-investimento-empreendedor\/\",\"name\":\"33\u00aa Confer\u00eancia Anprotec ter\u00e1 \u2018Bate-papo sobre investimento empreendedor\u2019 - Confer\u00eancia 2023 Anprotec\",\"isPartOf\":{\"@id\":\"https:\/\/anprotec.org.br\/conferencia2023\/#website\"},\"primaryImageOfPage\":{\"@id\":\"https:\/\/anprotec.org.br\/conferencia2023\/33a-conferencia-anprotec-tera-bate-papo-sobre-investimento-empreendedor\/#primaryimage\"},\"image\":{\"@id\":\"https:\/\/anprotec.org.br\/conferencia2023\/33a-conferencia-anprotec-tera-bate-papo-sobre-investimento-empreendedor\/#primaryimage\"},\"thumbnailUrl\":\"https:\/\/anprotec.org.br\/conferencia2023\/wp-content\/uploads\/2023\/10\/Card_Bate-Papo-02.png\",\"datePublished\":\"2023-10-20T13:22:13+00:00\",\"dateModified\":\"2023-11-01T17:47:14+00:00\",\"breadcrumb\":{\"@id\":\"https:\/\/anprotec.org.br\/conferencia2023\/33a-conferencia-anprotec-tera-bate-papo-sobre-investimento-empreendedor\/#breadcrumb\"},\"inLanguage\":\"pt-BR\",\"potentialAction\":[{\"@type\":\"ReadAction\",\"target\":[\"https:\/\/anprotec.org.br\/conferencia2023\/33a-conferencia-anprotec-tera-bate-papo-sobre-investimento-empreendedor\/\"]}]},{\"@type\":\"ImageObject\",\"inLanguage\":\"pt-BR\",\"@id\":\"https:\/\/anprotec.org.br\/conferencia2023\/33a-conferencia-anprotec-tera-bate-papo-sobre-investimento-empreendedor\/#primaryimage\",\"url\":\"https:\/\/anprotec.org.br\/conferencia2023\/wp-content\/uploads\/2023\/10\/Card_Bate-Papo-02.png\",\"contentUrl\":\"https:\/\/anprotec.org.br\/conferencia2023\/wp-content\/uploads\/2023\/10\/Card_Bate-Papo-02.png\",\"width\":800,\"height\":450},{\"@type\":\"BreadcrumbList\",\"@id\":\"https:\/\/anprotec.org.br\/conferencia2023\/33a-conferencia-anprotec-tera-bate-papo-sobre-investimento-empreendedor\/#breadcrumb\",\"itemListElement\":[{\"@type\":\"ListItem\",\"position\":1,\"name\":\"In\u00edcio\",\"item\":\"https:\/\/anprotec.org.br\/conferencia2023\/\"},{\"@type\":\"ListItem\",\"position\":2,\"name\":\"33\u00aa Confer\u00eancia Anprotec ter\u00e1 \u2018Bate-papo sobre investimento empreendedor\u2019\"}]},{\"@type\":\"WebSite\",\"@id\":\"https:\/\/anprotec.org.br\/conferencia2023\/#website\",\"url\":\"https:\/\/anprotec.org.br\/conferencia2023\/\",\"name\":\"Confer\u00eancia 2023 Anprotec\",\"description\":\"\",\"publisher\":{\"@id\":\"https:\/\/anprotec.org.br\/conferencia2023\/#organization\"},\"potentialAction\":[{\"@type\":\"SearchAction\",\"target\":{\"@type\":\"EntryPoint\",\"urlTemplate\":\"https:\/\/anprotec.org.br\/conferencia2023\/?s={search_term_string}\"},\"query-input\":\"required name=search_term_string\"}],\"inLanguage\":\"pt-BR\"},{\"@type\":\"Organization\",\"@id\":\"https:\/\/anprotec.org.br\/conferencia2023\/#organization\",\"name\":\"Confer\u00eancia 2023 Anprotec\",\"url\":\"https:\/\/anprotec.org.br\/conferencia2023\/\",\"logo\":{\"@type\":\"ImageObject\",\"inLanguage\":\"pt-BR\",\"@id\":\"https:\/\/anprotec.org.br\/conferencia2023\/#\/schema\/logo\/image\/\",\"url\":\"\",\"contentUrl\":\"\",\"caption\":\"Confer\u00eancia 2023 Anprotec\"},\"image\":{\"@id\":\"https:\/\/anprotec.org.br\/conferencia2023\/#\/schema\/logo\/image\/\"}},{\"@type\":\"Person\",\"@id\":\"https:\/\/anprotec.org.br\/conferencia2023\/#\/schema\/person\/7ce1d54c6005e7d21795bc5e974e2f9f\",\"name\":\"admin\",\"image\":{\"@type\":\"ImageObject\",\"inLanguage\":\"pt-BR\",\"@id\":\"https:\/\/anprotec.org.br\/conferencia2023\/#\/schema\/person\/image\/\",\"url\":\"https:\/\/secure.gravatar.com\/avatar\/245112798fe6695640d096a325e40ea81b35fc9cdce454a7fa617ee832539b58?s=96&d=mm&r=g\",\"contentUrl\":\"https:\/\/secure.gravatar.com\/avatar\/245112798fe6695640d096a325e40ea81b35fc9cdce454a7fa617ee832539b58?s=96&d=mm&r=g\",\"caption\":\"admin\"},\"sameAs\":[\"https:\/\/anprotec.org.br\/conferencia2023\"],\"url\":\"https:\/\/anprotec.org.br\/conferencia2023\/author\/admin\/\"}]}<\/script>\n<!-- \/ Yoast SEO plugin. -->","yoast_head_json":{"title":"33\u00aa Confer\u00eancia Anprotec ter\u00e1 \u2018Bate-papo sobre investimento empreendedor\u2019 - Confer\u00eancia 2023 Anprotec","robots":{"index":"index","follow":"follow","max-snippet":"max-snippet:-1","max-image-preview":"max-image-preview:large","max-video-preview":"max-video-preview:-1"},"canonical":"https:\/\/anprotec.org.br\/conferencia2023\/33a-conferencia-anprotec-tera-bate-papo-sobre-investimento-empreendedor\/","og_locale":"pt_BR","og_type":"article","og_title":"33\u00aa Confer\u00eancia Anprotec ter\u00e1 \u2018Bate-papo sobre investimento empreendedor\u2019 - Confer\u00eancia 2023 Anprotec","og_description":"A Confer\u00eancia Anprotec 2023 acontecer\u00e1 nos dias 6 a 9 de novembro, em Bras\u00edlia-DF e abordar\u00e1 a tem\u00e1tica \u201cInova\u00e7\u00e3o e Sociedade: tecnologias emergentes e a transforma\u00e7\u00e3o do empreendedorismo\u201d. Neste ano, no segundo dia de evento, 7\/11, acontecer\u00e1 o \u201cBate-papo sobre investimento empreendedor\u201d, que discutir\u00e1 as realidades do empreendedorismo acerca de investimentos. Esta sess\u00e3o contar\u00e1 com [&hellip;]","og_url":"https:\/\/anprotec.org.br\/conferencia2023\/33a-conferencia-anprotec-tera-bate-papo-sobre-investimento-empreendedor\/","og_site_name":"Confer\u00eancia 2023 Anprotec","article_published_time":"2023-10-20T13:22:13+00:00","article_modified_time":"2023-11-01T17:47:14+00:00","og_image":[{"width":800,"height":450,"url":"https:\/\/anprotec.org.br\/conferencia2023\/wp-content\/uploads\/2023\/10\/Card_Bate-Papo-02.png","type":"image\/png"}],"author":"admin","twitter_card":"summary_large_image","twitter_misc":{"Escrito por":"admin","Est. tempo de leitura":"2 minutos"},"schema":{"@context":"https:\/\/schema.org","@graph":[{"@type":"Article","@id":"https:\/\/anprotec.org.br\/conferencia2023\/33a-conferencia-anprotec-tera-bate-papo-sobre-investimento-empreendedor\/#article","isPartOf":{"@id":"https:\/\/anprotec.org.br\/conferencia2023\/33a-conferencia-anprotec-tera-bate-papo-sobre-investimento-empreendedor\/"},"author":{"name":"admin","@id":"https:\/\/anprotec.org.br\/conferencia2023\/#\/schema\/person\/7ce1d54c6005e7d21795bc5e974e2f9f"},"headline":"33\u00aa Confer\u00eancia Anprotec ter\u00e1 \u2018Bate-papo sobre investimento empreendedor\u2019","datePublished":"2023-10-20T13:22:13+00:00","dateModified":"2023-11-01T17:47:14+00:00","mainEntityOfPage":{"@id":"https:\/\/anprotec.org.br\/conferencia2023\/33a-conferencia-anprotec-tera-bate-papo-sobre-investimento-empreendedor\/"},"wordCount":276,"publisher":{"@id":"https:\/\/anprotec.org.br\/conferencia2023\/#organization"},"image":{"@id":"https:\/\/anprotec.org.br\/conferencia2023\/33a-conferencia-anprotec-tera-bate-papo-sobre-investimento-empreendedor\/#primaryimage"},"thumbnailUrl":"https:\/\/anprotec.org.br\/conferencia2023\/wp-content\/uploads\/2023\/10\/Card_Bate-Papo-02.png","articleSection":["Uncategorized"],"inLanguage":"pt-BR"},{"@type":"WebPage","@id":"https:\/\/anprotec.org.br\/conferencia2023\/33a-conferencia-anprotec-tera-bate-papo-sobre-investimento-empreendedor\/","url":"https:\/\/anprotec.org.br\/conferencia2023\/33a-conferencia-anprotec-tera-bate-papo-sobre-investimento-empreendedor\/","name":"33\u00aa Confer\u00eancia Anprotec ter\u00e1 \u2018Bate-papo sobre investimento empreendedor\u2019 - Confer\u00eancia 2023 Anprotec","isPartOf":{"@id":"https:\/\/anprotec.org.br\/conferencia2023\/#website"},"primaryImageOfPage":{"@id":"https:\/\/anprotec.org.br\/conferencia2023\/33a-conferencia-anprotec-tera-bate-papo-sobre-investimento-empreendedor\/#primaryimage"},"image":{"@id":"https:\/\/anprotec.org.br\/conferencia2023\/33a-conferencia-anprotec-tera-bate-papo-sobre-investimento-empreendedor\/#primaryimage"},"thumbnailUrl":"https:\/\/anprotec.org.br\/conferencia2023\/wp-content\/uploads\/2023\/10\/Card_Bate-Papo-02.png","datePublished":"2023-10-20T13:22:13+00:00","dateModified":"2023-11-01T17:47:14+00:00","breadcrumb":{"@id":"https:\/\/anprotec.org.br\/conferencia2023\/33a-conferencia-anprotec-tera-bate-papo-sobre-investimento-empreendedor\/#breadcrumb"},"inLanguage":"pt-BR","potentialAction":[{"@type":"ReadAction","target":["https:\/\/anprotec.org.br\/conferencia2023\/33a-conferencia-anprotec-tera-bate-papo-sobre-investimento-empreendedor\/"]}]},{"@type":"ImageObject","inLanguage":"pt-BR","@id":"https:\/\/anprotec.org.br\/conferencia2023\/33a-conferencia-anprotec-tera-bate-papo-sobre-investimento-empreendedor\/#primaryimage","url":"https:\/\/anprotec.org.br\/conferencia2023\/wp-content\/uploads\/2023\/10\/Card_Bate-Papo-02.png","contentUrl":"https:\/\/anprotec.org.br\/conferencia2023\/wp-content\/uploads\/2023\/10\/Card_Bate-Papo-02.png","width":800,"height":450},{"@type":"BreadcrumbList","@id":"https:\/\/anprotec.org.br\/conferencia2023\/33a-conferencia-anprotec-tera-bate-papo-sobre-investimento-empreendedor\/#breadcrumb","itemListElement":[{"@type":"ListItem","position":1,"name":"In\u00edcio","item":"https:\/\/anprotec.org.br\/conferencia2023\/"},{"@type":"ListItem","position":2,"name":"33\u00aa Confer\u00eancia Anprotec ter\u00e1 \u2018Bate-papo sobre investimento empreendedor\u2019"}]},{"@type":"WebSite","@id":"https:\/\/anprotec.org.br\/conferencia2023\/#website","url":"https:\/\/anprotec.org.br\/conferencia2023\/","name":"Confer\u00eancia 2023 Anprotec","description":"","publisher":{"@id":"https:\/\/anprotec.org.br\/conferencia2023\/#organization"},"potentialAction":[{"@type":"SearchAction","target":{"@type":"EntryPoint","urlTemplate":"https:\/\/anprotec.org.br\/conferencia2023\/?s={search_term_string}"},"query-input":"required name=search_term_string"}],"inLanguage":"pt-BR"},{"@type":"Organization","@id":"https:\/\/anprotec.org.br\/conferencia2023\/#organization","name":"Confer\u00eancia 2023 Anprotec","url":"https:\/\/anprotec.org.br\/conferencia2023\/","logo":{"@type":"ImageObject","inLanguage":"pt-BR","@id":"https:\/\/anprotec.org.br\/conferencia2023\/#\/schema\/logo\/image\/","url":"","contentUrl":"","caption":"Confer\u00eancia 2023 Anprotec"},"image":{"@id":"https:\/\/anprotec.org.br\/conferencia2023\/#\/schema\/logo\/image\/"}},{"@type":"Person","@id":"https:\/\/anprotec.org.br\/conferencia2023\/#\/schema\/person\/7ce1d54c6005e7d21795bc5e974e2f9f","name":"admin","image":{"@type":"ImageObject","inLanguage":"pt-BR","@id":"https:\/\/anprotec.org.br\/conferencia2023\/#\/schema\/person\/image\/","url":"https:\/\/secure.gravatar.com\/avatar\/245112798fe6695640d096a325e40ea81b35fc9cdce454a7fa617ee832539b58?s=96&d=mm&r=g","contentUrl":"https:\/\/secure.gravatar.com\/avatar\/245112798fe6695640d096a325e40ea81b35fc9cdce454a7fa617ee832539b58?s=96&d=mm&r=g","caption":"admin"},"sameAs":["https:\/\/anprotec.org.br\/conferencia2023"],"url":"https:\/\/anprotec.org.br\/conferencia2023\/author\/admin\/"}]}},"_links":{"self":[{"href":"https:\/\/anprotec.org.br\/conferencia2023\/wp-json\/wp\/v2\/posts\/3374","targetHints":{"allow":["GET"]}}],"collection":[{"href":"https:\/\/anprotec.org.br\/conferencia2023\/wp-json\/wp\/v2\/posts"}],"about":[{"href":"https:\/\/anprotec.org.br\/conferencia2023\/wp-json\/wp\/v2\/types\/post"}],"author":[{"embeddable":true,"href":"https:\/\/anprotec.org.br\/conferencia2023\/wp-json\/wp\/v2\/users\/1"}],"replies":[{"embeddable":true,"href":"https:\/\/anprotec.org.br\/conferencia2023\/wp-json\/wp\/v2\/comments?post=3374"}],"version-history":[{"count":3,"href":"https:\/\/anprotec.org.br\/conferencia2023\/wp-json\/wp\/v2\/posts\/3374\/revisions"}],"predecessor-version":[{"id":3561,"href":"https:\/\/anprotec.org.br\/conferencia2023\/wp-json\/wp\/v2\/posts\/3374\/revisions\/3561"}],"wp:featuredmedia":[{"embeddable":true,"href":"https:\/\/anprotec.org.br\/conferencia2023\/wp-json\/wp\/v2\/media\/3560"}],"wp:attachment":[{"href":"https:\/\/anprotec.org.br\/conferencia2023\/wp-json\/wp\/v2\/media?parent=3374"}],"wp:term":[{"taxonomy":"category","embeddable":true,"href":"https:\/\/anprotec.org.br\/conferencia2023\/wp-json\/wp\/v2\/categories?post=3374"},{"taxonomy":"post_tag","embeddable":true,"href":"https:\/\/anprotec.org.br\/conferencia2023\/wp-json\/wp\/v2\/tags?post=3374"}],"curies":[{"name":"wp","href":"https:\/\/api.w.org\/{rel}","templated":true}]}}