{"id":3256,"date":"2023-10-13T13:32:50","date_gmt":"2023-10-13T16:32:50","guid":{"rendered":"https:\/\/anprotec.org.br\/conferencia2023\/?p=3256"},"modified":"2023-11-01T16:00:24","modified_gmt":"2023-11-01T19:00:24","slug":"33a-conferencia-anprotec-tera-talks-de-empreendedorismo","status":"publish","type":"post","link":"https:\/\/anprotec.org.br\/conferencia2023\/33a-conferencia-anprotec-tera-talks-de-empreendedorismo\/","title":{"rendered":"33\u00aa Confer\u00eancia Anprotec ter\u00e1 Talks de Empreendedorismo"},"content":{"rendered":"\n<div style=\"height:33px\" aria-hidden=\"true\" class=\"wp-block-spacer\"><\/div>\n\n\n\n<figure class=\"wp-block-image size-large is-resized\"><img fetchpriority=\"high\" decoding=\"async\" width=\"819\" height=\"1024\" src=\"https:\/\/anprotec.org.br\/conferencia2023\/wp-content\/uploads\/2023\/11\/Card_Talks-819x1024.png\" alt=\"\" class=\"wp-image-3564\" style=\"aspect-ratio:0.7998046875;width:840px;height:auto\" srcset=\"https:\/\/anprotec.org.br\/conferencia2023\/wp-content\/uploads\/2023\/11\/Card_Talks-819x1024.png 819w, https:\/\/anprotec.org.br\/conferencia2023\/wp-content\/uploads\/2023\/11\/Card_Talks-240x300.png 240w, https:\/\/anprotec.org.br\/conferencia2023\/wp-content\/uploads\/2023\/11\/Card_Talks-768x960.png 768w, https:\/\/anprotec.org.br\/conferencia2023\/wp-content\/uploads\/2023\/11\/Card_Talks.png 1080w\" sizes=\"(max-width: 819px) 100vw, 819px\" \/><\/figure>\n\n\n\n<div style=\"height:21px\" aria-hidden=\"true\" class=\"wp-block-spacer\"><\/div>\n\n\n\n<p>A <strong>Confer\u00eancia Anprotec 2023 <\/strong>j\u00e1 est\u00e1 logo ali! Esse ano nosso evento acontecer\u00e1 nos dias <strong>6 a 9 de novembro<\/strong>, em <strong>Bras\u00edlia <\/strong>&#8211; DF e ter\u00e1 como tema \u201c<strong>Inova\u00e7\u00e3o e Sociedade: tecnologias emergentes e a transforma\u00e7\u00e3o do empreendedorismo<\/strong>\u201d.<\/p>\n\n\n\n<p>No <strong>terceiro dia<\/strong> de evento da 33\u00aa Confer\u00eancia Anprotec, <strong>7\/11<\/strong>, acontecer\u00e1 a sess\u00e3o de <strong>Talks de empreendedorismo<\/strong>, que contar\u00e1 com a presen\u00e7a dos participantes:<\/p>\n\n\n\n<p><strong>B\u00e1rbara Lopes (Bens\u00e0 Educa\u00e7\u00e3o Empreendedora Afrocentrada) &#8211; <\/strong>CEO da Bens\u00e0 &#8211; Startup de Educa\u00e7\u00e3o Empreendedora Afrocentrada, com mais de 135 empresas mentoradas por todo Brasil. Conhecida nacionalmente por falar sobre desacelerar pessoas e acelerar neg\u00f3cios, inova\u00e7\u00e3o, criatividade e diversidade.<\/p>\n\n\n\n<p><strong>Andrea Viviana Waichman (Darvore Cosm\u00e9ticos da Amaz\u00f4nia) &#8211; <\/strong>S\u00f3cia e Diretora de P&amp;D. Foi diretora t\u00e9cnico-cient\u00edfica da FAPEAM de 2012 a 2017 e foi diretora do Departamento de Inova\u00e7\u00e3o, Propriedade Intelectual e Transfer\u00eancia de Tecnologias da UFAM.<\/p>\n\n\n\n<p><strong>Jana Borghi (Rede Mulher Empreendedora) &#8211; <\/strong>Idealizadora da Casa Sete, Empreendedora social, comunic\u00f3loga, articuladora e produtora cultural. Possui mestrado em Comunica\u00e7\u00e3o, Linguagens e Cultura (UNAMA), Especializa\u00e7\u00e3o em Saberes, Linguagens e Pr\u00e1ticas Educacionais na Amaz\u00f4nia (IFPA).&nbsp;<\/p>\n\n\n\n<p><strong>Andr\u00e9 Ribeiro (Diaspora.Black) &#8211; <\/strong>Cofundador da Diaspora.Black e da Yoo Inova\u00e7\u00e3o. Participou dos principais programas de pr\u00e9 acelera\u00e7\u00e3o e acelera\u00e7\u00e3o do pa\u00eds. Entre elas, Yunus Neg\u00f3cios Sociais (Oi Futuro), P\u00f3len (Unisuam), Abellha, Artem\u00edsia (Esta\u00e7\u00e3o Hack do Facebook), Quintessa (Braskem Labs) e atualmente o Google for Startups (Black Founders Fund).&nbsp;<\/p>\n\n\n\n<p><strong>Bia Santos (Barkus)(RJ) &#8211; <\/strong>CEO e fundadora, vencedora do Menos30Fest, al\u00e9m de nomeada Powerlist 100 como uma das 100 pessoas negras mais influentes da Lusofonia em 2022 e Tech Entrepreneur Brasil no Women that Build Awards, foi homenageada pelo Mulheres Exponenciais 2023 na \u00e1rea de Tecnologia.<\/p>\n\n\n\n<p><strong>P\u00e2mela P\u00e1dua (BMV Global\/Tesouro Verde) &#8211;<\/strong> Diretora da govtech Tesouro Verde, spin-off do Grupo BMV Global, especializada em oferecer inovadoras pol\u00edticas p\u00fablicas, de acordo com a agenda E+ESG do mercado global. \u00c9 atuante h\u00e1 mais de 15 anos no mercado de solu\u00e7\u00f5es em sustentabilidade.<\/p>\n\n\n\n<p><strong>Polyanna Cintra (Lab Gri\u00f4)<\/strong> &#8211; Especialista em Ecossistemas de Inova\u00e7\u00e3o pela ANPROTEC, Administrador pela UPE e Universidade de Alcal\u00e1 de Henares na Espanha, trabalhando para fomentar o empreendedorismo no Parque Tecnol\u00f3gico Porto Digital; hoje gerencia projetos de cidades inteligentes e humanas como Fundador do Lab Gri\u00f4; \u00e9 business designer da Futuring.Today e ex-aluno da organiza\u00e7\u00e3o internacional AIESEC. Ju\u00edza do Startup Weekend Woman, mentora do Global Jam e Network das Minas, membro da iniciativa internacional focada em solu\u00e7\u00f5es para cidades, Beyond, com sede em Portugal.<\/p>\n\n\n\n<p>A confer\u00eancia j\u00e1 conta com <strong>mais de 40 palestrantes <\/strong>confirmados e cerca <strong>25 atividades programadas<\/strong>, incluindo Pain\u00e9is, Debates, F\u00f3rum Sebrae de Inova\u00e7\u00e3o, Talks, Eventos sociais, Apresenta\u00e7\u00e3o de trabalhos, Visitas t\u00e9cnicas, Semin\u00e1rio de resultados da Plataforma InovaLink para mapeamento de aceleradoras e incubadoras e muitas outras atividades.<br>Garanta a sua participa\u00e7\u00e3o pelo site: <a href=\"https:\/\/anprotec.org.br\/conferencia2023\/\">https:\/\/anprotec.org.br\/conferencia2023\/<\/a><\/p>\n","protected":false},"excerpt":{"rendered":"<p>A Confer\u00eancia Anprotec 2023 j\u00e1 est\u00e1 logo ali! Esse ano nosso evento acontecer\u00e1 nos dias 6 a 9 de novembro, em Bras\u00edlia &#8211; DF e ter\u00e1 como tema \u201cInova\u00e7\u00e3o e Sociedade: tecnologias emergentes e a transforma\u00e7\u00e3o do empreendedorismo\u201d. No terceiro dia de evento da 33\u00aa Confer\u00eancia Anprotec, 7\/11, acontecer\u00e1 a sess\u00e3o de Talks de empreendedorismo, [&hellip;]<\/p>\n","protected":false},"author":1,"featured_media":3566,"comment_status":"closed","ping_status":"open","sticky":false,"template":"","format":"standard","meta":{"footnotes":""},"categories":[1],"tags":[],"class_list":["post-3256","post","type-post","status-publish","format-standard","has-post-thumbnail","hentry","category-uncategorized"],"yoast_head":"<!-- This site is optimized with the Yoast SEO plugin v23.0 - https:\/\/yoast.com\/wordpress\/plugins\/seo\/ -->\n<title>33\u00aa Confer\u00eancia Anprotec ter\u00e1 Talks de Empreendedorismo - Confer\u00eancia 2023 Anprotec<\/title>\n<meta name=\"robots\" content=\"index, follow, max-snippet:-1, max-image-preview:large, max-video-preview:-1\" \/>\n<link rel=\"canonical\" href=\"https:\/\/anprotec.org.br\/conferencia2023\/33a-conferencia-anprotec-tera-talks-de-empreendedorismo\/\" \/>\n<meta property=\"og:locale\" content=\"pt_BR\" \/>\n<meta property=\"og:type\" content=\"article\" \/>\n<meta property=\"og:title\" content=\"33\u00aa Confer\u00eancia Anprotec ter\u00e1 Talks de Empreendedorismo - Confer\u00eancia 2023 Anprotec\" \/>\n<meta property=\"og:description\" content=\"A Confer\u00eancia Anprotec 2023 j\u00e1 est\u00e1 logo ali! Esse ano nosso evento acontecer\u00e1 nos dias 6 a 9 de novembro, em Bras\u00edlia &#8211; DF e ter\u00e1 como tema \u201cInova\u00e7\u00e3o e Sociedade: tecnologias emergentes e a transforma\u00e7\u00e3o do empreendedorismo\u201d. No terceiro dia de evento da 33\u00aa Confer\u00eancia Anprotec, 7\/11, acontecer\u00e1 a sess\u00e3o de Talks de empreendedorismo, [&hellip;]\" \/>\n<meta property=\"og:url\" content=\"https:\/\/anprotec.org.br\/conferencia2023\/33a-conferencia-anprotec-tera-talks-de-empreendedorismo\/\" \/>\n<meta property=\"og:site_name\" content=\"Confer\u00eancia 2023 Anprotec\" \/>\n<meta property=\"article:published_time\" content=\"2023-10-13T16:32:50+00:00\" \/>\n<meta property=\"article:modified_time\" content=\"2023-11-01T19:00:24+00:00\" \/>\n<meta property=\"og:image\" content=\"https:\/\/anprotec.org.br\/conferencia2023\/wp-content\/uploads\/2023\/10\/Card_Talks-Site-1.png\" \/>\n\t<meta property=\"og:image:width\" content=\"800\" \/>\n\t<meta property=\"og:image:height\" content=\"450\" \/>\n\t<meta property=\"og:image:type\" content=\"image\/png\" \/>\n<meta name=\"author\" content=\"admin\" \/>\n<meta name=\"twitter:card\" content=\"summary_large_image\" \/>\n<meta name=\"twitter:label1\" content=\"Escrito por\" \/>\n\t<meta name=\"twitter:data1\" content=\"admin\" \/>\n\t<meta name=\"twitter:label2\" content=\"Est. tempo de leitura\" \/>\n\t<meta name=\"twitter:data2\" content=\"3 minutos\" \/>\n<script type=\"application\/ld+json\" class=\"yoast-schema-graph\">{\"@context\":\"https:\/\/schema.org\",\"@graph\":[{\"@type\":\"Article\",\"@id\":\"https:\/\/anprotec.org.br\/conferencia2023\/33a-conferencia-anprotec-tera-talks-de-empreendedorismo\/#article\",\"isPartOf\":{\"@id\":\"https:\/\/anprotec.org.br\/conferencia2023\/33a-conferencia-anprotec-tera-talks-de-empreendedorismo\/\"},\"author\":{\"name\":\"admin\",\"@id\":\"https:\/\/anprotec.org.br\/conferencia2023\/#\/schema\/person\/7ce1d54c6005e7d21795bc5e974e2f9f\"},\"headline\":\"33\u00aa Confer\u00eancia Anprotec ter\u00e1 Talks de Empreendedorismo\",\"datePublished\":\"2023-10-13T16:32:50+00:00\",\"dateModified\":\"2023-11-01T19:00:24+00:00\",\"mainEntityOfPage\":{\"@id\":\"https:\/\/anprotec.org.br\/conferencia2023\/33a-conferencia-anprotec-tera-talks-de-empreendedorismo\/\"},\"wordCount\":505,\"publisher\":{\"@id\":\"https:\/\/anprotec.org.br\/conferencia2023\/#organization\"},\"image\":{\"@id\":\"https:\/\/anprotec.org.br\/conferencia2023\/33a-conferencia-anprotec-tera-talks-de-empreendedorismo\/#primaryimage\"},\"thumbnailUrl\":\"https:\/\/anprotec.org.br\/conferencia2023\/wp-content\/uploads\/2023\/10\/Card_Talks-Site-1.png\",\"articleSection\":[\"Uncategorized\"],\"inLanguage\":\"pt-BR\"},{\"@type\":\"WebPage\",\"@id\":\"https:\/\/anprotec.org.br\/conferencia2023\/33a-conferencia-anprotec-tera-talks-de-empreendedorismo\/\",\"url\":\"https:\/\/anprotec.org.br\/conferencia2023\/33a-conferencia-anprotec-tera-talks-de-empreendedorismo\/\",\"name\":\"33\u00aa Confer\u00eancia Anprotec ter\u00e1 Talks de Empreendedorismo - Confer\u00eancia 2023 Anprotec\",\"isPartOf\":{\"@id\":\"https:\/\/anprotec.org.br\/conferencia2023\/#website\"},\"primaryImageOfPage\":{\"@id\":\"https:\/\/anprotec.org.br\/conferencia2023\/33a-conferencia-anprotec-tera-talks-de-empreendedorismo\/#primaryimage\"},\"image\":{\"@id\":\"https:\/\/anprotec.org.br\/conferencia2023\/33a-conferencia-anprotec-tera-talks-de-empreendedorismo\/#primaryimage\"},\"thumbnailUrl\":\"https:\/\/anprotec.org.br\/conferencia2023\/wp-content\/uploads\/2023\/10\/Card_Talks-Site-1.png\",\"datePublished\":\"2023-10-13T16:32:50+00:00\",\"dateModified\":\"2023-11-01T19:00:24+00:00\",\"breadcrumb\":{\"@id\":\"https:\/\/anprotec.org.br\/conferencia2023\/33a-conferencia-anprotec-tera-talks-de-empreendedorismo\/#breadcrumb\"},\"inLanguage\":\"pt-BR\",\"potentialAction\":[{\"@type\":\"ReadAction\",\"target\":[\"https:\/\/anprotec.org.br\/conferencia2023\/33a-conferencia-anprotec-tera-talks-de-empreendedorismo\/\"]}]},{\"@type\":\"ImageObject\",\"inLanguage\":\"pt-BR\",\"@id\":\"https:\/\/anprotec.org.br\/conferencia2023\/33a-conferencia-anprotec-tera-talks-de-empreendedorismo\/#primaryimage\",\"url\":\"https:\/\/anprotec.org.br\/conferencia2023\/wp-content\/uploads\/2023\/10\/Card_Talks-Site-1.png\",\"contentUrl\":\"https:\/\/anprotec.org.br\/conferencia2023\/wp-content\/uploads\/2023\/10\/Card_Talks-Site-1.png\",\"width\":800,\"height\":450},{\"@type\":\"BreadcrumbList\",\"@id\":\"https:\/\/anprotec.org.br\/conferencia2023\/33a-conferencia-anprotec-tera-talks-de-empreendedorismo\/#breadcrumb\",\"itemListElement\":[{\"@type\":\"ListItem\",\"position\":1,\"name\":\"In\u00edcio\",\"item\":\"https:\/\/anprotec.org.br\/conferencia2023\/\"},{\"@type\":\"ListItem\",\"position\":2,\"name\":\"33\u00aa Confer\u00eancia Anprotec ter\u00e1 Talks de Empreendedorismo\"}]},{\"@type\":\"WebSite\",\"@id\":\"https:\/\/anprotec.org.br\/conferencia2023\/#website\",\"url\":\"https:\/\/anprotec.org.br\/conferencia2023\/\",\"name\":\"Confer\u00eancia 2023 Anprotec\",\"description\":\"\",\"publisher\":{\"@id\":\"https:\/\/anprotec.org.br\/conferencia2023\/#organization\"},\"potentialAction\":[{\"@type\":\"SearchAction\",\"target\":{\"@type\":\"EntryPoint\",\"urlTemplate\":\"https:\/\/anprotec.org.br\/conferencia2023\/?s={search_term_string}\"},\"query-input\":\"required name=search_term_string\"}],\"inLanguage\":\"pt-BR\"},{\"@type\":\"Organization\",\"@id\":\"https:\/\/anprotec.org.br\/conferencia2023\/#organization\",\"name\":\"Confer\u00eancia 2023 Anprotec\",\"url\":\"https:\/\/anprotec.org.br\/conferencia2023\/\",\"logo\":{\"@type\":\"ImageObject\",\"inLanguage\":\"pt-BR\",\"@id\":\"https:\/\/anprotec.org.br\/conferencia2023\/#\/schema\/logo\/image\/\",\"url\":\"\",\"contentUrl\":\"\",\"caption\":\"Confer\u00eancia 2023 Anprotec\"},\"image\":{\"@id\":\"https:\/\/anprotec.org.br\/conferencia2023\/#\/schema\/logo\/image\/\"}},{\"@type\":\"Person\",\"@id\":\"https:\/\/anprotec.org.br\/conferencia2023\/#\/schema\/person\/7ce1d54c6005e7d21795bc5e974e2f9f\",\"name\":\"admin\",\"image\":{\"@type\":\"ImageObject\",\"inLanguage\":\"pt-BR\",\"@id\":\"https:\/\/anprotec.org.br\/conferencia2023\/#\/schema\/person\/image\/\",\"url\":\"https:\/\/secure.gravatar.com\/avatar\/245112798fe6695640d096a325e40ea81b35fc9cdce454a7fa617ee832539b58?s=96&d=mm&r=g\",\"contentUrl\":\"https:\/\/secure.gravatar.com\/avatar\/245112798fe6695640d096a325e40ea81b35fc9cdce454a7fa617ee832539b58?s=96&d=mm&r=g\",\"caption\":\"admin\"},\"sameAs\":[\"https:\/\/anprotec.org.br\/conferencia2023\"],\"url\":\"https:\/\/anprotec.org.br\/conferencia2023\/author\/admin\/\"}]}<\/script>\n<!-- \/ Yoast SEO plugin. -->","yoast_head_json":{"title":"33\u00aa Confer\u00eancia Anprotec ter\u00e1 Talks de Empreendedorismo - Confer\u00eancia 2023 Anprotec","robots":{"index":"index","follow":"follow","max-snippet":"max-snippet:-1","max-image-preview":"max-image-preview:large","max-video-preview":"max-video-preview:-1"},"canonical":"https:\/\/anprotec.org.br\/conferencia2023\/33a-conferencia-anprotec-tera-talks-de-empreendedorismo\/","og_locale":"pt_BR","og_type":"article","og_title":"33\u00aa Confer\u00eancia Anprotec ter\u00e1 Talks de Empreendedorismo - Confer\u00eancia 2023 Anprotec","og_description":"A Confer\u00eancia Anprotec 2023 j\u00e1 est\u00e1 logo ali! Esse ano nosso evento acontecer\u00e1 nos dias 6 a 9 de novembro, em Bras\u00edlia &#8211; DF e ter\u00e1 como tema \u201cInova\u00e7\u00e3o e Sociedade: tecnologias emergentes e a transforma\u00e7\u00e3o do empreendedorismo\u201d. No terceiro dia de evento da 33\u00aa Confer\u00eancia Anprotec, 7\/11, acontecer\u00e1 a sess\u00e3o de Talks de empreendedorismo, [&hellip;]","og_url":"https:\/\/anprotec.org.br\/conferencia2023\/33a-conferencia-anprotec-tera-talks-de-empreendedorismo\/","og_site_name":"Confer\u00eancia 2023 Anprotec","article_published_time":"2023-10-13T16:32:50+00:00","article_modified_time":"2023-11-01T19:00:24+00:00","og_image":[{"width":800,"height":450,"url":"https:\/\/anprotec.org.br\/conferencia2023\/wp-content\/uploads\/2023\/10\/Card_Talks-Site-1.png","type":"image\/png"}],"author":"admin","twitter_card":"summary_large_image","twitter_misc":{"Escrito por":"admin","Est. tempo de leitura":"3 minutos"},"schema":{"@context":"https:\/\/schema.org","@graph":[{"@type":"Article","@id":"https:\/\/anprotec.org.br\/conferencia2023\/33a-conferencia-anprotec-tera-talks-de-empreendedorismo\/#article","isPartOf":{"@id":"https:\/\/anprotec.org.br\/conferencia2023\/33a-conferencia-anprotec-tera-talks-de-empreendedorismo\/"},"author":{"name":"admin","@id":"https:\/\/anprotec.org.br\/conferencia2023\/#\/schema\/person\/7ce1d54c6005e7d21795bc5e974e2f9f"},"headline":"33\u00aa Confer\u00eancia Anprotec ter\u00e1 Talks de Empreendedorismo","datePublished":"2023-10-13T16:32:50+00:00","dateModified":"2023-11-01T19:00:24+00:00","mainEntityOfPage":{"@id":"https:\/\/anprotec.org.br\/conferencia2023\/33a-conferencia-anprotec-tera-talks-de-empreendedorismo\/"},"wordCount":505,"publisher":{"@id":"https:\/\/anprotec.org.br\/conferencia2023\/#organization"},"image":{"@id":"https:\/\/anprotec.org.br\/conferencia2023\/33a-conferencia-anprotec-tera-talks-de-empreendedorismo\/#primaryimage"},"thumbnailUrl":"https:\/\/anprotec.org.br\/conferencia2023\/wp-content\/uploads\/2023\/10\/Card_Talks-Site-1.png","articleSection":["Uncategorized"],"inLanguage":"pt-BR"},{"@type":"WebPage","@id":"https:\/\/anprotec.org.br\/conferencia2023\/33a-conferencia-anprotec-tera-talks-de-empreendedorismo\/","url":"https:\/\/anprotec.org.br\/conferencia2023\/33a-conferencia-anprotec-tera-talks-de-empreendedorismo\/","name":"33\u00aa Confer\u00eancia Anprotec ter\u00e1 Talks de Empreendedorismo - Confer\u00eancia 2023 Anprotec","isPartOf":{"@id":"https:\/\/anprotec.org.br\/conferencia2023\/#website"},"primaryImageOfPage":{"@id":"https:\/\/anprotec.org.br\/conferencia2023\/33a-conferencia-anprotec-tera-talks-de-empreendedorismo\/#primaryimage"},"image":{"@id":"https:\/\/anprotec.org.br\/conferencia2023\/33a-conferencia-anprotec-tera-talks-de-empreendedorismo\/#primaryimage"},"thumbnailUrl":"https:\/\/anprotec.org.br\/conferencia2023\/wp-content\/uploads\/2023\/10\/Card_Talks-Site-1.png","datePublished":"2023-10-13T16:32:50+00:00","dateModified":"2023-11-01T19:00:24+00:00","breadcrumb":{"@id":"https:\/\/anprotec.org.br\/conferencia2023\/33a-conferencia-anprotec-tera-talks-de-empreendedorismo\/#breadcrumb"},"inLanguage":"pt-BR","potentialAction":[{"@type":"ReadAction","target":["https:\/\/anprotec.org.br\/conferencia2023\/33a-conferencia-anprotec-tera-talks-de-empreendedorismo\/"]}]},{"@type":"ImageObject","inLanguage":"pt-BR","@id":"https:\/\/anprotec.org.br\/conferencia2023\/33a-conferencia-anprotec-tera-talks-de-empreendedorismo\/#primaryimage","url":"https:\/\/anprotec.org.br\/conferencia2023\/wp-content\/uploads\/2023\/10\/Card_Talks-Site-1.png","contentUrl":"https:\/\/anprotec.org.br\/conferencia2023\/wp-content\/uploads\/2023\/10\/Card_Talks-Site-1.png","width":800,"height":450},{"@type":"BreadcrumbList","@id":"https:\/\/anprotec.org.br\/conferencia2023\/33a-conferencia-anprotec-tera-talks-de-empreendedorismo\/#breadcrumb","itemListElement":[{"@type":"ListItem","position":1,"name":"In\u00edcio","item":"https:\/\/anprotec.org.br\/conferencia2023\/"},{"@type":"ListItem","position":2,"name":"33\u00aa Confer\u00eancia Anprotec ter\u00e1 Talks de Empreendedorismo"}]},{"@type":"WebSite","@id":"https:\/\/anprotec.org.br\/conferencia2023\/#website","url":"https:\/\/anprotec.org.br\/conferencia2023\/","name":"Confer\u00eancia 2023 Anprotec","description":"","publisher":{"@id":"https:\/\/anprotec.org.br\/conferencia2023\/#organization"},"potentialAction":[{"@type":"SearchAction","target":{"@type":"EntryPoint","urlTemplate":"https:\/\/anprotec.org.br\/conferencia2023\/?s={search_term_string}"},"query-input":"required name=search_term_string"}],"inLanguage":"pt-BR"},{"@type":"Organization","@id":"https:\/\/anprotec.org.br\/conferencia2023\/#organization","name":"Confer\u00eancia 2023 Anprotec","url":"https:\/\/anprotec.org.br\/conferencia2023\/","logo":{"@type":"ImageObject","inLanguage":"pt-BR","@id":"https:\/\/anprotec.org.br\/conferencia2023\/#\/schema\/logo\/image\/","url":"","contentUrl":"","caption":"Confer\u00eancia 2023 Anprotec"},"image":{"@id":"https:\/\/anprotec.org.br\/conferencia2023\/#\/schema\/logo\/image\/"}},{"@type":"Person","@id":"https:\/\/anprotec.org.br\/conferencia2023\/#\/schema\/person\/7ce1d54c6005e7d21795bc5e974e2f9f","name":"admin","image":{"@type":"ImageObject","inLanguage":"pt-BR","@id":"https:\/\/anprotec.org.br\/conferencia2023\/#\/schema\/person\/image\/","url":"https:\/\/secure.gravatar.com\/avatar\/245112798fe6695640d096a325e40ea81b35fc9cdce454a7fa617ee832539b58?s=96&d=mm&r=g","contentUrl":"https:\/\/secure.gravatar.com\/avatar\/245112798fe6695640d096a325e40ea81b35fc9cdce454a7fa617ee832539b58?s=96&d=mm&r=g","caption":"admin"},"sameAs":["https:\/\/anprotec.org.br\/conferencia2023"],"url":"https:\/\/anprotec.org.br\/conferencia2023\/author\/admin\/"}]}},"_links":{"self":[{"href":"https:\/\/anprotec.org.br\/conferencia2023\/wp-json\/wp\/v2\/posts\/3256","targetHints":{"allow":["GET"]}}],"collection":[{"href":"https:\/\/anprotec.org.br\/conferencia2023\/wp-json\/wp\/v2\/posts"}],"about":[{"href":"https:\/\/anprotec.org.br\/conferencia2023\/wp-json\/wp\/v2\/types\/post"}],"author":[{"embeddable":true,"href":"https:\/\/anprotec.org.br\/conferencia2023\/wp-json\/wp\/v2\/users\/1"}],"replies":[{"embeddable":true,"href":"https:\/\/anprotec.org.br\/conferencia2023\/wp-json\/wp\/v2\/comments?post=3256"}],"version-history":[{"count":3,"href":"https:\/\/anprotec.org.br\/conferencia2023\/wp-json\/wp\/v2\/posts\/3256\/revisions"}],"predecessor-version":[{"id":3568,"href":"https:\/\/anprotec.org.br\/conferencia2023\/wp-json\/wp\/v2\/posts\/3256\/revisions\/3568"}],"wp:featuredmedia":[{"embeddable":true,"href":"https:\/\/anprotec.org.br\/conferencia2023\/wp-json\/wp\/v2\/media\/3566"}],"wp:attachment":[{"href":"https:\/\/anprotec.org.br\/conferencia2023\/wp-json\/wp\/v2\/media?parent=3256"}],"wp:term":[{"taxonomy":"category","embeddable":true,"href":"https:\/\/anprotec.org.br\/conferencia2023\/wp-json\/wp\/v2\/categories?post=3256"},{"taxonomy":"post_tag","embeddable":true,"href":"https:\/\/anprotec.org.br\/conferencia2023\/wp-json\/wp\/v2\/tags?post=3256"}],"curies":[{"name":"wp","href":"https:\/\/api.w.org\/{rel}","templated":true}]}}