{"id":2612,"date":"2023-10-04T15:42:08","date_gmt":"2023-10-04T18:42:08","guid":{"rendered":"https:\/\/anprotec.org.br\/conferencia2023\/?p=2612"},"modified":"2023-11-01T14:04:11","modified_gmt":"2023-11-01T17:04:11","slug":"trilha-2-da-33a-conferencia-anprotec-tera-como-tema-tecnologia-e-inovacao-para-uma-sociedade-sustentavel","status":"publish","type":"post","link":"https:\/\/anprotec.org.br\/conferencia2023\/trilha-2-da-33a-conferencia-anprotec-tera-como-tema-tecnologia-e-inovacao-para-uma-sociedade-sustentavel\/","title":{"rendered":"Trilha 2 da 33\u00aa Confer\u00eancia Anprotec ter\u00e1 como tema \u201cTecnologia e Inova\u00e7\u00e3o para uma sociedade sustent\u00e1vel\u201d"},"content":{"rendered":"\n<figure class=\"wp-block-image size-large\"><img fetchpriority=\"high\" decoding=\"async\" width=\"1024\" height=\"1024\" src=\"https:\/\/anprotec.org.br\/conferencia2023\/wp-content\/uploads\/2023\/11\/Card_Trilha-2_Prancheta-1-1024x1024.png\" alt=\"\" class=\"wp-image-3552\" srcset=\"https:\/\/anprotec.org.br\/conferencia2023\/wp-content\/uploads\/2023\/11\/Card_Trilha-2_Prancheta-1-1024x1024.png 1024w, https:\/\/anprotec.org.br\/conferencia2023\/wp-content\/uploads\/2023\/11\/Card_Trilha-2_Prancheta-1-300x300.png 300w, https:\/\/anprotec.org.br\/conferencia2023\/wp-content\/uploads\/2023\/11\/Card_Trilha-2_Prancheta-1-150x150.png 150w, https:\/\/anprotec.org.br\/conferencia2023\/wp-content\/uploads\/2023\/11\/Card_Trilha-2_Prancheta-1-768x768.png 768w, https:\/\/anprotec.org.br\/conferencia2023\/wp-content\/uploads\/2023\/11\/Card_Trilha-2_Prancheta-1.png 1080w\" sizes=\"(max-width: 1024px) 100vw, 1024px\" \/><\/figure>\n\n\n\n<p>Com o tema \u201cInova\u00e7\u00e3o e Sociedade: tecnologias emergentes e a transforma\u00e7\u00e3o do empreendedorismo\u201d, a 33\u00aa<strong> Confer\u00eancia Anprotec <\/strong>ocorrer\u00e1 entre os dias <strong>6 e 9 de novembro<\/strong>, na cidade de <strong>Bras\u00edlia<\/strong>, no Distrito Federal. Entre in\u00fameras atividades da programa\u00e7\u00e3o, acontecer\u00e1 no <strong>segundo dia de evento<\/strong>, 7\/11, das 17h \u00e0s 18h30, a <strong>Trilha 2<\/strong>, que explorar\u00e1 a tem\u00e1tica: <strong>\u201cTecnologia e Inova\u00e7\u00e3o para uma sociedade sustent\u00e1vel&#8221;<\/strong>.&nbsp;<\/p>\n\n\n\n<p>Nesta trilha ser\u00e1 discutido os potenciais de aplica\u00e7\u00e3o das novas tecnologias emergentes para uma transforma\u00e7\u00e3o dos sistemas sociot\u00e9cnicos globais, com vistas a um mundo mais sustent\u00e1vel e socialmente inclusivo.<\/p>\n\n\n\n<p><strong>O que ser\u00e1 discutido nesta trilha:<\/strong><\/p>\n\n\n\n<ul class=\"wp-block-list\">\n<li>Novas tecnologias e a modelagem, incuba\u00e7\u00e3o e acelera\u00e7\u00e3o de neg\u00f3cios inovadores com impacto ambiental: experimentos e pr\u00e1ticas;<\/li>\n\n\n\n<li>Bioeconomia, GreenTech, BioTech: oportunidades e desafios para a Amaz\u00f4nia, Pantanal e outros biomas brasileiros;<\/li>\n\n\n\n<li>Agenda ESG e alternativas de financiamento para a inova\u00e7\u00e3o e empreendedorismo sustent\u00e1vel;<\/li>\n\n\n\n<li>Impactos e oportunidades de novas tecnologias para desafios ambientais, por exemplo: redes inteligentes, energias renov\u00e1veis, blockchain, Internet das coisas, estrat\u00e9gias NetZero, entre outras;<\/li>\n\n\n\n<li>Inova\u00e7\u00e3o em pol\u00edticas p\u00fablicas e o desenvolvimento sustent\u00e1vel: experimentos regulat\u00f3rios e avalia\u00e7\u00e3o de impacto socioambiental de novas tecnologias.<\/li>\n<\/ul>\n\n\n\n<p>Esta sess\u00e3o contar\u00e1 com palestrantes de destaque no cen\u00e1rio da inova\u00e7\u00e3o e empreendedorismo e sustentabilidade. Confira quem s\u00e3o eles:<\/p>\n\n\n\n<p><strong>Guilherme Zaniolo Karam &#8211; Funda\u00e7\u00e3o Grupo Botic\u00e1rio: <\/strong>Mestre em \u00c1reas Naturais Protegidas pela Universidad Aut\u00f3noma de Madrid, atua em projetos de conserva\u00e7\u00e3o da biodiversidade, e, desde 2010, integra a equipe da Funda\u00e7\u00e3o Grupo Botic\u00e1rio, onde ocupa a posi\u00e7\u00e3o de Gerente de Economia da Biodiversidade, liderando a\u00e7\u00f5es voltadas a estrat\u00e9gias territoriais e ao apoio a neg\u00f3cios de impacto positivo em conserva\u00e7\u00e3o da natureza no Brasil.<\/p>\n\n\n\n<p><strong>Romildo D. Toledo Filho &#8211; UFRJ:<\/strong> Diretor executivo do Parque Tecnol\u00f3gico-UFRJ e Chefe do N\u00facleo de Materiais e Tecnologias Sustent\u00e1veis \u200b\u200bda Coppe\/UFRJ &#8211; NUMATS. \u00c9 membro Titular da Academia Brasileira de Ci\u00eancias, membro da Academia Nacional de Engenharia, pesquisador 1A aderente ao Conselho Nacional de Desenvolvimento Cient\u00edfico e Tecnol\u00f3gico (CNPq) e Cientista S\u00eanior do Estado do Rio de Janeiro (FAPERJ).<\/p>\n\n\n\n<p><strong>Modera\u00e7\u00e3o por Ana Carolina Cal\u00e7ado Lopes Martins &#8211; Wylinka: <\/strong>Fundadora e diretora presidente da Wylinka, organiza\u00e7\u00e3o sem fins lucrativos que transforma o conhecimento cient\u00edfico em solu\u00e7\u00f5es e neg\u00f3cios. P\u00f3s graduada em Gest\u00e3o de Neg\u00f3cios pela Funda\u00e7\u00e3o Dom Cabral, com estudos em Inova\u00e7\u00e3o pelo Massachusetts Institute of Technology, doutoranda pela Universidade de S\u00e3o Paulo (USP) em Administra\u00e7\u00e3o e pesquisadora em Inova\u00e7\u00e3o e Gest\u00e3o Tecnol\u00f3gica.&nbsp;<\/p>\n\n\n\n<p>Garanta a sua participa\u00e7\u00e3o pelo site: <a href=\"https:\/\/anprotec.org.br\/conferencia2023\/\">https:\/\/anprotec.org.br\/conferencia2023\/<\/a><\/p>\n\n\n\n<p>*A Confer\u00eancia \u00e9 uma colabora\u00e7\u00e3o entre a Associa\u00e7\u00e3o Nacional de Entidades Promotoras de Empreendimentos Inovadores (Anprotec) e o Servi\u00e7o Brasileiro de Apoio \u00e0s Micro e Pequenas Empresas (Sebrae).<\/p>\n\n\n\n<p><\/p>\n","protected":false},"excerpt":{"rendered":"<p>Com o tema \u201cInova\u00e7\u00e3o e Sociedade: tecnologias emergentes e a transforma\u00e7\u00e3o do empreendedorismo\u201d, a 33\u00aa Confer\u00eancia Anprotec ocorrer\u00e1 entre os dias 6 e 9 de novembro, na cidade de Bras\u00edlia, no Distrito Federal. Entre in\u00fameras atividades da programa\u00e7\u00e3o, acontecer\u00e1 no segundo dia de evento, 7\/11, das 17h \u00e0s 18h30, a Trilha 2, que explorar\u00e1 a [&hellip;]<\/p>\n","protected":false},"author":2,"featured_media":3553,"comment_status":"closed","ping_status":"open","sticky":false,"template":"","format":"standard","meta":{"footnotes":""},"categories":[1],"tags":[],"class_list":["post-2612","post","type-post","status-publish","format-standard","has-post-thumbnail","hentry","category-uncategorized"],"yoast_head":"<!-- This site is optimized with the Yoast SEO plugin v23.0 - https:\/\/yoast.com\/wordpress\/plugins\/seo\/ -->\n<title>Trilha 2 da 33\u00aa Confer\u00eancia Anprotec ter\u00e1 como tema \u201cTecnologia e Inova\u00e7\u00e3o para uma sociedade sustent\u00e1vel\u201d - Confer\u00eancia 2023 Anprotec<\/title>\n<meta name=\"robots\" content=\"index, follow, max-snippet:-1, max-image-preview:large, max-video-preview:-1\" \/>\n<link rel=\"canonical\" href=\"https:\/\/anprotec.org.br\/conferencia2023\/trilha-2-da-33a-conferencia-anprotec-tera-como-tema-tecnologia-e-inovacao-para-uma-sociedade-sustentavel\/\" \/>\n<meta property=\"og:locale\" content=\"pt_BR\" \/>\n<meta property=\"og:type\" content=\"article\" \/>\n<meta property=\"og:title\" content=\"Trilha 2 da 33\u00aa Confer\u00eancia Anprotec ter\u00e1 como tema \u201cTecnologia e Inova\u00e7\u00e3o para uma sociedade sustent\u00e1vel\u201d - Confer\u00eancia 2023 Anprotec\" \/>\n<meta property=\"og:description\" content=\"Com o tema \u201cInova\u00e7\u00e3o e Sociedade: tecnologias emergentes e a transforma\u00e7\u00e3o do empreendedorismo\u201d, a 33\u00aa Confer\u00eancia Anprotec ocorrer\u00e1 entre os dias 6 e 9 de novembro, na cidade de Bras\u00edlia, no Distrito Federal. Entre in\u00fameras atividades da programa\u00e7\u00e3o, acontecer\u00e1 no segundo dia de evento, 7\/11, das 17h \u00e0s 18h30, a Trilha 2, que explorar\u00e1 a [&hellip;]\" \/>\n<meta property=\"og:url\" content=\"https:\/\/anprotec.org.br\/conferencia2023\/trilha-2-da-33a-conferencia-anprotec-tera-como-tema-tecnologia-e-inovacao-para-uma-sociedade-sustentavel\/\" \/>\n<meta property=\"og:site_name\" content=\"Confer\u00eancia 2023 Anprotec\" \/>\n<meta property=\"article:published_time\" content=\"2023-10-04T18:42:08+00:00\" \/>\n<meta property=\"article:modified_time\" content=\"2023-11-01T17:04:11+00:00\" \/>\n<meta property=\"og:image\" content=\"https:\/\/anprotec.org.br\/conferencia2023\/wp-content\/uploads\/2023\/10\/Card_Trilha-2-02.png\" \/>\n\t<meta property=\"og:image:width\" content=\"800\" \/>\n\t<meta property=\"og:image:height\" content=\"450\" \/>\n\t<meta property=\"og:image:type\" content=\"image\/png\" \/>\n<meta name=\"author\" content=\"Lucas\" \/>\n<meta name=\"twitter:card\" content=\"summary_large_image\" \/>\n<meta name=\"twitter:label1\" content=\"Escrito por\" \/>\n\t<meta name=\"twitter:data1\" content=\"Lucas\" \/>\n\t<meta name=\"twitter:label2\" content=\"Est. tempo de leitura\" \/>\n\t<meta name=\"twitter:data2\" content=\"3 minutos\" \/>\n<script type=\"application\/ld+json\" class=\"yoast-schema-graph\">{\"@context\":\"https:\/\/schema.org\",\"@graph\":[{\"@type\":\"Article\",\"@id\":\"https:\/\/anprotec.org.br\/conferencia2023\/trilha-2-da-33a-conferencia-anprotec-tera-como-tema-tecnologia-e-inovacao-para-uma-sociedade-sustentavel\/#article\",\"isPartOf\":{\"@id\":\"https:\/\/anprotec.org.br\/conferencia2023\/trilha-2-da-33a-conferencia-anprotec-tera-como-tema-tecnologia-e-inovacao-para-uma-sociedade-sustentavel\/\"},\"author\":{\"name\":\"Lucas\",\"@id\":\"https:\/\/anprotec.org.br\/conferencia2023\/#\/schema\/person\/f70fdc2481c5ea61387acef3e2d0c21e\"},\"headline\":\"Trilha 2 da 33\u00aa Confer\u00eancia Anprotec ter\u00e1 como tema \u201cTecnologia e Inova\u00e7\u00e3o para uma sociedade sustent\u00e1vel\u201d\",\"datePublished\":\"2023-10-04T18:42:08+00:00\",\"dateModified\":\"2023-11-01T17:04:11+00:00\",\"mainEntityOfPage\":{\"@id\":\"https:\/\/anprotec.org.br\/conferencia2023\/trilha-2-da-33a-conferencia-anprotec-tera-como-tema-tecnologia-e-inovacao-para-uma-sociedade-sustentavel\/\"},\"wordCount\":510,\"publisher\":{\"@id\":\"https:\/\/anprotec.org.br\/conferencia2023\/#organization\"},\"image\":{\"@id\":\"https:\/\/anprotec.org.br\/conferencia2023\/trilha-2-da-33a-conferencia-anprotec-tera-como-tema-tecnologia-e-inovacao-para-uma-sociedade-sustentavel\/#primaryimage\"},\"thumbnailUrl\":\"https:\/\/anprotec.org.br\/conferencia2023\/wp-content\/uploads\/2023\/10\/Card_Trilha-2-02.png\",\"articleSection\":[\"Uncategorized\"],\"inLanguage\":\"pt-BR\"},{\"@type\":\"WebPage\",\"@id\":\"https:\/\/anprotec.org.br\/conferencia2023\/trilha-2-da-33a-conferencia-anprotec-tera-como-tema-tecnologia-e-inovacao-para-uma-sociedade-sustentavel\/\",\"url\":\"https:\/\/anprotec.org.br\/conferencia2023\/trilha-2-da-33a-conferencia-anprotec-tera-como-tema-tecnologia-e-inovacao-para-uma-sociedade-sustentavel\/\",\"name\":\"Trilha 2 da 33\u00aa Confer\u00eancia Anprotec ter\u00e1 como tema \u201cTecnologia e Inova\u00e7\u00e3o para uma sociedade sustent\u00e1vel\u201d - Confer\u00eancia 2023 Anprotec\",\"isPartOf\":{\"@id\":\"https:\/\/anprotec.org.br\/conferencia2023\/#website\"},\"primaryImageOfPage\":{\"@id\":\"https:\/\/anprotec.org.br\/conferencia2023\/trilha-2-da-33a-conferencia-anprotec-tera-como-tema-tecnologia-e-inovacao-para-uma-sociedade-sustentavel\/#primaryimage\"},\"image\":{\"@id\":\"https:\/\/anprotec.org.br\/conferencia2023\/trilha-2-da-33a-conferencia-anprotec-tera-como-tema-tecnologia-e-inovacao-para-uma-sociedade-sustentavel\/#primaryimage\"},\"thumbnailUrl\":\"https:\/\/anprotec.org.br\/conferencia2023\/wp-content\/uploads\/2023\/10\/Card_Trilha-2-02.png\",\"datePublished\":\"2023-10-04T18:42:08+00:00\",\"dateModified\":\"2023-11-01T17:04:11+00:00\",\"breadcrumb\":{\"@id\":\"https:\/\/anprotec.org.br\/conferencia2023\/trilha-2-da-33a-conferencia-anprotec-tera-como-tema-tecnologia-e-inovacao-para-uma-sociedade-sustentavel\/#breadcrumb\"},\"inLanguage\":\"pt-BR\",\"potentialAction\":[{\"@type\":\"ReadAction\",\"target\":[\"https:\/\/anprotec.org.br\/conferencia2023\/trilha-2-da-33a-conferencia-anprotec-tera-como-tema-tecnologia-e-inovacao-para-uma-sociedade-sustentavel\/\"]}]},{\"@type\":\"ImageObject\",\"inLanguage\":\"pt-BR\",\"@id\":\"https:\/\/anprotec.org.br\/conferencia2023\/trilha-2-da-33a-conferencia-anprotec-tera-como-tema-tecnologia-e-inovacao-para-uma-sociedade-sustentavel\/#primaryimage\",\"url\":\"https:\/\/anprotec.org.br\/conferencia2023\/wp-content\/uploads\/2023\/10\/Card_Trilha-2-02.png\",\"contentUrl\":\"https:\/\/anprotec.org.br\/conferencia2023\/wp-content\/uploads\/2023\/10\/Card_Trilha-2-02.png\",\"width\":800,\"height\":450},{\"@type\":\"BreadcrumbList\",\"@id\":\"https:\/\/anprotec.org.br\/conferencia2023\/trilha-2-da-33a-conferencia-anprotec-tera-como-tema-tecnologia-e-inovacao-para-uma-sociedade-sustentavel\/#breadcrumb\",\"itemListElement\":[{\"@type\":\"ListItem\",\"position\":1,\"name\":\"In\u00edcio\",\"item\":\"https:\/\/anprotec.org.br\/conferencia2023\/\"},{\"@type\":\"ListItem\",\"position\":2,\"name\":\"Trilha 2 da 33\u00aa Confer\u00eancia Anprotec ter\u00e1 como tema \u201cTecnologia e Inova\u00e7\u00e3o para uma sociedade sustent\u00e1vel\u201d\"}]},{\"@type\":\"WebSite\",\"@id\":\"https:\/\/anprotec.org.br\/conferencia2023\/#website\",\"url\":\"https:\/\/anprotec.org.br\/conferencia2023\/\",\"name\":\"Confer\u00eancia 2023 Anprotec\",\"description\":\"\",\"publisher\":{\"@id\":\"https:\/\/anprotec.org.br\/conferencia2023\/#organization\"},\"potentialAction\":[{\"@type\":\"SearchAction\",\"target\":{\"@type\":\"EntryPoint\",\"urlTemplate\":\"https:\/\/anprotec.org.br\/conferencia2023\/?s={search_term_string}\"},\"query-input\":\"required name=search_term_string\"}],\"inLanguage\":\"pt-BR\"},{\"@type\":\"Organization\",\"@id\":\"https:\/\/anprotec.org.br\/conferencia2023\/#organization\",\"name\":\"Confer\u00eancia 2023 Anprotec\",\"url\":\"https:\/\/anprotec.org.br\/conferencia2023\/\",\"logo\":{\"@type\":\"ImageObject\",\"inLanguage\":\"pt-BR\",\"@id\":\"https:\/\/anprotec.org.br\/conferencia2023\/#\/schema\/logo\/image\/\",\"url\":\"\",\"contentUrl\":\"\",\"caption\":\"Confer\u00eancia 2023 Anprotec\"},\"image\":{\"@id\":\"https:\/\/anprotec.org.br\/conferencia2023\/#\/schema\/logo\/image\/\"}},{\"@type\":\"Person\",\"@id\":\"https:\/\/anprotec.org.br\/conferencia2023\/#\/schema\/person\/f70fdc2481c5ea61387acef3e2d0c21e\",\"name\":\"Lucas\",\"image\":{\"@type\":\"ImageObject\",\"inLanguage\":\"pt-BR\",\"@id\":\"https:\/\/anprotec.org.br\/conferencia2023\/#\/schema\/person\/image\/\",\"url\":\"https:\/\/secure.gravatar.com\/avatar\/1b2a0158c7eec64db38a0ff9b80f9095cf8fd55dafa6cc20656ff31027848637?s=96&d=mm&r=g\",\"contentUrl\":\"https:\/\/secure.gravatar.com\/avatar\/1b2a0158c7eec64db38a0ff9b80f9095cf8fd55dafa6cc20656ff31027848637?s=96&d=mm&r=g\",\"caption\":\"Lucas\"},\"url\":\"https:\/\/anprotec.org.br\/conferencia2023\/author\/lucas\/\"}]}<\/script>\n<!-- \/ Yoast SEO plugin. -->","yoast_head_json":{"title":"Trilha 2 da 33\u00aa Confer\u00eancia Anprotec ter\u00e1 como tema \u201cTecnologia e Inova\u00e7\u00e3o para uma sociedade sustent\u00e1vel\u201d - Confer\u00eancia 2023 Anprotec","robots":{"index":"index","follow":"follow","max-snippet":"max-snippet:-1","max-image-preview":"max-image-preview:large","max-video-preview":"max-video-preview:-1"},"canonical":"https:\/\/anprotec.org.br\/conferencia2023\/trilha-2-da-33a-conferencia-anprotec-tera-como-tema-tecnologia-e-inovacao-para-uma-sociedade-sustentavel\/","og_locale":"pt_BR","og_type":"article","og_title":"Trilha 2 da 33\u00aa Confer\u00eancia Anprotec ter\u00e1 como tema \u201cTecnologia e Inova\u00e7\u00e3o para uma sociedade sustent\u00e1vel\u201d - Confer\u00eancia 2023 Anprotec","og_description":"Com o tema \u201cInova\u00e7\u00e3o e Sociedade: tecnologias emergentes e a transforma\u00e7\u00e3o do empreendedorismo\u201d, a 33\u00aa Confer\u00eancia Anprotec ocorrer\u00e1 entre os dias 6 e 9 de novembro, na cidade de Bras\u00edlia, no Distrito Federal. Entre in\u00fameras atividades da programa\u00e7\u00e3o, acontecer\u00e1 no segundo dia de evento, 7\/11, das 17h \u00e0s 18h30, a Trilha 2, que explorar\u00e1 a [&hellip;]","og_url":"https:\/\/anprotec.org.br\/conferencia2023\/trilha-2-da-33a-conferencia-anprotec-tera-como-tema-tecnologia-e-inovacao-para-uma-sociedade-sustentavel\/","og_site_name":"Confer\u00eancia 2023 Anprotec","article_published_time":"2023-10-04T18:42:08+00:00","article_modified_time":"2023-11-01T17:04:11+00:00","og_image":[{"width":800,"height":450,"url":"https:\/\/anprotec.org.br\/conferencia2023\/wp-content\/uploads\/2023\/10\/Card_Trilha-2-02.png","type":"image\/png"}],"author":"Lucas","twitter_card":"summary_large_image","twitter_misc":{"Escrito por":"Lucas","Est. tempo de leitura":"3 minutos"},"schema":{"@context":"https:\/\/schema.org","@graph":[{"@type":"Article","@id":"https:\/\/anprotec.org.br\/conferencia2023\/trilha-2-da-33a-conferencia-anprotec-tera-como-tema-tecnologia-e-inovacao-para-uma-sociedade-sustentavel\/#article","isPartOf":{"@id":"https:\/\/anprotec.org.br\/conferencia2023\/trilha-2-da-33a-conferencia-anprotec-tera-como-tema-tecnologia-e-inovacao-para-uma-sociedade-sustentavel\/"},"author":{"name":"Lucas","@id":"https:\/\/anprotec.org.br\/conferencia2023\/#\/schema\/person\/f70fdc2481c5ea61387acef3e2d0c21e"},"headline":"Trilha 2 da 33\u00aa Confer\u00eancia Anprotec ter\u00e1 como tema \u201cTecnologia e Inova\u00e7\u00e3o para uma sociedade sustent\u00e1vel\u201d","datePublished":"2023-10-04T18:42:08+00:00","dateModified":"2023-11-01T17:04:11+00:00","mainEntityOfPage":{"@id":"https:\/\/anprotec.org.br\/conferencia2023\/trilha-2-da-33a-conferencia-anprotec-tera-como-tema-tecnologia-e-inovacao-para-uma-sociedade-sustentavel\/"},"wordCount":510,"publisher":{"@id":"https:\/\/anprotec.org.br\/conferencia2023\/#organization"},"image":{"@id":"https:\/\/anprotec.org.br\/conferencia2023\/trilha-2-da-33a-conferencia-anprotec-tera-como-tema-tecnologia-e-inovacao-para-uma-sociedade-sustentavel\/#primaryimage"},"thumbnailUrl":"https:\/\/anprotec.org.br\/conferencia2023\/wp-content\/uploads\/2023\/10\/Card_Trilha-2-02.png","articleSection":["Uncategorized"],"inLanguage":"pt-BR"},{"@type":"WebPage","@id":"https:\/\/anprotec.org.br\/conferencia2023\/trilha-2-da-33a-conferencia-anprotec-tera-como-tema-tecnologia-e-inovacao-para-uma-sociedade-sustentavel\/","url":"https:\/\/anprotec.org.br\/conferencia2023\/trilha-2-da-33a-conferencia-anprotec-tera-como-tema-tecnologia-e-inovacao-para-uma-sociedade-sustentavel\/","name":"Trilha 2 da 33\u00aa Confer\u00eancia Anprotec ter\u00e1 como tema \u201cTecnologia e Inova\u00e7\u00e3o para uma sociedade sustent\u00e1vel\u201d - Confer\u00eancia 2023 Anprotec","isPartOf":{"@id":"https:\/\/anprotec.org.br\/conferencia2023\/#website"},"primaryImageOfPage":{"@id":"https:\/\/anprotec.org.br\/conferencia2023\/trilha-2-da-33a-conferencia-anprotec-tera-como-tema-tecnologia-e-inovacao-para-uma-sociedade-sustentavel\/#primaryimage"},"image":{"@id":"https:\/\/anprotec.org.br\/conferencia2023\/trilha-2-da-33a-conferencia-anprotec-tera-como-tema-tecnologia-e-inovacao-para-uma-sociedade-sustentavel\/#primaryimage"},"thumbnailUrl":"https:\/\/anprotec.org.br\/conferencia2023\/wp-content\/uploads\/2023\/10\/Card_Trilha-2-02.png","datePublished":"2023-10-04T18:42:08+00:00","dateModified":"2023-11-01T17:04:11+00:00","breadcrumb":{"@id":"https:\/\/anprotec.org.br\/conferencia2023\/trilha-2-da-33a-conferencia-anprotec-tera-como-tema-tecnologia-e-inovacao-para-uma-sociedade-sustentavel\/#breadcrumb"},"inLanguage":"pt-BR","potentialAction":[{"@type":"ReadAction","target":["https:\/\/anprotec.org.br\/conferencia2023\/trilha-2-da-33a-conferencia-anprotec-tera-como-tema-tecnologia-e-inovacao-para-uma-sociedade-sustentavel\/"]}]},{"@type":"ImageObject","inLanguage":"pt-BR","@id":"https:\/\/anprotec.org.br\/conferencia2023\/trilha-2-da-33a-conferencia-anprotec-tera-como-tema-tecnologia-e-inovacao-para-uma-sociedade-sustentavel\/#primaryimage","url":"https:\/\/anprotec.org.br\/conferencia2023\/wp-content\/uploads\/2023\/10\/Card_Trilha-2-02.png","contentUrl":"https:\/\/anprotec.org.br\/conferencia2023\/wp-content\/uploads\/2023\/10\/Card_Trilha-2-02.png","width":800,"height":450},{"@type":"BreadcrumbList","@id":"https:\/\/anprotec.org.br\/conferencia2023\/trilha-2-da-33a-conferencia-anprotec-tera-como-tema-tecnologia-e-inovacao-para-uma-sociedade-sustentavel\/#breadcrumb","itemListElement":[{"@type":"ListItem","position":1,"name":"In\u00edcio","item":"https:\/\/anprotec.org.br\/conferencia2023\/"},{"@type":"ListItem","position":2,"name":"Trilha 2 da 33\u00aa Confer\u00eancia Anprotec ter\u00e1 como tema \u201cTecnologia e Inova\u00e7\u00e3o para uma sociedade sustent\u00e1vel\u201d"}]},{"@type":"WebSite","@id":"https:\/\/anprotec.org.br\/conferencia2023\/#website","url":"https:\/\/anprotec.org.br\/conferencia2023\/","name":"Confer\u00eancia 2023 Anprotec","description":"","publisher":{"@id":"https:\/\/anprotec.org.br\/conferencia2023\/#organization"},"potentialAction":[{"@type":"SearchAction","target":{"@type":"EntryPoint","urlTemplate":"https:\/\/anprotec.org.br\/conferencia2023\/?s={search_term_string}"},"query-input":"required name=search_term_string"}],"inLanguage":"pt-BR"},{"@type":"Organization","@id":"https:\/\/anprotec.org.br\/conferencia2023\/#organization","name":"Confer\u00eancia 2023 Anprotec","url":"https:\/\/anprotec.org.br\/conferencia2023\/","logo":{"@type":"ImageObject","inLanguage":"pt-BR","@id":"https:\/\/anprotec.org.br\/conferencia2023\/#\/schema\/logo\/image\/","url":"","contentUrl":"","caption":"Confer\u00eancia 2023 Anprotec"},"image":{"@id":"https:\/\/anprotec.org.br\/conferencia2023\/#\/schema\/logo\/image\/"}},{"@type":"Person","@id":"https:\/\/anprotec.org.br\/conferencia2023\/#\/schema\/person\/f70fdc2481c5ea61387acef3e2d0c21e","name":"Lucas","image":{"@type":"ImageObject","inLanguage":"pt-BR","@id":"https:\/\/anprotec.org.br\/conferencia2023\/#\/schema\/person\/image\/","url":"https:\/\/secure.gravatar.com\/avatar\/1b2a0158c7eec64db38a0ff9b80f9095cf8fd55dafa6cc20656ff31027848637?s=96&d=mm&r=g","contentUrl":"https:\/\/secure.gravatar.com\/avatar\/1b2a0158c7eec64db38a0ff9b80f9095cf8fd55dafa6cc20656ff31027848637?s=96&d=mm&r=g","caption":"Lucas"},"url":"https:\/\/anprotec.org.br\/conferencia2023\/author\/lucas\/"}]}},"_links":{"self":[{"href":"https:\/\/anprotec.org.br\/conferencia2023\/wp-json\/wp\/v2\/posts\/2612","targetHints":{"allow":["GET"]}}],"collection":[{"href":"https:\/\/anprotec.org.br\/conferencia2023\/wp-json\/wp\/v2\/posts"}],"about":[{"href":"https:\/\/anprotec.org.br\/conferencia2023\/wp-json\/wp\/v2\/types\/post"}],"author":[{"embeddable":true,"href":"https:\/\/anprotec.org.br\/conferencia2023\/wp-json\/wp\/v2\/users\/2"}],"replies":[{"embeddable":true,"href":"https:\/\/anprotec.org.br\/conferencia2023\/wp-json\/wp\/v2\/comments?post=2612"}],"version-history":[{"count":4,"href":"https:\/\/anprotec.org.br\/conferencia2023\/wp-json\/wp\/v2\/posts\/2612\/revisions"}],"predecessor-version":[{"id":3554,"href":"https:\/\/anprotec.org.br\/conferencia2023\/wp-json\/wp\/v2\/posts\/2612\/revisions\/3554"}],"wp:featuredmedia":[{"embeddable":true,"href":"https:\/\/anprotec.org.br\/conferencia2023\/wp-json\/wp\/v2\/media\/3553"}],"wp:attachment":[{"href":"https:\/\/anprotec.org.br\/conferencia2023\/wp-json\/wp\/v2\/media?parent=2612"}],"wp:term":[{"taxonomy":"category","embeddable":true,"href":"https:\/\/anprotec.org.br\/conferencia2023\/wp-json\/wp\/v2\/categories?post=2612"},{"taxonomy":"post_tag","embeddable":true,"href":"https:\/\/anprotec.org.br\/conferencia2023\/wp-json\/wp\/v2\/tags?post=2612"}],"curies":[{"name":"wp","href":"https:\/\/api.w.org\/{rel}","templated":true}]}}