{"id":2494,"date":"2023-09-21T09:19:42","date_gmt":"2023-09-21T12:19:42","guid":{"rendered":"https:\/\/anprotec.org.br\/conferencia2023\/?p=2494"},"modified":"2023-11-01T13:47:38","modified_gmt":"2023-11-01T16:47:38","slug":"trilha-4-da-33a-conferencia-anprotec-tera-como-tema-empreendedorismo-inovador-inclusivo-diverso-e-de-periferia","status":"publish","type":"post","link":"https:\/\/anprotec.org.br\/conferencia2023\/trilha-4-da-33a-conferencia-anprotec-tera-como-tema-empreendedorismo-inovador-inclusivo-diverso-e-de-periferia\/","title":{"rendered":"Trilha 4 da 33\u00aa Confer\u00eancia Anprotec ter\u00e1 como tema \u201cEmpreendedorismo inovador, inclusivo, diverso e de periferia\u201d"},"content":{"rendered":"<div class=\"wp-block-image\">\n<figure class=\"aligncenter size-large\"><img fetchpriority=\"high\" decoding=\"async\" width=\"1024\" height=\"1024\" src=\"https:\/\/anprotec.org.br\/conferencia2023\/wp-content\/uploads\/2023\/11\/Card_Trilha-4_Prancheta-1-1024x1024.png\" alt=\"\" class=\"wp-image-3549\" srcset=\"https:\/\/anprotec.org.br\/conferencia2023\/wp-content\/uploads\/2023\/11\/Card_Trilha-4_Prancheta-1-1024x1024.png 1024w, https:\/\/anprotec.org.br\/conferencia2023\/wp-content\/uploads\/2023\/11\/Card_Trilha-4_Prancheta-1-300x300.png 300w, https:\/\/anprotec.org.br\/conferencia2023\/wp-content\/uploads\/2023\/11\/Card_Trilha-4_Prancheta-1-150x150.png 150w, https:\/\/anprotec.org.br\/conferencia2023\/wp-content\/uploads\/2023\/11\/Card_Trilha-4_Prancheta-1-768x768.png 768w, https:\/\/anprotec.org.br\/conferencia2023\/wp-content\/uploads\/2023\/11\/Card_Trilha-4_Prancheta-1.png 1080w\" sizes=\"(max-width: 1024px) 100vw, 1024px\" \/><\/figure>\n<\/div>\n\n\n<p>No <strong>terceiro dia de evento <\/strong>da<strong> <\/strong>33\u00aa<strong> Confer\u00eancia Anprotec<\/strong>, 8\/11, acontecer\u00e1 a <strong>Trilha 4<\/strong>, que explorar\u00e1 a tem\u00e1tica: <strong>\u201cEmpreendedorismo inovador, inclusivo, diverso e de periferia\u201d<\/strong>.&nbsp;<\/p>\n\n\n\n<p>Nesta trilha ser\u00e3o discutidos os impactos da inova\u00e7\u00e3o e das novas tecnologias para supera\u00e7\u00e3o de desafios relacionados \u00e0 desigualdade e \u00e0 inclus\u00e3o socioecon\u00f4mica, trazendo para o centro uma diversidade de pessoas e p\u00fablicos que costumam ficar \u00e0 margem desses processos.&nbsp;<\/p>\n\n\n\n<p><strong>O que ser\u00e1 discutido nesta trilha:<\/strong><\/p>\n\n\n\n<ul class=\"wp-block-list\">\n<li>Tend\u00eancias e novas tecnologias para a inova\u00e7\u00e3o rural e no interior do pa\u00eds;<\/li>\n\n\n\n<li>Amplia\u00e7\u00e3o da diversidade de programas de empreendedorismo<\/li>\n\n\n\n<li>Como estreitar a dist\u00e2ncia entre o apoio empreendedor e a agenda de investimento social privado no Brasil;<\/li>\n\n\n\n<li>Experi\u00eancias e pr\u00e1ticas e apoio empreendedor nas periferias e na base da pir\u00e2mide, em comunidades tradicionais e perif\u00e9ricas;<\/li>\n\n\n\n<li>Capital de risco e equidade racial: experi\u00eancias e impactos.<\/li>\n<\/ul>\n\n\n\n<p>Esta sess\u00e3o contar\u00e1 com palestrantes de destaque no cen\u00e1rio da inova\u00e7\u00e3o e empreendedorismo e diversidade. Confira quem s\u00e3o eles:<\/p>\n\n\n\n<p><strong>An\u00e1pu\u00e0ka Muniz Tupinamb\u00e1 H\u00e3 h\u00e3 h\u00e3e &#8211; R\u00e1dio Yand\u00ea, Yby Festival e Mani Bank:<\/strong> Fundador e CEO da R\u00e1dio Yand\u00ea e Casa Yand\u00ea, vencedor dos Pr\u00eamios da M\u00fasica Ind\u00edgena Contempor\u00e2nea, Yby Festival, Yby MANI, Maker Ind\u00edgena, especialista em HiperMuseus, Speaker for Business-RedSkin Money, RePangeia Ind\u00edgena. Co-fundador do Movimento Civil Agora, Lideran\u00e7a P\u00fablica RAPS, criador da startup Open Banking Ind\u00edgena (o 1\u00ba banco ind\u00edgena do Brasil), Conselheiro \u00c9 Nois e membro da UZN Universal Zulu Nation.&nbsp;<\/p>\n\n\n\n<p><strong>Jo\u00e3o Souza &#8211; FA.VELA &amp; Futuros Inclusivos: <\/strong>Co-Fundador e Diretor de Novos Neg\u00f3cios &amp; Parcerias do FA.VELA. Empreendedor Social reconhecido pela rede global Ashoka, tamb\u00e9m \u00e9 fundador \u200be Head da Futuro Inclusivos, plataforma de inova\u00e7\u00e3o social do FA.VELA que tem como prop\u00f3sito apoiar empresas, governos e organiza\u00e7\u00f5es sociais no desenvolvimento de seus objetivos para a constru\u00e7\u00e3o de futuros plurais.<\/p>\n\n\n\n<p><strong>Sil Bahia &#8211; Olabi:<\/strong> Co-diretora executiva do Olabi. Considerada uma das 100 pessoas inovadoras mais importantes do mundo pelo The Future Laboratory na Inglaterra. Em 2023 recebeu o Pr\u00eamio Destaques da Governan\u00e7a da Internet. Em 2021 recebeu o pr\u00eamio Protagonista Brasil que reconhece lideran\u00e7as que se destacaram por sua atua\u00e7\u00e3o em projetos e a\u00e7\u00f5es de impacto social na \u00e1rea de tecnologia da informa\u00e7\u00e3o.<\/p>\n\n\n\n<p><strong>Modera\u00e7\u00e3o por Emanuelly Oliveira &#8211; Social Brasilis:<\/strong> Fundadora do projeto Social Brasilis, que forma l\u00edderes comunit\u00e1rios e desenvolve a\u00e7\u00f5es e programas educativos e corporativos, voltados para a tecnologia e o impacto positivo na sociedade e Consultora de projetos de desenvolvimento social e neg\u00f3cios. Ganhou o pr\u00eamio Ozires Silva de melhor projeto na categoria empreendedorismo na educa\u00e7\u00e3o em 2017 e o Pr\u00eamio Acolher 2018 da Natura na categoria neg\u00f3cios sociais.<\/p>\n\n\n\n<p>Garanta a sua participa\u00e7\u00e3o pelo site: <a href=\"https:\/\/anprotec.org.br\/conferencia2023\/\">https:\/\/anprotec.org.br\/conferencia2023\/<\/a><\/p>\n\n\n\n<p>*Com o tema \u201cInova\u00e7\u00e3o e Sociedade: tecnologias emergentes e a transforma\u00e7\u00e3o do empreendedorismo\u201d, a 33\u00aa<strong> Confer\u00eancia Anprotec <\/strong>ocorrer\u00e1 entre os dias <strong>6 e 9 de novembro<\/strong>, na cidade de <strong>Bras\u00edlia<\/strong>, no Distrito Federal. O evento \u00e9 uma colabora\u00e7\u00e3o entre a Associa\u00e7\u00e3o Nacional de Entidades Promotoras de Empreendimentos Inovadores (Anprotec) e o Servi\u00e7o Brasileiro de Apoio \u00e0s Micro e Pequenas Empresas (Sebrae).<\/p>\n","protected":false},"excerpt":{"rendered":"<p>No terceiro dia de evento da 33\u00aa Confer\u00eancia Anprotec, 8\/11, acontecer\u00e1 a Trilha 4, que explorar\u00e1 a tem\u00e1tica: \u201cEmpreendedorismo inovador, inclusivo, diverso e de periferia\u201d.&nbsp; Nesta trilha ser\u00e3o discutidos os impactos da inova\u00e7\u00e3o e das novas tecnologias para supera\u00e7\u00e3o de desafios relacionados \u00e0 desigualdade e \u00e0 inclus\u00e3o socioecon\u00f4mica, trazendo para o centro uma diversidade de [&hellip;]<\/p>\n","protected":false},"author":2,"featured_media":3550,"comment_status":"closed","ping_status":"open","sticky":false,"template":"","format":"standard","meta":{"footnotes":""},"categories":[1],"tags":[],"class_list":["post-2494","post","type-post","status-publish","format-standard","has-post-thumbnail","hentry","category-uncategorized"],"yoast_head":"<!-- This site is optimized with the Yoast SEO plugin v23.0 - https:\/\/yoast.com\/wordpress\/plugins\/seo\/ -->\n<title>Trilha 4 da 33\u00aa Confer\u00eancia Anprotec ter\u00e1 como tema \u201cEmpreendedorismo inovador, inclusivo, diverso e de periferia\u201d - Confer\u00eancia 2023 Anprotec<\/title>\n<meta name=\"robots\" content=\"index, follow, max-snippet:-1, max-image-preview:large, max-video-preview:-1\" \/>\n<link rel=\"canonical\" href=\"https:\/\/anprotec.org.br\/conferencia2023\/trilha-4-da-33a-conferencia-anprotec-tera-como-tema-empreendedorismo-inovador-inclusivo-diverso-e-de-periferia\/\" \/>\n<meta property=\"og:locale\" content=\"pt_BR\" \/>\n<meta property=\"og:type\" content=\"article\" \/>\n<meta property=\"og:title\" content=\"Trilha 4 da 33\u00aa Confer\u00eancia Anprotec ter\u00e1 como tema \u201cEmpreendedorismo inovador, inclusivo, diverso e de periferia\u201d - Confer\u00eancia 2023 Anprotec\" \/>\n<meta property=\"og:description\" content=\"No terceiro dia de evento da 33\u00aa Confer\u00eancia Anprotec, 8\/11, acontecer\u00e1 a Trilha 4, que explorar\u00e1 a tem\u00e1tica: \u201cEmpreendedorismo inovador, inclusivo, diverso e de periferia\u201d.&nbsp; Nesta trilha ser\u00e3o discutidos os impactos da inova\u00e7\u00e3o e das novas tecnologias para supera\u00e7\u00e3o de desafios relacionados \u00e0 desigualdade e \u00e0 inclus\u00e3o socioecon\u00f4mica, trazendo para o centro uma diversidade de [&hellip;]\" \/>\n<meta property=\"og:url\" content=\"https:\/\/anprotec.org.br\/conferencia2023\/trilha-4-da-33a-conferencia-anprotec-tera-como-tema-empreendedorismo-inovador-inclusivo-diverso-e-de-periferia\/\" \/>\n<meta property=\"og:site_name\" content=\"Confer\u00eancia 2023 Anprotec\" \/>\n<meta property=\"article:published_time\" content=\"2023-09-21T12:19:42+00:00\" \/>\n<meta property=\"article:modified_time\" content=\"2023-11-01T16:47:38+00:00\" \/>\n<meta property=\"og:image\" content=\"https:\/\/anprotec.org.br\/conferencia2023\/wp-content\/uploads\/2023\/09\/Card_Trilha-4-02.png\" \/>\n\t<meta property=\"og:image:width\" content=\"800\" \/>\n\t<meta property=\"og:image:height\" content=\"450\" \/>\n\t<meta property=\"og:image:type\" content=\"image\/png\" \/>\n<meta name=\"author\" content=\"Lucas\" \/>\n<meta name=\"twitter:card\" content=\"summary_large_image\" \/>\n<meta name=\"twitter:label1\" content=\"Escrito por\" \/>\n\t<meta name=\"twitter:data1\" content=\"Lucas\" \/>\n\t<meta name=\"twitter:label2\" content=\"Est. tempo de leitura\" \/>\n\t<meta name=\"twitter:data2\" content=\"3 minutos\" \/>\n<script type=\"application\/ld+json\" class=\"yoast-schema-graph\">{\"@context\":\"https:\/\/schema.org\",\"@graph\":[{\"@type\":\"Article\",\"@id\":\"https:\/\/anprotec.org.br\/conferencia2023\/trilha-4-da-33a-conferencia-anprotec-tera-como-tema-empreendedorismo-inovador-inclusivo-diverso-e-de-periferia\/#article\",\"isPartOf\":{\"@id\":\"https:\/\/anprotec.org.br\/conferencia2023\/trilha-4-da-33a-conferencia-anprotec-tera-como-tema-empreendedorismo-inovador-inclusivo-diverso-e-de-periferia\/\"},\"author\":{\"name\":\"Lucas\",\"@id\":\"https:\/\/anprotec.org.br\/conferencia2023\/#\/schema\/person\/f70fdc2481c5ea61387acef3e2d0c21e\"},\"headline\":\"Trilha 4 da 33\u00aa Confer\u00eancia Anprotec ter\u00e1 como tema \u201cEmpreendedorismo inovador, inclusivo, diverso e de periferia\u201d\",\"datePublished\":\"2023-09-21T12:19:42+00:00\",\"dateModified\":\"2023-11-01T16:47:38+00:00\",\"mainEntityOfPage\":{\"@id\":\"https:\/\/anprotec.org.br\/conferencia2023\/trilha-4-da-33a-conferencia-anprotec-tera-como-tema-empreendedorismo-inovador-inclusivo-diverso-e-de-periferia\/\"},\"wordCount\":563,\"publisher\":{\"@id\":\"https:\/\/anprotec.org.br\/conferencia2023\/#organization\"},\"image\":{\"@id\":\"https:\/\/anprotec.org.br\/conferencia2023\/trilha-4-da-33a-conferencia-anprotec-tera-como-tema-empreendedorismo-inovador-inclusivo-diverso-e-de-periferia\/#primaryimage\"},\"thumbnailUrl\":\"https:\/\/anprotec.org.br\/conferencia2023\/wp-content\/uploads\/2023\/09\/Card_Trilha-4-02.png\",\"articleSection\":[\"Uncategorized\"],\"inLanguage\":\"pt-BR\"},{\"@type\":\"WebPage\",\"@id\":\"https:\/\/anprotec.org.br\/conferencia2023\/trilha-4-da-33a-conferencia-anprotec-tera-como-tema-empreendedorismo-inovador-inclusivo-diverso-e-de-periferia\/\",\"url\":\"https:\/\/anprotec.org.br\/conferencia2023\/trilha-4-da-33a-conferencia-anprotec-tera-como-tema-empreendedorismo-inovador-inclusivo-diverso-e-de-periferia\/\",\"name\":\"Trilha 4 da 33\u00aa Confer\u00eancia Anprotec ter\u00e1 como tema \u201cEmpreendedorismo inovador, inclusivo, diverso e de periferia\u201d - Confer\u00eancia 2023 Anprotec\",\"isPartOf\":{\"@id\":\"https:\/\/anprotec.org.br\/conferencia2023\/#website\"},\"primaryImageOfPage\":{\"@id\":\"https:\/\/anprotec.org.br\/conferencia2023\/trilha-4-da-33a-conferencia-anprotec-tera-como-tema-empreendedorismo-inovador-inclusivo-diverso-e-de-periferia\/#primaryimage\"},\"image\":{\"@id\":\"https:\/\/anprotec.org.br\/conferencia2023\/trilha-4-da-33a-conferencia-anprotec-tera-como-tema-empreendedorismo-inovador-inclusivo-diverso-e-de-periferia\/#primaryimage\"},\"thumbnailUrl\":\"https:\/\/anprotec.org.br\/conferencia2023\/wp-content\/uploads\/2023\/09\/Card_Trilha-4-02.png\",\"datePublished\":\"2023-09-21T12:19:42+00:00\",\"dateModified\":\"2023-11-01T16:47:38+00:00\",\"breadcrumb\":{\"@id\":\"https:\/\/anprotec.org.br\/conferencia2023\/trilha-4-da-33a-conferencia-anprotec-tera-como-tema-empreendedorismo-inovador-inclusivo-diverso-e-de-periferia\/#breadcrumb\"},\"inLanguage\":\"pt-BR\",\"potentialAction\":[{\"@type\":\"ReadAction\",\"target\":[\"https:\/\/anprotec.org.br\/conferencia2023\/trilha-4-da-33a-conferencia-anprotec-tera-como-tema-empreendedorismo-inovador-inclusivo-diverso-e-de-periferia\/\"]}]},{\"@type\":\"ImageObject\",\"inLanguage\":\"pt-BR\",\"@id\":\"https:\/\/anprotec.org.br\/conferencia2023\/trilha-4-da-33a-conferencia-anprotec-tera-como-tema-empreendedorismo-inovador-inclusivo-diverso-e-de-periferia\/#primaryimage\",\"url\":\"https:\/\/anprotec.org.br\/conferencia2023\/wp-content\/uploads\/2023\/09\/Card_Trilha-4-02.png\",\"contentUrl\":\"https:\/\/anprotec.org.br\/conferencia2023\/wp-content\/uploads\/2023\/09\/Card_Trilha-4-02.png\",\"width\":800,\"height\":450},{\"@type\":\"BreadcrumbList\",\"@id\":\"https:\/\/anprotec.org.br\/conferencia2023\/trilha-4-da-33a-conferencia-anprotec-tera-como-tema-empreendedorismo-inovador-inclusivo-diverso-e-de-periferia\/#breadcrumb\",\"itemListElement\":[{\"@type\":\"ListItem\",\"position\":1,\"name\":\"In\u00edcio\",\"item\":\"https:\/\/anprotec.org.br\/conferencia2023\/\"},{\"@type\":\"ListItem\",\"position\":2,\"name\":\"Trilha 4 da 33\u00aa Confer\u00eancia Anprotec ter\u00e1 como tema \u201cEmpreendedorismo inovador, inclusivo, diverso e de periferia\u201d\"}]},{\"@type\":\"WebSite\",\"@id\":\"https:\/\/anprotec.org.br\/conferencia2023\/#website\",\"url\":\"https:\/\/anprotec.org.br\/conferencia2023\/\",\"name\":\"Confer\u00eancia 2023 Anprotec\",\"description\":\"\",\"publisher\":{\"@id\":\"https:\/\/anprotec.org.br\/conferencia2023\/#organization\"},\"potentialAction\":[{\"@type\":\"SearchAction\",\"target\":{\"@type\":\"EntryPoint\",\"urlTemplate\":\"https:\/\/anprotec.org.br\/conferencia2023\/?s={search_term_string}\"},\"query-input\":\"required name=search_term_string\"}],\"inLanguage\":\"pt-BR\"},{\"@type\":\"Organization\",\"@id\":\"https:\/\/anprotec.org.br\/conferencia2023\/#organization\",\"name\":\"Confer\u00eancia 2023 Anprotec\",\"url\":\"https:\/\/anprotec.org.br\/conferencia2023\/\",\"logo\":{\"@type\":\"ImageObject\",\"inLanguage\":\"pt-BR\",\"@id\":\"https:\/\/anprotec.org.br\/conferencia2023\/#\/schema\/logo\/image\/\",\"url\":\"\",\"contentUrl\":\"\",\"caption\":\"Confer\u00eancia 2023 Anprotec\"},\"image\":{\"@id\":\"https:\/\/anprotec.org.br\/conferencia2023\/#\/schema\/logo\/image\/\"}},{\"@type\":\"Person\",\"@id\":\"https:\/\/anprotec.org.br\/conferencia2023\/#\/schema\/person\/f70fdc2481c5ea61387acef3e2d0c21e\",\"name\":\"Lucas\",\"image\":{\"@type\":\"ImageObject\",\"inLanguage\":\"pt-BR\",\"@id\":\"https:\/\/anprotec.org.br\/conferencia2023\/#\/schema\/person\/image\/\",\"url\":\"https:\/\/secure.gravatar.com\/avatar\/1b2a0158c7eec64db38a0ff9b80f9095cf8fd55dafa6cc20656ff31027848637?s=96&d=mm&r=g\",\"contentUrl\":\"https:\/\/secure.gravatar.com\/avatar\/1b2a0158c7eec64db38a0ff9b80f9095cf8fd55dafa6cc20656ff31027848637?s=96&d=mm&r=g\",\"caption\":\"Lucas\"},\"url\":\"https:\/\/anprotec.org.br\/conferencia2023\/author\/lucas\/\"}]}<\/script>\n<!-- \/ Yoast SEO plugin. -->","yoast_head_json":{"title":"Trilha 4 da 33\u00aa Confer\u00eancia Anprotec ter\u00e1 como tema \u201cEmpreendedorismo inovador, inclusivo, diverso e de periferia\u201d - Confer\u00eancia 2023 Anprotec","robots":{"index":"index","follow":"follow","max-snippet":"max-snippet:-1","max-image-preview":"max-image-preview:large","max-video-preview":"max-video-preview:-1"},"canonical":"https:\/\/anprotec.org.br\/conferencia2023\/trilha-4-da-33a-conferencia-anprotec-tera-como-tema-empreendedorismo-inovador-inclusivo-diverso-e-de-periferia\/","og_locale":"pt_BR","og_type":"article","og_title":"Trilha 4 da 33\u00aa Confer\u00eancia Anprotec ter\u00e1 como tema \u201cEmpreendedorismo inovador, inclusivo, diverso e de periferia\u201d - Confer\u00eancia 2023 Anprotec","og_description":"No terceiro dia de evento da 33\u00aa Confer\u00eancia Anprotec, 8\/11, acontecer\u00e1 a Trilha 4, que explorar\u00e1 a tem\u00e1tica: \u201cEmpreendedorismo inovador, inclusivo, diverso e de periferia\u201d.&nbsp; Nesta trilha ser\u00e3o discutidos os impactos da inova\u00e7\u00e3o e das novas tecnologias para supera\u00e7\u00e3o de desafios relacionados \u00e0 desigualdade e \u00e0 inclus\u00e3o socioecon\u00f4mica, trazendo para o centro uma diversidade de [&hellip;]","og_url":"https:\/\/anprotec.org.br\/conferencia2023\/trilha-4-da-33a-conferencia-anprotec-tera-como-tema-empreendedorismo-inovador-inclusivo-diverso-e-de-periferia\/","og_site_name":"Confer\u00eancia 2023 Anprotec","article_published_time":"2023-09-21T12:19:42+00:00","article_modified_time":"2023-11-01T16:47:38+00:00","og_image":[{"width":800,"height":450,"url":"https:\/\/anprotec.org.br\/conferencia2023\/wp-content\/uploads\/2023\/09\/Card_Trilha-4-02.png","type":"image\/png"}],"author":"Lucas","twitter_card":"summary_large_image","twitter_misc":{"Escrito por":"Lucas","Est. tempo de leitura":"3 minutos"},"schema":{"@context":"https:\/\/schema.org","@graph":[{"@type":"Article","@id":"https:\/\/anprotec.org.br\/conferencia2023\/trilha-4-da-33a-conferencia-anprotec-tera-como-tema-empreendedorismo-inovador-inclusivo-diverso-e-de-periferia\/#article","isPartOf":{"@id":"https:\/\/anprotec.org.br\/conferencia2023\/trilha-4-da-33a-conferencia-anprotec-tera-como-tema-empreendedorismo-inovador-inclusivo-diverso-e-de-periferia\/"},"author":{"name":"Lucas","@id":"https:\/\/anprotec.org.br\/conferencia2023\/#\/schema\/person\/f70fdc2481c5ea61387acef3e2d0c21e"},"headline":"Trilha 4 da 33\u00aa Confer\u00eancia Anprotec ter\u00e1 como tema \u201cEmpreendedorismo inovador, inclusivo, diverso e de periferia\u201d","datePublished":"2023-09-21T12:19:42+00:00","dateModified":"2023-11-01T16:47:38+00:00","mainEntityOfPage":{"@id":"https:\/\/anprotec.org.br\/conferencia2023\/trilha-4-da-33a-conferencia-anprotec-tera-como-tema-empreendedorismo-inovador-inclusivo-diverso-e-de-periferia\/"},"wordCount":563,"publisher":{"@id":"https:\/\/anprotec.org.br\/conferencia2023\/#organization"},"image":{"@id":"https:\/\/anprotec.org.br\/conferencia2023\/trilha-4-da-33a-conferencia-anprotec-tera-como-tema-empreendedorismo-inovador-inclusivo-diverso-e-de-periferia\/#primaryimage"},"thumbnailUrl":"https:\/\/anprotec.org.br\/conferencia2023\/wp-content\/uploads\/2023\/09\/Card_Trilha-4-02.png","articleSection":["Uncategorized"],"inLanguage":"pt-BR"},{"@type":"WebPage","@id":"https:\/\/anprotec.org.br\/conferencia2023\/trilha-4-da-33a-conferencia-anprotec-tera-como-tema-empreendedorismo-inovador-inclusivo-diverso-e-de-periferia\/","url":"https:\/\/anprotec.org.br\/conferencia2023\/trilha-4-da-33a-conferencia-anprotec-tera-como-tema-empreendedorismo-inovador-inclusivo-diverso-e-de-periferia\/","name":"Trilha 4 da 33\u00aa Confer\u00eancia Anprotec ter\u00e1 como tema \u201cEmpreendedorismo inovador, inclusivo, diverso e de periferia\u201d - Confer\u00eancia 2023 Anprotec","isPartOf":{"@id":"https:\/\/anprotec.org.br\/conferencia2023\/#website"},"primaryImageOfPage":{"@id":"https:\/\/anprotec.org.br\/conferencia2023\/trilha-4-da-33a-conferencia-anprotec-tera-como-tema-empreendedorismo-inovador-inclusivo-diverso-e-de-periferia\/#primaryimage"},"image":{"@id":"https:\/\/anprotec.org.br\/conferencia2023\/trilha-4-da-33a-conferencia-anprotec-tera-como-tema-empreendedorismo-inovador-inclusivo-diverso-e-de-periferia\/#primaryimage"},"thumbnailUrl":"https:\/\/anprotec.org.br\/conferencia2023\/wp-content\/uploads\/2023\/09\/Card_Trilha-4-02.png","datePublished":"2023-09-21T12:19:42+00:00","dateModified":"2023-11-01T16:47:38+00:00","breadcrumb":{"@id":"https:\/\/anprotec.org.br\/conferencia2023\/trilha-4-da-33a-conferencia-anprotec-tera-como-tema-empreendedorismo-inovador-inclusivo-diverso-e-de-periferia\/#breadcrumb"},"inLanguage":"pt-BR","potentialAction":[{"@type":"ReadAction","target":["https:\/\/anprotec.org.br\/conferencia2023\/trilha-4-da-33a-conferencia-anprotec-tera-como-tema-empreendedorismo-inovador-inclusivo-diverso-e-de-periferia\/"]}]},{"@type":"ImageObject","inLanguage":"pt-BR","@id":"https:\/\/anprotec.org.br\/conferencia2023\/trilha-4-da-33a-conferencia-anprotec-tera-como-tema-empreendedorismo-inovador-inclusivo-diverso-e-de-periferia\/#primaryimage","url":"https:\/\/anprotec.org.br\/conferencia2023\/wp-content\/uploads\/2023\/09\/Card_Trilha-4-02.png","contentUrl":"https:\/\/anprotec.org.br\/conferencia2023\/wp-content\/uploads\/2023\/09\/Card_Trilha-4-02.png","width":800,"height":450},{"@type":"BreadcrumbList","@id":"https:\/\/anprotec.org.br\/conferencia2023\/trilha-4-da-33a-conferencia-anprotec-tera-como-tema-empreendedorismo-inovador-inclusivo-diverso-e-de-periferia\/#breadcrumb","itemListElement":[{"@type":"ListItem","position":1,"name":"In\u00edcio","item":"https:\/\/anprotec.org.br\/conferencia2023\/"},{"@type":"ListItem","position":2,"name":"Trilha 4 da 33\u00aa Confer\u00eancia Anprotec ter\u00e1 como tema \u201cEmpreendedorismo inovador, inclusivo, diverso e de periferia\u201d"}]},{"@type":"WebSite","@id":"https:\/\/anprotec.org.br\/conferencia2023\/#website","url":"https:\/\/anprotec.org.br\/conferencia2023\/","name":"Confer\u00eancia 2023 Anprotec","description":"","publisher":{"@id":"https:\/\/anprotec.org.br\/conferencia2023\/#organization"},"potentialAction":[{"@type":"SearchAction","target":{"@type":"EntryPoint","urlTemplate":"https:\/\/anprotec.org.br\/conferencia2023\/?s={search_term_string}"},"query-input":"required name=search_term_string"}],"inLanguage":"pt-BR"},{"@type":"Organization","@id":"https:\/\/anprotec.org.br\/conferencia2023\/#organization","name":"Confer\u00eancia 2023 Anprotec","url":"https:\/\/anprotec.org.br\/conferencia2023\/","logo":{"@type":"ImageObject","inLanguage":"pt-BR","@id":"https:\/\/anprotec.org.br\/conferencia2023\/#\/schema\/logo\/image\/","url":"","contentUrl":"","caption":"Confer\u00eancia 2023 Anprotec"},"image":{"@id":"https:\/\/anprotec.org.br\/conferencia2023\/#\/schema\/logo\/image\/"}},{"@type":"Person","@id":"https:\/\/anprotec.org.br\/conferencia2023\/#\/schema\/person\/f70fdc2481c5ea61387acef3e2d0c21e","name":"Lucas","image":{"@type":"ImageObject","inLanguage":"pt-BR","@id":"https:\/\/anprotec.org.br\/conferencia2023\/#\/schema\/person\/image\/","url":"https:\/\/secure.gravatar.com\/avatar\/1b2a0158c7eec64db38a0ff9b80f9095cf8fd55dafa6cc20656ff31027848637?s=96&d=mm&r=g","contentUrl":"https:\/\/secure.gravatar.com\/avatar\/1b2a0158c7eec64db38a0ff9b80f9095cf8fd55dafa6cc20656ff31027848637?s=96&d=mm&r=g","caption":"Lucas"},"url":"https:\/\/anprotec.org.br\/conferencia2023\/author\/lucas\/"}]}},"_links":{"self":[{"href":"https:\/\/anprotec.org.br\/conferencia2023\/wp-json\/wp\/v2\/posts\/2494","targetHints":{"allow":["GET"]}}],"collection":[{"href":"https:\/\/anprotec.org.br\/conferencia2023\/wp-json\/wp\/v2\/posts"}],"about":[{"href":"https:\/\/anprotec.org.br\/conferencia2023\/wp-json\/wp\/v2\/types\/post"}],"author":[{"embeddable":true,"href":"https:\/\/anprotec.org.br\/conferencia2023\/wp-json\/wp\/v2\/users\/2"}],"replies":[{"embeddable":true,"href":"https:\/\/anprotec.org.br\/conferencia2023\/wp-json\/wp\/v2\/comments?post=2494"}],"version-history":[{"count":4,"href":"https:\/\/anprotec.org.br\/conferencia2023\/wp-json\/wp\/v2\/posts\/2494\/revisions"}],"predecessor-version":[{"id":3551,"href":"https:\/\/anprotec.org.br\/conferencia2023\/wp-json\/wp\/v2\/posts\/2494\/revisions\/3551"}],"wp:featuredmedia":[{"embeddable":true,"href":"https:\/\/anprotec.org.br\/conferencia2023\/wp-json\/wp\/v2\/media\/3550"}],"wp:attachment":[{"href":"https:\/\/anprotec.org.br\/conferencia2023\/wp-json\/wp\/v2\/media?parent=2494"}],"wp:term":[{"taxonomy":"category","embeddable":true,"href":"https:\/\/anprotec.org.br\/conferencia2023\/wp-json\/wp\/v2\/categories?post=2494"},{"taxonomy":"post_tag","embeddable":true,"href":"https:\/\/anprotec.org.br\/conferencia2023\/wp-json\/wp\/v2\/tags?post=2494"}],"curies":[{"name":"wp","href":"https:\/\/api.w.org\/{rel}","templated":true}]}}