{"id":2484,"date":"2023-09-14T13:42:20","date_gmt":"2023-09-14T16:42:20","guid":{"rendered":"https:\/\/anprotec.org.br\/conferencia2023\/?p=2484"},"modified":"2023-11-01T13:31:12","modified_gmt":"2023-11-01T16:31:12","slug":"trilha-1-da-33a-conferencia-anprotec-tera-como-tema-ecossistemas-empreendedores-em-meio-as-transformacoes-tecnologicas","status":"publish","type":"post","link":"https:\/\/anprotec.org.br\/conferencia2023\/trilha-1-da-33a-conferencia-anprotec-tera-como-tema-ecossistemas-empreendedores-em-meio-as-transformacoes-tecnologicas\/","title":{"rendered":"Trilha 1 da 33\u00aa Confer\u00eancia Anprotec ter\u00e1 como tema \u201cEcossistemas empreendedores em meio \u00e0s transforma\u00e7\u00f5es tecnol\u00f3gicas\u201d"},"content":{"rendered":"<div class=\"wp-block-image\">\n<figure class=\"aligncenter size-large is-resized\"><img fetchpriority=\"high\" decoding=\"async\" width=\"1024\" height=\"1024\" src=\"https:\/\/anprotec.org.br\/conferencia2023\/wp-content\/uploads\/2023\/11\/Card_Trilha-1_Prancheta-1-1024x1024.png\" alt=\"\" class=\"wp-image-3545\" style=\"width:592px;height:591px\" srcset=\"https:\/\/anprotec.org.br\/conferencia2023\/wp-content\/uploads\/2023\/11\/Card_Trilha-1_Prancheta-1-1024x1024.png 1024w, https:\/\/anprotec.org.br\/conferencia2023\/wp-content\/uploads\/2023\/11\/Card_Trilha-1_Prancheta-1-300x300.png 300w, https:\/\/anprotec.org.br\/conferencia2023\/wp-content\/uploads\/2023\/11\/Card_Trilha-1_Prancheta-1-150x150.png 150w, https:\/\/anprotec.org.br\/conferencia2023\/wp-content\/uploads\/2023\/11\/Card_Trilha-1_Prancheta-1-768x768.png 768w, https:\/\/anprotec.org.br\/conferencia2023\/wp-content\/uploads\/2023\/11\/Card_Trilha-1_Prancheta-1.png 1080w\" sizes=\"(max-width: 1024px) 100vw, 1024px\" \/><\/figure>\n<\/div>\n\n\n<p><\/p>\n\n\n\n<p>A prepara\u00e7\u00e3o da<strong> 33\u00aa Confer\u00eancia Anprotec, <\/strong>que<strong> <\/strong>ocorrer\u00e1 entre os dias <strong>6 e 9 de novembro<\/strong>, na cidade de <strong>Bras\u00edlia<\/strong>, est\u00e1 a todo vapor. No <strong>segundo dia de evento<\/strong>, 7\/11, os participantes ter\u00e3o a oportunidade de mergulhar na <strong>Trilha 1<\/strong>, que explorar\u00e1 o tema: <strong>\u201cEcossistemas empreendedores em meio \u00e0s transforma\u00e7\u00f5es tecnol\u00f3gicas&#8221;<\/strong>.&nbsp;<\/p>\n\n\n\n<p>Esta trilha abordar\u00e1 a import\u00e2ncia da cria\u00e7\u00e3o, desenvolvimento e consolida\u00e7\u00e3o de ecossistemas de empreendedorismo inovador para o desenvolvimento socioecon\u00f4mico das regi\u00f5es. Tamb\u00e9m amplificar\u00e1 os impactos positivos da gera\u00e7\u00e3o de conhecimento e cria\u00e7\u00e3o de neg\u00f3cios.<\/p>\n\n\n\n<p><strong>O que ser\u00e1 discutido nesta trilha:<\/strong><\/p>\n\n\n\n<ul class=\"wp-block-list\">\n<li>Impactos e oportunidades das tecnologias emergentes na cria\u00e7\u00e3o e escalabilidade de empreendimentos inovadores.<\/li>\n\n\n\n<li>Novas tecnologias para ganhos de produtividade e abertura de mercados.<\/li>\n\n\n\n<li>Parcerias e gest\u00e3o de ecossistema para ampliar o apoio a empreendimentos.<\/li>\n\n\n\n<li>A inova\u00e7\u00e3o em contextos remotos e h\u00edbridos: incuba\u00e7\u00e3o\/acelera\u00e7\u00e3o virtual.<\/li>\n\n\n\n<li>Mais do que MPMEs por necessidade: Estrat\u00e9gias para gera\u00e7\u00e3o de empreendimentos inovadores e escal\u00e1veis e amplia\u00e7\u00e3o do impacto social e econ\u00f4mico do empreendedorismo.<\/li>\n<\/ul>\n\n\n\n<p>Esta sess\u00e3o contar\u00e1 com palestrantes de destaque no cen\u00e1rio da inova\u00e7\u00e3o e empreendedorismo. Confira quem s\u00e3o eles:<\/p>\n\n\n\n<p><strong>Guila Calheiros &#8211; Setec (MCTI):<\/strong> Especialista em inova\u00e7\u00e3o e Secret\u00e1rio de Desenvolvimento Tecnol\u00f3gico e Inova\u00e7\u00e3o no Minist\u00e9rio da Ci\u00eancia, Tecnologia e Inova\u00e7\u00e3o (MCTI). Com vasta experi\u00eancia, contribuiu para o sucesso do Porto Digital e foi Superintendente Executivo da Anprotec, per\u00edodo o qual a institui\u00e7\u00e3o recebeu a Medalha Nacional do M\u00e9rito Cient\u00edfico.\u00a0<\/p>\n\n\n\n<p><strong>Edgar Andrade (CEO FabLab Recife):<\/strong> Edgar Andrade \u00e9 juntador de gente do Fab Lab Rec e head da Startupbootcamp no Brasil, terceira maior aceleradora de startups do mundo. \u00c9 idealizador do Canal Maker, co-fundador e ex-s\u00f3cio da Mr. Plot, produtora do Mundo Bita. Foi jurado do Batalha Makers Brasil, do Discovery Channel. Roda o pa\u00eds falando sobre o futuro das escolas, das cidades e do empreendedorismo.<\/p>\n\n\n\n<p><strong>Marcelo dos Santos &#8211; (IFSert\u00e3oPE):<\/strong> Coordenador Geral da Incubadora do Sert\u00e3o Maker e Coordenador do Centro de Inova\u00e7\u00e3o Maker, com foco na promo\u00e7\u00e3o da inova\u00e7\u00e3o e do empreendedorismo. Fundador de v\u00e1rias startups e reconhecido como L\u00edder Inovativa de Pernambuco em 2023.\u00a0<\/p>\n\n\n\n<p><strong>Modera\u00e7\u00e3o por Adriana Faria &#8211; (tecnoPARQ\/UFV):<\/strong> Diretora Executiva do Centro Tecnol\u00f3gico de Desenvolvimento Regional de Vi\u00e7osa (CenTev\/UFV) e L\u00edder do grupo N\u00facleo de Tecnologias de Gest\u00e3o (NTG) e coordenadora da Rede Mineira de Inova\u00e7\u00e3o.&nbsp;<\/p>\n\n\n\n<p>Garanta a sua participa\u00e7\u00e3o pelo site: <a href=\"https:\/\/anprotec.org.br\/conferencia2023\/\">https:\/\/anprotec.org.br\/conferencia2023\/<\/a><\/p>\n\n\n\n<p>*A Confer\u00eancia \u00e9 uma colabora\u00e7\u00e3o entre a Associa\u00e7\u00e3o Nacional de Entidades Promotoras de Empreendimentos Inovadores (Anprotec) e o Servi\u00e7o Brasileiro de Apoio \u00e0s Micro e Pequenas Empresas (Sebrae).<\/p>\n","protected":false},"excerpt":{"rendered":"<p>A prepara\u00e7\u00e3o da 33\u00aa Confer\u00eancia Anprotec, que ocorrer\u00e1 entre os dias 6 e 9 de novembro, na cidade de Bras\u00edlia, est\u00e1 a todo vapor. No segundo dia de evento, 7\/11, os participantes ter\u00e3o a oportunidade de mergulhar na Trilha 1, que explorar\u00e1 o tema: \u201cEcossistemas empreendedores em meio \u00e0s transforma\u00e7\u00f5es tecnol\u00f3gicas&#8221;.&nbsp; Esta trilha abordar\u00e1 a [&hellip;]<\/p>\n","protected":false},"author":2,"featured_media":3547,"comment_status":"closed","ping_status":"open","sticky":false,"template":"","format":"standard","meta":{"footnotes":""},"categories":[1],"tags":[],"class_list":["post-2484","post","type-post","status-publish","format-standard","has-post-thumbnail","hentry","category-uncategorized"],"yoast_head":"<!-- This site is optimized with the Yoast SEO plugin v23.0 - https:\/\/yoast.com\/wordpress\/plugins\/seo\/ -->\n<title>Trilha 1 da 33\u00aa Confer\u00eancia Anprotec ter\u00e1 como tema \u201cEcossistemas empreendedores em meio \u00e0s transforma\u00e7\u00f5es tecnol\u00f3gicas\u201d - Confer\u00eancia 2023 Anprotec<\/title>\n<meta name=\"robots\" content=\"index, follow, max-snippet:-1, max-image-preview:large, max-video-preview:-1\" \/>\n<link rel=\"canonical\" href=\"https:\/\/anprotec.org.br\/conferencia2023\/trilha-1-da-33a-conferencia-anprotec-tera-como-tema-ecossistemas-empreendedores-em-meio-as-transformacoes-tecnologicas\/\" \/>\n<meta property=\"og:locale\" content=\"pt_BR\" \/>\n<meta property=\"og:type\" content=\"article\" \/>\n<meta property=\"og:title\" content=\"Trilha 1 da 33\u00aa Confer\u00eancia Anprotec ter\u00e1 como tema \u201cEcossistemas empreendedores em meio \u00e0s transforma\u00e7\u00f5es tecnol\u00f3gicas\u201d - Confer\u00eancia 2023 Anprotec\" \/>\n<meta property=\"og:description\" content=\"A prepara\u00e7\u00e3o da 33\u00aa Confer\u00eancia Anprotec, que ocorrer\u00e1 entre os dias 6 e 9 de novembro, na cidade de Bras\u00edlia, est\u00e1 a todo vapor. No segundo dia de evento, 7\/11, os participantes ter\u00e3o a oportunidade de mergulhar na Trilha 1, que explorar\u00e1 o tema: \u201cEcossistemas empreendedores em meio \u00e0s transforma\u00e7\u00f5es tecnol\u00f3gicas&#8221;.&nbsp; Esta trilha abordar\u00e1 a [&hellip;]\" \/>\n<meta property=\"og:url\" content=\"https:\/\/anprotec.org.br\/conferencia2023\/trilha-1-da-33a-conferencia-anprotec-tera-como-tema-ecossistemas-empreendedores-em-meio-as-transformacoes-tecnologicas\/\" \/>\n<meta property=\"og:site_name\" content=\"Confer\u00eancia 2023 Anprotec\" \/>\n<meta property=\"article:published_time\" content=\"2023-09-14T16:42:20+00:00\" \/>\n<meta property=\"article:modified_time\" content=\"2023-11-01T16:31:12+00:00\" \/>\n<meta property=\"og:image\" content=\"https:\/\/anprotec.org.br\/conferencia2023\/wp-content\/uploads\/2023\/09\/Card_Trilha-1-02.png\" \/>\n\t<meta property=\"og:image:width\" content=\"800\" \/>\n\t<meta property=\"og:image:height\" content=\"450\" \/>\n\t<meta property=\"og:image:type\" content=\"image\/png\" \/>\n<meta name=\"author\" content=\"Lucas\" \/>\n<meta name=\"twitter:card\" content=\"summary_large_image\" \/>\n<meta name=\"twitter:label1\" content=\"Escrito por\" \/>\n\t<meta name=\"twitter:data1\" content=\"Lucas\" \/>\n\t<meta name=\"twitter:label2\" content=\"Est. tempo de leitura\" \/>\n\t<meta name=\"twitter:data2\" content=\"3 minutos\" \/>\n<script type=\"application\/ld+json\" class=\"yoast-schema-graph\">{\"@context\":\"https:\/\/schema.org\",\"@graph\":[{\"@type\":\"Article\",\"@id\":\"https:\/\/anprotec.org.br\/conferencia2023\/trilha-1-da-33a-conferencia-anprotec-tera-como-tema-ecossistemas-empreendedores-em-meio-as-transformacoes-tecnologicas\/#article\",\"isPartOf\":{\"@id\":\"https:\/\/anprotec.org.br\/conferencia2023\/trilha-1-da-33a-conferencia-anprotec-tera-como-tema-ecossistemas-empreendedores-em-meio-as-transformacoes-tecnologicas\/\"},\"author\":{\"name\":\"Lucas\",\"@id\":\"https:\/\/anprotec.org.br\/conferencia2023\/#\/schema\/person\/f70fdc2481c5ea61387acef3e2d0c21e\"},\"headline\":\"Trilha 1 da 33\u00aa Confer\u00eancia Anprotec ter\u00e1 como tema \u201cEcossistemas empreendedores em meio \u00e0s transforma\u00e7\u00f5es tecnol\u00f3gicas\u201d\",\"datePublished\":\"2023-09-14T16:42:20+00:00\",\"dateModified\":\"2023-11-01T16:31:12+00:00\",\"mainEntityOfPage\":{\"@id\":\"https:\/\/anprotec.org.br\/conferencia2023\/trilha-1-da-33a-conferencia-anprotec-tera-como-tema-ecossistemas-empreendedores-em-meio-as-transformacoes-tecnologicas\/\"},\"wordCount\":481,\"publisher\":{\"@id\":\"https:\/\/anprotec.org.br\/conferencia2023\/#organization\"},\"image\":{\"@id\":\"https:\/\/anprotec.org.br\/conferencia2023\/trilha-1-da-33a-conferencia-anprotec-tera-como-tema-ecossistemas-empreendedores-em-meio-as-transformacoes-tecnologicas\/#primaryimage\"},\"thumbnailUrl\":\"https:\/\/anprotec.org.br\/conferencia2023\/wp-content\/uploads\/2023\/09\/Card_Trilha-1-02.png\",\"articleSection\":[\"Uncategorized\"],\"inLanguage\":\"pt-BR\"},{\"@type\":\"WebPage\",\"@id\":\"https:\/\/anprotec.org.br\/conferencia2023\/trilha-1-da-33a-conferencia-anprotec-tera-como-tema-ecossistemas-empreendedores-em-meio-as-transformacoes-tecnologicas\/\",\"url\":\"https:\/\/anprotec.org.br\/conferencia2023\/trilha-1-da-33a-conferencia-anprotec-tera-como-tema-ecossistemas-empreendedores-em-meio-as-transformacoes-tecnologicas\/\",\"name\":\"Trilha 1 da 33\u00aa Confer\u00eancia Anprotec ter\u00e1 como tema \u201cEcossistemas empreendedores em meio \u00e0s transforma\u00e7\u00f5es tecnol\u00f3gicas\u201d - Confer\u00eancia 2023 Anprotec\",\"isPartOf\":{\"@id\":\"https:\/\/anprotec.org.br\/conferencia2023\/#website\"},\"primaryImageOfPage\":{\"@id\":\"https:\/\/anprotec.org.br\/conferencia2023\/trilha-1-da-33a-conferencia-anprotec-tera-como-tema-ecossistemas-empreendedores-em-meio-as-transformacoes-tecnologicas\/#primaryimage\"},\"image\":{\"@id\":\"https:\/\/anprotec.org.br\/conferencia2023\/trilha-1-da-33a-conferencia-anprotec-tera-como-tema-ecossistemas-empreendedores-em-meio-as-transformacoes-tecnologicas\/#primaryimage\"},\"thumbnailUrl\":\"https:\/\/anprotec.org.br\/conferencia2023\/wp-content\/uploads\/2023\/09\/Card_Trilha-1-02.png\",\"datePublished\":\"2023-09-14T16:42:20+00:00\",\"dateModified\":\"2023-11-01T16:31:12+00:00\",\"breadcrumb\":{\"@id\":\"https:\/\/anprotec.org.br\/conferencia2023\/trilha-1-da-33a-conferencia-anprotec-tera-como-tema-ecossistemas-empreendedores-em-meio-as-transformacoes-tecnologicas\/#breadcrumb\"},\"inLanguage\":\"pt-BR\",\"potentialAction\":[{\"@type\":\"ReadAction\",\"target\":[\"https:\/\/anprotec.org.br\/conferencia2023\/trilha-1-da-33a-conferencia-anprotec-tera-como-tema-ecossistemas-empreendedores-em-meio-as-transformacoes-tecnologicas\/\"]}]},{\"@type\":\"ImageObject\",\"inLanguage\":\"pt-BR\",\"@id\":\"https:\/\/anprotec.org.br\/conferencia2023\/trilha-1-da-33a-conferencia-anprotec-tera-como-tema-ecossistemas-empreendedores-em-meio-as-transformacoes-tecnologicas\/#primaryimage\",\"url\":\"https:\/\/anprotec.org.br\/conferencia2023\/wp-content\/uploads\/2023\/09\/Card_Trilha-1-02.png\",\"contentUrl\":\"https:\/\/anprotec.org.br\/conferencia2023\/wp-content\/uploads\/2023\/09\/Card_Trilha-1-02.png\",\"width\":800,\"height\":450},{\"@type\":\"BreadcrumbList\",\"@id\":\"https:\/\/anprotec.org.br\/conferencia2023\/trilha-1-da-33a-conferencia-anprotec-tera-como-tema-ecossistemas-empreendedores-em-meio-as-transformacoes-tecnologicas\/#breadcrumb\",\"itemListElement\":[{\"@type\":\"ListItem\",\"position\":1,\"name\":\"In\u00edcio\",\"item\":\"https:\/\/anprotec.org.br\/conferencia2023\/\"},{\"@type\":\"ListItem\",\"position\":2,\"name\":\"Trilha 1 da 33\u00aa Confer\u00eancia Anprotec ter\u00e1 como tema \u201cEcossistemas empreendedores em meio \u00e0s transforma\u00e7\u00f5es tecnol\u00f3gicas\u201d\"}]},{\"@type\":\"WebSite\",\"@id\":\"https:\/\/anprotec.org.br\/conferencia2023\/#website\",\"url\":\"https:\/\/anprotec.org.br\/conferencia2023\/\",\"name\":\"Confer\u00eancia 2023 Anprotec\",\"description\":\"\",\"publisher\":{\"@id\":\"https:\/\/anprotec.org.br\/conferencia2023\/#organization\"},\"potentialAction\":[{\"@type\":\"SearchAction\",\"target\":{\"@type\":\"EntryPoint\",\"urlTemplate\":\"https:\/\/anprotec.org.br\/conferencia2023\/?s={search_term_string}\"},\"query-input\":\"required name=search_term_string\"}],\"inLanguage\":\"pt-BR\"},{\"@type\":\"Organization\",\"@id\":\"https:\/\/anprotec.org.br\/conferencia2023\/#organization\",\"name\":\"Confer\u00eancia 2023 Anprotec\",\"url\":\"https:\/\/anprotec.org.br\/conferencia2023\/\",\"logo\":{\"@type\":\"ImageObject\",\"inLanguage\":\"pt-BR\",\"@id\":\"https:\/\/anprotec.org.br\/conferencia2023\/#\/schema\/logo\/image\/\",\"url\":\"\",\"contentUrl\":\"\",\"caption\":\"Confer\u00eancia 2023 Anprotec\"},\"image\":{\"@id\":\"https:\/\/anprotec.org.br\/conferencia2023\/#\/schema\/logo\/image\/\"}},{\"@type\":\"Person\",\"@id\":\"https:\/\/anprotec.org.br\/conferencia2023\/#\/schema\/person\/f70fdc2481c5ea61387acef3e2d0c21e\",\"name\":\"Lucas\",\"image\":{\"@type\":\"ImageObject\",\"inLanguage\":\"pt-BR\",\"@id\":\"https:\/\/anprotec.org.br\/conferencia2023\/#\/schema\/person\/image\/\",\"url\":\"https:\/\/secure.gravatar.com\/avatar\/1b2a0158c7eec64db38a0ff9b80f9095cf8fd55dafa6cc20656ff31027848637?s=96&d=mm&r=g\",\"contentUrl\":\"https:\/\/secure.gravatar.com\/avatar\/1b2a0158c7eec64db38a0ff9b80f9095cf8fd55dafa6cc20656ff31027848637?s=96&d=mm&r=g\",\"caption\":\"Lucas\"},\"url\":\"https:\/\/anprotec.org.br\/conferencia2023\/author\/lucas\/\"}]}<\/script>\n<!-- \/ Yoast SEO plugin. -->","yoast_head_json":{"title":"Trilha 1 da 33\u00aa Confer\u00eancia Anprotec ter\u00e1 como tema \u201cEcossistemas empreendedores em meio \u00e0s transforma\u00e7\u00f5es tecnol\u00f3gicas\u201d - Confer\u00eancia 2023 Anprotec","robots":{"index":"index","follow":"follow","max-snippet":"max-snippet:-1","max-image-preview":"max-image-preview:large","max-video-preview":"max-video-preview:-1"},"canonical":"https:\/\/anprotec.org.br\/conferencia2023\/trilha-1-da-33a-conferencia-anprotec-tera-como-tema-ecossistemas-empreendedores-em-meio-as-transformacoes-tecnologicas\/","og_locale":"pt_BR","og_type":"article","og_title":"Trilha 1 da 33\u00aa Confer\u00eancia Anprotec ter\u00e1 como tema \u201cEcossistemas empreendedores em meio \u00e0s transforma\u00e7\u00f5es tecnol\u00f3gicas\u201d - Confer\u00eancia 2023 Anprotec","og_description":"A prepara\u00e7\u00e3o da 33\u00aa Confer\u00eancia Anprotec, que ocorrer\u00e1 entre os dias 6 e 9 de novembro, na cidade de Bras\u00edlia, est\u00e1 a todo vapor. No segundo dia de evento, 7\/11, os participantes ter\u00e3o a oportunidade de mergulhar na Trilha 1, que explorar\u00e1 o tema: \u201cEcossistemas empreendedores em meio \u00e0s transforma\u00e7\u00f5es tecnol\u00f3gicas&#8221;.&nbsp; Esta trilha abordar\u00e1 a [&hellip;]","og_url":"https:\/\/anprotec.org.br\/conferencia2023\/trilha-1-da-33a-conferencia-anprotec-tera-como-tema-ecossistemas-empreendedores-em-meio-as-transformacoes-tecnologicas\/","og_site_name":"Confer\u00eancia 2023 Anprotec","article_published_time":"2023-09-14T16:42:20+00:00","article_modified_time":"2023-11-01T16:31:12+00:00","og_image":[{"width":800,"height":450,"url":"https:\/\/anprotec.org.br\/conferencia2023\/wp-content\/uploads\/2023\/09\/Card_Trilha-1-02.png","type":"image\/png"}],"author":"Lucas","twitter_card":"summary_large_image","twitter_misc":{"Escrito por":"Lucas","Est. tempo de leitura":"3 minutos"},"schema":{"@context":"https:\/\/schema.org","@graph":[{"@type":"Article","@id":"https:\/\/anprotec.org.br\/conferencia2023\/trilha-1-da-33a-conferencia-anprotec-tera-como-tema-ecossistemas-empreendedores-em-meio-as-transformacoes-tecnologicas\/#article","isPartOf":{"@id":"https:\/\/anprotec.org.br\/conferencia2023\/trilha-1-da-33a-conferencia-anprotec-tera-como-tema-ecossistemas-empreendedores-em-meio-as-transformacoes-tecnologicas\/"},"author":{"name":"Lucas","@id":"https:\/\/anprotec.org.br\/conferencia2023\/#\/schema\/person\/f70fdc2481c5ea61387acef3e2d0c21e"},"headline":"Trilha 1 da 33\u00aa Confer\u00eancia Anprotec ter\u00e1 como tema \u201cEcossistemas empreendedores em meio \u00e0s transforma\u00e7\u00f5es tecnol\u00f3gicas\u201d","datePublished":"2023-09-14T16:42:20+00:00","dateModified":"2023-11-01T16:31:12+00:00","mainEntityOfPage":{"@id":"https:\/\/anprotec.org.br\/conferencia2023\/trilha-1-da-33a-conferencia-anprotec-tera-como-tema-ecossistemas-empreendedores-em-meio-as-transformacoes-tecnologicas\/"},"wordCount":481,"publisher":{"@id":"https:\/\/anprotec.org.br\/conferencia2023\/#organization"},"image":{"@id":"https:\/\/anprotec.org.br\/conferencia2023\/trilha-1-da-33a-conferencia-anprotec-tera-como-tema-ecossistemas-empreendedores-em-meio-as-transformacoes-tecnologicas\/#primaryimage"},"thumbnailUrl":"https:\/\/anprotec.org.br\/conferencia2023\/wp-content\/uploads\/2023\/09\/Card_Trilha-1-02.png","articleSection":["Uncategorized"],"inLanguage":"pt-BR"},{"@type":"WebPage","@id":"https:\/\/anprotec.org.br\/conferencia2023\/trilha-1-da-33a-conferencia-anprotec-tera-como-tema-ecossistemas-empreendedores-em-meio-as-transformacoes-tecnologicas\/","url":"https:\/\/anprotec.org.br\/conferencia2023\/trilha-1-da-33a-conferencia-anprotec-tera-como-tema-ecossistemas-empreendedores-em-meio-as-transformacoes-tecnologicas\/","name":"Trilha 1 da 33\u00aa Confer\u00eancia Anprotec ter\u00e1 como tema \u201cEcossistemas empreendedores em meio \u00e0s transforma\u00e7\u00f5es tecnol\u00f3gicas\u201d - Confer\u00eancia 2023 Anprotec","isPartOf":{"@id":"https:\/\/anprotec.org.br\/conferencia2023\/#website"},"primaryImageOfPage":{"@id":"https:\/\/anprotec.org.br\/conferencia2023\/trilha-1-da-33a-conferencia-anprotec-tera-como-tema-ecossistemas-empreendedores-em-meio-as-transformacoes-tecnologicas\/#primaryimage"},"image":{"@id":"https:\/\/anprotec.org.br\/conferencia2023\/trilha-1-da-33a-conferencia-anprotec-tera-como-tema-ecossistemas-empreendedores-em-meio-as-transformacoes-tecnologicas\/#primaryimage"},"thumbnailUrl":"https:\/\/anprotec.org.br\/conferencia2023\/wp-content\/uploads\/2023\/09\/Card_Trilha-1-02.png","datePublished":"2023-09-14T16:42:20+00:00","dateModified":"2023-11-01T16:31:12+00:00","breadcrumb":{"@id":"https:\/\/anprotec.org.br\/conferencia2023\/trilha-1-da-33a-conferencia-anprotec-tera-como-tema-ecossistemas-empreendedores-em-meio-as-transformacoes-tecnologicas\/#breadcrumb"},"inLanguage":"pt-BR","potentialAction":[{"@type":"ReadAction","target":["https:\/\/anprotec.org.br\/conferencia2023\/trilha-1-da-33a-conferencia-anprotec-tera-como-tema-ecossistemas-empreendedores-em-meio-as-transformacoes-tecnologicas\/"]}]},{"@type":"ImageObject","inLanguage":"pt-BR","@id":"https:\/\/anprotec.org.br\/conferencia2023\/trilha-1-da-33a-conferencia-anprotec-tera-como-tema-ecossistemas-empreendedores-em-meio-as-transformacoes-tecnologicas\/#primaryimage","url":"https:\/\/anprotec.org.br\/conferencia2023\/wp-content\/uploads\/2023\/09\/Card_Trilha-1-02.png","contentUrl":"https:\/\/anprotec.org.br\/conferencia2023\/wp-content\/uploads\/2023\/09\/Card_Trilha-1-02.png","width":800,"height":450},{"@type":"BreadcrumbList","@id":"https:\/\/anprotec.org.br\/conferencia2023\/trilha-1-da-33a-conferencia-anprotec-tera-como-tema-ecossistemas-empreendedores-em-meio-as-transformacoes-tecnologicas\/#breadcrumb","itemListElement":[{"@type":"ListItem","position":1,"name":"In\u00edcio","item":"https:\/\/anprotec.org.br\/conferencia2023\/"},{"@type":"ListItem","position":2,"name":"Trilha 1 da 33\u00aa Confer\u00eancia Anprotec ter\u00e1 como tema \u201cEcossistemas empreendedores em meio \u00e0s transforma\u00e7\u00f5es tecnol\u00f3gicas\u201d"}]},{"@type":"WebSite","@id":"https:\/\/anprotec.org.br\/conferencia2023\/#website","url":"https:\/\/anprotec.org.br\/conferencia2023\/","name":"Confer\u00eancia 2023 Anprotec","description":"","publisher":{"@id":"https:\/\/anprotec.org.br\/conferencia2023\/#organization"},"potentialAction":[{"@type":"SearchAction","target":{"@type":"EntryPoint","urlTemplate":"https:\/\/anprotec.org.br\/conferencia2023\/?s={search_term_string}"},"query-input":"required name=search_term_string"}],"inLanguage":"pt-BR"},{"@type":"Organization","@id":"https:\/\/anprotec.org.br\/conferencia2023\/#organization","name":"Confer\u00eancia 2023 Anprotec","url":"https:\/\/anprotec.org.br\/conferencia2023\/","logo":{"@type":"ImageObject","inLanguage":"pt-BR","@id":"https:\/\/anprotec.org.br\/conferencia2023\/#\/schema\/logo\/image\/","url":"","contentUrl":"","caption":"Confer\u00eancia 2023 Anprotec"},"image":{"@id":"https:\/\/anprotec.org.br\/conferencia2023\/#\/schema\/logo\/image\/"}},{"@type":"Person","@id":"https:\/\/anprotec.org.br\/conferencia2023\/#\/schema\/person\/f70fdc2481c5ea61387acef3e2d0c21e","name":"Lucas","image":{"@type":"ImageObject","inLanguage":"pt-BR","@id":"https:\/\/anprotec.org.br\/conferencia2023\/#\/schema\/person\/image\/","url":"https:\/\/secure.gravatar.com\/avatar\/1b2a0158c7eec64db38a0ff9b80f9095cf8fd55dafa6cc20656ff31027848637?s=96&d=mm&r=g","contentUrl":"https:\/\/secure.gravatar.com\/avatar\/1b2a0158c7eec64db38a0ff9b80f9095cf8fd55dafa6cc20656ff31027848637?s=96&d=mm&r=g","caption":"Lucas"},"url":"https:\/\/anprotec.org.br\/conferencia2023\/author\/lucas\/"}]}},"_links":{"self":[{"href":"https:\/\/anprotec.org.br\/conferencia2023\/wp-json\/wp\/v2\/posts\/2484","targetHints":{"allow":["GET"]}}],"collection":[{"href":"https:\/\/anprotec.org.br\/conferencia2023\/wp-json\/wp\/v2\/posts"}],"about":[{"href":"https:\/\/anprotec.org.br\/conferencia2023\/wp-json\/wp\/v2\/types\/post"}],"author":[{"embeddable":true,"href":"https:\/\/anprotec.org.br\/conferencia2023\/wp-json\/wp\/v2\/users\/2"}],"replies":[{"embeddable":true,"href":"https:\/\/anprotec.org.br\/conferencia2023\/wp-json\/wp\/v2\/comments?post=2484"}],"version-history":[{"count":5,"href":"https:\/\/anprotec.org.br\/conferencia2023\/wp-json\/wp\/v2\/posts\/2484\/revisions"}],"predecessor-version":[{"id":3548,"href":"https:\/\/anprotec.org.br\/conferencia2023\/wp-json\/wp\/v2\/posts\/2484\/revisions\/3548"}],"wp:featuredmedia":[{"embeddable":true,"href":"https:\/\/anprotec.org.br\/conferencia2023\/wp-json\/wp\/v2\/media\/3547"}],"wp:attachment":[{"href":"https:\/\/anprotec.org.br\/conferencia2023\/wp-json\/wp\/v2\/media?parent=2484"}],"wp:term":[{"taxonomy":"category","embeddable":true,"href":"https:\/\/anprotec.org.br\/conferencia2023\/wp-json\/wp\/v2\/categories?post=2484"},{"taxonomy":"post_tag","embeddable":true,"href":"https:\/\/anprotec.org.br\/conferencia2023\/wp-json\/wp\/v2\/tags?post=2484"}],"curies":[{"name":"wp","href":"https:\/\/api.w.org\/{rel}","templated":true}]}}