{"id":2469,"date":"2023-09-13T14:21:30","date_gmt":"2023-09-13T17:21:30","guid":{"rendered":"https:\/\/anprotec.org.br\/conferencia2023\/?p=2469"},"modified":"2023-09-13T14:23:23","modified_gmt":"2023-09-13T17:23:23","slug":"garanta-seu-ingresso-para-a-conferencia-anprotec-com-20-de-desconto","status":"publish","type":"post","link":"https:\/\/anprotec.org.br\/conferencia2023\/garanta-seu-ingresso-para-a-conferencia-anprotec-com-20-de-desconto\/","title":{"rendered":"Garanta seu ingresso para a Confer\u00eancia Anprotec com 20% de desconto"},"content":{"rendered":"<div class=\"wp-block-image\">\n<figure class=\"aligncenter\"><img decoding=\"async\" src=\"https:\/\/anprotec.org.br\/site\/wp-content\/uploads\/2023\/09\/Card_20-de-desconto.png\" alt=\"\" class=\"wp-image-45850\"\/><\/figure>\n<\/div>\n\n\n<p>As inscri\u00e7\u00f5es para a 33\u00aa Confer\u00eancia Anprotec j\u00e1 est\u00e3o abertas e, se voc\u00ea se registrar at\u00e9 o dia 22 de setembro, garantir\u00e1 um desconto especial de 20%. A Confer\u00eancia Anprotec 2023 ocorrer\u00e1 de 6 a 9 de novembro, na cidade de Bras\u00edlia, no Distrito Federal.<\/p>\n\n\n\n<p>Este ano, o evento abordar\u00e1 o tema &#8220;Inova\u00e7\u00e3o e Sociedade: tecnologias emergentes e a transforma\u00e7\u00e3o do empreendedorismo&#8221; e contar\u00e1 com grandes nomes do ecossistema de inova\u00e7\u00e3o e empreendedorismo.&nbsp;<\/p>\n\n\n\n<p>A confer\u00eancia j\u00e1 conta com mais de 40 palestrantes confirmados, com nomes como Kauan Von Novack (Startupbootcamp), Guila Calheiros (Setec &#8211; MCTI), Guilherme Dominguez (BrazilLab), Aleks Berditchevskaia (Nesta \u2013 UK), Cris Alessi (Women Investment Movement), Guilherme Karam (Funda\u00e7\u00e3o Grupo Botic\u00e1rio), Kamila Camilo (Instituto Oy\u00e1), Jorge Audy (PUC-RS), B\u00e1rbara Lopes (Bens\u00e0 Educa\u00e7\u00e3o Empreendedora Afrocentrada), Rosa Alegria (TeachTheFuture.org), An\u00e1pu\u00e0ka Muniz Tupinamb\u00e1 H\u00e3 h\u00e3 h\u00e3e (Radio Yand\u00ea Yby Festival e Mani Bank) e muito mais.<\/p>\n\n\n\n<p>Na programa\u00e7\u00e3o teremos 25 atividades, com pain\u00e9is e debates sobre v\u00e1rios temas, incluindo: Startups, Inova\u00e7\u00e3o e Desafios Socioambientais; Ecossistemas empreendedores em meio \u00e0s transforma\u00e7\u00f5es tecnol\u00f3gicas; Tecnologia e Inova\u00e7\u00e3o para uma sociedade sustent\u00e1vel; Futuros emergentes: impactos na sociedade; Empreendedorismo inovador, inclusivo, diverso e de periferia, al\u00e9m do F\u00f3rum Sebrae de Inova\u00e7\u00e3o, Talks de Empreendedorismo, Eventos Sociais, Apresenta\u00e7\u00e3o da Chamada de Trabalhos, Visitas t\u00e9cnicas e muitas outras atividades.&nbsp;<\/p>\n\n\n\n<p>Garanta sua participa\u00e7\u00e3o atrav\u00e9s do site: <a href=\"https:\/\/anprotec.org.br\/conferencia2023\/\">https:\/\/anprotec.org.br\/conferencia2023\/<\/a>&nbsp;<\/p>\n","protected":false},"excerpt":{"rendered":"<p>As inscri\u00e7\u00f5es para a 33\u00aa Confer\u00eancia Anprotec j\u00e1 est\u00e3o abertas e, se voc\u00ea se registrar at\u00e9 o dia 22 de setembro, garantir\u00e1 um desconto especial de 20%. A Confer\u00eancia Anprotec 2023 ocorrer\u00e1 de 6 a 9 de novembro, na cidade de Bras\u00edlia, no Distrito Federal. Este ano, o evento abordar\u00e1 o tema &#8220;Inova\u00e7\u00e3o e Sociedade: [&hellip;]<\/p>\n","protected":false},"author":1,"featured_media":2470,"comment_status":"closed","ping_status":"open","sticky":false,"template":"","format":"standard","meta":{"footnotes":""},"categories":[1],"tags":[],"class_list":["post-2469","post","type-post","status-publish","format-standard","has-post-thumbnail","hentry","category-uncategorized"],"yoast_head":"<!-- This site is optimized with the Yoast SEO plugin v23.0 - https:\/\/yoast.com\/wordpress\/plugins\/seo\/ -->\n<title>Garanta seu ingresso para a Confer\u00eancia Anprotec com 20% de desconto - Confer\u00eancia 2023 Anprotec<\/title>\n<meta name=\"robots\" content=\"index, follow, max-snippet:-1, max-image-preview:large, max-video-preview:-1\" \/>\n<link rel=\"canonical\" href=\"https:\/\/anprotec.org.br\/conferencia2023\/garanta-seu-ingresso-para-a-conferencia-anprotec-com-20-de-desconto\/\" \/>\n<meta property=\"og:locale\" content=\"pt_BR\" \/>\n<meta property=\"og:type\" content=\"article\" \/>\n<meta property=\"og:title\" content=\"Garanta seu ingresso para a Confer\u00eancia Anprotec com 20% de desconto - Confer\u00eancia 2023 Anprotec\" \/>\n<meta property=\"og:description\" content=\"As inscri\u00e7\u00f5es para a 33\u00aa Confer\u00eancia Anprotec j\u00e1 est\u00e3o abertas e, se voc\u00ea se registrar at\u00e9 o dia 22 de setembro, garantir\u00e1 um desconto especial de 20%. A Confer\u00eancia Anprotec 2023 ocorrer\u00e1 de 6 a 9 de novembro, na cidade de Bras\u00edlia, no Distrito Federal. Este ano, o evento abordar\u00e1 o tema &#8220;Inova\u00e7\u00e3o e Sociedade: [&hellip;]\" \/>\n<meta property=\"og:url\" content=\"https:\/\/anprotec.org.br\/conferencia2023\/garanta-seu-ingresso-para-a-conferencia-anprotec-com-20-de-desconto\/\" \/>\n<meta property=\"og:site_name\" content=\"Confer\u00eancia 2023 Anprotec\" \/>\n<meta property=\"article:published_time\" content=\"2023-09-13T17:21:30+00:00\" \/>\n<meta property=\"article:modified_time\" content=\"2023-09-13T17:23:23+00:00\" \/>\n<meta property=\"og:image\" content=\"https:\/\/anprotec.org.br\/conferencia2023\/wp-content\/uploads\/2023\/09\/20desconto.png\" \/>\n\t<meta property=\"og:image:width\" content=\"640\" \/>\n\t<meta property=\"og:image:height\" content=\"400\" \/>\n\t<meta property=\"og:image:type\" content=\"image\/png\" \/>\n<meta name=\"author\" content=\"admin\" \/>\n<meta name=\"twitter:card\" content=\"summary_large_image\" \/>\n<meta name=\"twitter:label1\" content=\"Escrito por\" \/>\n\t<meta name=\"twitter:data1\" content=\"admin\" \/>\n\t<meta name=\"twitter:label2\" content=\"Est. tempo de leitura\" \/>\n\t<meta name=\"twitter:data2\" content=\"2 minutos\" \/>\n<script type=\"application\/ld+json\" class=\"yoast-schema-graph\">{\"@context\":\"https:\/\/schema.org\",\"@graph\":[{\"@type\":\"Article\",\"@id\":\"https:\/\/anprotec.org.br\/conferencia2023\/garanta-seu-ingresso-para-a-conferencia-anprotec-com-20-de-desconto\/#article\",\"isPartOf\":{\"@id\":\"https:\/\/anprotec.org.br\/conferencia2023\/garanta-seu-ingresso-para-a-conferencia-anprotec-com-20-de-desconto\/\"},\"author\":{\"name\":\"admin\",\"@id\":\"https:\/\/anprotec.org.br\/conferencia2023\/#\/schema\/person\/7ce1d54c6005e7d21795bc5e974e2f9f\"},\"headline\":\"Garanta seu ingresso para a Confer\u00eancia Anprotec com 20% de desconto\",\"datePublished\":\"2023-09-13T17:21:30+00:00\",\"dateModified\":\"2023-09-13T17:23:23+00:00\",\"mainEntityOfPage\":{\"@id\":\"https:\/\/anprotec.org.br\/conferencia2023\/garanta-seu-ingresso-para-a-conferencia-anprotec-com-20-de-desconto\/\"},\"wordCount\":259,\"publisher\":{\"@id\":\"https:\/\/anprotec.org.br\/conferencia2023\/#organization\"},\"image\":{\"@id\":\"https:\/\/anprotec.org.br\/conferencia2023\/garanta-seu-ingresso-para-a-conferencia-anprotec-com-20-de-desconto\/#primaryimage\"},\"thumbnailUrl\":\"https:\/\/anprotec.org.br\/conferencia2023\/wp-content\/uploads\/2023\/09\/20desconto.png\",\"articleSection\":[\"Uncategorized\"],\"inLanguage\":\"pt-BR\"},{\"@type\":\"WebPage\",\"@id\":\"https:\/\/anprotec.org.br\/conferencia2023\/garanta-seu-ingresso-para-a-conferencia-anprotec-com-20-de-desconto\/\",\"url\":\"https:\/\/anprotec.org.br\/conferencia2023\/garanta-seu-ingresso-para-a-conferencia-anprotec-com-20-de-desconto\/\",\"name\":\"Garanta seu ingresso para a Confer\u00eancia Anprotec com 20% de desconto - Confer\u00eancia 2023 Anprotec\",\"isPartOf\":{\"@id\":\"https:\/\/anprotec.org.br\/conferencia2023\/#website\"},\"primaryImageOfPage\":{\"@id\":\"https:\/\/anprotec.org.br\/conferencia2023\/garanta-seu-ingresso-para-a-conferencia-anprotec-com-20-de-desconto\/#primaryimage\"},\"image\":{\"@id\":\"https:\/\/anprotec.org.br\/conferencia2023\/garanta-seu-ingresso-para-a-conferencia-anprotec-com-20-de-desconto\/#primaryimage\"},\"thumbnailUrl\":\"https:\/\/anprotec.org.br\/conferencia2023\/wp-content\/uploads\/2023\/09\/20desconto.png\",\"datePublished\":\"2023-09-13T17:21:30+00:00\",\"dateModified\":\"2023-09-13T17:23:23+00:00\",\"breadcrumb\":{\"@id\":\"https:\/\/anprotec.org.br\/conferencia2023\/garanta-seu-ingresso-para-a-conferencia-anprotec-com-20-de-desconto\/#breadcrumb\"},\"inLanguage\":\"pt-BR\",\"potentialAction\":[{\"@type\":\"ReadAction\",\"target\":[\"https:\/\/anprotec.org.br\/conferencia2023\/garanta-seu-ingresso-para-a-conferencia-anprotec-com-20-de-desconto\/\"]}]},{\"@type\":\"ImageObject\",\"inLanguage\":\"pt-BR\",\"@id\":\"https:\/\/anprotec.org.br\/conferencia2023\/garanta-seu-ingresso-para-a-conferencia-anprotec-com-20-de-desconto\/#primaryimage\",\"url\":\"https:\/\/anprotec.org.br\/conferencia2023\/wp-content\/uploads\/2023\/09\/20desconto.png\",\"contentUrl\":\"https:\/\/anprotec.org.br\/conferencia2023\/wp-content\/uploads\/2023\/09\/20desconto.png\",\"width\":640,\"height\":400},{\"@type\":\"BreadcrumbList\",\"@id\":\"https:\/\/anprotec.org.br\/conferencia2023\/garanta-seu-ingresso-para-a-conferencia-anprotec-com-20-de-desconto\/#breadcrumb\",\"itemListElement\":[{\"@type\":\"ListItem\",\"position\":1,\"name\":\"In\u00edcio\",\"item\":\"https:\/\/anprotec.org.br\/conferencia2023\/\"},{\"@type\":\"ListItem\",\"position\":2,\"name\":\"Garanta seu ingresso para a Confer\u00eancia Anprotec com 20% de desconto\"}]},{\"@type\":\"WebSite\",\"@id\":\"https:\/\/anprotec.org.br\/conferencia2023\/#website\",\"url\":\"https:\/\/anprotec.org.br\/conferencia2023\/\",\"name\":\"Confer\u00eancia 2023 Anprotec\",\"description\":\"\",\"publisher\":{\"@id\":\"https:\/\/anprotec.org.br\/conferencia2023\/#organization\"},\"potentialAction\":[{\"@type\":\"SearchAction\",\"target\":{\"@type\":\"EntryPoint\",\"urlTemplate\":\"https:\/\/anprotec.org.br\/conferencia2023\/?s={search_term_string}\"},\"query-input\":\"required name=search_term_string\"}],\"inLanguage\":\"pt-BR\"},{\"@type\":\"Organization\",\"@id\":\"https:\/\/anprotec.org.br\/conferencia2023\/#organization\",\"name\":\"Confer\u00eancia 2023 Anprotec\",\"url\":\"https:\/\/anprotec.org.br\/conferencia2023\/\",\"logo\":{\"@type\":\"ImageObject\",\"inLanguage\":\"pt-BR\",\"@id\":\"https:\/\/anprotec.org.br\/conferencia2023\/#\/schema\/logo\/image\/\",\"url\":\"\",\"contentUrl\":\"\",\"caption\":\"Confer\u00eancia 2023 Anprotec\"},\"image\":{\"@id\":\"https:\/\/anprotec.org.br\/conferencia2023\/#\/schema\/logo\/image\/\"}},{\"@type\":\"Person\",\"@id\":\"https:\/\/anprotec.org.br\/conferencia2023\/#\/schema\/person\/7ce1d54c6005e7d21795bc5e974e2f9f\",\"name\":\"admin\",\"image\":{\"@type\":\"ImageObject\",\"inLanguage\":\"pt-BR\",\"@id\":\"https:\/\/anprotec.org.br\/conferencia2023\/#\/schema\/person\/image\/\",\"url\":\"https:\/\/secure.gravatar.com\/avatar\/245112798fe6695640d096a325e40ea81b35fc9cdce454a7fa617ee832539b58?s=96&d=mm&r=g\",\"contentUrl\":\"https:\/\/secure.gravatar.com\/avatar\/245112798fe6695640d096a325e40ea81b35fc9cdce454a7fa617ee832539b58?s=96&d=mm&r=g\",\"caption\":\"admin\"},\"sameAs\":[\"https:\/\/anprotec.org.br\/conferencia2023\"],\"url\":\"https:\/\/anprotec.org.br\/conferencia2023\/author\/admin\/\"}]}<\/script>\n<!-- \/ Yoast SEO plugin. -->","yoast_head_json":{"title":"Garanta seu ingresso para a Confer\u00eancia Anprotec com 20% de desconto - Confer\u00eancia 2023 Anprotec","robots":{"index":"index","follow":"follow","max-snippet":"max-snippet:-1","max-image-preview":"max-image-preview:large","max-video-preview":"max-video-preview:-1"},"canonical":"https:\/\/anprotec.org.br\/conferencia2023\/garanta-seu-ingresso-para-a-conferencia-anprotec-com-20-de-desconto\/","og_locale":"pt_BR","og_type":"article","og_title":"Garanta seu ingresso para a Confer\u00eancia Anprotec com 20% de desconto - Confer\u00eancia 2023 Anprotec","og_description":"As inscri\u00e7\u00f5es para a 33\u00aa Confer\u00eancia Anprotec j\u00e1 est\u00e3o abertas e, se voc\u00ea se registrar at\u00e9 o dia 22 de setembro, garantir\u00e1 um desconto especial de 20%. A Confer\u00eancia Anprotec 2023 ocorrer\u00e1 de 6 a 9 de novembro, na cidade de Bras\u00edlia, no Distrito Federal. Este ano, o evento abordar\u00e1 o tema &#8220;Inova\u00e7\u00e3o e Sociedade: [&hellip;]","og_url":"https:\/\/anprotec.org.br\/conferencia2023\/garanta-seu-ingresso-para-a-conferencia-anprotec-com-20-de-desconto\/","og_site_name":"Confer\u00eancia 2023 Anprotec","article_published_time":"2023-09-13T17:21:30+00:00","article_modified_time":"2023-09-13T17:23:23+00:00","og_image":[{"width":640,"height":400,"url":"https:\/\/anprotec.org.br\/conferencia2023\/wp-content\/uploads\/2023\/09\/20desconto.png","type":"image\/png"}],"author":"admin","twitter_card":"summary_large_image","twitter_misc":{"Escrito por":"admin","Est. tempo de leitura":"2 minutos"},"schema":{"@context":"https:\/\/schema.org","@graph":[{"@type":"Article","@id":"https:\/\/anprotec.org.br\/conferencia2023\/garanta-seu-ingresso-para-a-conferencia-anprotec-com-20-de-desconto\/#article","isPartOf":{"@id":"https:\/\/anprotec.org.br\/conferencia2023\/garanta-seu-ingresso-para-a-conferencia-anprotec-com-20-de-desconto\/"},"author":{"name":"admin","@id":"https:\/\/anprotec.org.br\/conferencia2023\/#\/schema\/person\/7ce1d54c6005e7d21795bc5e974e2f9f"},"headline":"Garanta seu ingresso para a Confer\u00eancia Anprotec com 20% de desconto","datePublished":"2023-09-13T17:21:30+00:00","dateModified":"2023-09-13T17:23:23+00:00","mainEntityOfPage":{"@id":"https:\/\/anprotec.org.br\/conferencia2023\/garanta-seu-ingresso-para-a-conferencia-anprotec-com-20-de-desconto\/"},"wordCount":259,"publisher":{"@id":"https:\/\/anprotec.org.br\/conferencia2023\/#organization"},"image":{"@id":"https:\/\/anprotec.org.br\/conferencia2023\/garanta-seu-ingresso-para-a-conferencia-anprotec-com-20-de-desconto\/#primaryimage"},"thumbnailUrl":"https:\/\/anprotec.org.br\/conferencia2023\/wp-content\/uploads\/2023\/09\/20desconto.png","articleSection":["Uncategorized"],"inLanguage":"pt-BR"},{"@type":"WebPage","@id":"https:\/\/anprotec.org.br\/conferencia2023\/garanta-seu-ingresso-para-a-conferencia-anprotec-com-20-de-desconto\/","url":"https:\/\/anprotec.org.br\/conferencia2023\/garanta-seu-ingresso-para-a-conferencia-anprotec-com-20-de-desconto\/","name":"Garanta seu ingresso para a Confer\u00eancia Anprotec com 20% de desconto - Confer\u00eancia 2023 Anprotec","isPartOf":{"@id":"https:\/\/anprotec.org.br\/conferencia2023\/#website"},"primaryImageOfPage":{"@id":"https:\/\/anprotec.org.br\/conferencia2023\/garanta-seu-ingresso-para-a-conferencia-anprotec-com-20-de-desconto\/#primaryimage"},"image":{"@id":"https:\/\/anprotec.org.br\/conferencia2023\/garanta-seu-ingresso-para-a-conferencia-anprotec-com-20-de-desconto\/#primaryimage"},"thumbnailUrl":"https:\/\/anprotec.org.br\/conferencia2023\/wp-content\/uploads\/2023\/09\/20desconto.png","datePublished":"2023-09-13T17:21:30+00:00","dateModified":"2023-09-13T17:23:23+00:00","breadcrumb":{"@id":"https:\/\/anprotec.org.br\/conferencia2023\/garanta-seu-ingresso-para-a-conferencia-anprotec-com-20-de-desconto\/#breadcrumb"},"inLanguage":"pt-BR","potentialAction":[{"@type":"ReadAction","target":["https:\/\/anprotec.org.br\/conferencia2023\/garanta-seu-ingresso-para-a-conferencia-anprotec-com-20-de-desconto\/"]}]},{"@type":"ImageObject","inLanguage":"pt-BR","@id":"https:\/\/anprotec.org.br\/conferencia2023\/garanta-seu-ingresso-para-a-conferencia-anprotec-com-20-de-desconto\/#primaryimage","url":"https:\/\/anprotec.org.br\/conferencia2023\/wp-content\/uploads\/2023\/09\/20desconto.png","contentUrl":"https:\/\/anprotec.org.br\/conferencia2023\/wp-content\/uploads\/2023\/09\/20desconto.png","width":640,"height":400},{"@type":"BreadcrumbList","@id":"https:\/\/anprotec.org.br\/conferencia2023\/garanta-seu-ingresso-para-a-conferencia-anprotec-com-20-de-desconto\/#breadcrumb","itemListElement":[{"@type":"ListItem","position":1,"name":"In\u00edcio","item":"https:\/\/anprotec.org.br\/conferencia2023\/"},{"@type":"ListItem","position":2,"name":"Garanta seu ingresso para a Confer\u00eancia Anprotec com 20% de desconto"}]},{"@type":"WebSite","@id":"https:\/\/anprotec.org.br\/conferencia2023\/#website","url":"https:\/\/anprotec.org.br\/conferencia2023\/","name":"Confer\u00eancia 2023 Anprotec","description":"","publisher":{"@id":"https:\/\/anprotec.org.br\/conferencia2023\/#organization"},"potentialAction":[{"@type":"SearchAction","target":{"@type":"EntryPoint","urlTemplate":"https:\/\/anprotec.org.br\/conferencia2023\/?s={search_term_string}"},"query-input":"required name=search_term_string"}],"inLanguage":"pt-BR"},{"@type":"Organization","@id":"https:\/\/anprotec.org.br\/conferencia2023\/#organization","name":"Confer\u00eancia 2023 Anprotec","url":"https:\/\/anprotec.org.br\/conferencia2023\/","logo":{"@type":"ImageObject","inLanguage":"pt-BR","@id":"https:\/\/anprotec.org.br\/conferencia2023\/#\/schema\/logo\/image\/","url":"","contentUrl":"","caption":"Confer\u00eancia 2023 Anprotec"},"image":{"@id":"https:\/\/anprotec.org.br\/conferencia2023\/#\/schema\/logo\/image\/"}},{"@type":"Person","@id":"https:\/\/anprotec.org.br\/conferencia2023\/#\/schema\/person\/7ce1d54c6005e7d21795bc5e974e2f9f","name":"admin","image":{"@type":"ImageObject","inLanguage":"pt-BR","@id":"https:\/\/anprotec.org.br\/conferencia2023\/#\/schema\/person\/image\/","url":"https:\/\/secure.gravatar.com\/avatar\/245112798fe6695640d096a325e40ea81b35fc9cdce454a7fa617ee832539b58?s=96&d=mm&r=g","contentUrl":"https:\/\/secure.gravatar.com\/avatar\/245112798fe6695640d096a325e40ea81b35fc9cdce454a7fa617ee832539b58?s=96&d=mm&r=g","caption":"admin"},"sameAs":["https:\/\/anprotec.org.br\/conferencia2023"],"url":"https:\/\/anprotec.org.br\/conferencia2023\/author\/admin\/"}]}},"_links":{"self":[{"href":"https:\/\/anprotec.org.br\/conferencia2023\/wp-json\/wp\/v2\/posts\/2469","targetHints":{"allow":["GET"]}}],"collection":[{"href":"https:\/\/anprotec.org.br\/conferencia2023\/wp-json\/wp\/v2\/posts"}],"about":[{"href":"https:\/\/anprotec.org.br\/conferencia2023\/wp-json\/wp\/v2\/types\/post"}],"author":[{"embeddable":true,"href":"https:\/\/anprotec.org.br\/conferencia2023\/wp-json\/wp\/v2\/users\/1"}],"replies":[{"embeddable":true,"href":"https:\/\/anprotec.org.br\/conferencia2023\/wp-json\/wp\/v2\/comments?post=2469"}],"version-history":[{"count":1,"href":"https:\/\/anprotec.org.br\/conferencia2023\/wp-json\/wp\/v2\/posts\/2469\/revisions"}],"predecessor-version":[{"id":2471,"href":"https:\/\/anprotec.org.br\/conferencia2023\/wp-json\/wp\/v2\/posts\/2469\/revisions\/2471"}],"wp:featuredmedia":[{"embeddable":true,"href":"https:\/\/anprotec.org.br\/conferencia2023\/wp-json\/wp\/v2\/media\/2470"}],"wp:attachment":[{"href":"https:\/\/anprotec.org.br\/conferencia2023\/wp-json\/wp\/v2\/media?parent=2469"}],"wp:term":[{"taxonomy":"category","embeddable":true,"href":"https:\/\/anprotec.org.br\/conferencia2023\/wp-json\/wp\/v2\/categories?post=2469"},{"taxonomy":"post_tag","embeddable":true,"href":"https:\/\/anprotec.org.br\/conferencia2023\/wp-json\/wp\/v2\/tags?post=2469"}],"curies":[{"name":"wp","href":"https:\/\/api.w.org\/{rel}","templated":true}]}}