{"id":2181,"date":"2023-09-11T13:40:06","date_gmt":"2023-09-11T16:40:06","guid":{"rendered":"https:\/\/anprotec.org.br\/conferencia2023\/?p=2181"},"modified":"2023-09-27T16:53:28","modified_gmt":"2023-09-27T19:53:28","slug":"kauan-von-novack-fara-plenaria-de-abertura-da-33a-conferencia-anprotec","status":"publish","type":"post","link":"https:\/\/anprotec.org.br\/conferencia2023\/kauan-von-novack-fara-plenaria-de-abertura-da-33a-conferencia-anprotec\/","title":{"rendered":"Kauan von Novack far\u00e1 plen\u00e1ria de abertura da 33\u00aa Confer\u00eancia Anprotec"},"content":{"rendered":"\t\t<div data-elementor-type=\"wp-post\" data-elementor-id=\"2181\" class=\"elementor elementor-2181\">\n\t\t\t\t\t\t<section class=\"ob-is-breaking-bad elementor-section elementor-top-section elementor-element elementor-element-45579bd elementor-section-full_width elementor-section-stretched elementor-section-height-default elementor-section-height-default\" data-dce-background-image-url=\"https:\/\/anprotec.org.br\/conferencia2023\/wp-content\/uploads\/2023\/06\/Grupo-65.png\" data-id=\"45579bd\" data-element_type=\"section\" data-settings=\"{&quot;stretch_section&quot;:&quot;section-stretched&quot;,&quot;jet_parallax_layout_list&quot;:[],&quot;background_background&quot;:&quot;classic&quot;,&quot;_ob_bbad_use_it&quot;:&quot;yes&quot;,&quot;_ob_bbad_sssic_use&quot;:&quot;no&quot;}\">\n\t\t\t\t\t\t<div class=\"elementor-container elementor-column-gap-default\">\n\t\t\t\t\t<div class=\"elementor-column elementor-col-100 elementor-top-column elementor-element elementor-element-fc7b86a\" data-id=\"fc7b86a\" data-element_type=\"column\" data-settings=\"{&quot;_ob_bbad_is_stalker&quot;:&quot;no&quot;}\">\n\t\t\t<div class=\"elementor-widget-wrap elementor-element-populated\">\n\t\t\t\t\t\t<div class=\"elementor-element elementor-element-0fb6d16 elementor-widget elementor-widget-heading\" data-id=\"0fb6d16\" data-element_type=\"widget\" data-widget_type=\"heading.default\">\n\t\t\t\t<div class=\"elementor-widget-container\">\n\t\t\t<h2 class=\"elementor-heading-title elementor-size-default\">Not\u00edcias<\/h2>\t\t<\/div>\n\t\t\t\t<\/div>\n\t\t\t\t\t<\/div>\n\t\t<\/div>\n\t\t\t\t\t<\/div>\n\t\t<\/section>\n\t\t\t\t<section class=\"ob-is-breaking-bad elementor-section elementor-top-section elementor-element elementor-element-29634a16 elementor-section-boxed elementor-section-height-default elementor-section-height-default\" data-id=\"29634a16\" data-element_type=\"section\" data-settings=\"{&quot;jet_parallax_layout_list&quot;:[],&quot;_ob_bbad_use_it&quot;:&quot;yes&quot;,&quot;_ob_bbad_sssic_use&quot;:&quot;no&quot;}\">\n\t\t\t\t\t\t<div class=\"elementor-container elementor-column-gap-default\">\n\t\t\t\t\t<div class=\"elementor-column elementor-col-100 elementor-top-column elementor-element elementor-element-4ec164f7\" data-id=\"4ec164f7\" data-element_type=\"column\" data-settings=\"{&quot;_ob_bbad_is_stalker&quot;:&quot;no&quot;}\">\n\t\t\t<div class=\"elementor-widget-wrap elementor-element-populated\">\n\t\t\t\t\t\t<div class=\"elementor-element elementor-element-49e6ec1f elementor-widget elementor-widget-text-editor\" data-id=\"49e6ec1f\" data-element_type=\"widget\" data-widget_type=\"text-editor.default\">\n\t\t\t\t<div class=\"elementor-widget-container\">\n\t\t\t\t\t\t\t<!-- wp:image {\"id\":2183} -->\n<figure class=\"wp-block-image\"><img fetchpriority=\"high\" decoding=\"async\" width=\"1080\" height=\"1080\" class=\"wp-image-2183\" src=\"https:\/\/anprotec.org.br\/conferencia2023\/wp-content\/uploads\/2023\/09\/Card_Palestrantes_Kauan-Novack.png\" alt=\"\" srcset=\"https:\/\/anprotec.org.br\/conferencia2023\/wp-content\/uploads\/2023\/09\/Card_Palestrantes_Kauan-Novack.png 1080w, https:\/\/anprotec.org.br\/conferencia2023\/wp-content\/uploads\/2023\/09\/Card_Palestrantes_Kauan-Novack-300x300.png 300w, https:\/\/anprotec.org.br\/conferencia2023\/wp-content\/uploads\/2023\/09\/Card_Palestrantes_Kauan-Novack-1024x1024.png 1024w, https:\/\/anprotec.org.br\/conferencia2023\/wp-content\/uploads\/2023\/09\/Card_Palestrantes_Kauan-Novack-150x150.png 150w, https:\/\/anprotec.org.br\/conferencia2023\/wp-content\/uploads\/2023\/09\/Card_Palestrantes_Kauan-Novack-768x768.png 768w\" sizes=\"(max-width: 1080px) 100vw, 1080px\" \/><\/figure>\n<!-- \/wp:image --><!-- wp:paragraph -->\n<h2><span style=\"color: #333333;\"><br \/>Kauan von Novack far\u00e1 plen\u00e1ria de abertura da 33\u00aa Confer\u00eancia Anprotec<\/span><\/h2>\n<p>J\u00e1 estamos nos aproximando da 33\u00aa Confer\u00eancia Anprotec e com isso temos o prazer de apresentar um dos palestrantes que estar\u00e3o conosco nesse evento. A<strong> plen\u00e1ria de abertura<\/strong> ser\u00e1 conduzida por <strong>Kauan von Novack<\/strong>, que abordar\u00e1 em sua fala o tema <strong>&#8220;Inova\u00e7\u00e3o e startups como projeto para mudan\u00e7a social, ambiental e nacional&#8221;.<\/strong><\/p>\n<!-- \/wp:paragraph --><!-- wp:paragraph -->\n<p>Kauan von Novack atualmente ocupa a posi\u00e7\u00e3o de <strong>CEO Group da Startupbootcamp &amp; Innoleaps<\/strong>, um dos maiores grupos de inova\u00e7\u00e3o do mundo. Esta aceleradora tem um portf\u00f3lio com<strong> investimentos em mais de 1.6 mil startups<\/strong>, incluindo a descoberta de<strong> 5 unic\u00f3rnios.<\/strong>\u00a0<\/p>\n<!-- \/wp:paragraph --><!-- wp:paragraph -->\n<p>Al\u00e9m disso, Kauan \u00e9 um <strong>empreendedor<\/strong>, fundador de mais de <strong>17 startups e scaleups<\/strong> e autor de livros como <strong>Profit-Making Communication<\/strong>, <strong>Profit-Making Leadership<\/strong> e <strong>Profit-Making Creativity<\/strong>.\u00a0 Sua\u00a0 trajet\u00f3ria o levou de sua terra natal no Brasil para o epicentro global da inova\u00e7\u00e3o, o Vale do Sil\u00edcio, e posteriormente \u00e0 Europa.\u00a0<\/p>\n<!-- \/wp:paragraph --><!-- wp:paragraph -->\n<p>Na Startupbootcamp Global, 3\u00aa maior aceleradora de startups do mundo, Kauan tem uma responsabilidade: adicionar cerca de <strong>300 startups anualmente<\/strong> ao portf\u00f3lio da empresa. Ele tamb\u00e9m supervisiona opera\u00e7\u00f5es em<strong> 8 pa\u00edses<\/strong>, atuando como um facilitador essencial para o sucesso dessas<strong> startups emergentes.<\/strong><\/p>\n<!-- \/wp:paragraph --><!-- wp:paragraph -->\n<p>A 33\u00aa Confer\u00eancia Anprotec ocorrer\u00e1 entre os dias <strong>6 e 9 de novembro<\/strong>, na cidade de <strong>Bras\u00edlia<\/strong>, no Distrito Federal. O encontro deste ano ser\u00e1 centrado no tema <strong>\u201cInova\u00e7\u00e3o e Sociedade: tecnologias emergentes e a transforma\u00e7\u00e3o do empreendedorismo\u201c<\/strong>, abordando o cen\u00e1rio atual de r\u00e1pida mudan\u00e7a tecnol\u00f3gica.<\/p>\n<!-- \/wp:paragraph --><!-- wp:paragraph -->\n<p>Para mais informa\u00e7\u00f5es, acesse o site: <a href=\"https:\/\/anprotec.org.br\/conferencia2023\/\">https:\/\/anprotec.org.br\/conferencia2023\/<\/a><\/p>\n<!-- \/wp:paragraph --><!-- wp:paragraph -->\n<p>*A Confer\u00eancia \u00e9 uma colabora\u00e7\u00e3o entre a Associa\u00e7\u00e3o Nacional de Entidades Promotoras de Empreendimentos Inovadores (Anprotec) e o Servi\u00e7o Brasileiro de Apoio \u00e0s Micro e Pequenas Empresas (Sebrae).<\/p>\n<!-- \/wp:paragraph -->\t\t\t\t\t\t<\/div>\n\t\t\t\t<\/div>\n\t\t\t\t\t<\/div>\n\t\t<\/div>\n\t\t\t\t\t<\/div>\n\t\t<\/section>\n\t\t\t\t<\/div>\n\t\t","protected":false},"excerpt":{"rendered":"<p>Not\u00edcias Kauan von Novack far\u00e1 plen\u00e1ria de abertura da 33\u00aa Confer\u00eancia Anprotec J\u00e1 estamos nos aproximando da 33\u00aa Confer\u00eancia Anprotec e com isso temos o prazer de apresentar um dos palestrantes que estar\u00e3o conosco nesse evento. A plen\u00e1ria de abertura ser\u00e1 conduzida por Kauan von Novack, que abordar\u00e1 em sua fala o tema &#8220;Inova\u00e7\u00e3o e [&hellip;]<\/p>\n","protected":false},"author":2,"featured_media":2182,"comment_status":"closed","ping_status":"open","sticky":false,"template":"","format":"standard","meta":{"footnotes":""},"categories":[1],"tags":[],"class_list":["post-2181","post","type-post","status-publish","format-standard","has-post-thumbnail","hentry","category-uncategorized"],"yoast_head":"<!-- This site is optimized with the Yoast SEO plugin v23.0 - https:\/\/yoast.com\/wordpress\/plugins\/seo\/ -->\n<title>Kauan von Novack far\u00e1 plen\u00e1ria de abertura da 33\u00aa Confer\u00eancia Anprotec - Confer\u00eancia 2023 Anprotec<\/title>\n<meta name=\"robots\" content=\"index, follow, max-snippet:-1, max-image-preview:large, max-video-preview:-1\" \/>\n<link rel=\"canonical\" href=\"https:\/\/anprotec.org.br\/conferencia2023\/kauan-von-novack-fara-plenaria-de-abertura-da-33a-conferencia-anprotec\/\" \/>\n<meta property=\"og:locale\" content=\"pt_BR\" \/>\n<meta property=\"og:type\" content=\"article\" \/>\n<meta property=\"og:title\" content=\"Kauan von Novack far\u00e1 plen\u00e1ria de abertura da 33\u00aa Confer\u00eancia Anprotec - Confer\u00eancia 2023 Anprotec\" \/>\n<meta property=\"og:description\" content=\"Not\u00edcias Kauan von Novack far\u00e1 plen\u00e1ria de abertura da 33\u00aa Confer\u00eancia Anprotec J\u00e1 estamos nos aproximando da 33\u00aa Confer\u00eancia Anprotec e com isso temos o prazer de apresentar um dos palestrantes que estar\u00e3o conosco nesse evento. A plen\u00e1ria de abertura ser\u00e1 conduzida por Kauan von Novack, que abordar\u00e1 em sua fala o tema &#8220;Inova\u00e7\u00e3o e [&hellip;]\" \/>\n<meta property=\"og:url\" content=\"https:\/\/anprotec.org.br\/conferencia2023\/kauan-von-novack-fara-plenaria-de-abertura-da-33a-conferencia-anprotec\/\" \/>\n<meta property=\"og:site_name\" content=\"Confer\u00eancia 2023 Anprotec\" \/>\n<meta property=\"article:published_time\" content=\"2023-09-11T16:40:06+00:00\" \/>\n<meta property=\"article:modified_time\" content=\"2023-09-27T19:53:28+00:00\" \/>\n<meta property=\"og:image\" content=\"https:\/\/anprotec.org.br\/conferencia2023\/wp-content\/uploads\/2023\/09\/Captura-de-tela-2023-09-11-093111.png\" \/>\n\t<meta property=\"og:image:width\" content=\"696\" \/>\n\t<meta property=\"og:image:height\" content=\"458\" \/>\n\t<meta property=\"og:image:type\" content=\"image\/png\" \/>\n<meta name=\"author\" content=\"Lucas\" \/>\n<meta name=\"twitter:card\" content=\"summary_large_image\" \/>\n<meta name=\"twitter:label1\" content=\"Escrito por\" \/>\n\t<meta name=\"twitter:data1\" content=\"Lucas\" \/>\n\t<meta name=\"twitter:label2\" content=\"Est. tempo de leitura\" \/>\n\t<meta name=\"twitter:data2\" content=\"2 minutos\" \/>\n<script type=\"application\/ld+json\" class=\"yoast-schema-graph\">{\"@context\":\"https:\/\/schema.org\",\"@graph\":[{\"@type\":\"Article\",\"@id\":\"https:\/\/anprotec.org.br\/conferencia2023\/kauan-von-novack-fara-plenaria-de-abertura-da-33a-conferencia-anprotec\/#article\",\"isPartOf\":{\"@id\":\"https:\/\/anprotec.org.br\/conferencia2023\/kauan-von-novack-fara-plenaria-de-abertura-da-33a-conferencia-anprotec\/\"},\"author\":{\"name\":\"Lucas\",\"@id\":\"https:\/\/anprotec.org.br\/conferencia2023\/#\/schema\/person\/f70fdc2481c5ea61387acef3e2d0c21e\"},\"headline\":\"Kauan von Novack far\u00e1 plen\u00e1ria de abertura da 33\u00aa Confer\u00eancia Anprotec\",\"datePublished\":\"2023-09-11T16:40:06+00:00\",\"dateModified\":\"2023-09-27T19:53:28+00:00\",\"mainEntityOfPage\":{\"@id\":\"https:\/\/anprotec.org.br\/conferencia2023\/kauan-von-novack-fara-plenaria-de-abertura-da-33a-conferencia-anprotec\/\"},\"wordCount\":317,\"publisher\":{\"@id\":\"https:\/\/anprotec.org.br\/conferencia2023\/#organization\"},\"image\":{\"@id\":\"https:\/\/anprotec.org.br\/conferencia2023\/kauan-von-novack-fara-plenaria-de-abertura-da-33a-conferencia-anprotec\/#primaryimage\"},\"thumbnailUrl\":\"https:\/\/anprotec.org.br\/conferencia2023\/wp-content\/uploads\/2023\/09\/Captura-de-tela-2023-09-11-093111.png\",\"articleSection\":[\"Uncategorized\"],\"inLanguage\":\"pt-BR\"},{\"@type\":\"WebPage\",\"@id\":\"https:\/\/anprotec.org.br\/conferencia2023\/kauan-von-novack-fara-plenaria-de-abertura-da-33a-conferencia-anprotec\/\",\"url\":\"https:\/\/anprotec.org.br\/conferencia2023\/kauan-von-novack-fara-plenaria-de-abertura-da-33a-conferencia-anprotec\/\",\"name\":\"Kauan von Novack far\u00e1 plen\u00e1ria de abertura da 33\u00aa Confer\u00eancia Anprotec - Confer\u00eancia 2023 Anprotec\",\"isPartOf\":{\"@id\":\"https:\/\/anprotec.org.br\/conferencia2023\/#website\"},\"primaryImageOfPage\":{\"@id\":\"https:\/\/anprotec.org.br\/conferencia2023\/kauan-von-novack-fara-plenaria-de-abertura-da-33a-conferencia-anprotec\/#primaryimage\"},\"image\":{\"@id\":\"https:\/\/anprotec.org.br\/conferencia2023\/kauan-von-novack-fara-plenaria-de-abertura-da-33a-conferencia-anprotec\/#primaryimage\"},\"thumbnailUrl\":\"https:\/\/anprotec.org.br\/conferencia2023\/wp-content\/uploads\/2023\/09\/Captura-de-tela-2023-09-11-093111.png\",\"datePublished\":\"2023-09-11T16:40:06+00:00\",\"dateModified\":\"2023-09-27T19:53:28+00:00\",\"breadcrumb\":{\"@id\":\"https:\/\/anprotec.org.br\/conferencia2023\/kauan-von-novack-fara-plenaria-de-abertura-da-33a-conferencia-anprotec\/#breadcrumb\"},\"inLanguage\":\"pt-BR\",\"potentialAction\":[{\"@type\":\"ReadAction\",\"target\":[\"https:\/\/anprotec.org.br\/conferencia2023\/kauan-von-novack-fara-plenaria-de-abertura-da-33a-conferencia-anprotec\/\"]}]},{\"@type\":\"ImageObject\",\"inLanguage\":\"pt-BR\",\"@id\":\"https:\/\/anprotec.org.br\/conferencia2023\/kauan-von-novack-fara-plenaria-de-abertura-da-33a-conferencia-anprotec\/#primaryimage\",\"url\":\"https:\/\/anprotec.org.br\/conferencia2023\/wp-content\/uploads\/2023\/09\/Captura-de-tela-2023-09-11-093111.png\",\"contentUrl\":\"https:\/\/anprotec.org.br\/conferencia2023\/wp-content\/uploads\/2023\/09\/Captura-de-tela-2023-09-11-093111.png\",\"width\":696,\"height\":458},{\"@type\":\"BreadcrumbList\",\"@id\":\"https:\/\/anprotec.org.br\/conferencia2023\/kauan-von-novack-fara-plenaria-de-abertura-da-33a-conferencia-anprotec\/#breadcrumb\",\"itemListElement\":[{\"@type\":\"ListItem\",\"position\":1,\"name\":\"In\u00edcio\",\"item\":\"https:\/\/anprotec.org.br\/conferencia2023\/\"},{\"@type\":\"ListItem\",\"position\":2,\"name\":\"Kauan von Novack far\u00e1 plen\u00e1ria de abertura da 33\u00aa Confer\u00eancia Anprotec\"}]},{\"@type\":\"WebSite\",\"@id\":\"https:\/\/anprotec.org.br\/conferencia2023\/#website\",\"url\":\"https:\/\/anprotec.org.br\/conferencia2023\/\",\"name\":\"Confer\u00eancia 2023 Anprotec\",\"description\":\"\",\"publisher\":{\"@id\":\"https:\/\/anprotec.org.br\/conferencia2023\/#organization\"},\"potentialAction\":[{\"@type\":\"SearchAction\",\"target\":{\"@type\":\"EntryPoint\",\"urlTemplate\":\"https:\/\/anprotec.org.br\/conferencia2023\/?s={search_term_string}\"},\"query-input\":\"required name=search_term_string\"}],\"inLanguage\":\"pt-BR\"},{\"@type\":\"Organization\",\"@id\":\"https:\/\/anprotec.org.br\/conferencia2023\/#organization\",\"name\":\"Confer\u00eancia 2023 Anprotec\",\"url\":\"https:\/\/anprotec.org.br\/conferencia2023\/\",\"logo\":{\"@type\":\"ImageObject\",\"inLanguage\":\"pt-BR\",\"@id\":\"https:\/\/anprotec.org.br\/conferencia2023\/#\/schema\/logo\/image\/\",\"url\":\"\",\"contentUrl\":\"\",\"caption\":\"Confer\u00eancia 2023 Anprotec\"},\"image\":{\"@id\":\"https:\/\/anprotec.org.br\/conferencia2023\/#\/schema\/logo\/image\/\"}},{\"@type\":\"Person\",\"@id\":\"https:\/\/anprotec.org.br\/conferencia2023\/#\/schema\/person\/f70fdc2481c5ea61387acef3e2d0c21e\",\"name\":\"Lucas\",\"image\":{\"@type\":\"ImageObject\",\"inLanguage\":\"pt-BR\",\"@id\":\"https:\/\/anprotec.org.br\/conferencia2023\/#\/schema\/person\/image\/\",\"url\":\"https:\/\/secure.gravatar.com\/avatar\/1b2a0158c7eec64db38a0ff9b80f9095cf8fd55dafa6cc20656ff31027848637?s=96&d=mm&r=g\",\"contentUrl\":\"https:\/\/secure.gravatar.com\/avatar\/1b2a0158c7eec64db38a0ff9b80f9095cf8fd55dafa6cc20656ff31027848637?s=96&d=mm&r=g\",\"caption\":\"Lucas\"},\"url\":\"https:\/\/anprotec.org.br\/conferencia2023\/author\/lucas\/\"}]}<\/script>\n<!-- \/ Yoast SEO plugin. -->","yoast_head_json":{"title":"Kauan von Novack far\u00e1 plen\u00e1ria de abertura da 33\u00aa Confer\u00eancia Anprotec - Confer\u00eancia 2023 Anprotec","robots":{"index":"index","follow":"follow","max-snippet":"max-snippet:-1","max-image-preview":"max-image-preview:large","max-video-preview":"max-video-preview:-1"},"canonical":"https:\/\/anprotec.org.br\/conferencia2023\/kauan-von-novack-fara-plenaria-de-abertura-da-33a-conferencia-anprotec\/","og_locale":"pt_BR","og_type":"article","og_title":"Kauan von Novack far\u00e1 plen\u00e1ria de abertura da 33\u00aa Confer\u00eancia Anprotec - Confer\u00eancia 2023 Anprotec","og_description":"Not\u00edcias Kauan von Novack far\u00e1 plen\u00e1ria de abertura da 33\u00aa Confer\u00eancia Anprotec J\u00e1 estamos nos aproximando da 33\u00aa Confer\u00eancia Anprotec e com isso temos o prazer de apresentar um dos palestrantes que estar\u00e3o conosco nesse evento. A plen\u00e1ria de abertura ser\u00e1 conduzida por Kauan von Novack, que abordar\u00e1 em sua fala o tema &#8220;Inova\u00e7\u00e3o e [&hellip;]","og_url":"https:\/\/anprotec.org.br\/conferencia2023\/kauan-von-novack-fara-plenaria-de-abertura-da-33a-conferencia-anprotec\/","og_site_name":"Confer\u00eancia 2023 Anprotec","article_published_time":"2023-09-11T16:40:06+00:00","article_modified_time":"2023-09-27T19:53:28+00:00","og_image":[{"width":696,"height":458,"url":"https:\/\/anprotec.org.br\/conferencia2023\/wp-content\/uploads\/2023\/09\/Captura-de-tela-2023-09-11-093111.png","type":"image\/png"}],"author":"Lucas","twitter_card":"summary_large_image","twitter_misc":{"Escrito por":"Lucas","Est. tempo de leitura":"2 minutos"},"schema":{"@context":"https:\/\/schema.org","@graph":[{"@type":"Article","@id":"https:\/\/anprotec.org.br\/conferencia2023\/kauan-von-novack-fara-plenaria-de-abertura-da-33a-conferencia-anprotec\/#article","isPartOf":{"@id":"https:\/\/anprotec.org.br\/conferencia2023\/kauan-von-novack-fara-plenaria-de-abertura-da-33a-conferencia-anprotec\/"},"author":{"name":"Lucas","@id":"https:\/\/anprotec.org.br\/conferencia2023\/#\/schema\/person\/f70fdc2481c5ea61387acef3e2d0c21e"},"headline":"Kauan von Novack far\u00e1 plen\u00e1ria de abertura da 33\u00aa Confer\u00eancia Anprotec","datePublished":"2023-09-11T16:40:06+00:00","dateModified":"2023-09-27T19:53:28+00:00","mainEntityOfPage":{"@id":"https:\/\/anprotec.org.br\/conferencia2023\/kauan-von-novack-fara-plenaria-de-abertura-da-33a-conferencia-anprotec\/"},"wordCount":317,"publisher":{"@id":"https:\/\/anprotec.org.br\/conferencia2023\/#organization"},"image":{"@id":"https:\/\/anprotec.org.br\/conferencia2023\/kauan-von-novack-fara-plenaria-de-abertura-da-33a-conferencia-anprotec\/#primaryimage"},"thumbnailUrl":"https:\/\/anprotec.org.br\/conferencia2023\/wp-content\/uploads\/2023\/09\/Captura-de-tela-2023-09-11-093111.png","articleSection":["Uncategorized"],"inLanguage":"pt-BR"},{"@type":"WebPage","@id":"https:\/\/anprotec.org.br\/conferencia2023\/kauan-von-novack-fara-plenaria-de-abertura-da-33a-conferencia-anprotec\/","url":"https:\/\/anprotec.org.br\/conferencia2023\/kauan-von-novack-fara-plenaria-de-abertura-da-33a-conferencia-anprotec\/","name":"Kauan von Novack far\u00e1 plen\u00e1ria de abertura da 33\u00aa Confer\u00eancia Anprotec - Confer\u00eancia 2023 Anprotec","isPartOf":{"@id":"https:\/\/anprotec.org.br\/conferencia2023\/#website"},"primaryImageOfPage":{"@id":"https:\/\/anprotec.org.br\/conferencia2023\/kauan-von-novack-fara-plenaria-de-abertura-da-33a-conferencia-anprotec\/#primaryimage"},"image":{"@id":"https:\/\/anprotec.org.br\/conferencia2023\/kauan-von-novack-fara-plenaria-de-abertura-da-33a-conferencia-anprotec\/#primaryimage"},"thumbnailUrl":"https:\/\/anprotec.org.br\/conferencia2023\/wp-content\/uploads\/2023\/09\/Captura-de-tela-2023-09-11-093111.png","datePublished":"2023-09-11T16:40:06+00:00","dateModified":"2023-09-27T19:53:28+00:00","breadcrumb":{"@id":"https:\/\/anprotec.org.br\/conferencia2023\/kauan-von-novack-fara-plenaria-de-abertura-da-33a-conferencia-anprotec\/#breadcrumb"},"inLanguage":"pt-BR","potentialAction":[{"@type":"ReadAction","target":["https:\/\/anprotec.org.br\/conferencia2023\/kauan-von-novack-fara-plenaria-de-abertura-da-33a-conferencia-anprotec\/"]}]},{"@type":"ImageObject","inLanguage":"pt-BR","@id":"https:\/\/anprotec.org.br\/conferencia2023\/kauan-von-novack-fara-plenaria-de-abertura-da-33a-conferencia-anprotec\/#primaryimage","url":"https:\/\/anprotec.org.br\/conferencia2023\/wp-content\/uploads\/2023\/09\/Captura-de-tela-2023-09-11-093111.png","contentUrl":"https:\/\/anprotec.org.br\/conferencia2023\/wp-content\/uploads\/2023\/09\/Captura-de-tela-2023-09-11-093111.png","width":696,"height":458},{"@type":"BreadcrumbList","@id":"https:\/\/anprotec.org.br\/conferencia2023\/kauan-von-novack-fara-plenaria-de-abertura-da-33a-conferencia-anprotec\/#breadcrumb","itemListElement":[{"@type":"ListItem","position":1,"name":"In\u00edcio","item":"https:\/\/anprotec.org.br\/conferencia2023\/"},{"@type":"ListItem","position":2,"name":"Kauan von Novack far\u00e1 plen\u00e1ria de abertura da 33\u00aa Confer\u00eancia Anprotec"}]},{"@type":"WebSite","@id":"https:\/\/anprotec.org.br\/conferencia2023\/#website","url":"https:\/\/anprotec.org.br\/conferencia2023\/","name":"Confer\u00eancia 2023 Anprotec","description":"","publisher":{"@id":"https:\/\/anprotec.org.br\/conferencia2023\/#organization"},"potentialAction":[{"@type":"SearchAction","target":{"@type":"EntryPoint","urlTemplate":"https:\/\/anprotec.org.br\/conferencia2023\/?s={search_term_string}"},"query-input":"required name=search_term_string"}],"inLanguage":"pt-BR"},{"@type":"Organization","@id":"https:\/\/anprotec.org.br\/conferencia2023\/#organization","name":"Confer\u00eancia 2023 Anprotec","url":"https:\/\/anprotec.org.br\/conferencia2023\/","logo":{"@type":"ImageObject","inLanguage":"pt-BR","@id":"https:\/\/anprotec.org.br\/conferencia2023\/#\/schema\/logo\/image\/","url":"","contentUrl":"","caption":"Confer\u00eancia 2023 Anprotec"},"image":{"@id":"https:\/\/anprotec.org.br\/conferencia2023\/#\/schema\/logo\/image\/"}},{"@type":"Person","@id":"https:\/\/anprotec.org.br\/conferencia2023\/#\/schema\/person\/f70fdc2481c5ea61387acef3e2d0c21e","name":"Lucas","image":{"@type":"ImageObject","inLanguage":"pt-BR","@id":"https:\/\/anprotec.org.br\/conferencia2023\/#\/schema\/person\/image\/","url":"https:\/\/secure.gravatar.com\/avatar\/1b2a0158c7eec64db38a0ff9b80f9095cf8fd55dafa6cc20656ff31027848637?s=96&d=mm&r=g","contentUrl":"https:\/\/secure.gravatar.com\/avatar\/1b2a0158c7eec64db38a0ff9b80f9095cf8fd55dafa6cc20656ff31027848637?s=96&d=mm&r=g","caption":"Lucas"},"url":"https:\/\/anprotec.org.br\/conferencia2023\/author\/lucas\/"}]}},"_links":{"self":[{"href":"https:\/\/anprotec.org.br\/conferencia2023\/wp-json\/wp\/v2\/posts\/2181","targetHints":{"allow":["GET"]}}],"collection":[{"href":"https:\/\/anprotec.org.br\/conferencia2023\/wp-json\/wp\/v2\/posts"}],"about":[{"href":"https:\/\/anprotec.org.br\/conferencia2023\/wp-json\/wp\/v2\/types\/post"}],"author":[{"embeddable":true,"href":"https:\/\/anprotec.org.br\/conferencia2023\/wp-json\/wp\/v2\/users\/2"}],"replies":[{"embeddable":true,"href":"https:\/\/anprotec.org.br\/conferencia2023\/wp-json\/wp\/v2\/comments?post=2181"}],"version-history":[{"count":19,"href":"https:\/\/anprotec.org.br\/conferencia2023\/wp-json\/wp\/v2\/posts\/2181\/revisions"}],"predecessor-version":[{"id":2587,"href":"https:\/\/anprotec.org.br\/conferencia2023\/wp-json\/wp\/v2\/posts\/2181\/revisions\/2587"}],"wp:featuredmedia":[{"embeddable":true,"href":"https:\/\/anprotec.org.br\/conferencia2023\/wp-json\/wp\/v2\/media\/2182"}],"wp:attachment":[{"href":"https:\/\/anprotec.org.br\/conferencia2023\/wp-json\/wp\/v2\/media?parent=2181"}],"wp:term":[{"taxonomy":"category","embeddable":true,"href":"https:\/\/anprotec.org.br\/conferencia2023\/wp-json\/wp\/v2\/categories?post=2181"},{"taxonomy":"post_tag","embeddable":true,"href":"https:\/\/anprotec.org.br\/conferencia2023\/wp-json\/wp\/v2\/tags?post=2181"}],"curies":[{"name":"wp","href":"https:\/\/api.w.org\/{rel}","templated":true}]}}