{"id":1999,"date":"2023-08-22T10:22:40","date_gmt":"2023-08-22T13:22:40","guid":{"rendered":"https:\/\/anprotec.org.br\/conferencia2023\/?p=1999"},"modified":"2023-09-12T12:07:31","modified_gmt":"2023-09-12T15:07:31","slug":"conferencia-anprotec-2023-tem-recorde-de-140-submissoes-na-sua-chamada-de-trabalho","status":"publish","type":"post","link":"https:\/\/anprotec.org.br\/conferencia2023\/conferencia-anprotec-2023-tem-recorde-de-140-submissoes-na-sua-chamada-de-trabalho\/","title":{"rendered":"Confer\u00eancia Anprotec 2023 tem recorde de  140 submiss\u00f5es na sua Chamada de Trabalhos"},"content":{"rendered":"\t\t<div data-elementor-type=\"wp-post\" data-elementor-id=\"1999\" class=\"elementor elementor-1999\">\n\t\t\t\t\t\t<section class=\"ob-is-breaking-bad elementor-section elementor-top-section elementor-element elementor-element-e23eb78 elementor-section-full_width elementor-section-stretched elementor-section-height-default elementor-section-height-default\" data-dce-background-image-url=\"https:\/\/anprotec.org.br\/conferencia2023\/wp-content\/uploads\/2023\/06\/Grupo-65.png\" data-id=\"e23eb78\" data-element_type=\"section\" data-settings=\"{&quot;stretch_section&quot;:&quot;section-stretched&quot;,&quot;jet_parallax_layout_list&quot;:[],&quot;background_background&quot;:&quot;classic&quot;,&quot;_ob_bbad_use_it&quot;:&quot;yes&quot;,&quot;_ob_bbad_sssic_use&quot;:&quot;no&quot;}\">\n\t\t\t\t\t\t<div class=\"elementor-container elementor-column-gap-default\">\n\t\t\t\t\t<div class=\"elementor-column elementor-col-100 elementor-top-column elementor-element elementor-element-63e59ba\" data-id=\"63e59ba\" data-element_type=\"column\" data-settings=\"{&quot;_ob_bbad_is_stalker&quot;:&quot;no&quot;}\">\n\t\t\t<div class=\"elementor-widget-wrap elementor-element-populated\">\n\t\t\t\t\t\t<div class=\"elementor-element elementor-element-e88e90d elementor-widget elementor-widget-heading\" data-id=\"e88e90d\" data-element_type=\"widget\" data-widget_type=\"heading.default\">\n\t\t\t\t<div class=\"elementor-widget-container\">\n\t\t\t<h2 class=\"elementor-heading-title elementor-size-default\">Not\u00edcias<\/h2>\t\t<\/div>\n\t\t\t\t<\/div>\n\t\t\t\t\t<\/div>\n\t\t<\/div>\n\t\t\t\t\t<\/div>\n\t\t<\/section>\n\t\t\t\t<section class=\"ob-is-breaking-bad elementor-section elementor-top-section elementor-element elementor-element-729b108 elementor-section-boxed elementor-section-height-default elementor-section-height-default\" data-id=\"729b108\" data-element_type=\"section\" data-settings=\"{&quot;jet_parallax_layout_list&quot;:[],&quot;_ob_bbad_use_it&quot;:&quot;yes&quot;,&quot;_ob_bbad_sssic_use&quot;:&quot;no&quot;}\">\n\t\t\t\t\t\t<div class=\"elementor-container elementor-column-gap-default\">\n\t\t\t\t\t<div class=\"elementor-column elementor-col-100 elementor-top-column elementor-element elementor-element-b66e306\" data-id=\"b66e306\" data-element_type=\"column\" data-settings=\"{&quot;_ob_bbad_is_stalker&quot;:&quot;no&quot;}\">\n\t\t\t<div class=\"elementor-widget-wrap elementor-element-populated\">\n\t\t\t\t\t\t<div class=\"elementor-element elementor-element-f23826f elementor-widget elementor-widget-image\" data-id=\"f23826f\" data-element_type=\"widget\" data-widget_type=\"image.default\">\n\t\t\t\t<div class=\"elementor-widget-container\">\n\t\t\t\t\t\t\t\t\t\t\t\t\t<img fetchpriority=\"high\" decoding=\"async\" width=\"800\" height=\"800\" src=\"https:\/\/anprotec.org.br\/conferencia2023\/wp-content\/uploads\/2023\/08\/20230822_Inscricoes-Encerradas-1-1024x1024.png\" class=\"attachment-large size-large wp-image-2002\" alt=\"\" srcset=\"https:\/\/anprotec.org.br\/conferencia2023\/wp-content\/uploads\/2023\/08\/20230822_Inscricoes-Encerradas-1-1024x1024.png 1024w, https:\/\/anprotec.org.br\/conferencia2023\/wp-content\/uploads\/2023\/08\/20230822_Inscricoes-Encerradas-1-300x300.png 300w, https:\/\/anprotec.org.br\/conferencia2023\/wp-content\/uploads\/2023\/08\/20230822_Inscricoes-Encerradas-1-150x150.png 150w, https:\/\/anprotec.org.br\/conferencia2023\/wp-content\/uploads\/2023\/08\/20230822_Inscricoes-Encerradas-1-768x768.png 768w, https:\/\/anprotec.org.br\/conferencia2023\/wp-content\/uploads\/2023\/08\/20230822_Inscricoes-Encerradas-1.png 1081w\" sizes=\"(max-width: 800px) 100vw, 800px\" \/>\t\t\t\t\t\t\t\t\t\t\t\t\t<\/div>\n\t\t\t\t<\/div>\n\t\t\t\t\t<\/div>\n\t\t<\/div>\n\t\t\t\t\t<\/div>\n\t\t<\/section>\n\t\t\t\t<section class=\"ob-is-breaking-bad elementor-section elementor-top-section elementor-element elementor-element-35696153 elementor-section-boxed elementor-section-height-default elementor-section-height-default\" data-id=\"35696153\" data-element_type=\"section\" data-settings=\"{&quot;jet_parallax_layout_list&quot;:[],&quot;_ob_bbad_use_it&quot;:&quot;yes&quot;,&quot;_ob_bbad_sssic_use&quot;:&quot;no&quot;}\">\n\t\t\t\t\t\t<div class=\"elementor-container elementor-column-gap-default\">\n\t\t\t\t\t<div class=\"elementor-column elementor-col-100 elementor-top-column elementor-element elementor-element-3c8001a1\" data-id=\"3c8001a1\" data-element_type=\"column\" data-settings=\"{&quot;_ob_bbad_is_stalker&quot;:&quot;no&quot;}\">\n\t\t\t<div class=\"elementor-widget-wrap elementor-element-populated\">\n\t\t\t\t\t\t<div class=\"elementor-element elementor-element-383808b0 elementor-widget elementor-widget-text-editor\" data-id=\"383808b0\" data-element_type=\"widget\" data-widget_type=\"text-editor.default\">\n\t\t\t\t<div class=\"elementor-widget-container\">\n\t\t\t\t\t\t\t<!-- wp:image {\"id\":2002,\"sizeSlug\":\"large\",\"linkDestination\":\"none\"} --><!-- \/wp:image --><!-- wp:paragraph -->\n<h2><span style=\"color: #333333;\">Confer\u00eancia Anprotec 2023 tem recorde de 140 submiss\u00f5es na sua Chamada de Trabalhos<\/span><\/h2>\n<p>A Confer\u00eancia Anprotec, consolidada como um dos principais pontos de encontro para discuss\u00f5es sobre inova\u00e7\u00e3o e empreendedorismo no Brasil, alcan\u00e7ou um novo patamar de destaque este ano. Com incr\u00edveis 140 submiss\u00f5es para a Chamada de Trabalhos, estabeleceu-se um recorde que refor\u00e7a sua relev\u00e2ncia acad\u00eamica e profissional no panorama nacional.<\/p>\n<!-- \/wp:paragraph --><!-- wp:paragraph -->\n<p>Este marco n\u00e3o s\u00f3 atesta o crescimento e fortalecimento do evento ao longo dos anos, mas tamb\u00e9m ressalta o aumento do interesse em debater e compartilhar conhecimentos sobre os ambientes de inova\u00e7\u00e3o, como aceleradoras, incubadoras e parques tecnol\u00f3gicos. Esses mecanismos t\u00eam sido vitais para o desenvolvimento tecnol\u00f3gico e econ\u00f4mico do Brasil, servindo como catalisadores de inova\u00e7\u00f5es que agregam valor e transformam cen\u00e1rios.<\/p>\n<!-- \/wp:paragraph --><!-- wp:paragraph -->\n<p>O n\u00famero expressivo de submiss\u00f5es reflete a confian\u00e7a e expectativa depositadas no evento da Anprotec por parte da comunidade cient\u00edfica e profissional.<\/p>\n<!-- \/wp:paragraph --><!-- wp:paragraph -->\n<p>Os trabalhos foram apresentados nas categorias:<br \/>(1) Artigo Completo (at\u00e9 4.000 palavras);<br \/>(2) Relato de Boas Pr\u00e1ticas em empresas e ambientes de inova\u00e7\u00e3o (at\u00e9 2.000 palavras).<\/p>\n<!-- \/wp:paragraph --><!-- wp:paragraph -->\n<p>Os trabalhos foram produzidos com base nas trilhas que ser\u00e3o abordadas ao longo da 33\u00aa Confer\u00eancia Anprotec, sendo elas:<\/p>\n<!-- \/wp:paragraph --><!-- wp:paragraph -->\n<p>Trilha 1 \u2013 Ecossistemas empreendedores em meio \u00e0s transforma\u00e7\u00f5es tecnol\u00f3gicas<br \/>Trilha 2 \u2013 Tecnologia e Inova\u00e7\u00e3o para uma sociedade sustent\u00e1vel<br \/>Trilha 3 \u2013 Futuros emergentes: impactos na sociedade<br \/>Trilha 4 \u2013 Empreendedorismo inovador, inclusivo, diverso e de periferia<\/p>\n<!-- \/wp:paragraph --><!-- wp:paragraph -->\n<p>Com esta Chamada de Trabalhos, pretendemos aprofundar a compreens\u00e3o das pr\u00e1ticas e ferramentas necess\u00e1rias para criar neg\u00f3cios, aumentar a produtividade e escala, e impulsionar a inova\u00e7\u00e3o e o desenvolvimento sustent\u00e1vel no pa\u00eds.<\/p>\n<!-- \/wp:paragraph --><!-- wp:paragraph -->\n<p>Os trabalhos selecionados ser\u00e3o comunicados at\u00e9 o dia 29 de setembro de 2023.<\/p>\n<!-- \/wp:paragraph --><!-- wp:paragraph -->\n<p>Confira a programa\u00e7\u00e3o do evento! [BOT\u00c3O LINK PARA A P\u00c1GINA PROGRAMA\u00c7\u00c3O]<\/p>\n<!-- \/wp:paragraph --><!-- wp:paragraph -->\n<p>Estamos esperando por voc\u00ea na 33\u00aa Confer\u00eancia Anprotec!<\/p>\n<!-- \/wp:paragraph --><!-- wp:html -->\n<p>\u00a0<\/p>\n<!-- \/wp:html -->\t\t\t\t\t\t<\/div>\n\t\t\t\t<\/div>\n\t\t\t\t\t<\/div>\n\t\t<\/div>\n\t\t\t\t\t<\/div>\n\t\t<\/section>\n\t\t\t\t<\/div>\n\t\t","protected":false},"excerpt":{"rendered":"<p>Not\u00edcias Confer\u00eancia Anprotec 2023 tem recorde de 140 submiss\u00f5es na sua Chamada de Trabalhos A Confer\u00eancia Anprotec, consolidada como um dos principais pontos de encontro para discuss\u00f5es sobre inova\u00e7\u00e3o e empreendedorismo no Brasil, alcan\u00e7ou um novo patamar de destaque este ano. Com incr\u00edveis 140 submiss\u00f5es para a Chamada de Trabalhos, estabeleceu-se um recorde que refor\u00e7a [&hellip;]<\/p>\n","protected":false},"author":1,"featured_media":2000,"comment_status":"closed","ping_status":"closed","sticky":false,"template":"","format":"standard","meta":{"footnotes":""},"categories":[1],"tags":[],"class_list":["post-1999","post","type-post","status-publish","format-standard","has-post-thumbnail","hentry","category-uncategorized"],"yoast_head":"<!-- This site is optimized with the Yoast SEO plugin v23.0 - https:\/\/yoast.com\/wordpress\/plugins\/seo\/ -->\n<title>Confer\u00eancia Anprotec 2023 tem recorde de 140 submiss\u00f5es na sua Chamada de Trabalhos - Confer\u00eancia 2023 Anprotec<\/title>\n<meta name=\"robots\" content=\"index, follow, max-snippet:-1, max-image-preview:large, max-video-preview:-1\" \/>\n<link rel=\"canonical\" href=\"https:\/\/anprotec.org.br\/conferencia2023\/conferencia-anprotec-2023-tem-recorde-de-140-submissoes-na-sua-chamada-de-trabalho\/\" \/>\n<meta property=\"og:locale\" content=\"pt_BR\" \/>\n<meta property=\"og:type\" content=\"article\" \/>\n<meta property=\"og:title\" content=\"Confer\u00eancia Anprotec 2023 tem recorde de 140 submiss\u00f5es na sua Chamada de Trabalhos - Confer\u00eancia 2023 Anprotec\" \/>\n<meta property=\"og:description\" content=\"Not\u00edcias Confer\u00eancia Anprotec 2023 tem recorde de 140 submiss\u00f5es na sua Chamada de Trabalhos A Confer\u00eancia Anprotec, consolidada como um dos principais pontos de encontro para discuss\u00f5es sobre inova\u00e7\u00e3o e empreendedorismo no Brasil, alcan\u00e7ou um novo patamar de destaque este ano. Com incr\u00edveis 140 submiss\u00f5es para a Chamada de Trabalhos, estabeleceu-se um recorde que refor\u00e7a [&hellip;]\" \/>\n<meta property=\"og:url\" content=\"https:\/\/anprotec.org.br\/conferencia2023\/conferencia-anprotec-2023-tem-recorde-de-140-submissoes-na-sua-chamada-de-trabalho\/\" \/>\n<meta property=\"og:site_name\" content=\"Confer\u00eancia 2023 Anprotec\" \/>\n<meta property=\"article:published_time\" content=\"2023-08-22T13:22:40+00:00\" \/>\n<meta property=\"article:modified_time\" content=\"2023-09-12T15:07:31+00:00\" \/>\n<meta property=\"og:image\" content=\"https:\/\/anprotec.org.br\/conferencia2023\/wp-content\/uploads\/2023\/08\/20230822_Inscricoes-Encerradas.png\" \/>\n\t<meta property=\"og:image:width\" content=\"1081\" \/>\n\t<meta property=\"og:image:height\" content=\"1081\" \/>\n\t<meta property=\"og:image:type\" content=\"image\/png\" \/>\n<meta name=\"author\" content=\"admin\" \/>\n<meta name=\"twitter:card\" content=\"summary_large_image\" \/>\n<meta name=\"twitter:label1\" content=\"Escrito por\" \/>\n\t<meta name=\"twitter:data1\" content=\"admin\" \/>\n\t<meta name=\"twitter:label2\" content=\"Est. tempo de leitura\" \/>\n\t<meta name=\"twitter:data2\" content=\"2 minutos\" \/>\n<script type=\"application\/ld+json\" class=\"yoast-schema-graph\">{\"@context\":\"https:\/\/schema.org\",\"@graph\":[{\"@type\":\"Article\",\"@id\":\"https:\/\/anprotec.org.br\/conferencia2023\/conferencia-anprotec-2023-tem-recorde-de-140-submissoes-na-sua-chamada-de-trabalho\/#article\",\"isPartOf\":{\"@id\":\"https:\/\/anprotec.org.br\/conferencia2023\/conferencia-anprotec-2023-tem-recorde-de-140-submissoes-na-sua-chamada-de-trabalho\/\"},\"author\":{\"name\":\"admin\",\"@id\":\"https:\/\/anprotec.org.br\/conferencia2023\/#\/schema\/person\/7ce1d54c6005e7d21795bc5e974e2f9f\"},\"headline\":\"Confer\u00eancia Anprotec 2023 tem recorde de 140 submiss\u00f5es na sua Chamada de Trabalhos\",\"datePublished\":\"2023-08-22T13:22:40+00:00\",\"dateModified\":\"2023-09-12T15:07:31+00:00\",\"mainEntityOfPage\":{\"@id\":\"https:\/\/anprotec.org.br\/conferencia2023\/conferencia-anprotec-2023-tem-recorde-de-140-submissoes-na-sua-chamada-de-trabalho\/\"},\"wordCount\":331,\"publisher\":{\"@id\":\"https:\/\/anprotec.org.br\/conferencia2023\/#organization\"},\"image\":{\"@id\":\"https:\/\/anprotec.org.br\/conferencia2023\/conferencia-anprotec-2023-tem-recorde-de-140-submissoes-na-sua-chamada-de-trabalho\/#primaryimage\"},\"thumbnailUrl\":\"https:\/\/anprotec.org.br\/conferencia2023\/wp-content\/uploads\/2023\/08\/20230822_Inscricoes-Encerradas.png\",\"articleSection\":[\"Uncategorized\"],\"inLanguage\":\"pt-BR\"},{\"@type\":\"WebPage\",\"@id\":\"https:\/\/anprotec.org.br\/conferencia2023\/conferencia-anprotec-2023-tem-recorde-de-140-submissoes-na-sua-chamada-de-trabalho\/\",\"url\":\"https:\/\/anprotec.org.br\/conferencia2023\/conferencia-anprotec-2023-tem-recorde-de-140-submissoes-na-sua-chamada-de-trabalho\/\",\"name\":\"Confer\u00eancia Anprotec 2023 tem recorde de 140 submiss\u00f5es na sua Chamada de Trabalhos - Confer\u00eancia 2023 Anprotec\",\"isPartOf\":{\"@id\":\"https:\/\/anprotec.org.br\/conferencia2023\/#website\"},\"primaryImageOfPage\":{\"@id\":\"https:\/\/anprotec.org.br\/conferencia2023\/conferencia-anprotec-2023-tem-recorde-de-140-submissoes-na-sua-chamada-de-trabalho\/#primaryimage\"},\"image\":{\"@id\":\"https:\/\/anprotec.org.br\/conferencia2023\/conferencia-anprotec-2023-tem-recorde-de-140-submissoes-na-sua-chamada-de-trabalho\/#primaryimage\"},\"thumbnailUrl\":\"https:\/\/anprotec.org.br\/conferencia2023\/wp-content\/uploads\/2023\/08\/20230822_Inscricoes-Encerradas.png\",\"datePublished\":\"2023-08-22T13:22:40+00:00\",\"dateModified\":\"2023-09-12T15:07:31+00:00\",\"breadcrumb\":{\"@id\":\"https:\/\/anprotec.org.br\/conferencia2023\/conferencia-anprotec-2023-tem-recorde-de-140-submissoes-na-sua-chamada-de-trabalho\/#breadcrumb\"},\"inLanguage\":\"pt-BR\",\"potentialAction\":[{\"@type\":\"ReadAction\",\"target\":[\"https:\/\/anprotec.org.br\/conferencia2023\/conferencia-anprotec-2023-tem-recorde-de-140-submissoes-na-sua-chamada-de-trabalho\/\"]}]},{\"@type\":\"ImageObject\",\"inLanguage\":\"pt-BR\",\"@id\":\"https:\/\/anprotec.org.br\/conferencia2023\/conferencia-anprotec-2023-tem-recorde-de-140-submissoes-na-sua-chamada-de-trabalho\/#primaryimage\",\"url\":\"https:\/\/anprotec.org.br\/conferencia2023\/wp-content\/uploads\/2023\/08\/20230822_Inscricoes-Encerradas.png\",\"contentUrl\":\"https:\/\/anprotec.org.br\/conferencia2023\/wp-content\/uploads\/2023\/08\/20230822_Inscricoes-Encerradas.png\",\"width\":1081,\"height\":1081,\"caption\":\"Inscri\u00e7\u00f5es Encerradas\"},{\"@type\":\"BreadcrumbList\",\"@id\":\"https:\/\/anprotec.org.br\/conferencia2023\/conferencia-anprotec-2023-tem-recorde-de-140-submissoes-na-sua-chamada-de-trabalho\/#breadcrumb\",\"itemListElement\":[{\"@type\":\"ListItem\",\"position\":1,\"name\":\"In\u00edcio\",\"item\":\"https:\/\/anprotec.org.br\/conferencia2023\/\"},{\"@type\":\"ListItem\",\"position\":2,\"name\":\"Confer\u00eancia Anprotec 2023 tem recorde de 140 submiss\u00f5es na sua Chamada de Trabalhos\"}]},{\"@type\":\"WebSite\",\"@id\":\"https:\/\/anprotec.org.br\/conferencia2023\/#website\",\"url\":\"https:\/\/anprotec.org.br\/conferencia2023\/\",\"name\":\"Confer\u00eancia 2023 Anprotec\",\"description\":\"\",\"publisher\":{\"@id\":\"https:\/\/anprotec.org.br\/conferencia2023\/#organization\"},\"potentialAction\":[{\"@type\":\"SearchAction\",\"target\":{\"@type\":\"EntryPoint\",\"urlTemplate\":\"https:\/\/anprotec.org.br\/conferencia2023\/?s={search_term_string}\"},\"query-input\":\"required name=search_term_string\"}],\"inLanguage\":\"pt-BR\"},{\"@type\":\"Organization\",\"@id\":\"https:\/\/anprotec.org.br\/conferencia2023\/#organization\",\"name\":\"Confer\u00eancia 2023 Anprotec\",\"url\":\"https:\/\/anprotec.org.br\/conferencia2023\/\",\"logo\":{\"@type\":\"ImageObject\",\"inLanguage\":\"pt-BR\",\"@id\":\"https:\/\/anprotec.org.br\/conferencia2023\/#\/schema\/logo\/image\/\",\"url\":\"\",\"contentUrl\":\"\",\"caption\":\"Confer\u00eancia 2023 Anprotec\"},\"image\":{\"@id\":\"https:\/\/anprotec.org.br\/conferencia2023\/#\/schema\/logo\/image\/\"}},{\"@type\":\"Person\",\"@id\":\"https:\/\/anprotec.org.br\/conferencia2023\/#\/schema\/person\/7ce1d54c6005e7d21795bc5e974e2f9f\",\"name\":\"admin\",\"image\":{\"@type\":\"ImageObject\",\"inLanguage\":\"pt-BR\",\"@id\":\"https:\/\/anprotec.org.br\/conferencia2023\/#\/schema\/person\/image\/\",\"url\":\"https:\/\/secure.gravatar.com\/avatar\/245112798fe6695640d096a325e40ea81b35fc9cdce454a7fa617ee832539b58?s=96&d=mm&r=g\",\"contentUrl\":\"https:\/\/secure.gravatar.com\/avatar\/245112798fe6695640d096a325e40ea81b35fc9cdce454a7fa617ee832539b58?s=96&d=mm&r=g\",\"caption\":\"admin\"},\"sameAs\":[\"https:\/\/anprotec.org.br\/conferencia2023\"],\"url\":\"https:\/\/anprotec.org.br\/conferencia2023\/author\/admin\/\"}]}<\/script>\n<!-- \/ Yoast SEO plugin. -->","yoast_head_json":{"title":"Confer\u00eancia Anprotec 2023 tem recorde de 140 submiss\u00f5es na sua Chamada de Trabalhos - Confer\u00eancia 2023 Anprotec","robots":{"index":"index","follow":"follow","max-snippet":"max-snippet:-1","max-image-preview":"max-image-preview:large","max-video-preview":"max-video-preview:-1"},"canonical":"https:\/\/anprotec.org.br\/conferencia2023\/conferencia-anprotec-2023-tem-recorde-de-140-submissoes-na-sua-chamada-de-trabalho\/","og_locale":"pt_BR","og_type":"article","og_title":"Confer\u00eancia Anprotec 2023 tem recorde de 140 submiss\u00f5es na sua Chamada de Trabalhos - Confer\u00eancia 2023 Anprotec","og_description":"Not\u00edcias Confer\u00eancia Anprotec 2023 tem recorde de 140 submiss\u00f5es na sua Chamada de Trabalhos A Confer\u00eancia Anprotec, consolidada como um dos principais pontos de encontro para discuss\u00f5es sobre inova\u00e7\u00e3o e empreendedorismo no Brasil, alcan\u00e7ou um novo patamar de destaque este ano. Com incr\u00edveis 140 submiss\u00f5es para a Chamada de Trabalhos, estabeleceu-se um recorde que refor\u00e7a [&hellip;]","og_url":"https:\/\/anprotec.org.br\/conferencia2023\/conferencia-anprotec-2023-tem-recorde-de-140-submissoes-na-sua-chamada-de-trabalho\/","og_site_name":"Confer\u00eancia 2023 Anprotec","article_published_time":"2023-08-22T13:22:40+00:00","article_modified_time":"2023-09-12T15:07:31+00:00","og_image":[{"width":1081,"height":1081,"url":"https:\/\/anprotec.org.br\/conferencia2023\/wp-content\/uploads\/2023\/08\/20230822_Inscricoes-Encerradas.png","type":"image\/png"}],"author":"admin","twitter_card":"summary_large_image","twitter_misc":{"Escrito por":"admin","Est. tempo de leitura":"2 minutos"},"schema":{"@context":"https:\/\/schema.org","@graph":[{"@type":"Article","@id":"https:\/\/anprotec.org.br\/conferencia2023\/conferencia-anprotec-2023-tem-recorde-de-140-submissoes-na-sua-chamada-de-trabalho\/#article","isPartOf":{"@id":"https:\/\/anprotec.org.br\/conferencia2023\/conferencia-anprotec-2023-tem-recorde-de-140-submissoes-na-sua-chamada-de-trabalho\/"},"author":{"name":"admin","@id":"https:\/\/anprotec.org.br\/conferencia2023\/#\/schema\/person\/7ce1d54c6005e7d21795bc5e974e2f9f"},"headline":"Confer\u00eancia Anprotec 2023 tem recorde de 140 submiss\u00f5es na sua Chamada de Trabalhos","datePublished":"2023-08-22T13:22:40+00:00","dateModified":"2023-09-12T15:07:31+00:00","mainEntityOfPage":{"@id":"https:\/\/anprotec.org.br\/conferencia2023\/conferencia-anprotec-2023-tem-recorde-de-140-submissoes-na-sua-chamada-de-trabalho\/"},"wordCount":331,"publisher":{"@id":"https:\/\/anprotec.org.br\/conferencia2023\/#organization"},"image":{"@id":"https:\/\/anprotec.org.br\/conferencia2023\/conferencia-anprotec-2023-tem-recorde-de-140-submissoes-na-sua-chamada-de-trabalho\/#primaryimage"},"thumbnailUrl":"https:\/\/anprotec.org.br\/conferencia2023\/wp-content\/uploads\/2023\/08\/20230822_Inscricoes-Encerradas.png","articleSection":["Uncategorized"],"inLanguage":"pt-BR"},{"@type":"WebPage","@id":"https:\/\/anprotec.org.br\/conferencia2023\/conferencia-anprotec-2023-tem-recorde-de-140-submissoes-na-sua-chamada-de-trabalho\/","url":"https:\/\/anprotec.org.br\/conferencia2023\/conferencia-anprotec-2023-tem-recorde-de-140-submissoes-na-sua-chamada-de-trabalho\/","name":"Confer\u00eancia Anprotec 2023 tem recorde de 140 submiss\u00f5es na sua Chamada de Trabalhos - Confer\u00eancia 2023 Anprotec","isPartOf":{"@id":"https:\/\/anprotec.org.br\/conferencia2023\/#website"},"primaryImageOfPage":{"@id":"https:\/\/anprotec.org.br\/conferencia2023\/conferencia-anprotec-2023-tem-recorde-de-140-submissoes-na-sua-chamada-de-trabalho\/#primaryimage"},"image":{"@id":"https:\/\/anprotec.org.br\/conferencia2023\/conferencia-anprotec-2023-tem-recorde-de-140-submissoes-na-sua-chamada-de-trabalho\/#primaryimage"},"thumbnailUrl":"https:\/\/anprotec.org.br\/conferencia2023\/wp-content\/uploads\/2023\/08\/20230822_Inscricoes-Encerradas.png","datePublished":"2023-08-22T13:22:40+00:00","dateModified":"2023-09-12T15:07:31+00:00","breadcrumb":{"@id":"https:\/\/anprotec.org.br\/conferencia2023\/conferencia-anprotec-2023-tem-recorde-de-140-submissoes-na-sua-chamada-de-trabalho\/#breadcrumb"},"inLanguage":"pt-BR","potentialAction":[{"@type":"ReadAction","target":["https:\/\/anprotec.org.br\/conferencia2023\/conferencia-anprotec-2023-tem-recorde-de-140-submissoes-na-sua-chamada-de-trabalho\/"]}]},{"@type":"ImageObject","inLanguage":"pt-BR","@id":"https:\/\/anprotec.org.br\/conferencia2023\/conferencia-anprotec-2023-tem-recorde-de-140-submissoes-na-sua-chamada-de-trabalho\/#primaryimage","url":"https:\/\/anprotec.org.br\/conferencia2023\/wp-content\/uploads\/2023\/08\/20230822_Inscricoes-Encerradas.png","contentUrl":"https:\/\/anprotec.org.br\/conferencia2023\/wp-content\/uploads\/2023\/08\/20230822_Inscricoes-Encerradas.png","width":1081,"height":1081,"caption":"Inscri\u00e7\u00f5es Encerradas"},{"@type":"BreadcrumbList","@id":"https:\/\/anprotec.org.br\/conferencia2023\/conferencia-anprotec-2023-tem-recorde-de-140-submissoes-na-sua-chamada-de-trabalho\/#breadcrumb","itemListElement":[{"@type":"ListItem","position":1,"name":"In\u00edcio","item":"https:\/\/anprotec.org.br\/conferencia2023\/"},{"@type":"ListItem","position":2,"name":"Confer\u00eancia Anprotec 2023 tem recorde de 140 submiss\u00f5es na sua Chamada de Trabalhos"}]},{"@type":"WebSite","@id":"https:\/\/anprotec.org.br\/conferencia2023\/#website","url":"https:\/\/anprotec.org.br\/conferencia2023\/","name":"Confer\u00eancia 2023 Anprotec","description":"","publisher":{"@id":"https:\/\/anprotec.org.br\/conferencia2023\/#organization"},"potentialAction":[{"@type":"SearchAction","target":{"@type":"EntryPoint","urlTemplate":"https:\/\/anprotec.org.br\/conferencia2023\/?s={search_term_string}"},"query-input":"required name=search_term_string"}],"inLanguage":"pt-BR"},{"@type":"Organization","@id":"https:\/\/anprotec.org.br\/conferencia2023\/#organization","name":"Confer\u00eancia 2023 Anprotec","url":"https:\/\/anprotec.org.br\/conferencia2023\/","logo":{"@type":"ImageObject","inLanguage":"pt-BR","@id":"https:\/\/anprotec.org.br\/conferencia2023\/#\/schema\/logo\/image\/","url":"","contentUrl":"","caption":"Confer\u00eancia 2023 Anprotec"},"image":{"@id":"https:\/\/anprotec.org.br\/conferencia2023\/#\/schema\/logo\/image\/"}},{"@type":"Person","@id":"https:\/\/anprotec.org.br\/conferencia2023\/#\/schema\/person\/7ce1d54c6005e7d21795bc5e974e2f9f","name":"admin","image":{"@type":"ImageObject","inLanguage":"pt-BR","@id":"https:\/\/anprotec.org.br\/conferencia2023\/#\/schema\/person\/image\/","url":"https:\/\/secure.gravatar.com\/avatar\/245112798fe6695640d096a325e40ea81b35fc9cdce454a7fa617ee832539b58?s=96&d=mm&r=g","contentUrl":"https:\/\/secure.gravatar.com\/avatar\/245112798fe6695640d096a325e40ea81b35fc9cdce454a7fa617ee832539b58?s=96&d=mm&r=g","caption":"admin"},"sameAs":["https:\/\/anprotec.org.br\/conferencia2023"],"url":"https:\/\/anprotec.org.br\/conferencia2023\/author\/admin\/"}]}},"_links":{"self":[{"href":"https:\/\/anprotec.org.br\/conferencia2023\/wp-json\/wp\/v2\/posts\/1999","targetHints":{"allow":["GET"]}}],"collection":[{"href":"https:\/\/anprotec.org.br\/conferencia2023\/wp-json\/wp\/v2\/posts"}],"about":[{"href":"https:\/\/anprotec.org.br\/conferencia2023\/wp-json\/wp\/v2\/types\/post"}],"author":[{"embeddable":true,"href":"https:\/\/anprotec.org.br\/conferencia2023\/wp-json\/wp\/v2\/users\/1"}],"replies":[{"embeddable":true,"href":"https:\/\/anprotec.org.br\/conferencia2023\/wp-json\/wp\/v2\/comments?post=1999"}],"version-history":[{"count":27,"href":"https:\/\/anprotec.org.br\/conferencia2023\/wp-json\/wp\/v2\/posts\/1999\/revisions"}],"predecessor-version":[{"id":2257,"href":"https:\/\/anprotec.org.br\/conferencia2023\/wp-json\/wp\/v2\/posts\/1999\/revisions\/2257"}],"wp:featuredmedia":[{"embeddable":true,"href":"https:\/\/anprotec.org.br\/conferencia2023\/wp-json\/wp\/v2\/media\/2000"}],"wp:attachment":[{"href":"https:\/\/anprotec.org.br\/conferencia2023\/wp-json\/wp\/v2\/media?parent=1999"}],"wp:term":[{"taxonomy":"category","embeddable":true,"href":"https:\/\/anprotec.org.br\/conferencia2023\/wp-json\/wp\/v2\/categories?post=1999"},{"taxonomy":"post_tag","embeddable":true,"href":"https:\/\/anprotec.org.br\/conferencia2023\/wp-json\/wp\/v2\/tags?post=1999"}],"curies":[{"name":"wp","href":"https:\/\/api.w.org\/{rel}","templated":true}]}}