{"id":1,"date":"2023-06-01T15:26:50","date_gmt":"2023-06-01T18:26:50","guid":{"rendered":"https:\/\/anprotec.org.br\/conferencia2023\/?p=1"},"modified":"2023-09-12T12:07:09","modified_gmt":"2023-09-12T15:07:09","slug":"34-conferencia-anprotec-empreendedorismo","status":"publish","type":"post","link":"https:\/\/anprotec.org.br\/conferencia2023\/34-conferencia-anprotec-empreendedorismo\/","title":{"rendered":"Seja a sede da 34\u00aa Confer\u00eancia Anprotec de Empreendedorismo e Ambientes de Inova\u00e7\u00e3o"},"content":{"rendered":"\t\t<div data-elementor-type=\"wp-post\" data-elementor-id=\"1\" class=\"elementor elementor-1\">\n\t\t\t\t\t\t<section class=\"ob-is-breaking-bad elementor-section elementor-top-section elementor-element elementor-element-39dc903 elementor-section-full_width elementor-section-stretched elementor-section-height-default elementor-section-height-default\" data-dce-background-image-url=\"https:\/\/anprotec.org.br\/conferencia2023\/wp-content\/uploads\/2023\/06\/Grupo-65.png\" data-id=\"39dc903\" data-element_type=\"section\" data-settings=\"{&quot;stretch_section&quot;:&quot;section-stretched&quot;,&quot;jet_parallax_layout_list&quot;:[],&quot;background_background&quot;:&quot;classic&quot;,&quot;_ob_bbad_use_it&quot;:&quot;yes&quot;,&quot;_ob_bbad_sssic_use&quot;:&quot;no&quot;}\">\n\t\t\t\t\t\t<div class=\"elementor-container elementor-column-gap-default\">\n\t\t\t\t\t<div class=\"elementor-column elementor-col-100 elementor-top-column elementor-element elementor-element-d2862e7\" data-id=\"d2862e7\" data-element_type=\"column\" data-settings=\"{&quot;_ob_bbad_is_stalker&quot;:&quot;no&quot;}\">\n\t\t\t<div class=\"elementor-widget-wrap elementor-element-populated\">\n\t\t\t\t\t\t<div class=\"elementor-element elementor-element-7f3f268 elementor-widget elementor-widget-heading\" data-id=\"7f3f268\" data-element_type=\"widget\" data-widget_type=\"heading.default\">\n\t\t\t\t<div class=\"elementor-widget-container\">\n\t\t\t<h2 class=\"elementor-heading-title elementor-size-default\">Not\u00edcias<\/h2>\t\t<\/div>\n\t\t\t\t<\/div>\n\t\t\t\t\t<\/div>\n\t\t<\/div>\n\t\t\t\t\t<\/div>\n\t\t<\/section>\n\t\t\t\t<section class=\"ob-is-breaking-bad elementor-section elementor-top-section elementor-element elementor-element-74db0023 elementor-section-boxed elementor-section-height-default elementor-section-height-default\" data-id=\"74db0023\" data-element_type=\"section\" data-settings=\"{&quot;jet_parallax_layout_list&quot;:[],&quot;_ob_bbad_use_it&quot;:&quot;yes&quot;,&quot;_ob_bbad_sssic_use&quot;:&quot;no&quot;}\">\n\t\t\t\t\t\t<div class=\"elementor-container elementor-column-gap-default\">\n\t\t\t\t\t<div class=\"elementor-column elementor-col-100 elementor-top-column elementor-element elementor-element-166337ba\" data-id=\"166337ba\" data-element_type=\"column\" data-settings=\"{&quot;_ob_bbad_is_stalker&quot;:&quot;no&quot;}\">\n\t\t\t<div class=\"elementor-widget-wrap elementor-element-populated\">\n\t\t\t\t\t\t<div class=\"elementor-element elementor-element-6c3761a7 elementor-widget elementor-widget-text-editor\" data-id=\"6c3761a7\" data-element_type=\"widget\" data-widget_type=\"text-editor.default\">\n\t\t\t\t<div class=\"elementor-widget-container\">\n\t\t\t\t\t\t\t<!-- wp:image {\"id\":1089,\"sizeSlug\":\"large\",\"linkDestination\":\"none\"} -->\n<figure class=\"wp-block-image size-large\"><img fetchpriority=\"high\" decoding=\"async\" width=\"1024\" height=\"1024\" class=\"wp-image-1089\" src=\"https:\/\/anprotec.org.br\/conferencia2023\/wp-content\/uploads\/2023\/08\/vpcycda96yh-1024x1024.png\" alt=\"\" srcset=\"https:\/\/anprotec.org.br\/conferencia2023\/wp-content\/uploads\/2023\/08\/vpcycda96yh-1024x1024.png 1024w, https:\/\/anprotec.org.br\/conferencia2023\/wp-content\/uploads\/2023\/08\/vpcycda96yh-300x300.png 300w, https:\/\/anprotec.org.br\/conferencia2023\/wp-content\/uploads\/2023\/08\/vpcycda96yh-150x150.png 150w, https:\/\/anprotec.org.br\/conferencia2023\/wp-content\/uploads\/2023\/08\/vpcycda96yh-768x768.png 768w, https:\/\/anprotec.org.br\/conferencia2023\/wp-content\/uploads\/2023\/08\/vpcycda96yh.png 1080w\" sizes=\"(max-width: 1024px) 100vw, 1024px\" \/><\/figure>\n<!-- \/wp:image --><!-- wp:paragraph -->\n<p>\u00a0<\/p>\n<h2><span style=\"color: #333333;\"><strong>Seja a <span style=\"color: #333333;\">sede<\/span> da 34\u00aa Confer\u00eancia Anprotec de Empreendedorismo e Ambientes de Inova\u00e7\u00e3o<\/strong><\/span><\/h2>\n<p>Enquanto estamos trabalhando a todo vapor na constru\u00e7\u00e3o da Confer\u00eancia Anprotec 2023, que acontecer\u00e1 em Bras\u00edlia, de 6 a 8 de novembro, temos o prazer de anunciar a\u00a0<strong>abertura do edital para a sele\u00e7\u00e3o da sede da 34\u00aa Confer\u00eancia Anprotec de Empreendedorismo e Ambientes de Inova\u00e7\u00e3o<\/strong>. Este evento \u00e9 uma oportunidade \u00fanica para promover e fortalecer as iniciativas de empreendedorismo e inova\u00e7\u00e3o em sua cidade e regi\u00e3o.<\/p>\n<!-- \/wp:paragraph --><!-- wp:paragraph -->\n<p>A Confer\u00eancia Anprotec \u00e9 um dos principais eventos do setor, reunindo profissionais, institui\u00e7\u00f5es, empresas e stakeholders envolvidos no ecossistema de inova\u00e7\u00e3o. Sendo a sede desta edi\u00e7\u00e3o, sua institui\u00e7\u00e3o poder\u00e1 desfrutar de visibilidade nacional e internacional, al\u00e9m de estabelecer novas parcerias e conex\u00f5es valiosas.<\/p>\n<!-- \/wp:paragraph --><!-- wp:paragraph -->\n<p>Estamos \u00e0 procura de propostas que demonstrem comprometimento com o empreendedorismo e a inova\u00e7\u00e3o, bem como a capacidade de sediar um evento de sucesso. Para se candidatar, siga as diretrizes do edital e envie sua proposta at\u00e9 o dia 20 de junho de 2023.<\/p>\n<!-- \/wp:paragraph --><!-- wp:paragraph -->\n<p>Para acessar o edital completo e obter mais informa\u00e7\u00f5es, clique no link abaixo:<\/p>\n<!-- \/wp:paragraph --><!-- wp:paragraph -->\n<p><strong><a href=\"https:\/\/anprotec.org.br\/site\/wp-content\/uploads\/2023\/05\/Edital-Sede-Confere%CC%82ncia-2024.docx-1-Clicksign.pdf\" target=\"_blank\" rel=\"noreferrer noopener\">Edital para Candidatura da Sede da 34\u00aa Confer\u00eancia Anprotec de Empreendedorismo e Ambientes de Inova\u00e7\u00e3o<\/a><\/strong><\/p>\n<!-- \/wp:paragraph --><!-- wp:paragraph -->\n<p>Contamos com a participa\u00e7\u00e3o das institui\u00e7\u00f5es associadas e temos certeza de que, juntos, realizaremos um evento inesquec\u00edvel e de grande impacto para o setor.<\/p>\n<!-- \/wp:paragraph --><!-- wp:paragraph -->\n<p>Agradecemos antecipadamente pelo interesse e pela colabora\u00e7\u00e3o de todos.<\/p>\n<!-- \/wp:paragraph --><!-- wp:html -->\n<p>\u00a0<\/p>\n<!-- \/wp:html -->\t\t\t\t\t\t<\/div>\n\t\t\t\t<\/div>\n\t\t\t\t\t<\/div>\n\t\t<\/div>\n\t\t\t\t\t<\/div>\n\t\t<\/section>\n\t\t\t\t<\/div>\n\t\t","protected":false},"excerpt":{"rendered":"<p>Not\u00edcias \u00a0 Seja a sede da 34\u00aa Confer\u00eancia Anprotec de Empreendedorismo e Ambientes de Inova\u00e7\u00e3o Enquanto estamos trabalhando a todo vapor na constru\u00e7\u00e3o da Confer\u00eancia Anprotec 2023, que acontecer\u00e1 em Bras\u00edlia, de 6 a 8 de novembro, temos o prazer de anunciar a\u00a0abertura do edital para a sele\u00e7\u00e3o da sede da 34\u00aa Confer\u00eancia Anprotec de [&hellip;]<\/p>\n","protected":false},"author":1,"featured_media":1092,"comment_status":"closed","ping_status":"closed","sticky":false,"template":"","format":"standard","meta":{"footnotes":""},"categories":[1],"tags":[],"class_list":["post-1","post","type-post","status-publish","format-standard","has-post-thumbnail","hentry","category-uncategorized"],"yoast_head":"<!-- This site is optimized with the Yoast SEO plugin v23.0 - https:\/\/yoast.com\/wordpress\/plugins\/seo\/ -->\n<title>Seja a sede da 34\u00aa Confer\u00eancia Anprotec de Empreendedorismo e Ambientes de Inova\u00e7\u00e3o - Confer\u00eancia 2023 Anprotec<\/title>\n<meta name=\"robots\" content=\"index, follow, max-snippet:-1, max-image-preview:large, max-video-preview:-1\" \/>\n<link rel=\"canonical\" href=\"https:\/\/anprotec.org.br\/conferencia2023\/34-conferencia-anprotec-empreendedorismo\/\" \/>\n<meta property=\"og:locale\" content=\"pt_BR\" \/>\n<meta property=\"og:type\" content=\"article\" \/>\n<meta property=\"og:title\" content=\"Seja a sede da 34\u00aa Confer\u00eancia Anprotec de Empreendedorismo e Ambientes de Inova\u00e7\u00e3o - Confer\u00eancia 2023 Anprotec\" \/>\n<meta property=\"og:description\" content=\"Not\u00edcias \u00a0 Seja a sede da 34\u00aa Confer\u00eancia Anprotec de Empreendedorismo e Ambientes de Inova\u00e7\u00e3o Enquanto estamos trabalhando a todo vapor na constru\u00e7\u00e3o da Confer\u00eancia Anprotec 2023, que acontecer\u00e1 em Bras\u00edlia, de 6 a 8 de novembro, temos o prazer de anunciar a\u00a0abertura do edital para a sele\u00e7\u00e3o da sede da 34\u00aa Confer\u00eancia Anprotec de [&hellip;]\" \/>\n<meta property=\"og:url\" content=\"https:\/\/anprotec.org.br\/conferencia2023\/34-conferencia-anprotec-empreendedorismo\/\" \/>\n<meta property=\"og:site_name\" content=\"Confer\u00eancia 2023 Anprotec\" \/>\n<meta property=\"article:published_time\" content=\"2023-06-01T18:26:50+00:00\" \/>\n<meta property=\"article:modified_time\" content=\"2023-09-12T15:07:09+00:00\" \/>\n<meta property=\"og:image\" content=\"https:\/\/anprotec.org.br\/conferencia2023\/wp-content\/uploads\/2023\/06\/vpcycda96yh-1-1.png\" \/>\n\t<meta property=\"og:image:width\" content=\"1079\" \/>\n\t<meta property=\"og:image:height\" content=\"626\" \/>\n\t<meta property=\"og:image:type\" content=\"image\/png\" \/>\n<meta name=\"author\" content=\"admin\" \/>\n<meta name=\"twitter:card\" content=\"summary_large_image\" \/>\n<meta name=\"twitter:label1\" content=\"Escrito por\" \/>\n\t<meta name=\"twitter:data1\" content=\"admin\" \/>\n\t<meta name=\"twitter:label2\" content=\"Est. tempo de leitura\" \/>\n\t<meta name=\"twitter:data2\" content=\"2 minutos\" \/>\n<script type=\"application\/ld+json\" class=\"yoast-schema-graph\">{\"@context\":\"https:\/\/schema.org\",\"@graph\":[{\"@type\":\"Article\",\"@id\":\"https:\/\/anprotec.org.br\/conferencia2023\/34-conferencia-anprotec-empreendedorismo\/#article\",\"isPartOf\":{\"@id\":\"https:\/\/anprotec.org.br\/conferencia2023\/34-conferencia-anprotec-empreendedorismo\/\"},\"author\":{\"name\":\"admin\",\"@id\":\"https:\/\/anprotec.org.br\/conferencia2023\/#\/schema\/person\/7ce1d54c6005e7d21795bc5e974e2f9f\"},\"headline\":\"Seja a sede da 34\u00aa Confer\u00eancia Anprotec de Empreendedorismo e Ambientes de Inova\u00e7\u00e3o\",\"datePublished\":\"2023-06-01T18:26:50+00:00\",\"dateModified\":\"2023-09-12T15:07:09+00:00\",\"mainEntityOfPage\":{\"@id\":\"https:\/\/anprotec.org.br\/conferencia2023\/34-conferencia-anprotec-empreendedorismo\/\"},\"wordCount\":258,\"publisher\":{\"@id\":\"https:\/\/anprotec.org.br\/conferencia2023\/#organization\"},\"image\":{\"@id\":\"https:\/\/anprotec.org.br\/conferencia2023\/34-conferencia-anprotec-empreendedorismo\/#primaryimage\"},\"thumbnailUrl\":\"https:\/\/anprotec.org.br\/conferencia2023\/wp-content\/uploads\/2023\/06\/vpcycda96yh-1-1.png\",\"articleSection\":[\"Uncategorized\"],\"inLanguage\":\"pt-BR\"},{\"@type\":\"WebPage\",\"@id\":\"https:\/\/anprotec.org.br\/conferencia2023\/34-conferencia-anprotec-empreendedorismo\/\",\"url\":\"https:\/\/anprotec.org.br\/conferencia2023\/34-conferencia-anprotec-empreendedorismo\/\",\"name\":\"Seja a sede da 34\u00aa Confer\u00eancia Anprotec de Empreendedorismo e Ambientes de Inova\u00e7\u00e3o - Confer\u00eancia 2023 Anprotec\",\"isPartOf\":{\"@id\":\"https:\/\/anprotec.org.br\/conferencia2023\/#website\"},\"primaryImageOfPage\":{\"@id\":\"https:\/\/anprotec.org.br\/conferencia2023\/34-conferencia-anprotec-empreendedorismo\/#primaryimage\"},\"image\":{\"@id\":\"https:\/\/anprotec.org.br\/conferencia2023\/34-conferencia-anprotec-empreendedorismo\/#primaryimage\"},\"thumbnailUrl\":\"https:\/\/anprotec.org.br\/conferencia2023\/wp-content\/uploads\/2023\/06\/vpcycda96yh-1-1.png\",\"datePublished\":\"2023-06-01T18:26:50+00:00\",\"dateModified\":\"2023-09-12T15:07:09+00:00\",\"breadcrumb\":{\"@id\":\"https:\/\/anprotec.org.br\/conferencia2023\/34-conferencia-anprotec-empreendedorismo\/#breadcrumb\"},\"inLanguage\":\"pt-BR\",\"potentialAction\":[{\"@type\":\"ReadAction\",\"target\":[\"https:\/\/anprotec.org.br\/conferencia2023\/34-conferencia-anprotec-empreendedorismo\/\"]}]},{\"@type\":\"ImageObject\",\"inLanguage\":\"pt-BR\",\"@id\":\"https:\/\/anprotec.org.br\/conferencia2023\/34-conferencia-anprotec-empreendedorismo\/#primaryimage\",\"url\":\"https:\/\/anprotec.org.br\/conferencia2023\/wp-content\/uploads\/2023\/06\/vpcycda96yh-1-1.png\",\"contentUrl\":\"https:\/\/anprotec.org.br\/conferencia2023\/wp-content\/uploads\/2023\/06\/vpcycda96yh-1-1.png\",\"width\":1079,\"height\":626},{\"@type\":\"BreadcrumbList\",\"@id\":\"https:\/\/anprotec.org.br\/conferencia2023\/34-conferencia-anprotec-empreendedorismo\/#breadcrumb\",\"itemListElement\":[{\"@type\":\"ListItem\",\"position\":1,\"name\":\"In\u00edcio\",\"item\":\"https:\/\/anprotec.org.br\/conferencia2023\/\"},{\"@type\":\"ListItem\",\"position\":2,\"name\":\"Seja a sede da 34\u00aa Confer\u00eancia Anprotec de Empreendedorismo e Ambientes de Inova\u00e7\u00e3o\"}]},{\"@type\":\"WebSite\",\"@id\":\"https:\/\/anprotec.org.br\/conferencia2023\/#website\",\"url\":\"https:\/\/anprotec.org.br\/conferencia2023\/\",\"name\":\"Confer\u00eancia 2023 Anprotec\",\"description\":\"\",\"publisher\":{\"@id\":\"https:\/\/anprotec.org.br\/conferencia2023\/#organization\"},\"potentialAction\":[{\"@type\":\"SearchAction\",\"target\":{\"@type\":\"EntryPoint\",\"urlTemplate\":\"https:\/\/anprotec.org.br\/conferencia2023\/?s={search_term_string}\"},\"query-input\":\"required name=search_term_string\"}],\"inLanguage\":\"pt-BR\"},{\"@type\":\"Organization\",\"@id\":\"https:\/\/anprotec.org.br\/conferencia2023\/#organization\",\"name\":\"Confer\u00eancia 2023 Anprotec\",\"url\":\"https:\/\/anprotec.org.br\/conferencia2023\/\",\"logo\":{\"@type\":\"ImageObject\",\"inLanguage\":\"pt-BR\",\"@id\":\"https:\/\/anprotec.org.br\/conferencia2023\/#\/schema\/logo\/image\/\",\"url\":\"\",\"contentUrl\":\"\",\"caption\":\"Confer\u00eancia 2023 Anprotec\"},\"image\":{\"@id\":\"https:\/\/anprotec.org.br\/conferencia2023\/#\/schema\/logo\/image\/\"}},{\"@type\":\"Person\",\"@id\":\"https:\/\/anprotec.org.br\/conferencia2023\/#\/schema\/person\/7ce1d54c6005e7d21795bc5e974e2f9f\",\"name\":\"admin\",\"image\":{\"@type\":\"ImageObject\",\"inLanguage\":\"pt-BR\",\"@id\":\"https:\/\/anprotec.org.br\/conferencia2023\/#\/schema\/person\/image\/\",\"url\":\"https:\/\/secure.gravatar.com\/avatar\/245112798fe6695640d096a325e40ea81b35fc9cdce454a7fa617ee832539b58?s=96&d=mm&r=g\",\"contentUrl\":\"https:\/\/secure.gravatar.com\/avatar\/245112798fe6695640d096a325e40ea81b35fc9cdce454a7fa617ee832539b58?s=96&d=mm&r=g\",\"caption\":\"admin\"},\"sameAs\":[\"https:\/\/anprotec.org.br\/conferencia2023\"],\"url\":\"https:\/\/anprotec.org.br\/conferencia2023\/author\/admin\/\"}]}<\/script>\n<!-- \/ Yoast SEO plugin. -->","yoast_head_json":{"title":"Seja a sede da 34\u00aa Confer\u00eancia Anprotec de Empreendedorismo e Ambientes de Inova\u00e7\u00e3o - Confer\u00eancia 2023 Anprotec","robots":{"index":"index","follow":"follow","max-snippet":"max-snippet:-1","max-image-preview":"max-image-preview:large","max-video-preview":"max-video-preview:-1"},"canonical":"https:\/\/anprotec.org.br\/conferencia2023\/34-conferencia-anprotec-empreendedorismo\/","og_locale":"pt_BR","og_type":"article","og_title":"Seja a sede da 34\u00aa Confer\u00eancia Anprotec de Empreendedorismo e Ambientes de Inova\u00e7\u00e3o - Confer\u00eancia 2023 Anprotec","og_description":"Not\u00edcias \u00a0 Seja a sede da 34\u00aa Confer\u00eancia Anprotec de Empreendedorismo e Ambientes de Inova\u00e7\u00e3o Enquanto estamos trabalhando a todo vapor na constru\u00e7\u00e3o da Confer\u00eancia Anprotec 2023, que acontecer\u00e1 em Bras\u00edlia, de 6 a 8 de novembro, temos o prazer de anunciar a\u00a0abertura do edital para a sele\u00e7\u00e3o da sede da 34\u00aa Confer\u00eancia Anprotec de [&hellip;]","og_url":"https:\/\/anprotec.org.br\/conferencia2023\/34-conferencia-anprotec-empreendedorismo\/","og_site_name":"Confer\u00eancia 2023 Anprotec","article_published_time":"2023-06-01T18:26:50+00:00","article_modified_time":"2023-09-12T15:07:09+00:00","og_image":[{"width":1079,"height":626,"url":"https:\/\/anprotec.org.br\/conferencia2023\/wp-content\/uploads\/2023\/06\/vpcycda96yh-1-1.png","type":"image\/png"}],"author":"admin","twitter_card":"summary_large_image","twitter_misc":{"Escrito por":"admin","Est. tempo de leitura":"2 minutos"},"schema":{"@context":"https:\/\/schema.org","@graph":[{"@type":"Article","@id":"https:\/\/anprotec.org.br\/conferencia2023\/34-conferencia-anprotec-empreendedorismo\/#article","isPartOf":{"@id":"https:\/\/anprotec.org.br\/conferencia2023\/34-conferencia-anprotec-empreendedorismo\/"},"author":{"name":"admin","@id":"https:\/\/anprotec.org.br\/conferencia2023\/#\/schema\/person\/7ce1d54c6005e7d21795bc5e974e2f9f"},"headline":"Seja a sede da 34\u00aa Confer\u00eancia Anprotec de Empreendedorismo e Ambientes de Inova\u00e7\u00e3o","datePublished":"2023-06-01T18:26:50+00:00","dateModified":"2023-09-12T15:07:09+00:00","mainEntityOfPage":{"@id":"https:\/\/anprotec.org.br\/conferencia2023\/34-conferencia-anprotec-empreendedorismo\/"},"wordCount":258,"publisher":{"@id":"https:\/\/anprotec.org.br\/conferencia2023\/#organization"},"image":{"@id":"https:\/\/anprotec.org.br\/conferencia2023\/34-conferencia-anprotec-empreendedorismo\/#primaryimage"},"thumbnailUrl":"https:\/\/anprotec.org.br\/conferencia2023\/wp-content\/uploads\/2023\/06\/vpcycda96yh-1-1.png","articleSection":["Uncategorized"],"inLanguage":"pt-BR"},{"@type":"WebPage","@id":"https:\/\/anprotec.org.br\/conferencia2023\/34-conferencia-anprotec-empreendedorismo\/","url":"https:\/\/anprotec.org.br\/conferencia2023\/34-conferencia-anprotec-empreendedorismo\/","name":"Seja a sede da 34\u00aa Confer\u00eancia Anprotec de Empreendedorismo e Ambientes de Inova\u00e7\u00e3o - Confer\u00eancia 2023 Anprotec","isPartOf":{"@id":"https:\/\/anprotec.org.br\/conferencia2023\/#website"},"primaryImageOfPage":{"@id":"https:\/\/anprotec.org.br\/conferencia2023\/34-conferencia-anprotec-empreendedorismo\/#primaryimage"},"image":{"@id":"https:\/\/anprotec.org.br\/conferencia2023\/34-conferencia-anprotec-empreendedorismo\/#primaryimage"},"thumbnailUrl":"https:\/\/anprotec.org.br\/conferencia2023\/wp-content\/uploads\/2023\/06\/vpcycda96yh-1-1.png","datePublished":"2023-06-01T18:26:50+00:00","dateModified":"2023-09-12T15:07:09+00:00","breadcrumb":{"@id":"https:\/\/anprotec.org.br\/conferencia2023\/34-conferencia-anprotec-empreendedorismo\/#breadcrumb"},"inLanguage":"pt-BR","potentialAction":[{"@type":"ReadAction","target":["https:\/\/anprotec.org.br\/conferencia2023\/34-conferencia-anprotec-empreendedorismo\/"]}]},{"@type":"ImageObject","inLanguage":"pt-BR","@id":"https:\/\/anprotec.org.br\/conferencia2023\/34-conferencia-anprotec-empreendedorismo\/#primaryimage","url":"https:\/\/anprotec.org.br\/conferencia2023\/wp-content\/uploads\/2023\/06\/vpcycda96yh-1-1.png","contentUrl":"https:\/\/anprotec.org.br\/conferencia2023\/wp-content\/uploads\/2023\/06\/vpcycda96yh-1-1.png","width":1079,"height":626},{"@type":"BreadcrumbList","@id":"https:\/\/anprotec.org.br\/conferencia2023\/34-conferencia-anprotec-empreendedorismo\/#breadcrumb","itemListElement":[{"@type":"ListItem","position":1,"name":"In\u00edcio","item":"https:\/\/anprotec.org.br\/conferencia2023\/"},{"@type":"ListItem","position":2,"name":"Seja a sede da 34\u00aa Confer\u00eancia Anprotec de Empreendedorismo e Ambientes de Inova\u00e7\u00e3o"}]},{"@type":"WebSite","@id":"https:\/\/anprotec.org.br\/conferencia2023\/#website","url":"https:\/\/anprotec.org.br\/conferencia2023\/","name":"Confer\u00eancia 2023 Anprotec","description":"","publisher":{"@id":"https:\/\/anprotec.org.br\/conferencia2023\/#organization"},"potentialAction":[{"@type":"SearchAction","target":{"@type":"EntryPoint","urlTemplate":"https:\/\/anprotec.org.br\/conferencia2023\/?s={search_term_string}"},"query-input":"required name=search_term_string"}],"inLanguage":"pt-BR"},{"@type":"Organization","@id":"https:\/\/anprotec.org.br\/conferencia2023\/#organization","name":"Confer\u00eancia 2023 Anprotec","url":"https:\/\/anprotec.org.br\/conferencia2023\/","logo":{"@type":"ImageObject","inLanguage":"pt-BR","@id":"https:\/\/anprotec.org.br\/conferencia2023\/#\/schema\/logo\/image\/","url":"","contentUrl":"","caption":"Confer\u00eancia 2023 Anprotec"},"image":{"@id":"https:\/\/anprotec.org.br\/conferencia2023\/#\/schema\/logo\/image\/"}},{"@type":"Person","@id":"https:\/\/anprotec.org.br\/conferencia2023\/#\/schema\/person\/7ce1d54c6005e7d21795bc5e974e2f9f","name":"admin","image":{"@type":"ImageObject","inLanguage":"pt-BR","@id":"https:\/\/anprotec.org.br\/conferencia2023\/#\/schema\/person\/image\/","url":"https:\/\/secure.gravatar.com\/avatar\/245112798fe6695640d096a325e40ea81b35fc9cdce454a7fa617ee832539b58?s=96&d=mm&r=g","contentUrl":"https:\/\/secure.gravatar.com\/avatar\/245112798fe6695640d096a325e40ea81b35fc9cdce454a7fa617ee832539b58?s=96&d=mm&r=g","caption":"admin"},"sameAs":["https:\/\/anprotec.org.br\/conferencia2023"],"url":"https:\/\/anprotec.org.br\/conferencia2023\/author\/admin\/"}]}},"_links":{"self":[{"href":"https:\/\/anprotec.org.br\/conferencia2023\/wp-json\/wp\/v2\/posts\/1","targetHints":{"allow":["GET"]}}],"collection":[{"href":"https:\/\/anprotec.org.br\/conferencia2023\/wp-json\/wp\/v2\/posts"}],"about":[{"href":"https:\/\/anprotec.org.br\/conferencia2023\/wp-json\/wp\/v2\/types\/post"}],"author":[{"embeddable":true,"href":"https:\/\/anprotec.org.br\/conferencia2023\/wp-json\/wp\/v2\/users\/1"}],"replies":[{"embeddable":true,"href":"https:\/\/anprotec.org.br\/conferencia2023\/wp-json\/wp\/v2\/comments?post=1"}],"version-history":[{"count":29,"href":"https:\/\/anprotec.org.br\/conferencia2023\/wp-json\/wp\/v2\/posts\/1\/revisions"}],"predecessor-version":[{"id":2251,"href":"https:\/\/anprotec.org.br\/conferencia2023\/wp-json\/wp\/v2\/posts\/1\/revisions\/2251"}],"wp:featuredmedia":[{"embeddable":true,"href":"https:\/\/anprotec.org.br\/conferencia2023\/wp-json\/wp\/v2\/media\/1092"}],"wp:attachment":[{"href":"https:\/\/anprotec.org.br\/conferencia2023\/wp-json\/wp\/v2\/media?parent=1"}],"wp:term":[{"taxonomy":"category","embeddable":true,"href":"https:\/\/anprotec.org.br\/conferencia2023\/wp-json\/wp\/v2\/categories?post=1"},{"taxonomy":"post_tag","embeddable":true,"href":"https:\/\/anprotec.org.br\/conferencia2023\/wp-json\/wp\/v2\/tags?post=1"}],"curies":[{"name":"wp","href":"https:\/\/api.w.org\/{rel}","templated":true}]}}