{"id":998,"date":"2021-10-13T11:43:26","date_gmt":"2021-10-13T14:43:26","guid":{"rendered":"https:\/\/anprotec.org.br\/conferencia2021\/?p=998"},"modified":"2021-10-13T15:26:26","modified_gmt":"2021-10-13T18:26:26","slug":"conferencia-anprotec-recebe-autor-de-estudo-internacional-sobre-incubadoras","status":"publish","type":"post","link":"https:\/\/anprotec.org.br\/conferencia2021\/2021\/10\/13\/conferencia-anprotec-recebe-autor-de-estudo-internacional-sobre-incubadoras\/","title":{"rendered":"Confer\u00eancia Anprotec recebe autor de estudo internacional sobre incubadoras"},"content":{"rendered":"<p><a href=\"https:\/\/anprotec.org.br\/conferencia2021\/\"><img loading=\"lazy\" decoding=\"async\" class=\"wp-image-38692 size-full aligncenter\" src=\"https:\/\/anprotec.org.br\/site\/wp-content\/uploads\/2021\/10\/Luca-1.png\" alt=\"\" width=\"801\" height=\"800\" \/><\/a><\/p>\n<p><span style=\"font-size: 14px; color: #000000;\"><strong>J\u00e1 est\u00e3o abertas as inscri\u00e7\u00f5es para a 31\u00aa Confer\u00eancia Anprotec,<\/strong> um grande evento de empreendedorismo inovador no Brasil, realizado em parceria com o SEBRAE. Neste ano o tema central ser\u00e1 &#8216;<strong>The Great Reset: A Redefini\u00e7\u00e3o dos Ambientes de Inova\u00e7\u00e3o<\/strong>&#8216;.<\/span><\/p>\n<p><span style=\"font-size: 14px; color: #000000;\">Para abordar sobre o assunto ser\u00e3o convidados importantes nomes do ecossistema de inova\u00e7\u00e3o nacional e internacional.\u00a0<strong>Luca Maini, consultor de inova\u00e7\u00e3o na Eurecat &#8211; Technology Centre of Catalonia, \u00e9 o primeiro palestrante confirmado para a plen\u00e1ria &#8216;O papel dos ambientes de inova\u00e7\u00e3o em uma era p\u00f3s-Covid&#8217;, <\/strong>que acontecer\u00e1 no dia<strong> 9\/11, \u00e0s 9h.<\/strong><\/span><\/p>\n<p><span style=\"font-size: 14px; color: #000000;\">A plen\u00e1ria abordar\u00e1 sobre o papel da transforma\u00e7\u00e3o digital nos ambientes de inova\u00e7\u00e3o, tal como o tipo de servi\u00e7os que eles oferecem e como os ambientes de diferentes pa\u00edses\/regi\u00f5es podem trabalhar em parcerias. A atua\u00e7\u00e3o como hubs de inova\u00e7\u00e3o tamb\u00e9m \u00e9 uma das possibilidades que o encontro abordar\u00e1, assim como o apoio aos ambientes orientados para solu\u00e7\u00f5es de impacto, com foco em inclus\u00e3o e sustentabilidade tamb\u00e9m ser\u00e3o tratados na apresenta\u00e7\u00e3o.<\/span><\/p>\n<p><span style=\"font-size: 14px;\"><span style=\"color: #000000;\">Consultor de inova\u00e7\u00e3o com experi\u00eancia na interse\u00e7\u00e3o de consultoria de neg\u00f3cios e tecnologia, Luca adquiriu experi\u00eancia em apoio ao empreendedorismo e metodologias de inova\u00e7\u00e3o durante o seu trabalho na European Business Innovation Centre Network (B\u00e9lgica). \u00c0 frente do departamento de investiga\u00e7\u00e3o geriu a avalia\u00e7\u00e3o do impacto das organiza\u00e7\u00f5es de apoio ao neg\u00f3cio, promovendo parcerias estrat\u00e9gicas no ecossistema de incuba\u00e7\u00e3o. Atualmente trabalha no departamento de Consultoria Tecnol\u00f3gica da Eurecat, o centro tecnol\u00f3gico da Catalunha (Espanha). Luca possui mestrado em Economia e Gest\u00e3o de Neg\u00f3cios Internacionais pela University of Leuven (B\u00e9lgica) e um Certificado de Inova\u00e7\u00e3o Empresarial pela Toulouse School of Management (Fran\u00e7a). Al\u00e9m disso, foi um dos autores do estudo<\/span> &#8220;<a href=\"https:\/\/t.rdsv1.net\/ls\/click?upn=ZzOgUxQwe6SG6dJ70VsC-2Bry-2BYaNHU3gShjm9N-2F4-2BTUzgHtHeMQgMPscVCXrrLD-2FyAMIKEaPVx-2Bayoysp-2BDJ0HEl67Zlrw-2F-2FavirlHfMKXAvmo-2BnmKEY82J4IeV5KeEkDv7f2-2BqSLIXMHggzmtabbDMcJarJcDnIIfRtiMjsGJ2-2B9BLPHUKP2IsnaB6jskf0YTGchikJamy6yqsfohLcn1tarHxOXISKQwpaoXyVHufTaZPu0M-2FBCDb5vtAxxKOOt-2F1h4QBgt2SZM6odpiWuPaY3N91f1OsVHLcvS7bnD8xg-3D0CNz_Hu67FWvUJ5dqIfB8qcN9AtNm5XHHq-2FtHJ90cH4yu72SZrn7CFoYPQDPRq3aFnvi6FRC3qqfJYYh-2Fy-2BT2w4iKxiFL38A0LUNtgFcbUqBRPuOAdRwhtK4i6Bn18yieZJZejq3yee4UEJGrIkUlXsgLjDv91arfpO-2BDMG2-2F5ZYQ9NAq6eO5zz-2F1hEvTpUyeOFiWQH-2FJZKX0Lx0JHVi6rpWw-2BBIjkiCpdEnWvEHxKxjcXiLYzDxr1brsI3-2FX4EJ2tBg-2BpVfFMaiQ39sajQ6z6CXgTyGRqMTacQgy8-2FLey5642ut-2FW2Mx5waStana74TgeV1k\" target=\"_blank\" rel=\"noopener noreferrer\" data-saferedirecturl=\"https:\/\/www.google.com\/url?q=https:\/\/t.rdsv1.net\/ls\/click?upn%3DZzOgUxQwe6SG6dJ70VsC-2Bry-2BYaNHU3gShjm9N-2F4-2BTUzgHtHeMQgMPscVCXrrLD-2FyAMIKEaPVx-2Bayoysp-2BDJ0HEl67Zlrw-2F-2FavirlHfMKXAvmo-2BnmKEY82J4IeV5KeEkDv7f2-2BqSLIXMHggzmtabbDMcJarJcDnIIfRtiMjsGJ2-2B9BLPHUKP2IsnaB6jskf0YTGchikJamy6yqsfohLcn1tarHxOXISKQwpaoXyVHufTaZPu0M-2FBCDb5vtAxxKOOt-2F1h4QBgt2SZM6odpiWuPaY3N91f1OsVHLcvS7bnD8xg-3D0CNz_Hu67FWvUJ5dqIfB8qcN9AtNm5XHHq-2FtHJ90cH4yu72SZrn7CFoYPQDPRq3aFnvi6FRC3qqfJYYh-2Fy-2BT2w4iKxiFL38A0LUNtgFcbUqBRPuOAdRwhtK4i6Bn18yieZJZejq3yee4UEJGrIkUlXsgLjDv91arfpO-2BDMG2-2F5ZYQ9NAq6eO5zz-2F1hEvTpUyeOFiWQH-2FJZKX0Lx0JHVi6rpWw-2BBIjkiCpdEnWvEHxKxjcXiLYzDxr1brsI3-2FX4EJ2tBg-2BpVfFMaiQ39sajQ6z6CXgTyGRqMTacQgy8-2FLey5642ut-2FW2Mx5waStana74TgeV1k&amp;source=gmail&amp;ust=1633788404334000&amp;usg=AFQjCNFwomNaIk4twx37pM8H1dPbqhTK2g\">Shapping the future of incubation<\/a>&#8216; <span style=\"color: #000000;\">publicado em dezembro de 2020.<\/span><\/span><\/p>\n<p><span style=\"font-size: 14px; color: #000000;\"><strong>A Confer\u00eancia Anprotec acontecer\u00e1 de 8 a 11 de novembro e ser\u00e1 realizada totalmente online e gratuita para os associados Anprotec*. <\/strong><\/span><\/p>\n<p><span style=\"font-size: 14px; color: #000000;\"><strong>Fique de olho, em breve divulgaremos a programa\u00e7\u00e3o completa no site.<\/strong><\/span><\/p>\n<p><span style=\"font-size: 14px; color: #000000;\"><strong>Participe conosco!<\/strong><\/span><\/p>\n<p><span style=\"font-size: 12px;\"><em><span style=\"color: #000000;\">*Ser\u00e1 enviado um e-mail com o c\u00f3digo para ter acesso ao ingresso gratuito.<\/span><\/em><\/span><\/p>\n","protected":false},"excerpt":{"rendered":"<p>J\u00e1 est\u00e3o abertas as inscri\u00e7\u00f5es para a 31\u00aa Confer\u00eancia Anprotec, um grande evento de empreendedorismo inovador no Brasil, realizado em parceria com o SEBRAE. Neste ano<span class=\"excerpt-hellip\"> [\u2026]<\/span><\/p>\n","protected":false},"author":3,"featured_media":999,"comment_status":"closed","ping_status":"open","sticky":false,"template":"","format":"standard","meta":{"footnotes":""},"categories":[1],"tags":[],"class_list":["post-998","post","type-post","status-publish","format-standard","has-post-thumbnail","hentry","category-noticias"],"yoast_head":"<!-- This site is optimized with the Yoast SEO plugin v17.0 - https:\/\/yoast.com\/wordpress\/plugins\/seo\/ -->\n<title>Confer\u00eancia Anprotec recebe autor de estudo internacional sobre incubadoras - Confer\u00eancia Anprotec 2021<\/title>\n<meta name=\"robots\" content=\"index, follow, max-snippet:-1, max-image-preview:large, max-video-preview:-1\" \/>\n<link rel=\"canonical\" href=\"https:\/\/anprotec.org.br\/conferencia2021\/2021\/10\/13\/conferencia-anprotec-recebe-autor-de-estudo-internacional-sobre-incubadoras\/\" \/>\n<meta property=\"og:locale\" content=\"pt_BR\" \/>\n<meta property=\"og:type\" content=\"article\" \/>\n<meta property=\"og:title\" content=\"Confer\u00eancia Anprotec recebe autor de estudo internacional sobre incubadoras - Confer\u00eancia Anprotec 2021\" \/>\n<meta property=\"og:description\" content=\"J\u00e1 est\u00e3o abertas as inscri\u00e7\u00f5es para a 31\u00aa Confer\u00eancia Anprotec, um grande evento de empreendedorismo inovador no Brasil, realizado em parceria com o SEBRAE. Neste ano [\u2026]\" \/>\n<meta property=\"og:url\" content=\"https:\/\/anprotec.org.br\/conferencia2021\/2021\/10\/13\/conferencia-anprotec-recebe-autor-de-estudo-internacional-sobre-incubadoras\/\" \/>\n<meta property=\"og:site_name\" content=\"Confer\u00eancia Anprotec 2021\" \/>\n<meta property=\"article:published_time\" content=\"2021-10-13T14:43:26+00:00\" \/>\n<meta property=\"article:modified_time\" content=\"2021-10-13T18:26:26+00:00\" \/>\n<meta property=\"og:image\" content=\"https:\/\/anprotec.org.br\/conferencia2021\/wp-content\/uploads\/2021\/10\/Luca.png\" \/>\n\t<meta property=\"og:image:width\" content=\"801\" \/>\n\t<meta property=\"og:image:height\" content=\"800\" \/>\n<meta name=\"twitter:card\" content=\"summary_large_image\" \/>\n<meta name=\"twitter:label1\" content=\"Escrito por\" \/>\n\t<meta name=\"twitter:data1\" content=\"lacom\" \/>\n\t<meta name=\"twitter:label2\" content=\"Est. tempo de leitura\" \/>\n\t<meta name=\"twitter:data2\" content=\"2 minutos\" \/>\n<script type=\"application\/ld+json\" class=\"yoast-schema-graph\">{\"@context\":\"https:\/\/schema.org\",\"@graph\":[{\"@type\":\"WebSite\",\"@id\":\"https:\/\/anprotec.org.br\/conferencia2021\/#website\",\"url\":\"https:\/\/anprotec.org.br\/conferencia2021\/\",\"name\":\"Confer\\u00eancia Anprotec 2021\",\"description\":\"\",\"potentialAction\":[{\"@type\":\"SearchAction\",\"target\":{\"@type\":\"EntryPoint\",\"urlTemplate\":\"https:\/\/anprotec.org.br\/conferencia2021\/?s={search_term_string}\"},\"query-input\":\"required name=search_term_string\"}],\"inLanguage\":\"pt-BR\"},{\"@type\":\"ImageObject\",\"@id\":\"https:\/\/anprotec.org.br\/conferencia2021\/2021\/10\/13\/conferencia-anprotec-recebe-autor-de-estudo-internacional-sobre-incubadoras\/#primaryimage\",\"inLanguage\":\"pt-BR\",\"url\":\"https:\/\/anprotec.org.br\/conferencia2021\/wp-content\/uploads\/2021\/10\/Luca.png\",\"contentUrl\":\"https:\/\/anprotec.org.br\/conferencia2021\/wp-content\/uploads\/2021\/10\/Luca.png\",\"width\":801,\"height\":800},{\"@type\":\"WebPage\",\"@id\":\"https:\/\/anprotec.org.br\/conferencia2021\/2021\/10\/13\/conferencia-anprotec-recebe-autor-de-estudo-internacional-sobre-incubadoras\/#webpage\",\"url\":\"https:\/\/anprotec.org.br\/conferencia2021\/2021\/10\/13\/conferencia-anprotec-recebe-autor-de-estudo-internacional-sobre-incubadoras\/\",\"name\":\"Confer\\u00eancia Anprotec recebe autor de estudo internacional sobre incubadoras - Confer\\u00eancia Anprotec 2021\",\"isPartOf\":{\"@id\":\"https:\/\/anprotec.org.br\/conferencia2021\/#website\"},\"primaryImageOfPage\":{\"@id\":\"https:\/\/anprotec.org.br\/conferencia2021\/2021\/10\/13\/conferencia-anprotec-recebe-autor-de-estudo-internacional-sobre-incubadoras\/#primaryimage\"},\"datePublished\":\"2021-10-13T14:43:26+00:00\",\"dateModified\":\"2021-10-13T18:26:26+00:00\",\"author\":{\"@id\":\"https:\/\/anprotec.org.br\/conferencia2021\/#\/schema\/person\/603e0b831afb7e510aab5f14bf0c12f0\"},\"breadcrumb\":{\"@id\":\"https:\/\/anprotec.org.br\/conferencia2021\/2021\/10\/13\/conferencia-anprotec-recebe-autor-de-estudo-internacional-sobre-incubadoras\/#breadcrumb\"},\"inLanguage\":\"pt-BR\",\"potentialAction\":[{\"@type\":\"ReadAction\",\"target\":[\"https:\/\/anprotec.org.br\/conferencia2021\/2021\/10\/13\/conferencia-anprotec-recebe-autor-de-estudo-internacional-sobre-incubadoras\/\"]}]},{\"@type\":\"BreadcrumbList\",\"@id\":\"https:\/\/anprotec.org.br\/conferencia2021\/2021\/10\/13\/conferencia-anprotec-recebe-autor-de-estudo-internacional-sobre-incubadoras\/#breadcrumb\",\"itemListElement\":[{\"@type\":\"ListItem\",\"position\":1,\"name\":\"In\\u00edcio\",\"item\":\"https:\/\/anprotec.org.br\/conferencia2021\/\"},{\"@type\":\"ListItem\",\"position\":2,\"name\":\"Confer\\u00eancia Anprotec recebe autor de estudo internacional sobre incubadoras\"}]},{\"@type\":\"Person\",\"@id\":\"https:\/\/anprotec.org.br\/conferencia2021\/#\/schema\/person\/603e0b831afb7e510aab5f14bf0c12f0\",\"name\":\"lacom\",\"url\":\"https:\/\/anprotec.org.br\/conferencia2021\/author\/lacom\/\"}]}<\/script>\n<!-- \/ Yoast SEO plugin. -->","yoast_head_json":{"title":"Confer\u00eancia Anprotec recebe autor de estudo internacional sobre incubadoras - Confer\u00eancia Anprotec 2021","robots":{"index":"index","follow":"follow","max-snippet":"max-snippet:-1","max-image-preview":"max-image-preview:large","max-video-preview":"max-video-preview:-1"},"canonical":"https:\/\/anprotec.org.br\/conferencia2021\/2021\/10\/13\/conferencia-anprotec-recebe-autor-de-estudo-internacional-sobre-incubadoras\/","og_locale":"pt_BR","og_type":"article","og_title":"Confer\u00eancia Anprotec recebe autor de estudo internacional sobre incubadoras - Confer\u00eancia Anprotec 2021","og_description":"J\u00e1 est\u00e3o abertas as inscri\u00e7\u00f5es para a 31\u00aa Confer\u00eancia Anprotec, um grande evento de empreendedorismo inovador no Brasil, realizado em parceria com o SEBRAE. Neste ano [\u2026]","og_url":"https:\/\/anprotec.org.br\/conferencia2021\/2021\/10\/13\/conferencia-anprotec-recebe-autor-de-estudo-internacional-sobre-incubadoras\/","og_site_name":"Confer\u00eancia Anprotec 2021","article_published_time":"2021-10-13T14:43:26+00:00","article_modified_time":"2021-10-13T18:26:26+00:00","og_image":[{"width":801,"height":800,"url":"https:\/\/anprotec.org.br\/conferencia2021\/wp-content\/uploads\/2021\/10\/Luca.png","path":"\/var\/www\/vhosts\/anprotec.org.br\/httpdocs\/conferencia2021\/wp-content\/uploads\/2021\/10\/Luca.png","size":"full","id":999,"alt":"","pixels":640800,"type":"image\/png"}],"twitter_card":"summary_large_image","twitter_misc":{"Escrito por":"lacom","Est. tempo de leitura":"2 minutos"},"schema":{"@context":"https:\/\/schema.org","@graph":[{"@type":"WebSite","@id":"https:\/\/anprotec.org.br\/conferencia2021\/#website","url":"https:\/\/anprotec.org.br\/conferencia2021\/","name":"Confer\u00eancia Anprotec 2021","description":"","potentialAction":[{"@type":"SearchAction","target":{"@type":"EntryPoint","urlTemplate":"https:\/\/anprotec.org.br\/conferencia2021\/?s={search_term_string}"},"query-input":"required name=search_term_string"}],"inLanguage":"pt-BR"},{"@type":"ImageObject","@id":"https:\/\/anprotec.org.br\/conferencia2021\/2021\/10\/13\/conferencia-anprotec-recebe-autor-de-estudo-internacional-sobre-incubadoras\/#primaryimage","inLanguage":"pt-BR","url":"https:\/\/anprotec.org.br\/conferencia2021\/wp-content\/uploads\/2021\/10\/Luca.png","contentUrl":"https:\/\/anprotec.org.br\/conferencia2021\/wp-content\/uploads\/2021\/10\/Luca.png","width":801,"height":800},{"@type":"WebPage","@id":"https:\/\/anprotec.org.br\/conferencia2021\/2021\/10\/13\/conferencia-anprotec-recebe-autor-de-estudo-internacional-sobre-incubadoras\/#webpage","url":"https:\/\/anprotec.org.br\/conferencia2021\/2021\/10\/13\/conferencia-anprotec-recebe-autor-de-estudo-internacional-sobre-incubadoras\/","name":"Confer\u00eancia Anprotec recebe autor de estudo internacional sobre incubadoras - Confer\u00eancia Anprotec 2021","isPartOf":{"@id":"https:\/\/anprotec.org.br\/conferencia2021\/#website"},"primaryImageOfPage":{"@id":"https:\/\/anprotec.org.br\/conferencia2021\/2021\/10\/13\/conferencia-anprotec-recebe-autor-de-estudo-internacional-sobre-incubadoras\/#primaryimage"},"datePublished":"2021-10-13T14:43:26+00:00","dateModified":"2021-10-13T18:26:26+00:00","author":{"@id":"https:\/\/anprotec.org.br\/conferencia2021\/#\/schema\/person\/603e0b831afb7e510aab5f14bf0c12f0"},"breadcrumb":{"@id":"https:\/\/anprotec.org.br\/conferencia2021\/2021\/10\/13\/conferencia-anprotec-recebe-autor-de-estudo-internacional-sobre-incubadoras\/#breadcrumb"},"inLanguage":"pt-BR","potentialAction":[{"@type":"ReadAction","target":["https:\/\/anprotec.org.br\/conferencia2021\/2021\/10\/13\/conferencia-anprotec-recebe-autor-de-estudo-internacional-sobre-incubadoras\/"]}]},{"@type":"BreadcrumbList","@id":"https:\/\/anprotec.org.br\/conferencia2021\/2021\/10\/13\/conferencia-anprotec-recebe-autor-de-estudo-internacional-sobre-incubadoras\/#breadcrumb","itemListElement":[{"@type":"ListItem","position":1,"name":"In\u00edcio","item":"https:\/\/anprotec.org.br\/conferencia2021\/"},{"@type":"ListItem","position":2,"name":"Confer\u00eancia Anprotec recebe autor de estudo internacional sobre incubadoras"}]},{"@type":"Person","@id":"https:\/\/anprotec.org.br\/conferencia2021\/#\/schema\/person\/603e0b831afb7e510aab5f14bf0c12f0","name":"lacom","url":"https:\/\/anprotec.org.br\/conferencia2021\/author\/lacom\/"}]}},"_links":{"self":[{"href":"https:\/\/anprotec.org.br\/conferencia2021\/wp-json\/wp\/v2\/posts\/998","targetHints":{"allow":["GET"]}}],"collection":[{"href":"https:\/\/anprotec.org.br\/conferencia2021\/wp-json\/wp\/v2\/posts"}],"about":[{"href":"https:\/\/anprotec.org.br\/conferencia2021\/wp-json\/wp\/v2\/types\/post"}],"author":[{"embeddable":true,"href":"https:\/\/anprotec.org.br\/conferencia2021\/wp-json\/wp\/v2\/users\/3"}],"replies":[{"embeddable":true,"href":"https:\/\/anprotec.org.br\/conferencia2021\/wp-json\/wp\/v2\/comments?post=998"}],"version-history":[{"count":3,"href":"https:\/\/anprotec.org.br\/conferencia2021\/wp-json\/wp\/v2\/posts\/998\/revisions"}],"predecessor-version":[{"id":1005,"href":"https:\/\/anprotec.org.br\/conferencia2021\/wp-json\/wp\/v2\/posts\/998\/revisions\/1005"}],"wp:featuredmedia":[{"embeddable":true,"href":"https:\/\/anprotec.org.br\/conferencia2021\/wp-json\/wp\/v2\/media\/999"}],"wp:attachment":[{"href":"https:\/\/anprotec.org.br\/conferencia2021\/wp-json\/wp\/v2\/media?parent=998"}],"wp:term":[{"taxonomy":"category","embeddable":true,"href":"https:\/\/anprotec.org.br\/conferencia2021\/wp-json\/wp\/v2\/categories?post=998"},{"taxonomy":"post_tag","embeddable":true,"href":"https:\/\/anprotec.org.br\/conferencia2021\/wp-json\/wp\/v2\/tags?post=998"}],"curies":[{"name":"wp","href":"https:\/\/api.w.org\/{rel}","templated":true}]}}