{"id":761,"date":"2021-07-30T16:57:36","date_gmt":"2021-07-30T19:57:36","guid":{"rendered":"https:\/\/anprotec.org.br\/conferencia2021\/?p=761"},"modified":"2021-08-26T12:30:22","modified_gmt":"2021-08-26T15:30:22","slug":"confira-a-lista-dos-selecionados-para-o-comite-cientifico-da-31a-conferencia-anprotec","status":"publish","type":"post","link":"https:\/\/anprotec.org.br\/conferencia2021\/2021\/07\/30\/confira-a-lista-dos-selecionados-para-o-comite-cientifico-da-31a-conferencia-anprotec\/","title":{"rendered":"Confira a lista dos selecionados para o Comit\u00ea Cient\u00edfico da 31\u00aa Confer\u00eancia Anprotec"},"content":{"rendered":"<p>Ap\u00f3s o recebimento de muitas submiss\u00f5es \u2013 foram 274 \u2013 para participa\u00e7\u00e3o no Comit\u00ea Cient\u00edfico, que ser\u00e1 respons\u00e1vel por avaliar os artigos completos e relatos de boas pr\u00e1ticas que ser\u00e3o apresentados durante a 31\u00aa Confer\u00eancia Anprotec, temos a satisfa\u00e7\u00e3o de anunciar os membros selecionados.<\/p>\n<p>O Comit\u00ea Cient\u00edfico \u00e9 muito importante para mantermos o alto n\u00edvel nos trabalhos apresentados durante o evento.<\/p>\n<p>Confira o resultado:<\/p>\n<p>&nbsp;<\/p>\n<table>\n<tbody>\n<tr>\n<td>Adriana Ferreira de Faria<\/td>\n<td>Universidade Federal de Vi\u00e7osa (UFV)<\/td>\n<\/tr>\n<tr>\n<td>Andreia Rosane de Moura Valim<\/td>\n<td>Universidade de Santa Cruz do Sul<\/td>\n<\/tr>\n<tr>\n<td>Claudio Alcides Jacoski<\/td>\n<td>Universidade Comunit\u00e1ria da Regi\u00e3o de Chapec\u00f3 \u2013 UNOCHAPEC\u00d3<\/td>\n<\/tr>\n<tr>\n<td>Cristiani Fontanela<\/td>\n<td>Universidade Comunit\u00e1ria da Regi\u00e3o de Chapec\u00f3- UNOCHAPEC\u00d3<\/td>\n<\/tr>\n<tr>\n<td>Daiana Monzon<\/td>\n<td>Universidade Feevale<\/td>\n<\/tr>\n<tr>\n<td>Darlinton Barbosa Feres Carvalho<\/td>\n<td>Universidade Federal de S\u00e3o Jo\u00e3o del-Rei<\/td>\n<\/tr>\n<tr>\n<td>Jana\u00edna Galdino de Barros<\/td>\n<td>Secretaria de Estado da Ci\u00eancia, da Tecnologia e da Inova\u00e7\u00e3o de Alagoas; Universidade Federal de Sergipe e Centro Universit\u00e1rio Tiradentes \u2013 Alagoas<\/td>\n<\/tr>\n<tr>\n<td>Juc\u00e9lia Maria Lopes Maia Roberto<\/td>\n<td>tecnoPARQ<\/td>\n<\/tr>\n<tr>\n<td>Larissa Sarmento Mac\u00eado<\/td>\n<td>Instituto de Ci\u00eancia e Tecnologia Brain<\/td>\n<\/tr>\n<tr>\n<td>L\u00e9a Paula Vanessa Xavier Corr\u00eaa de Morais<\/td>\n<td>IFMT<\/td>\n<\/tr>\n<tr>\n<td>Leonardo Melo<\/td>\n<td>Parque Tecnol\u00f3gico da UFRJ<\/td>\n<\/tr>\n<tr>\n<td>Lucas Baldoni<\/td>\n<td>INOVA UNICAMP<\/td>\n<\/tr>\n<tr>\n<td>Luis Afonso Bermudez<\/td>\n<td>UnB<\/td>\n<\/tr>\n<tr>\n<td>Luiza de Souza E Silva Martins<\/td>\n<td>PUC-Rio<\/td>\n<\/tr>\n<tr>\n<td>Marcelo Leandro de Borba<\/td>\n<td>Parque de Inova\u00e7\u00e3o Tecnol\u00f3gica de Joinville e Regi\u00e3o \u2013 Inovaparq<\/td>\n<\/tr>\n<tr>\n<td>Marcus Vinicius Duarte Sampaio<\/td>\n<td>Instituto Federal de Educa\u00e7\u00e3o, Ci\u00eancia e Tecnologia do RN (IFRN)<\/td>\n<\/tr>\n<tr>\n<td>Martha Delphino Bambini<\/td>\n<td>Embrapa Inform\u00e1tica Agropecu\u00e1ria<\/td>\n<\/tr>\n<tr>\n<td>Nelson da Cruz Monteiro Fernandes<\/td>\n<td>UFPE<\/td>\n<\/tr>\n<tr>\n<td>Silon Junior Procath da Silva<\/td>\n<td>Universidade Federal de Santa Maria<\/td>\n<\/tr>\n<tr>\n<td>Vanessa Ishikawa Rasoto<\/td>\n<td>UTFPR<\/td>\n<\/tr>\n<tr>\n<td>Zulmara Virg\u00ednia de Carvalho<\/td>\n<td>UFRN<\/td>\n<\/tr>\n<tr>\n<td>Ana Liddy Cenni de Castro Magalh\u00e3es<\/td>\n<td>Universidade Federal de Minas Gerais<\/td>\n<\/tr>\n<tr>\n<td>Anderson Diego Farias da Silva<\/td>\n<td>Universidade Federal de Pernambuco<\/td>\n<\/tr>\n<tr>\n<td>Antonio Eugenio Queiroz Rocha Brito<\/td>\n<td>Agencia Desenvolvimento de Lins _ SP<\/td>\n<\/tr>\n<tr>\n<td>Ariele Da Silva Moreira<\/td>\n<td>Centro Federal de Educa\u00e7\u00e3o Tecnol\u00f3gica Celso Suckoew da Fonseca- CEFET\/RJ<\/td>\n<\/tr>\n<tr>\n<td>Celso Roberto Perez<\/td>\n<td>VIA-UFSC<\/td>\n<\/tr>\n<tr>\n<td>Claudio Antonio Klaus Junior<\/td>\n<td>Universidade Alto Vale do Rio do Peixe<\/td>\n<\/tr>\n<tr>\n<td>Cristina Aparecida Pires de Souza Sartoretto<\/td>\n<td>FGV EAESP<\/td>\n<\/tr>\n<tr>\n<td>Danisson Luiz dos Santos Reis<\/td>\n<td>SEBRAE ALAGOAS<\/td>\n<\/tr>\n<tr>\n<td>Elaine Cristina Ferreira Dias<\/td>\n<td>UFRJ \/ FIOCRUZ<\/td>\n<\/tr>\n<tr>\n<td>Emanoel Querette<\/td>\n<td>Universidade Federal de Pernambuco<\/td>\n<\/tr>\n<tr>\n<td>Erik Sch\u00fcler<\/td>\n<td>IFRS \u2013 Instituto Federal do Rio Grande do Sul<\/td>\n<\/tr>\n<tr>\n<td>\u00c9rika de Andrade Silva Leal<\/td>\n<td>INSTITUTO FEDERAL DO ESP\u00cdRITO SANTO \/\u00a0 CAMPUS CARIACICA<\/td>\n<\/tr>\n<tr>\n<td>Evaristo Lima<\/td>\n<td>EFL mais FBL Consultoria<\/td>\n<\/tr>\n<tr>\n<td>Fabiane Tubino Garcia<\/td>\n<td>Universidade Federal do Pampa (UNIPAMPA)<\/td>\n<\/tr>\n<tr>\n<td>Gabriel Vidal Gaspar<\/td>\n<td>Observat\u00f3rio da Ind\u00fastria \u2013 Federa\u00e7\u00e3o das Ind\u00fastrias do Estado do Cear\u00e1<\/td>\n<\/tr>\n<tr>\n<td>Gesyca Patricia da Silva Santos<\/td>\n<td>Universidade Federal de Alagoas<\/td>\n<\/tr>\n<tr>\n<td>Guilherme de Oliveira Santos<\/td>\n<td>UFRJ<\/td>\n<\/tr>\n<tr>\n<td>Jos\u00e9 Cl\u00e1udio Rocha<\/td>\n<td>Universidade do Estado da Bahia \u2013 UNEB<\/td>\n<\/tr>\n<tr>\n<td>Marcelo Amaral<\/td>\n<td>Universidade Federal Fluminense<\/td>\n<\/tr>\n<tr>\n<td>Paula Regina Zarelli<\/td>\n<td>Universidade Tecnol\u00f3gica Federal do Paran\u00e1<\/td>\n<\/tr>\n<tr>\n<td>Ricardo Tomaz Caires<\/td>\n<td>Universidade Estadual de Maring\u00e1<\/td>\n<\/tr>\n<tr>\n<td>Roberta Medeiros de Souza<\/td>\n<td>Universidade do agreste de Pernambuco<\/td>\n<\/tr>\n<tr>\n<td>Wilda Soares Lemos<\/td>\n<td>Universidade Federal de Goi\u00e1s<\/td>\n<\/tr>\n<tr>\n<td>Zulmara Virg\u00ednia de Carvalho<\/td>\n<td>Universidade Federal do Rio Grande do Norte<\/td>\n<\/tr>\n<tr>\n<td>Elena Martinis<\/td>\n<td>AgingRio<\/td>\n<\/tr>\n<\/tbody>\n<\/table>\n<p>Os participantes do Comit\u00ea Cient\u00edfico ter\u00e3o direito a inscri\u00e7\u00e3o gratuita na Confer\u00eancia Anprotec 2021.<\/p>\n<p>Parab\u00e9ns aos selecionados!<\/p>\n<p><img loading=\"lazy\" decoding=\"async\" class=\"size-full wp-image-764 aligncenter\" src=\"https:\/\/anprotec.org.br\/conferencia2021\/wp-content\/uploads\/2021\/08\/Chamada-de-trabalhos_Prancheta-1-768x768-1.png\" alt=\"\" width=\"768\" height=\"768\" srcset=\"https:\/\/anprotec.org.br\/conferencia2021\/wp-content\/uploads\/2021\/08\/Chamada-de-trabalhos_Prancheta-1-768x768-1.png 768w, https:\/\/anprotec.org.br\/conferencia2021\/wp-content\/uploads\/2021\/08\/Chamada-de-trabalhos_Prancheta-1-768x768-1-300x300.png 300w, https:\/\/anprotec.org.br\/conferencia2021\/wp-content\/uploads\/2021\/08\/Chamada-de-trabalhos_Prancheta-1-768x768-1-150x150.png 150w, https:\/\/anprotec.org.br\/conferencia2021\/wp-content\/uploads\/2021\/08\/Chamada-de-trabalhos_Prancheta-1-768x768-1-146x146.png 146w, https:\/\/anprotec.org.br\/conferencia2021\/wp-content\/uploads\/2021\/08\/Chamada-de-trabalhos_Prancheta-1-768x768-1-50x50.png 50w, https:\/\/anprotec.org.br\/conferencia2021\/wp-content\/uploads\/2021\/08\/Chamada-de-trabalhos_Prancheta-1-768x768-1-75x75.png 75w, https:\/\/anprotec.org.br\/conferencia2021\/wp-content\/uploads\/2021\/08\/Chamada-de-trabalhos_Prancheta-1-768x768-1-85x85.png 85w, https:\/\/anprotec.org.br\/conferencia2021\/wp-content\/uploads\/2021\/08\/Chamada-de-trabalhos_Prancheta-1-768x768-1-80x80.png 80w\" sizes=\"auto, (max-width: 768px) 100vw, 768px\" \/><\/p>\n","protected":false},"excerpt":{"rendered":"<p>Ap\u00f3s o recebimento de muitas submiss\u00f5es \u2013 foram 274 \u2013 para participa\u00e7\u00e3o no Comit\u00ea Cient\u00edfico, que ser\u00e1 respons\u00e1vel por avaliar os artigos completos e relatos de<span class=\"excerpt-hellip\"> [\u2026]<\/span><\/p>\n","protected":false},"author":1,"featured_media":764,"comment_status":"closed","ping_status":"open","sticky":false,"template":"","format":"standard","meta":{"footnotes":""},"categories":[1],"tags":[],"class_list":["post-761","post","type-post","status-publish","format-standard","has-post-thumbnail","hentry","category-noticias"],"yoast_head":"<!-- This site is optimized with the Yoast SEO plugin v17.0 - https:\/\/yoast.com\/wordpress\/plugins\/seo\/ -->\n<title>Confira a lista dos selecionados para o Comit\u00ea Cient\u00edfico da 31\u00aa Confer\u00eancia Anprotec - Confer\u00eancia Anprotec 2021<\/title>\n<meta name=\"robots\" content=\"index, follow, max-snippet:-1, max-image-preview:large, max-video-preview:-1\" \/>\n<link rel=\"canonical\" href=\"https:\/\/anprotec.org.br\/conferencia2021\/2021\/07\/30\/confira-a-lista-dos-selecionados-para-o-comite-cientifico-da-31a-conferencia-anprotec\/\" \/>\n<meta property=\"og:locale\" content=\"pt_BR\" \/>\n<meta property=\"og:type\" content=\"article\" \/>\n<meta property=\"og:title\" content=\"Confira a lista dos selecionados para o Comit\u00ea Cient\u00edfico da 31\u00aa Confer\u00eancia Anprotec - Confer\u00eancia Anprotec 2021\" \/>\n<meta property=\"og:description\" content=\"Ap\u00f3s o recebimento de muitas submiss\u00f5es \u2013 foram 274 \u2013 para participa\u00e7\u00e3o no Comit\u00ea Cient\u00edfico, que ser\u00e1 respons\u00e1vel por avaliar os artigos completos e relatos de [\u2026]\" \/>\n<meta property=\"og:url\" content=\"https:\/\/anprotec.org.br\/conferencia2021\/2021\/07\/30\/confira-a-lista-dos-selecionados-para-o-comite-cientifico-da-31a-conferencia-anprotec\/\" \/>\n<meta property=\"og:site_name\" content=\"Confer\u00eancia Anprotec 2021\" \/>\n<meta property=\"article:published_time\" content=\"2021-07-30T19:57:36+00:00\" \/>\n<meta property=\"article:modified_time\" content=\"2021-08-26T15:30:22+00:00\" \/>\n<meta property=\"og:image\" content=\"https:\/\/anprotec.org.br\/conferencia2021\/wp-content\/uploads\/2021\/08\/Chamada-de-trabalhos_Prancheta-1-768x768-1.png\" \/>\n\t<meta property=\"og:image:width\" content=\"768\" \/>\n\t<meta property=\"og:image:height\" content=\"768\" \/>\n<meta name=\"twitter:card\" content=\"summary_large_image\" \/>\n<meta name=\"twitter:label1\" content=\"Escrito por\" \/>\n\t<meta name=\"twitter:data1\" content=\"stella\" \/>\n\t<meta name=\"twitter:label2\" content=\"Est. tempo de leitura\" \/>\n\t<meta name=\"twitter:data2\" content=\"3 minutos\" \/>\n<script type=\"application\/ld+json\" class=\"yoast-schema-graph\">{\"@context\":\"https:\/\/schema.org\",\"@graph\":[{\"@type\":\"WebSite\",\"@id\":\"https:\/\/anprotec.org.br\/conferencia2021\/#website\",\"url\":\"https:\/\/anprotec.org.br\/conferencia2021\/\",\"name\":\"Confer\\u00eancia Anprotec 2021\",\"description\":\"\",\"potentialAction\":[{\"@type\":\"SearchAction\",\"target\":{\"@type\":\"EntryPoint\",\"urlTemplate\":\"https:\/\/anprotec.org.br\/conferencia2021\/?s={search_term_string}\"},\"query-input\":\"required name=search_term_string\"}],\"inLanguage\":\"pt-BR\"},{\"@type\":\"ImageObject\",\"@id\":\"https:\/\/anprotec.org.br\/conferencia2021\/2021\/07\/30\/confira-a-lista-dos-selecionados-para-o-comite-cientifico-da-31a-conferencia-anprotec\/#primaryimage\",\"inLanguage\":\"pt-BR\",\"url\":\"https:\/\/anprotec.org.br\/conferencia2021\/wp-content\/uploads\/2021\/08\/Chamada-de-trabalhos_Prancheta-1-768x768-1.png\",\"contentUrl\":\"https:\/\/anprotec.org.br\/conferencia2021\/wp-content\/uploads\/2021\/08\/Chamada-de-trabalhos_Prancheta-1-768x768-1.png\",\"width\":768,\"height\":768},{\"@type\":\"WebPage\",\"@id\":\"https:\/\/anprotec.org.br\/conferencia2021\/2021\/07\/30\/confira-a-lista-dos-selecionados-para-o-comite-cientifico-da-31a-conferencia-anprotec\/#webpage\",\"url\":\"https:\/\/anprotec.org.br\/conferencia2021\/2021\/07\/30\/confira-a-lista-dos-selecionados-para-o-comite-cientifico-da-31a-conferencia-anprotec\/\",\"name\":\"Confira a lista dos selecionados para o Comit\\u00ea Cient\\u00edfico da 31\\u00aa Confer\\u00eancia Anprotec - Confer\\u00eancia Anprotec 2021\",\"isPartOf\":{\"@id\":\"https:\/\/anprotec.org.br\/conferencia2021\/#website\"},\"primaryImageOfPage\":{\"@id\":\"https:\/\/anprotec.org.br\/conferencia2021\/2021\/07\/30\/confira-a-lista-dos-selecionados-para-o-comite-cientifico-da-31a-conferencia-anprotec\/#primaryimage\"},\"datePublished\":\"2021-07-30T19:57:36+00:00\",\"dateModified\":\"2021-08-26T15:30:22+00:00\",\"author\":{\"@id\":\"https:\/\/anprotec.org.br\/conferencia2021\/#\/schema\/person\/0f88ffbcb58656b833f9e8a84cb74d5d\"},\"breadcrumb\":{\"@id\":\"https:\/\/anprotec.org.br\/conferencia2021\/2021\/07\/30\/confira-a-lista-dos-selecionados-para-o-comite-cientifico-da-31a-conferencia-anprotec\/#breadcrumb\"},\"inLanguage\":\"pt-BR\",\"potentialAction\":[{\"@type\":\"ReadAction\",\"target\":[\"https:\/\/anprotec.org.br\/conferencia2021\/2021\/07\/30\/confira-a-lista-dos-selecionados-para-o-comite-cientifico-da-31a-conferencia-anprotec\/\"]}]},{\"@type\":\"BreadcrumbList\",\"@id\":\"https:\/\/anprotec.org.br\/conferencia2021\/2021\/07\/30\/confira-a-lista-dos-selecionados-para-o-comite-cientifico-da-31a-conferencia-anprotec\/#breadcrumb\",\"itemListElement\":[{\"@type\":\"ListItem\",\"position\":1,\"name\":\"In\\u00edcio\",\"item\":\"https:\/\/anprotec.org.br\/conferencia2021\/\"},{\"@type\":\"ListItem\",\"position\":2,\"name\":\"Confira a lista dos selecionados para o Comit\\u00ea Cient\\u00edfico da 31\\u00aa Confer\\u00eancia Anprotec\"}]},{\"@type\":\"Person\",\"@id\":\"https:\/\/anprotec.org.br\/conferencia2021\/#\/schema\/person\/0f88ffbcb58656b833f9e8a84cb74d5d\",\"name\":\"stella\",\"sameAs\":[\"https:\/\/anprotec.org.br\/conferencia2021\"],\"url\":\"https:\/\/anprotec.org.br\/conferencia2021\/author\/stella\/\"}]}<\/script>\n<!-- \/ Yoast SEO plugin. -->","yoast_head_json":{"title":"Confira a lista dos selecionados para o Comit\u00ea Cient\u00edfico da 31\u00aa Confer\u00eancia Anprotec - Confer\u00eancia Anprotec 2021","robots":{"index":"index","follow":"follow","max-snippet":"max-snippet:-1","max-image-preview":"max-image-preview:large","max-video-preview":"max-video-preview:-1"},"canonical":"https:\/\/anprotec.org.br\/conferencia2021\/2021\/07\/30\/confira-a-lista-dos-selecionados-para-o-comite-cientifico-da-31a-conferencia-anprotec\/","og_locale":"pt_BR","og_type":"article","og_title":"Confira a lista dos selecionados para o Comit\u00ea Cient\u00edfico da 31\u00aa Confer\u00eancia Anprotec - Confer\u00eancia Anprotec 2021","og_description":"Ap\u00f3s o recebimento de muitas submiss\u00f5es \u2013 foram 274 \u2013 para participa\u00e7\u00e3o no Comit\u00ea Cient\u00edfico, que ser\u00e1 respons\u00e1vel por avaliar os artigos completos e relatos de [\u2026]","og_url":"https:\/\/anprotec.org.br\/conferencia2021\/2021\/07\/30\/confira-a-lista-dos-selecionados-para-o-comite-cientifico-da-31a-conferencia-anprotec\/","og_site_name":"Confer\u00eancia Anprotec 2021","article_published_time":"2021-07-30T19:57:36+00:00","article_modified_time":"2021-08-26T15:30:22+00:00","og_image":[{"width":768,"height":768,"url":"https:\/\/anprotec.org.br\/conferencia2021\/wp-content\/uploads\/2021\/08\/Chamada-de-trabalhos_Prancheta-1-768x768-1.png","path":"\/var\/www\/vhosts\/anprotec.org.br\/httpdocs\/conferencia2021\/wp-content\/uploads\/2021\/08\/Chamada-de-trabalhos_Prancheta-1-768x768-1.png","size":"full","id":764,"alt":"","pixels":589824,"type":"image\/png"}],"twitter_card":"summary_large_image","twitter_misc":{"Escrito por":"stella","Est. tempo de leitura":"3 minutos"},"schema":{"@context":"https:\/\/schema.org","@graph":[{"@type":"WebSite","@id":"https:\/\/anprotec.org.br\/conferencia2021\/#website","url":"https:\/\/anprotec.org.br\/conferencia2021\/","name":"Confer\u00eancia Anprotec 2021","description":"","potentialAction":[{"@type":"SearchAction","target":{"@type":"EntryPoint","urlTemplate":"https:\/\/anprotec.org.br\/conferencia2021\/?s={search_term_string}"},"query-input":"required name=search_term_string"}],"inLanguage":"pt-BR"},{"@type":"ImageObject","@id":"https:\/\/anprotec.org.br\/conferencia2021\/2021\/07\/30\/confira-a-lista-dos-selecionados-para-o-comite-cientifico-da-31a-conferencia-anprotec\/#primaryimage","inLanguage":"pt-BR","url":"https:\/\/anprotec.org.br\/conferencia2021\/wp-content\/uploads\/2021\/08\/Chamada-de-trabalhos_Prancheta-1-768x768-1.png","contentUrl":"https:\/\/anprotec.org.br\/conferencia2021\/wp-content\/uploads\/2021\/08\/Chamada-de-trabalhos_Prancheta-1-768x768-1.png","width":768,"height":768},{"@type":"WebPage","@id":"https:\/\/anprotec.org.br\/conferencia2021\/2021\/07\/30\/confira-a-lista-dos-selecionados-para-o-comite-cientifico-da-31a-conferencia-anprotec\/#webpage","url":"https:\/\/anprotec.org.br\/conferencia2021\/2021\/07\/30\/confira-a-lista-dos-selecionados-para-o-comite-cientifico-da-31a-conferencia-anprotec\/","name":"Confira a lista dos selecionados para o Comit\u00ea Cient\u00edfico da 31\u00aa Confer\u00eancia Anprotec - Confer\u00eancia Anprotec 2021","isPartOf":{"@id":"https:\/\/anprotec.org.br\/conferencia2021\/#website"},"primaryImageOfPage":{"@id":"https:\/\/anprotec.org.br\/conferencia2021\/2021\/07\/30\/confira-a-lista-dos-selecionados-para-o-comite-cientifico-da-31a-conferencia-anprotec\/#primaryimage"},"datePublished":"2021-07-30T19:57:36+00:00","dateModified":"2021-08-26T15:30:22+00:00","author":{"@id":"https:\/\/anprotec.org.br\/conferencia2021\/#\/schema\/person\/0f88ffbcb58656b833f9e8a84cb74d5d"},"breadcrumb":{"@id":"https:\/\/anprotec.org.br\/conferencia2021\/2021\/07\/30\/confira-a-lista-dos-selecionados-para-o-comite-cientifico-da-31a-conferencia-anprotec\/#breadcrumb"},"inLanguage":"pt-BR","potentialAction":[{"@type":"ReadAction","target":["https:\/\/anprotec.org.br\/conferencia2021\/2021\/07\/30\/confira-a-lista-dos-selecionados-para-o-comite-cientifico-da-31a-conferencia-anprotec\/"]}]},{"@type":"BreadcrumbList","@id":"https:\/\/anprotec.org.br\/conferencia2021\/2021\/07\/30\/confira-a-lista-dos-selecionados-para-o-comite-cientifico-da-31a-conferencia-anprotec\/#breadcrumb","itemListElement":[{"@type":"ListItem","position":1,"name":"In\u00edcio","item":"https:\/\/anprotec.org.br\/conferencia2021\/"},{"@type":"ListItem","position":2,"name":"Confira a lista dos selecionados para o Comit\u00ea Cient\u00edfico da 31\u00aa Confer\u00eancia Anprotec"}]},{"@type":"Person","@id":"https:\/\/anprotec.org.br\/conferencia2021\/#\/schema\/person\/0f88ffbcb58656b833f9e8a84cb74d5d","name":"stella","sameAs":["https:\/\/anprotec.org.br\/conferencia2021"],"url":"https:\/\/anprotec.org.br\/conferencia2021\/author\/stella\/"}]}},"_links":{"self":[{"href":"https:\/\/anprotec.org.br\/conferencia2021\/wp-json\/wp\/v2\/posts\/761","targetHints":{"allow":["GET"]}}],"collection":[{"href":"https:\/\/anprotec.org.br\/conferencia2021\/wp-json\/wp\/v2\/posts"}],"about":[{"href":"https:\/\/anprotec.org.br\/conferencia2021\/wp-json\/wp\/v2\/types\/post"}],"author":[{"embeddable":true,"href":"https:\/\/anprotec.org.br\/conferencia2021\/wp-json\/wp\/v2\/users\/1"}],"replies":[{"embeddable":true,"href":"https:\/\/anprotec.org.br\/conferencia2021\/wp-json\/wp\/v2\/comments?post=761"}],"version-history":[{"count":2,"href":"https:\/\/anprotec.org.br\/conferencia2021\/wp-json\/wp\/v2\/posts\/761\/revisions"}],"predecessor-version":[{"id":770,"href":"https:\/\/anprotec.org.br\/conferencia2021\/wp-json\/wp\/v2\/posts\/761\/revisions\/770"}],"wp:featuredmedia":[{"embeddable":true,"href":"https:\/\/anprotec.org.br\/conferencia2021\/wp-json\/wp\/v2\/media\/764"}],"wp:attachment":[{"href":"https:\/\/anprotec.org.br\/conferencia2021\/wp-json\/wp\/v2\/media?parent=761"}],"wp:term":[{"taxonomy":"category","embeddable":true,"href":"https:\/\/anprotec.org.br\/conferencia2021\/wp-json\/wp\/v2\/categories?post=761"},{"taxonomy":"post_tag","embeddable":true,"href":"https:\/\/anprotec.org.br\/conferencia2021\/wp-json\/wp\/v2\/tags?post=761"}],"curies":[{"name":"wp","href":"https:\/\/api.w.org\/{rel}","templated":true}]}}