{"id":757,"date":"2021-05-25T16:56:07","date_gmt":"2021-05-25T19:56:07","guid":{"rendered":"https:\/\/anprotec.org.br\/conferencia2021\/?p=757"},"modified":"2021-08-30T19:31:25","modified_gmt":"2021-08-30T22:31:25","slug":"31a-conferencia-anprotec-trilha-4-gestao-do-capital-humano-em-um-mundo-sem-fronteiras","status":"publish","type":"post","link":"https:\/\/anprotec.org.br\/conferencia2021\/2021\/05\/25\/31a-conferencia-anprotec-trilha-4-gestao-do-capital-humano-em-um-mundo-sem-fronteiras\/","title":{"rendered":"31\u00aa Confer\u00eancia Anprotec | Trilha 4: Gest\u00e3o do capital humano em um mundo sem fronteiras"},"content":{"rendered":"<p>Hoje \u00e9 dia de anunciar a quarta e \u00faltima trilha que fundamentar\u00e1 o tema central da 31\u00aa Confer\u00eancia Anprotec. Nas \u00faltimas semanas, apresentamos o assunto principal do evento \u2018The Great Reset: a redefini\u00e7\u00e3o dos ambientes de inova\u00e7\u00e3o\u2019 e as trilhas \u2018Omnichannel\u2019, \u2018\u2019Transformando pesquisa em solu\u00e7\u00f5es para sociedade\u2019 e \u2018Ambientes de inova\u00e7\u00e3o como Living Labs\u2019 que servir\u00e3o como base para a discuss\u00e3o.<\/p>\n<p>\u2018Gest\u00e3o do capital humano em um mundo sem fronteiras\u2019 ser\u00e1 a quarta trilha da Confer\u00eancia Anprotec 2021. John Rennie Short, docente da Universidade de Maryland, no artigo \u201cPorque algumas cidades sobreviver\u00e3o e triunfar\u00e3o\u201d , publicado no site do F\u00f3rum Mundial Econ\u00f4mico, discutiu sobre o papel dos espa\u00e7os urbanos no cen\u00e1rio p\u00f3s-covid 19. Em seu texto, ele argumenta que as cidades, desde que surgiram, t\u00eam sua \u201cutilidade\u201d avaliada, sendo objeto de reflex\u00e3o e transforma\u00e7\u00f5es. Em 1876, com a inven\u00e7\u00e3o do telefone, surgiram os primeiros questionamentos sobre os adensamentos urbanos que, mais de um s\u00e9culo mais tarde, com os computadores pessoais e a internet, voltaram \u00e0 tona com cada vez maior for\u00e7a: qual o sentido das cidades se a comunica\u00e7\u00e3o poderia acontecer de forma remota?<\/p>\n<p>Para ele, as cidades fazem sentido pelo fato de reunirem m\u00e3o-de-obra qualificada, permitindo o interc\u00e2mbio de informa\u00e7\u00e3o, conhecimento e habilidades. Essa concentra\u00e7\u00e3o de m\u00e3o-de-obra qualificada permite a transfer\u00eancia de informa\u00e7\u00f5es, conhecimentos e habilidades.<\/p>\n<p>Analogamente, a presen\u00e7a de tantas empresas gera mais neg\u00f3cios para as ind\u00fastrias perif\u00e9ricas \u2013 por exemplo, como um grande banco cria trabalho para contadores e advogados. A proximidade das pessoas facilita o contato que leva \u00e0 manuten\u00e7\u00e3o da confian\u00e7a e \u00e0 troca de informa\u00e7\u00f5es.<\/p>\n<p>No entanto, em \u201cum mundo online e em nuvem, com eventuais momentos off-line e presenciais\u201d, como ressaltou S\u00edlvio Meira, presidente do Conselho de Administra\u00e7\u00e3o do Porto Digital e Conselheiro da Anprotec, durante a s\u00e9rie de eventos online AnproTalks, promovidos da pela Anprotec, como lidar a atra\u00e7\u00e3o e reten\u00e7\u00e3o de talentos em um contexto em que cada vez menos existem fronteiras f\u00edsicas?<\/p>\n<p><img loading=\"lazy\" decoding=\"async\" class=\"wp-image-758 aligncenter\" src=\"https:\/\/anprotec.org.br\/conferencia2021\/wp-content\/uploads\/2021\/08\/Gesta\u0303o-do-Capital.png\" alt=\"\" width=\"849\" height=\"849\" srcset=\"https:\/\/anprotec.org.br\/conferencia2021\/wp-content\/uploads\/2021\/08\/Gesta\u0303o-do-Capital.png 1024w, https:\/\/anprotec.org.br\/conferencia2021\/wp-content\/uploads\/2021\/08\/Gesta\u0303o-do-Capital-300x300.png 300w, https:\/\/anprotec.org.br\/conferencia2021\/wp-content\/uploads\/2021\/08\/Gesta\u0303o-do-Capital-150x150.png 150w, https:\/\/anprotec.org.br\/conferencia2021\/wp-content\/uploads\/2021\/08\/Gesta\u0303o-do-Capital-768x768.png 768w, https:\/\/anprotec.org.br\/conferencia2021\/wp-content\/uploads\/2021\/08\/Gesta\u0303o-do-Capital-146x146.png 146w, https:\/\/anprotec.org.br\/conferencia2021\/wp-content\/uploads\/2021\/08\/Gesta\u0303o-do-Capital-50x50.png 50w, https:\/\/anprotec.org.br\/conferencia2021\/wp-content\/uploads\/2021\/08\/Gesta\u0303o-do-Capital-75x75.png 75w, https:\/\/anprotec.org.br\/conferencia2021\/wp-content\/uploads\/2021\/08\/Gesta\u0303o-do-Capital-85x85.png 85w, https:\/\/anprotec.org.br\/conferencia2021\/wp-content\/uploads\/2021\/08\/Gesta\u0303o-do-Capital-80x80.png 80w\" sizes=\"auto, (max-width: 849px) 100vw, 849px\" \/><\/p>\n","protected":false},"excerpt":{"rendered":"<p>Hoje \u00e9 dia de anunciar a quarta e \u00faltima trilha que fundamentar\u00e1 o tema central da 31\u00aa Confer\u00eancia Anprotec. Nas \u00faltimas semanas, apresentamos o assunto principal<span class=\"excerpt-hellip\"> [\u2026]<\/span><\/p>\n","protected":false},"author":1,"featured_media":758,"comment_status":"closed","ping_status":"open","sticky":false,"template":"","format":"standard","meta":{"footnotes":""},"categories":[1],"tags":[],"class_list":["post-757","post","type-post","status-publish","format-standard","has-post-thumbnail","hentry","category-noticias"],"yoast_head":"<!-- This site is optimized with the Yoast SEO plugin v17.0 - https:\/\/yoast.com\/wordpress\/plugins\/seo\/ -->\n<title>31\u00aa Confer\u00eancia Anprotec | Trilha 4: Gest\u00e3o do capital humano em um mundo sem fronteiras - Confer\u00eancia Anprotec 2021<\/title>\n<meta name=\"robots\" content=\"index, follow, max-snippet:-1, max-image-preview:large, max-video-preview:-1\" \/>\n<link rel=\"canonical\" href=\"https:\/\/anprotec.org.br\/conferencia2021\/2021\/05\/25\/31a-conferencia-anprotec-trilha-4-gestao-do-capital-humano-em-um-mundo-sem-fronteiras\/\" \/>\n<meta property=\"og:locale\" content=\"pt_BR\" \/>\n<meta property=\"og:type\" content=\"article\" \/>\n<meta property=\"og:title\" content=\"31\u00aa Confer\u00eancia Anprotec | Trilha 4: Gest\u00e3o do capital humano em um mundo sem fronteiras - Confer\u00eancia Anprotec 2021\" \/>\n<meta property=\"og:description\" content=\"Hoje \u00e9 dia de anunciar a quarta e \u00faltima trilha que fundamentar\u00e1 o tema central da 31\u00aa Confer\u00eancia Anprotec. Nas \u00faltimas semanas, apresentamos o assunto principal [\u2026]\" \/>\n<meta property=\"og:url\" content=\"https:\/\/anprotec.org.br\/conferencia2021\/2021\/05\/25\/31a-conferencia-anprotec-trilha-4-gestao-do-capital-humano-em-um-mundo-sem-fronteiras\/\" \/>\n<meta property=\"og:site_name\" content=\"Confer\u00eancia Anprotec 2021\" \/>\n<meta property=\"article:published_time\" content=\"2021-05-25T19:56:07+00:00\" \/>\n<meta property=\"article:modified_time\" content=\"2021-08-30T22:31:25+00:00\" \/>\n<meta property=\"og:image\" content=\"https:\/\/anprotec.org.br\/conferencia2021\/wp-content\/uploads\/2021\/08\/Gesta\u0303o-do-Capital.png\" \/>\n\t<meta property=\"og:image:width\" content=\"1024\" \/>\n\t<meta property=\"og:image:height\" content=\"1024\" \/>\n<meta name=\"twitter:card\" content=\"summary_large_image\" \/>\n<meta name=\"twitter:label1\" content=\"Escrito por\" \/>\n\t<meta name=\"twitter:data1\" content=\"stella\" \/>\n\t<meta name=\"twitter:label2\" content=\"Est. tempo de leitura\" \/>\n\t<meta name=\"twitter:data2\" content=\"2 minutos\" \/>\n<script type=\"application\/ld+json\" class=\"yoast-schema-graph\">{\"@context\":\"https:\/\/schema.org\",\"@graph\":[{\"@type\":\"WebSite\",\"@id\":\"https:\/\/anprotec.org.br\/conferencia2021\/#website\",\"url\":\"https:\/\/anprotec.org.br\/conferencia2021\/\",\"name\":\"Confer\\u00eancia Anprotec 2021\",\"description\":\"\",\"potentialAction\":[{\"@type\":\"SearchAction\",\"target\":{\"@type\":\"EntryPoint\",\"urlTemplate\":\"https:\/\/anprotec.org.br\/conferencia2021\/?s={search_term_string}\"},\"query-input\":\"required name=search_term_string\"}],\"inLanguage\":\"pt-BR\"},{\"@type\":\"ImageObject\",\"@id\":\"https:\/\/anprotec.org.br\/conferencia2021\/2021\/05\/25\/31a-conferencia-anprotec-trilha-4-gestao-do-capital-humano-em-um-mundo-sem-fronteiras\/#primaryimage\",\"inLanguage\":\"pt-BR\",\"url\":\"https:\/\/anprotec.org.br\/conferencia2021\/wp-content\/uploads\/2021\/08\/Gesta\\u0303o-do-Capital.png\",\"contentUrl\":\"https:\/\/anprotec.org.br\/conferencia2021\/wp-content\/uploads\/2021\/08\/Gesta\\u0303o-do-Capital.png\",\"width\":1024,\"height\":1024},{\"@type\":\"WebPage\",\"@id\":\"https:\/\/anprotec.org.br\/conferencia2021\/2021\/05\/25\/31a-conferencia-anprotec-trilha-4-gestao-do-capital-humano-em-um-mundo-sem-fronteiras\/#webpage\",\"url\":\"https:\/\/anprotec.org.br\/conferencia2021\/2021\/05\/25\/31a-conferencia-anprotec-trilha-4-gestao-do-capital-humano-em-um-mundo-sem-fronteiras\/\",\"name\":\"31\\u00aa Confer\\u00eancia Anprotec | Trilha 4: Gest\\u00e3o do capital humano em um mundo sem fronteiras - Confer\\u00eancia Anprotec 2021\",\"isPartOf\":{\"@id\":\"https:\/\/anprotec.org.br\/conferencia2021\/#website\"},\"primaryImageOfPage\":{\"@id\":\"https:\/\/anprotec.org.br\/conferencia2021\/2021\/05\/25\/31a-conferencia-anprotec-trilha-4-gestao-do-capital-humano-em-um-mundo-sem-fronteiras\/#primaryimage\"},\"datePublished\":\"2021-05-25T19:56:07+00:00\",\"dateModified\":\"2021-08-30T22:31:25+00:00\",\"author\":{\"@id\":\"https:\/\/anprotec.org.br\/conferencia2021\/#\/schema\/person\/0f88ffbcb58656b833f9e8a84cb74d5d\"},\"breadcrumb\":{\"@id\":\"https:\/\/anprotec.org.br\/conferencia2021\/2021\/05\/25\/31a-conferencia-anprotec-trilha-4-gestao-do-capital-humano-em-um-mundo-sem-fronteiras\/#breadcrumb\"},\"inLanguage\":\"pt-BR\",\"potentialAction\":[{\"@type\":\"ReadAction\",\"target\":[\"https:\/\/anprotec.org.br\/conferencia2021\/2021\/05\/25\/31a-conferencia-anprotec-trilha-4-gestao-do-capital-humano-em-um-mundo-sem-fronteiras\/\"]}]},{\"@type\":\"BreadcrumbList\",\"@id\":\"https:\/\/anprotec.org.br\/conferencia2021\/2021\/05\/25\/31a-conferencia-anprotec-trilha-4-gestao-do-capital-humano-em-um-mundo-sem-fronteiras\/#breadcrumb\",\"itemListElement\":[{\"@type\":\"ListItem\",\"position\":1,\"name\":\"In\\u00edcio\",\"item\":\"https:\/\/anprotec.org.br\/conferencia2021\/\"},{\"@type\":\"ListItem\",\"position\":2,\"name\":\"31\\u00aa Confer\\u00eancia Anprotec | Trilha 4: Gest\\u00e3o do capital humano em um mundo sem fronteiras\"}]},{\"@type\":\"Person\",\"@id\":\"https:\/\/anprotec.org.br\/conferencia2021\/#\/schema\/person\/0f88ffbcb58656b833f9e8a84cb74d5d\",\"name\":\"stella\",\"sameAs\":[\"https:\/\/anprotec.org.br\/conferencia2021\"],\"url\":\"https:\/\/anprotec.org.br\/conferencia2021\/author\/stella\/\"}]}<\/script>\n<!-- \/ Yoast SEO plugin. -->","yoast_head_json":{"title":"31\u00aa Confer\u00eancia Anprotec | Trilha 4: Gest\u00e3o do capital humano em um mundo sem fronteiras - Confer\u00eancia Anprotec 2021","robots":{"index":"index","follow":"follow","max-snippet":"max-snippet:-1","max-image-preview":"max-image-preview:large","max-video-preview":"max-video-preview:-1"},"canonical":"https:\/\/anprotec.org.br\/conferencia2021\/2021\/05\/25\/31a-conferencia-anprotec-trilha-4-gestao-do-capital-humano-em-um-mundo-sem-fronteiras\/","og_locale":"pt_BR","og_type":"article","og_title":"31\u00aa Confer\u00eancia Anprotec | Trilha 4: Gest\u00e3o do capital humano em um mundo sem fronteiras - Confer\u00eancia Anprotec 2021","og_description":"Hoje \u00e9 dia de anunciar a quarta e \u00faltima trilha que fundamentar\u00e1 o tema central da 31\u00aa Confer\u00eancia Anprotec. Nas \u00faltimas semanas, apresentamos o assunto principal [\u2026]","og_url":"https:\/\/anprotec.org.br\/conferencia2021\/2021\/05\/25\/31a-conferencia-anprotec-trilha-4-gestao-do-capital-humano-em-um-mundo-sem-fronteiras\/","og_site_name":"Confer\u00eancia Anprotec 2021","article_published_time":"2021-05-25T19:56:07+00:00","article_modified_time":"2021-08-30T22:31:25+00:00","og_image":[{"width":1024,"height":1024,"url":"https:\/\/anprotec.org.br\/conferencia2021\/wp-content\/uploads\/2021\/08\/Gesta\u0303o-do-Capital.png","path":"\/var\/www\/vhosts\/anprotec.org.br\/httpdocs\/conferencia2021\/wp-content\/uploads\/2021\/08\/Gesta\u0303o-do-Capital.png","size":"full","id":758,"alt":"","pixels":1048576,"type":"image\/png"}],"twitter_card":"summary_large_image","twitter_misc":{"Escrito por":"stella","Est. tempo de leitura":"2 minutos"},"schema":{"@context":"https:\/\/schema.org","@graph":[{"@type":"WebSite","@id":"https:\/\/anprotec.org.br\/conferencia2021\/#website","url":"https:\/\/anprotec.org.br\/conferencia2021\/","name":"Confer\u00eancia Anprotec 2021","description":"","potentialAction":[{"@type":"SearchAction","target":{"@type":"EntryPoint","urlTemplate":"https:\/\/anprotec.org.br\/conferencia2021\/?s={search_term_string}"},"query-input":"required name=search_term_string"}],"inLanguage":"pt-BR"},{"@type":"ImageObject","@id":"https:\/\/anprotec.org.br\/conferencia2021\/2021\/05\/25\/31a-conferencia-anprotec-trilha-4-gestao-do-capital-humano-em-um-mundo-sem-fronteiras\/#primaryimage","inLanguage":"pt-BR","url":"https:\/\/anprotec.org.br\/conferencia2021\/wp-content\/uploads\/2021\/08\/Gesta\u0303o-do-Capital.png","contentUrl":"https:\/\/anprotec.org.br\/conferencia2021\/wp-content\/uploads\/2021\/08\/Gesta\u0303o-do-Capital.png","width":1024,"height":1024},{"@type":"WebPage","@id":"https:\/\/anprotec.org.br\/conferencia2021\/2021\/05\/25\/31a-conferencia-anprotec-trilha-4-gestao-do-capital-humano-em-um-mundo-sem-fronteiras\/#webpage","url":"https:\/\/anprotec.org.br\/conferencia2021\/2021\/05\/25\/31a-conferencia-anprotec-trilha-4-gestao-do-capital-humano-em-um-mundo-sem-fronteiras\/","name":"31\u00aa Confer\u00eancia Anprotec | Trilha 4: Gest\u00e3o do capital humano em um mundo sem fronteiras - Confer\u00eancia Anprotec 2021","isPartOf":{"@id":"https:\/\/anprotec.org.br\/conferencia2021\/#website"},"primaryImageOfPage":{"@id":"https:\/\/anprotec.org.br\/conferencia2021\/2021\/05\/25\/31a-conferencia-anprotec-trilha-4-gestao-do-capital-humano-em-um-mundo-sem-fronteiras\/#primaryimage"},"datePublished":"2021-05-25T19:56:07+00:00","dateModified":"2021-08-30T22:31:25+00:00","author":{"@id":"https:\/\/anprotec.org.br\/conferencia2021\/#\/schema\/person\/0f88ffbcb58656b833f9e8a84cb74d5d"},"breadcrumb":{"@id":"https:\/\/anprotec.org.br\/conferencia2021\/2021\/05\/25\/31a-conferencia-anprotec-trilha-4-gestao-do-capital-humano-em-um-mundo-sem-fronteiras\/#breadcrumb"},"inLanguage":"pt-BR","potentialAction":[{"@type":"ReadAction","target":["https:\/\/anprotec.org.br\/conferencia2021\/2021\/05\/25\/31a-conferencia-anprotec-trilha-4-gestao-do-capital-humano-em-um-mundo-sem-fronteiras\/"]}]},{"@type":"BreadcrumbList","@id":"https:\/\/anprotec.org.br\/conferencia2021\/2021\/05\/25\/31a-conferencia-anprotec-trilha-4-gestao-do-capital-humano-em-um-mundo-sem-fronteiras\/#breadcrumb","itemListElement":[{"@type":"ListItem","position":1,"name":"In\u00edcio","item":"https:\/\/anprotec.org.br\/conferencia2021\/"},{"@type":"ListItem","position":2,"name":"31\u00aa Confer\u00eancia Anprotec | Trilha 4: Gest\u00e3o do capital humano em um mundo sem fronteiras"}]},{"@type":"Person","@id":"https:\/\/anprotec.org.br\/conferencia2021\/#\/schema\/person\/0f88ffbcb58656b833f9e8a84cb74d5d","name":"stella","sameAs":["https:\/\/anprotec.org.br\/conferencia2021"],"url":"https:\/\/anprotec.org.br\/conferencia2021\/author\/stella\/"}]}},"_links":{"self":[{"href":"https:\/\/anprotec.org.br\/conferencia2021\/wp-json\/wp\/v2\/posts\/757","targetHints":{"allow":["GET"]}}],"collection":[{"href":"https:\/\/anprotec.org.br\/conferencia2021\/wp-json\/wp\/v2\/posts"}],"about":[{"href":"https:\/\/anprotec.org.br\/conferencia2021\/wp-json\/wp\/v2\/types\/post"}],"author":[{"embeddable":true,"href":"https:\/\/anprotec.org.br\/conferencia2021\/wp-json\/wp\/v2\/users\/1"}],"replies":[{"embeddable":true,"href":"https:\/\/anprotec.org.br\/conferencia2021\/wp-json\/wp\/v2\/comments?post=757"}],"version-history":[{"count":2,"href":"https:\/\/anprotec.org.br\/conferencia2021\/wp-json\/wp\/v2\/posts\/757\/revisions"}],"predecessor-version":[{"id":893,"href":"https:\/\/anprotec.org.br\/conferencia2021\/wp-json\/wp\/v2\/posts\/757\/revisions\/893"}],"wp:featuredmedia":[{"embeddable":true,"href":"https:\/\/anprotec.org.br\/conferencia2021\/wp-json\/wp\/v2\/media\/758"}],"wp:attachment":[{"href":"https:\/\/anprotec.org.br\/conferencia2021\/wp-json\/wp\/v2\/media?parent=757"}],"wp:term":[{"taxonomy":"category","embeddable":true,"href":"https:\/\/anprotec.org.br\/conferencia2021\/wp-json\/wp\/v2\/categories?post=757"},{"taxonomy":"post_tag","embeddable":true,"href":"https:\/\/anprotec.org.br\/conferencia2021\/wp-json\/wp\/v2\/tags?post=757"}],"curies":[{"name":"wp","href":"https:\/\/api.w.org\/{rel}","templated":true}]}}