{"id":745,"date":"2021-04-28T16:47:03","date_gmt":"2021-04-28T19:47:03","guid":{"rendered":"https:\/\/anprotec.org.br\/conferencia2021\/?p=745"},"modified":"2021-11-01T09:11:31","modified_gmt":"2021-11-01T12:11:31","slug":"the-great-reset-conheca-o-tema-da-31a-conferencia-anprotec","status":"publish","type":"post","link":"https:\/\/anprotec.org.br\/conferencia2021\/2021\/04\/28\/the-great-reset-conheca-o-tema-da-31a-conferencia-anprotec\/","title":{"rendered":"The Great Reset \u2013 Conhe\u00e7a o tema da 31\u00aa Confer\u00eancia Anprotec"},"content":{"rendered":"<div class=\"kvgmc6g5 cxmmr5t8 oygrvhab hcukyx3x c1et5uql ii04i59q\">\n<div dir=\"auto\"><img loading=\"lazy\" decoding=\"async\" class=\"alignnone size-full wp-image-746\" src=\"https:\/\/anprotec.org.br\/conferencia2021\/wp-content\/uploads\/2021\/08\/The-Great-Reset.png\" alt=\"\" width=\"768\" height=\"768\" srcset=\"https:\/\/anprotec.org.br\/conferencia2021\/wp-content\/uploads\/2021\/08\/The-Great-Reset.png 768w, https:\/\/anprotec.org.br\/conferencia2021\/wp-content\/uploads\/2021\/08\/The-Great-Reset-300x300.png 300w, https:\/\/anprotec.org.br\/conferencia2021\/wp-content\/uploads\/2021\/08\/The-Great-Reset-150x150.png 150w, https:\/\/anprotec.org.br\/conferencia2021\/wp-content\/uploads\/2021\/08\/The-Great-Reset-146x146.png 146w, https:\/\/anprotec.org.br\/conferencia2021\/wp-content\/uploads\/2021\/08\/The-Great-Reset-50x50.png 50w, https:\/\/anprotec.org.br\/conferencia2021\/wp-content\/uploads\/2021\/08\/The-Great-Reset-75x75.png 75w, https:\/\/anprotec.org.br\/conferencia2021\/wp-content\/uploads\/2021\/08\/The-Great-Reset-85x85.png 85w, https:\/\/anprotec.org.br\/conferencia2021\/wp-content\/uploads\/2021\/08\/The-Great-Reset-80x80.png 80w\" sizes=\"auto, (max-width: 768px) 100vw, 768px\" \/><\/div>\n<div dir=\"auto\">A 31\u00aa Confer\u00eancia Anprotec ter\u00e1 como tema deste ano \u2018The Great Reset: A Redefini\u00e7\u00e3o dos Ambientes de Inova\u00e7\u00e3o\u2019. O conceito foi criado pelo F\u00f3rum Mundial Econ\u00f4mico como uma iniciativa que pressup\u00f5e a pandemia como um ponto de partida para a restrutura\u00e7\u00e3o da economia mundial de forma mais sustent\u00e1vel.<\/div>\n<div dir=\"auto\">\n<p>N\u00e3o \u00e9 novidade que a pandemia do novo Coronav\u00edrus alterou drasticamente a forma como as pessoas convivem, trabalham, estudam, consomem e ocupam espa\u00e7os, criando uma necessidade muito grande de adapta\u00e7\u00e3o em todo mundo. Mas <strong>esse cen\u00e1rio, \u00e0 princ\u00edpio ca\u00f3tico, tamb\u00e9m permite a oportunidade de criarmos um legado para as pr\u00f3ximas gera\u00e7\u00f5es<\/strong>, j\u00e1 que h\u00e1 uma urg\u00eancia por parte dos stakeholders globais para a coopera\u00e7\u00e3o na solu\u00e7\u00e3o das consequ\u00eancias diretas da crise de Covid-19.<\/p>\n<p>Foi nesse contexto que o F\u00f3rum Mundial Econ\u00f4mico deu in\u00edcio \u00e0 inciativa <strong><em>The Great Reset<\/em> \u2013 a Grande Redefini\u00e7\u00e3o, em tradu\u00e7\u00e3o liter\u00e1ria \u2013 que pressup\u00f5e a pandemia como um ponto de partida para a restrutura\u00e7\u00e3o da economia mundial de forma mais sustent\u00e1vel.<\/strong><\/p>\n<p>As consequ\u00eancias pol\u00edticas, econ\u00f4micas e sociais advindas da crise do Coronav\u00edrus est\u00e3o transformando fundamentalmente o contexto tradicional de tomada de decis\u00e3o. <strong>As inconsist\u00eancias, inadequa\u00e7\u00f5es e contradi\u00e7\u00f5es de m\u00faltiplos sistemas \u2013 desde o da sa\u00fade, financeiro, produ\u00e7\u00e3o industrial, energia educa\u00e7\u00e3o \u2013 est\u00e3o mais expostas do que nunca, em um contexto global de preocupa\u00e7\u00e3o com as vidas, os meios de subsist\u00eancia e o planeta<\/strong>.<\/p>\n<p>Assim, de acordo com o F\u00f3rum Mundial Econ\u00f4mico, os l\u00edderes se encontram em uma encruzilhada hist\u00f3rica, gerenciando as press\u00f5es de curto prazo contra as incertezas de m\u00e9dio e longo prazo.<\/p>\n<p><strong>Oportunidades<\/strong><\/p>\n<p>Ao se abrir para moldar a recupera\u00e7\u00e3o de um ecossistema, uma janela de oportunidade \u00fanica tamb\u00e9m oferece insights de informa\u00e7\u00e3o para aqueles que determinam o estado futuro das rela\u00e7\u00f5es globais, a dire\u00e7\u00e3o das economias nacionais, as prioridades das sociedades, a natureza dos modelos de neg\u00f3cios e a gest\u00e3o de um bem comum global.<\/p>\n<p>Assim, a iniciativa <em>The Great Rese<\/em>t admite um conjunto de dimens\u00f5es para construir <strong>um novo contrato social que priorize o revigoramento da ci\u00eancia, tecnologia e inova\u00e7\u00e3o, um movimento global para redu\u00e7\u00e3o das emiss\u00f5es<\/strong> e implementa\u00e7\u00e3o de m\u00e9todos de absor\u00e7\u00e3o de di\u00f3xido de carbono da atmosfera, e a precifica\u00e7\u00e3o de carbono, reinventando estruturas de incentivo de longa data, reequilibrando fomentos para incluir mais investimentos verdes e encorajando projetos de infraestrutura p\u00fablica verde.<\/p>\n<p><strong>Um assunto em voga <\/strong><\/p>\n<p>A pauta de impacto socioambiental est\u00e1 constantemente presente nas discuss\u00f5es da Anprotec. Al\u00e9m do programa de Incuba\u00e7\u00e3o e Acelera\u00e7\u00e3o de Impacto, em parceria com o Sebrae e o Instituto de Cidadania Empresarial (ICE), que j\u00e1 concluiu cinco edi\u00e7\u00f5es mobilizando ambientes de inova\u00e7\u00e3o a desenharem estrat\u00e9gias para atrair, selecionar e acompanhar a estrutura\u00e7\u00e3o de neg\u00f3cios de impacto em seu portf\u00f3lio, a <strong>Associa\u00e7\u00e3o recebeu no encerramento de sua Confer\u00eancia 2020 o presidente do Global Steering Group for Impact Investment, Sir. Ronald Cohen, que refor\u00e7ou a ideia de <em>Great Reset.<\/em><\/strong><\/p>\n<p>Em sua fala, Sir Cohen afirmou que <strong>os neg\u00f3cios de impacto est\u00e3o se tornando o <em>mainstream<\/em><\/strong>. Segundo ele, <strong>o mundo est\u00e1 compreendendo que as empresas n\u00e3o podem operar mais em modelos de neg\u00f3cio que causem danos sociais e ambientais, esperando que apenas os seus impostos compensem esses problemas<\/strong>.<\/p>\n<p>Na ocasi\u00e3o, Sir. Cohen tamb\u00e9m defendeu que os relat\u00f3rios financeiros das empresas passem a contabilizar tais impactos, apresentando a chamada \u201ccontabilidade de impacto\u201d. \u201cEstamos em um momento singular, devido \u00e0 pandemia, em que os governos aumentaram os seus d\u00e9bitos e a pobreza cresceu rapidamente. Sozinhos, eles n\u00e3o conseguir\u00e3o resolver esses problemas e precisam trazer as empresas para enfrentar esses desafios. \u00c9 algo semelhante ao New Deal, proposto pelo governo americano em 1930, ap\u00f3s o crash da bolsa de valores em 1929\u201d, argumentou. Para ele, a pandemia de Covid-19 serve como um catalisador para os neg\u00f3cios de impacto.<\/p>\n<p>\u201cOs direcionadores de mercado est\u00e3o mudando. As empresas est\u00e3o percebendo que n\u00e3o adianta performar bem, sem fazer o bem. A sociedade est\u00e1 exigindo isso. Precisamos continuar medindo o impacto em cada neg\u00f3cio, em cada investimento e em cada pol\u00edtica p\u00fablica. A \u2018m\u00e3o invis\u00edvel do mercado\u2019 precisa se tornar o \u2018<strong>cora\u00e7\u00e3o invis\u00edvel do mercado\u2019<\/strong>\u201d, disse Sir Cohen, reformulando o termo cunhado por Adam Smith, no s\u00e9culo XVIII, no cl\u00e1ssico \u201cA riqueza das na\u00e7\u00f5es\u201d.<\/p>\n<p>Tendo como base o tema <strong>The Great Reset: a redefini\u00e7\u00e3o dos ambientes de inova\u00e7\u00e3o<\/strong> a 31\u00aa edi\u00e7\u00e3o da Confer\u00eancia Anprotec de Empreendedorismo e Ambientes de Inova\u00e7\u00e3o abordar\u00e1 sobre o conte\u00fado separando-o em quatro trilhas que ser\u00e3o divulgadas posteriormente.<\/p>\n<\/div>\n<\/div>\n<div class=\"o9v6fnle cxmmr5t8 oygrvhab hcukyx3x c1et5uql ii04i59q\">\n<div dir=\"auto\">Temos muitas novidades para compartilhar com voc\u00eas. Fiquem de olho para n\u00e3o perder nada!<\/div>\n<div dir=\"auto\"><\/div>\n<\/div>\n","protected":false},"excerpt":{"rendered":"<p>A 31\u00aa Confer\u00eancia Anprotec ter\u00e1 como tema deste ano \u2018The Great Reset: A Redefini\u00e7\u00e3o dos Ambientes de Inova\u00e7\u00e3o\u2019. O conceito foi criado pelo F\u00f3rum Mundial Econ\u00f4mico<span class=\"excerpt-hellip\"> [\u2026]<\/span><\/p>\n","protected":false},"author":1,"featured_media":746,"comment_status":"closed","ping_status":"open","sticky":false,"template":"","format":"standard","meta":{"footnotes":""},"categories":[1],"tags":[],"class_list":["post-745","post","type-post","status-publish","format-standard","has-post-thumbnail","hentry","category-noticias"],"yoast_head":"<!-- This site is optimized with the Yoast SEO plugin v17.0 - https:\/\/yoast.com\/wordpress\/plugins\/seo\/ -->\n<title>The Great Reset \u2013 Conhe\u00e7a o tema da 31\u00aa Confer\u00eancia Anprotec - Confer\u00eancia Anprotec 2021<\/title>\n<meta name=\"robots\" content=\"index, follow, max-snippet:-1, max-image-preview:large, max-video-preview:-1\" \/>\n<link rel=\"canonical\" href=\"https:\/\/anprotec.org.br\/conferencia2021\/2021\/04\/28\/the-great-reset-conheca-o-tema-da-31a-conferencia-anprotec\/\" \/>\n<meta property=\"og:locale\" content=\"pt_BR\" \/>\n<meta property=\"og:type\" content=\"article\" \/>\n<meta property=\"og:title\" content=\"The Great Reset \u2013 Conhe\u00e7a o tema da 31\u00aa Confer\u00eancia Anprotec - Confer\u00eancia Anprotec 2021\" \/>\n<meta property=\"og:description\" content=\"A 31\u00aa Confer\u00eancia Anprotec ter\u00e1 como tema deste ano \u2018The Great Reset: A Redefini\u00e7\u00e3o dos Ambientes de Inova\u00e7\u00e3o\u2019. O conceito foi criado pelo F\u00f3rum Mundial Econ\u00f4mico [\u2026]\" \/>\n<meta property=\"og:url\" content=\"https:\/\/anprotec.org.br\/conferencia2021\/2021\/04\/28\/the-great-reset-conheca-o-tema-da-31a-conferencia-anprotec\/\" \/>\n<meta property=\"og:site_name\" content=\"Confer\u00eancia Anprotec 2021\" \/>\n<meta property=\"article:published_time\" content=\"2021-04-28T19:47:03+00:00\" \/>\n<meta property=\"article:modified_time\" content=\"2021-11-01T12:11:31+00:00\" \/>\n<meta property=\"og:image\" content=\"https:\/\/anprotec.org.br\/conferencia2021\/wp-content\/uploads\/2021\/08\/The-Great-Reset.png\" \/>\n\t<meta property=\"og:image:width\" content=\"768\" \/>\n\t<meta property=\"og:image:height\" content=\"768\" \/>\n<meta name=\"twitter:card\" content=\"summary_large_image\" \/>\n<meta name=\"twitter:label1\" content=\"Escrito por\" \/>\n\t<meta name=\"twitter:data1\" content=\"stella\" \/>\n\t<meta name=\"twitter:label2\" content=\"Est. tempo de leitura\" \/>\n\t<meta name=\"twitter:data2\" content=\"4 minutos\" \/>\n<script type=\"application\/ld+json\" class=\"yoast-schema-graph\">{\"@context\":\"https:\/\/schema.org\",\"@graph\":[{\"@type\":\"WebSite\",\"@id\":\"https:\/\/anprotec.org.br\/conferencia2021\/#website\",\"url\":\"https:\/\/anprotec.org.br\/conferencia2021\/\",\"name\":\"Confer\\u00eancia Anprotec 2021\",\"description\":\"\",\"potentialAction\":[{\"@type\":\"SearchAction\",\"target\":{\"@type\":\"EntryPoint\",\"urlTemplate\":\"https:\/\/anprotec.org.br\/conferencia2021\/?s={search_term_string}\"},\"query-input\":\"required name=search_term_string\"}],\"inLanguage\":\"pt-BR\"},{\"@type\":\"ImageObject\",\"@id\":\"https:\/\/anprotec.org.br\/conferencia2021\/2021\/04\/28\/the-great-reset-conheca-o-tema-da-31a-conferencia-anprotec\/#primaryimage\",\"inLanguage\":\"pt-BR\",\"url\":\"https:\/\/anprotec.org.br\/conferencia2021\/wp-content\/uploads\/2021\/08\/The-Great-Reset.png\",\"contentUrl\":\"https:\/\/anprotec.org.br\/conferencia2021\/wp-content\/uploads\/2021\/08\/The-Great-Reset.png\",\"width\":768,\"height\":768},{\"@type\":\"WebPage\",\"@id\":\"https:\/\/anprotec.org.br\/conferencia2021\/2021\/04\/28\/the-great-reset-conheca-o-tema-da-31a-conferencia-anprotec\/#webpage\",\"url\":\"https:\/\/anprotec.org.br\/conferencia2021\/2021\/04\/28\/the-great-reset-conheca-o-tema-da-31a-conferencia-anprotec\/\",\"name\":\"The Great Reset \\u2013 Conhe\\u00e7a o tema da 31\\u00aa Confer\\u00eancia Anprotec - Confer\\u00eancia Anprotec 2021\",\"isPartOf\":{\"@id\":\"https:\/\/anprotec.org.br\/conferencia2021\/#website\"},\"primaryImageOfPage\":{\"@id\":\"https:\/\/anprotec.org.br\/conferencia2021\/2021\/04\/28\/the-great-reset-conheca-o-tema-da-31a-conferencia-anprotec\/#primaryimage\"},\"datePublished\":\"2021-04-28T19:47:03+00:00\",\"dateModified\":\"2021-11-01T12:11:31+00:00\",\"author\":{\"@id\":\"https:\/\/anprotec.org.br\/conferencia2021\/#\/schema\/person\/0f88ffbcb58656b833f9e8a84cb74d5d\"},\"breadcrumb\":{\"@id\":\"https:\/\/anprotec.org.br\/conferencia2021\/2021\/04\/28\/the-great-reset-conheca-o-tema-da-31a-conferencia-anprotec\/#breadcrumb\"},\"inLanguage\":\"pt-BR\",\"potentialAction\":[{\"@type\":\"ReadAction\",\"target\":[\"https:\/\/anprotec.org.br\/conferencia2021\/2021\/04\/28\/the-great-reset-conheca-o-tema-da-31a-conferencia-anprotec\/\"]}]},{\"@type\":\"BreadcrumbList\",\"@id\":\"https:\/\/anprotec.org.br\/conferencia2021\/2021\/04\/28\/the-great-reset-conheca-o-tema-da-31a-conferencia-anprotec\/#breadcrumb\",\"itemListElement\":[{\"@type\":\"ListItem\",\"position\":1,\"name\":\"In\\u00edcio\",\"item\":\"https:\/\/anprotec.org.br\/conferencia2021\/\"},{\"@type\":\"ListItem\",\"position\":2,\"name\":\"The Great Reset \\u2013 Conhe\\u00e7a o tema da 31\\u00aa Confer\\u00eancia Anprotec\"}]},{\"@type\":\"Person\",\"@id\":\"https:\/\/anprotec.org.br\/conferencia2021\/#\/schema\/person\/0f88ffbcb58656b833f9e8a84cb74d5d\",\"name\":\"stella\",\"sameAs\":[\"https:\/\/anprotec.org.br\/conferencia2021\"],\"url\":\"https:\/\/anprotec.org.br\/conferencia2021\/author\/stella\/\"}]}<\/script>\n<!-- \/ Yoast SEO plugin. -->","yoast_head_json":{"title":"The Great Reset \u2013 Conhe\u00e7a o tema da 31\u00aa Confer\u00eancia Anprotec - Confer\u00eancia Anprotec 2021","robots":{"index":"index","follow":"follow","max-snippet":"max-snippet:-1","max-image-preview":"max-image-preview:large","max-video-preview":"max-video-preview:-1"},"canonical":"https:\/\/anprotec.org.br\/conferencia2021\/2021\/04\/28\/the-great-reset-conheca-o-tema-da-31a-conferencia-anprotec\/","og_locale":"pt_BR","og_type":"article","og_title":"The Great Reset \u2013 Conhe\u00e7a o tema da 31\u00aa Confer\u00eancia Anprotec - Confer\u00eancia Anprotec 2021","og_description":"A 31\u00aa Confer\u00eancia Anprotec ter\u00e1 como tema deste ano \u2018The Great Reset: A Redefini\u00e7\u00e3o dos Ambientes de Inova\u00e7\u00e3o\u2019. O conceito foi criado pelo F\u00f3rum Mundial Econ\u00f4mico [\u2026]","og_url":"https:\/\/anprotec.org.br\/conferencia2021\/2021\/04\/28\/the-great-reset-conheca-o-tema-da-31a-conferencia-anprotec\/","og_site_name":"Confer\u00eancia Anprotec 2021","article_published_time":"2021-04-28T19:47:03+00:00","article_modified_time":"2021-11-01T12:11:31+00:00","og_image":[{"width":768,"height":768,"url":"https:\/\/anprotec.org.br\/conferencia2021\/wp-content\/uploads\/2021\/08\/The-Great-Reset.png","path":"\/var\/www\/vhosts\/anprotec.org.br\/httpdocs\/conferencia2021\/wp-content\/uploads\/2021\/08\/The-Great-Reset.png","size":"full","id":746,"alt":"","pixels":589824,"type":"image\/png"}],"twitter_card":"summary_large_image","twitter_misc":{"Escrito por":"stella","Est. tempo de leitura":"4 minutos"},"schema":{"@context":"https:\/\/schema.org","@graph":[{"@type":"WebSite","@id":"https:\/\/anprotec.org.br\/conferencia2021\/#website","url":"https:\/\/anprotec.org.br\/conferencia2021\/","name":"Confer\u00eancia Anprotec 2021","description":"","potentialAction":[{"@type":"SearchAction","target":{"@type":"EntryPoint","urlTemplate":"https:\/\/anprotec.org.br\/conferencia2021\/?s={search_term_string}"},"query-input":"required name=search_term_string"}],"inLanguage":"pt-BR"},{"@type":"ImageObject","@id":"https:\/\/anprotec.org.br\/conferencia2021\/2021\/04\/28\/the-great-reset-conheca-o-tema-da-31a-conferencia-anprotec\/#primaryimage","inLanguage":"pt-BR","url":"https:\/\/anprotec.org.br\/conferencia2021\/wp-content\/uploads\/2021\/08\/The-Great-Reset.png","contentUrl":"https:\/\/anprotec.org.br\/conferencia2021\/wp-content\/uploads\/2021\/08\/The-Great-Reset.png","width":768,"height":768},{"@type":"WebPage","@id":"https:\/\/anprotec.org.br\/conferencia2021\/2021\/04\/28\/the-great-reset-conheca-o-tema-da-31a-conferencia-anprotec\/#webpage","url":"https:\/\/anprotec.org.br\/conferencia2021\/2021\/04\/28\/the-great-reset-conheca-o-tema-da-31a-conferencia-anprotec\/","name":"The Great Reset \u2013 Conhe\u00e7a o tema da 31\u00aa Confer\u00eancia Anprotec - Confer\u00eancia Anprotec 2021","isPartOf":{"@id":"https:\/\/anprotec.org.br\/conferencia2021\/#website"},"primaryImageOfPage":{"@id":"https:\/\/anprotec.org.br\/conferencia2021\/2021\/04\/28\/the-great-reset-conheca-o-tema-da-31a-conferencia-anprotec\/#primaryimage"},"datePublished":"2021-04-28T19:47:03+00:00","dateModified":"2021-11-01T12:11:31+00:00","author":{"@id":"https:\/\/anprotec.org.br\/conferencia2021\/#\/schema\/person\/0f88ffbcb58656b833f9e8a84cb74d5d"},"breadcrumb":{"@id":"https:\/\/anprotec.org.br\/conferencia2021\/2021\/04\/28\/the-great-reset-conheca-o-tema-da-31a-conferencia-anprotec\/#breadcrumb"},"inLanguage":"pt-BR","potentialAction":[{"@type":"ReadAction","target":["https:\/\/anprotec.org.br\/conferencia2021\/2021\/04\/28\/the-great-reset-conheca-o-tema-da-31a-conferencia-anprotec\/"]}]},{"@type":"BreadcrumbList","@id":"https:\/\/anprotec.org.br\/conferencia2021\/2021\/04\/28\/the-great-reset-conheca-o-tema-da-31a-conferencia-anprotec\/#breadcrumb","itemListElement":[{"@type":"ListItem","position":1,"name":"In\u00edcio","item":"https:\/\/anprotec.org.br\/conferencia2021\/"},{"@type":"ListItem","position":2,"name":"The Great Reset \u2013 Conhe\u00e7a o tema da 31\u00aa Confer\u00eancia Anprotec"}]},{"@type":"Person","@id":"https:\/\/anprotec.org.br\/conferencia2021\/#\/schema\/person\/0f88ffbcb58656b833f9e8a84cb74d5d","name":"stella","sameAs":["https:\/\/anprotec.org.br\/conferencia2021"],"url":"https:\/\/anprotec.org.br\/conferencia2021\/author\/stella\/"}]}},"_links":{"self":[{"href":"https:\/\/anprotec.org.br\/conferencia2021\/wp-json\/wp\/v2\/posts\/745","targetHints":{"allow":["GET"]}}],"collection":[{"href":"https:\/\/anprotec.org.br\/conferencia2021\/wp-json\/wp\/v2\/posts"}],"about":[{"href":"https:\/\/anprotec.org.br\/conferencia2021\/wp-json\/wp\/v2\/types\/post"}],"author":[{"embeddable":true,"href":"https:\/\/anprotec.org.br\/conferencia2021\/wp-json\/wp\/v2\/users\/1"}],"replies":[{"embeddable":true,"href":"https:\/\/anprotec.org.br\/conferencia2021\/wp-json\/wp\/v2\/comments?post=745"}],"version-history":[{"count":2,"href":"https:\/\/anprotec.org.br\/conferencia2021\/wp-json\/wp\/v2\/posts\/745\/revisions"}],"predecessor-version":[{"id":1274,"href":"https:\/\/anprotec.org.br\/conferencia2021\/wp-json\/wp\/v2\/posts\/745\/revisions\/1274"}],"wp:featuredmedia":[{"embeddable":true,"href":"https:\/\/anprotec.org.br\/conferencia2021\/wp-json\/wp\/v2\/media\/746"}],"wp:attachment":[{"href":"https:\/\/anprotec.org.br\/conferencia2021\/wp-json\/wp\/v2\/media?parent=745"}],"wp:term":[{"taxonomy":"category","embeddable":true,"href":"https:\/\/anprotec.org.br\/conferencia2021\/wp-json\/wp\/v2\/categories?post=745"},{"taxonomy":"post_tag","embeddable":true,"href":"https:\/\/anprotec.org.br\/conferencia2021\/wp-json\/wp\/v2\/tags?post=745"}],"curies":[{"name":"wp","href":"https:\/\/api.w.org\/{rel}","templated":true}]}}