{"id":737,"date":"2021-05-07T16:40:54","date_gmt":"2021-05-07T19:40:54","guid":{"rendered":"https:\/\/anprotec.org.br\/conferencia2021\/?p=737"},"modified":"2021-08-30T19:31:09","modified_gmt":"2021-08-30T22:31:09","slug":"seja-um-avaliador-do-comite-cientifico-da-conferencia-anprotec-2021","status":"publish","type":"post","link":"https:\/\/anprotec.org.br\/conferencia2021\/2021\/05\/07\/seja-um-avaliador-do-comite-cientifico-da-conferencia-anprotec-2021\/","title":{"rendered":"Seja um avaliador do Comit\u00ea Cient\u00edfico da Confer\u00eancia Anprotec 2021"},"content":{"rendered":"<div class=\"freebirdFormviewerViewHeaderTitleRow\">Fa\u00e7a parte do Comit\u00ea Cient\u00edfico que ser\u00e1 respons\u00e1vel por avaliar os artigos completos e relatos de boas pr\u00e1ticas que ser\u00e3o apresentados durante a 31\u00aa Confer\u00eancia Anprotec.<\/div>\n<div class=\"freebirdFormviewerViewHeaderTitleRow\">\n<div class=\"freebirdFormviewerViewHeaderTitle exportFormTitle freebirdCustomFont\" dir=\"auto\" role=\"heading\">\n<p>A sua participa\u00e7\u00e3o \u00e9 muito importante para mantermos o alto n\u00edvel nos trabalhos apresentados durante o evento. Os participantes do Comit\u00ea Cient\u00edfico tamb\u00e9m podem submeter trabalhos e ter\u00e3o direito a inscri\u00e7\u00e3o gratuita na Confer\u00eancia Anprotec 2021.<\/p>\n<p>Para participar da chamada, preencha o formul\u00e1rio <a href=\"https:\/\/docs.google.com\/forms\/d\/e\/1FAIpQLSduvXZllkqMIT14wZX7uki4hE4VwsLZJjvhtc_gBg4ioYMBjQ\/viewform\" rel=\"noopener noreferrer\">neste link<\/a>. Os candidatos ser\u00e3o selecionados pela presid\u00eancia do Comit\u00ea Cient\u00edfico.<\/p>\n<p><img loading=\"lazy\" decoding=\"async\" class=\"wp-image-736 aligncenter\" src=\"https:\/\/anprotec.org.br\/conferencia2021\/wp-content\/uploads\/2021\/08\/Avaliador.png\" alt=\"\" width=\"793\" height=\"793\" srcset=\"https:\/\/anprotec.org.br\/conferencia2021\/wp-content\/uploads\/2021\/08\/Avaliador.png 801w, https:\/\/anprotec.org.br\/conferencia2021\/wp-content\/uploads\/2021\/08\/Avaliador-300x300.png 300w, https:\/\/anprotec.org.br\/conferencia2021\/wp-content\/uploads\/2021\/08\/Avaliador-150x150.png 150w, https:\/\/anprotec.org.br\/conferencia2021\/wp-content\/uploads\/2021\/08\/Avaliador-768x768.png 768w, https:\/\/anprotec.org.br\/conferencia2021\/wp-content\/uploads\/2021\/08\/Avaliador-146x146.png 146w, https:\/\/anprotec.org.br\/conferencia2021\/wp-content\/uploads\/2021\/08\/Avaliador-50x50.png 50w, https:\/\/anprotec.org.br\/conferencia2021\/wp-content\/uploads\/2021\/08\/Avaliador-75x75.png 75w, https:\/\/anprotec.org.br\/conferencia2021\/wp-content\/uploads\/2021\/08\/Avaliador-85x85.png 85w, https:\/\/anprotec.org.br\/conferencia2021\/wp-content\/uploads\/2021\/08\/Avaliador-80x80.png 80w\" sizes=\"auto, (max-width: 793px) 100vw, 793px\" \/><\/p>\n<\/div>\n<\/div>\n","protected":false},"excerpt":{"rendered":"<p>Fa\u00e7a parte do Comit\u00ea Cient\u00edfico que ser\u00e1 respons\u00e1vel por avaliar os artigos completos e relatos de boas pr\u00e1ticas que ser\u00e3o apresentados durante a 31\u00aa Confer\u00eancia Anprotec.<span class=\"excerpt-hellip\"> [\u2026]<\/span><\/p>\n","protected":false},"author":1,"featured_media":736,"comment_status":"closed","ping_status":"open","sticky":false,"template":"","format":"standard","meta":{"footnotes":""},"categories":[1],"tags":[],"class_list":["post-737","post","type-post","status-publish","format-standard","has-post-thumbnail","hentry","category-noticias"],"yoast_head":"<!-- This site is optimized with the Yoast SEO plugin v17.0 - https:\/\/yoast.com\/wordpress\/plugins\/seo\/ -->\n<title>Seja um avaliador do Comit\u00ea Cient\u00edfico da Confer\u00eancia Anprotec 2021 - Confer\u00eancia Anprotec 2021<\/title>\n<meta name=\"robots\" content=\"index, follow, max-snippet:-1, max-image-preview:large, max-video-preview:-1\" \/>\n<link rel=\"canonical\" href=\"https:\/\/anprotec.org.br\/conferencia2021\/2021\/05\/07\/seja-um-avaliador-do-comite-cientifico-da-conferencia-anprotec-2021\/\" \/>\n<meta property=\"og:locale\" content=\"pt_BR\" \/>\n<meta property=\"og:type\" content=\"article\" \/>\n<meta property=\"og:title\" content=\"Seja um avaliador do Comit\u00ea Cient\u00edfico da Confer\u00eancia Anprotec 2021 - Confer\u00eancia Anprotec 2021\" \/>\n<meta property=\"og:description\" content=\"Fa\u00e7a parte do Comit\u00ea Cient\u00edfico que ser\u00e1 respons\u00e1vel por avaliar os artigos completos e relatos de boas pr\u00e1ticas que ser\u00e3o apresentados durante a 31\u00aa Confer\u00eancia Anprotec. [\u2026]\" \/>\n<meta property=\"og:url\" content=\"https:\/\/anprotec.org.br\/conferencia2021\/2021\/05\/07\/seja-um-avaliador-do-comite-cientifico-da-conferencia-anprotec-2021\/\" \/>\n<meta property=\"og:site_name\" content=\"Confer\u00eancia Anprotec 2021\" \/>\n<meta property=\"article:published_time\" content=\"2021-05-07T19:40:54+00:00\" \/>\n<meta property=\"article:modified_time\" content=\"2021-08-30T22:31:09+00:00\" \/>\n<meta property=\"og:image\" content=\"https:\/\/anprotec.org.br\/conferencia2021\/wp-content\/uploads\/2021\/08\/Avaliador.png\" \/>\n\t<meta property=\"og:image:width\" content=\"801\" \/>\n\t<meta property=\"og:image:height\" content=\"801\" \/>\n<meta name=\"twitter:card\" content=\"summary_large_image\" \/>\n<meta name=\"twitter:label1\" content=\"Escrito por\" \/>\n\t<meta name=\"twitter:data1\" content=\"stella\" \/>\n<script type=\"application\/ld+json\" class=\"yoast-schema-graph\">{\"@context\":\"https:\/\/schema.org\",\"@graph\":[{\"@type\":\"WebSite\",\"@id\":\"https:\/\/anprotec.org.br\/conferencia2021\/#website\",\"url\":\"https:\/\/anprotec.org.br\/conferencia2021\/\",\"name\":\"Confer\\u00eancia Anprotec 2021\",\"description\":\"\",\"potentialAction\":[{\"@type\":\"SearchAction\",\"target\":{\"@type\":\"EntryPoint\",\"urlTemplate\":\"https:\/\/anprotec.org.br\/conferencia2021\/?s={search_term_string}\"},\"query-input\":\"required name=search_term_string\"}],\"inLanguage\":\"pt-BR\"},{\"@type\":\"ImageObject\",\"@id\":\"https:\/\/anprotec.org.br\/conferencia2021\/2021\/05\/07\/seja-um-avaliador-do-comite-cientifico-da-conferencia-anprotec-2021\/#primaryimage\",\"inLanguage\":\"pt-BR\",\"url\":\"https:\/\/anprotec.org.br\/conferencia2021\/wp-content\/uploads\/2021\/08\/Avaliador.png\",\"contentUrl\":\"https:\/\/anprotec.org.br\/conferencia2021\/wp-content\/uploads\/2021\/08\/Avaliador.png\",\"width\":801,\"height\":801},{\"@type\":\"WebPage\",\"@id\":\"https:\/\/anprotec.org.br\/conferencia2021\/2021\/05\/07\/seja-um-avaliador-do-comite-cientifico-da-conferencia-anprotec-2021\/#webpage\",\"url\":\"https:\/\/anprotec.org.br\/conferencia2021\/2021\/05\/07\/seja-um-avaliador-do-comite-cientifico-da-conferencia-anprotec-2021\/\",\"name\":\"Seja um avaliador do Comit\\u00ea Cient\\u00edfico da Confer\\u00eancia Anprotec 2021 - Confer\\u00eancia Anprotec 2021\",\"isPartOf\":{\"@id\":\"https:\/\/anprotec.org.br\/conferencia2021\/#website\"},\"primaryImageOfPage\":{\"@id\":\"https:\/\/anprotec.org.br\/conferencia2021\/2021\/05\/07\/seja-um-avaliador-do-comite-cientifico-da-conferencia-anprotec-2021\/#primaryimage\"},\"datePublished\":\"2021-05-07T19:40:54+00:00\",\"dateModified\":\"2021-08-30T22:31:09+00:00\",\"author\":{\"@id\":\"https:\/\/anprotec.org.br\/conferencia2021\/#\/schema\/person\/0f88ffbcb58656b833f9e8a84cb74d5d\"},\"breadcrumb\":{\"@id\":\"https:\/\/anprotec.org.br\/conferencia2021\/2021\/05\/07\/seja-um-avaliador-do-comite-cientifico-da-conferencia-anprotec-2021\/#breadcrumb\"},\"inLanguage\":\"pt-BR\",\"potentialAction\":[{\"@type\":\"ReadAction\",\"target\":[\"https:\/\/anprotec.org.br\/conferencia2021\/2021\/05\/07\/seja-um-avaliador-do-comite-cientifico-da-conferencia-anprotec-2021\/\"]}]},{\"@type\":\"BreadcrumbList\",\"@id\":\"https:\/\/anprotec.org.br\/conferencia2021\/2021\/05\/07\/seja-um-avaliador-do-comite-cientifico-da-conferencia-anprotec-2021\/#breadcrumb\",\"itemListElement\":[{\"@type\":\"ListItem\",\"position\":1,\"name\":\"In\\u00edcio\",\"item\":\"https:\/\/anprotec.org.br\/conferencia2021\/\"},{\"@type\":\"ListItem\",\"position\":2,\"name\":\"Seja um avaliador do Comit\\u00ea Cient\\u00edfico da Confer\\u00eancia Anprotec 2021\"}]},{\"@type\":\"Person\",\"@id\":\"https:\/\/anprotec.org.br\/conferencia2021\/#\/schema\/person\/0f88ffbcb58656b833f9e8a84cb74d5d\",\"name\":\"stella\",\"sameAs\":[\"https:\/\/anprotec.org.br\/conferencia2021\"],\"url\":\"https:\/\/anprotec.org.br\/conferencia2021\/author\/stella\/\"}]}<\/script>\n<!-- \/ Yoast SEO plugin. -->","yoast_head_json":{"title":"Seja um avaliador do Comit\u00ea Cient\u00edfico da Confer\u00eancia Anprotec 2021 - Confer\u00eancia Anprotec 2021","robots":{"index":"index","follow":"follow","max-snippet":"max-snippet:-1","max-image-preview":"max-image-preview:large","max-video-preview":"max-video-preview:-1"},"canonical":"https:\/\/anprotec.org.br\/conferencia2021\/2021\/05\/07\/seja-um-avaliador-do-comite-cientifico-da-conferencia-anprotec-2021\/","og_locale":"pt_BR","og_type":"article","og_title":"Seja um avaliador do Comit\u00ea Cient\u00edfico da Confer\u00eancia Anprotec 2021 - Confer\u00eancia Anprotec 2021","og_description":"Fa\u00e7a parte do Comit\u00ea Cient\u00edfico que ser\u00e1 respons\u00e1vel por avaliar os artigos completos e relatos de boas pr\u00e1ticas que ser\u00e3o apresentados durante a 31\u00aa Confer\u00eancia Anprotec. [\u2026]","og_url":"https:\/\/anprotec.org.br\/conferencia2021\/2021\/05\/07\/seja-um-avaliador-do-comite-cientifico-da-conferencia-anprotec-2021\/","og_site_name":"Confer\u00eancia Anprotec 2021","article_published_time":"2021-05-07T19:40:54+00:00","article_modified_time":"2021-08-30T22:31:09+00:00","og_image":[{"width":801,"height":801,"url":"https:\/\/anprotec.org.br\/conferencia2021\/wp-content\/uploads\/2021\/08\/Avaliador.png","path":"\/var\/www\/vhosts\/anprotec.org.br\/httpdocs\/conferencia2021\/wp-content\/uploads\/2021\/08\/Avaliador.png","size":"full","id":736,"alt":"","pixels":641601,"type":"image\/png"}],"twitter_card":"summary_large_image","twitter_misc":{"Escrito por":"stella"},"schema":{"@context":"https:\/\/schema.org","@graph":[{"@type":"WebSite","@id":"https:\/\/anprotec.org.br\/conferencia2021\/#website","url":"https:\/\/anprotec.org.br\/conferencia2021\/","name":"Confer\u00eancia Anprotec 2021","description":"","potentialAction":[{"@type":"SearchAction","target":{"@type":"EntryPoint","urlTemplate":"https:\/\/anprotec.org.br\/conferencia2021\/?s={search_term_string}"},"query-input":"required name=search_term_string"}],"inLanguage":"pt-BR"},{"@type":"ImageObject","@id":"https:\/\/anprotec.org.br\/conferencia2021\/2021\/05\/07\/seja-um-avaliador-do-comite-cientifico-da-conferencia-anprotec-2021\/#primaryimage","inLanguage":"pt-BR","url":"https:\/\/anprotec.org.br\/conferencia2021\/wp-content\/uploads\/2021\/08\/Avaliador.png","contentUrl":"https:\/\/anprotec.org.br\/conferencia2021\/wp-content\/uploads\/2021\/08\/Avaliador.png","width":801,"height":801},{"@type":"WebPage","@id":"https:\/\/anprotec.org.br\/conferencia2021\/2021\/05\/07\/seja-um-avaliador-do-comite-cientifico-da-conferencia-anprotec-2021\/#webpage","url":"https:\/\/anprotec.org.br\/conferencia2021\/2021\/05\/07\/seja-um-avaliador-do-comite-cientifico-da-conferencia-anprotec-2021\/","name":"Seja um avaliador do Comit\u00ea Cient\u00edfico da Confer\u00eancia Anprotec 2021 - Confer\u00eancia Anprotec 2021","isPartOf":{"@id":"https:\/\/anprotec.org.br\/conferencia2021\/#website"},"primaryImageOfPage":{"@id":"https:\/\/anprotec.org.br\/conferencia2021\/2021\/05\/07\/seja-um-avaliador-do-comite-cientifico-da-conferencia-anprotec-2021\/#primaryimage"},"datePublished":"2021-05-07T19:40:54+00:00","dateModified":"2021-08-30T22:31:09+00:00","author":{"@id":"https:\/\/anprotec.org.br\/conferencia2021\/#\/schema\/person\/0f88ffbcb58656b833f9e8a84cb74d5d"},"breadcrumb":{"@id":"https:\/\/anprotec.org.br\/conferencia2021\/2021\/05\/07\/seja-um-avaliador-do-comite-cientifico-da-conferencia-anprotec-2021\/#breadcrumb"},"inLanguage":"pt-BR","potentialAction":[{"@type":"ReadAction","target":["https:\/\/anprotec.org.br\/conferencia2021\/2021\/05\/07\/seja-um-avaliador-do-comite-cientifico-da-conferencia-anprotec-2021\/"]}]},{"@type":"BreadcrumbList","@id":"https:\/\/anprotec.org.br\/conferencia2021\/2021\/05\/07\/seja-um-avaliador-do-comite-cientifico-da-conferencia-anprotec-2021\/#breadcrumb","itemListElement":[{"@type":"ListItem","position":1,"name":"In\u00edcio","item":"https:\/\/anprotec.org.br\/conferencia2021\/"},{"@type":"ListItem","position":2,"name":"Seja um avaliador do Comit\u00ea Cient\u00edfico da Confer\u00eancia Anprotec 2021"}]},{"@type":"Person","@id":"https:\/\/anprotec.org.br\/conferencia2021\/#\/schema\/person\/0f88ffbcb58656b833f9e8a84cb74d5d","name":"stella","sameAs":["https:\/\/anprotec.org.br\/conferencia2021"],"url":"https:\/\/anprotec.org.br\/conferencia2021\/author\/stella\/"}]}},"_links":{"self":[{"href":"https:\/\/anprotec.org.br\/conferencia2021\/wp-json\/wp\/v2\/posts\/737","targetHints":{"allow":["GET"]}}],"collection":[{"href":"https:\/\/anprotec.org.br\/conferencia2021\/wp-json\/wp\/v2\/posts"}],"about":[{"href":"https:\/\/anprotec.org.br\/conferencia2021\/wp-json\/wp\/v2\/types\/post"}],"author":[{"embeddable":true,"href":"https:\/\/anprotec.org.br\/conferencia2021\/wp-json\/wp\/v2\/users\/1"}],"replies":[{"embeddable":true,"href":"https:\/\/anprotec.org.br\/conferencia2021\/wp-json\/wp\/v2\/comments?post=737"}],"version-history":[{"count":2,"href":"https:\/\/anprotec.org.br\/conferencia2021\/wp-json\/wp\/v2\/posts\/737\/revisions"}],"predecessor-version":[{"id":890,"href":"https:\/\/anprotec.org.br\/conferencia2021\/wp-json\/wp\/v2\/posts\/737\/revisions\/890"}],"wp:featuredmedia":[{"embeddable":true,"href":"https:\/\/anprotec.org.br\/conferencia2021\/wp-json\/wp\/v2\/media\/736"}],"wp:attachment":[{"href":"https:\/\/anprotec.org.br\/conferencia2021\/wp-json\/wp\/v2\/media?parent=737"}],"wp:term":[{"taxonomy":"category","embeddable":true,"href":"https:\/\/anprotec.org.br\/conferencia2021\/wp-json\/wp\/v2\/categories?post=737"},{"taxonomy":"post_tag","embeddable":true,"href":"https:\/\/anprotec.org.br\/conferencia2021\/wp-json\/wp\/v2\/tags?post=737"}],"curies":[{"name":"wp","href":"https:\/\/api.w.org\/{rel}","templated":true}]}}