{"id":1900,"date":"2021-11-17T16:48:12","date_gmt":"2021-11-17T19:48:12","guid":{"rendered":"https:\/\/anprotec.org.br\/conferencia2021\/?p=1900"},"modified":"2021-11-17T16:48:12","modified_gmt":"2021-11-17T19:48:12","slug":"confira-os-vencedores-de-melhor-artigo-e-relato-de-boas-praticas-da-conferencia-anprotec-2021","status":"publish","type":"post","link":"https:\/\/anprotec.org.br\/conferencia2021\/2021\/11\/17\/confira-os-vencedores-de-melhor-artigo-e-relato-de-boas-praticas-da-conferencia-anprotec-2021\/","title":{"rendered":"Confira os vencedores de melhor artigo e relato de boas pr\u00e1ticas da Confer\u00eancia Anprotec 2021"},"content":{"rendered":"<p>Nos dias 10 e 11 de novembro aconteceram as apresenta\u00e7\u00f5es online dos trabalhos selecionados pela Chamada de Trabalhos da 31\u00aa edi\u00e7\u00e3o da Confer\u00eancia Anprotec de Empreendedorismo e Ambientes de Inova\u00e7\u00e3o, que teve como tema central \u201cThe Great Reset: a redefini\u00e7\u00e3o dos ambientes de inova\u00e7\u00e3o\u201d.<\/p>\n<p>Neste ano, os trabalhos foram vinculados a pelo menos um dos sub-temas do evento, compondo quatro categorias, respectivamente:<\/p>\n<p><strong>\u00a0Omnichannel:<\/strong> a entrega de valor on e off-line \u2013 como agregar valor para seus residentes, incubados e acelerados mesmo \u00e0 dist\u00e2ncia?<\/p>\n<p><strong>Transformando pesquisa em solu\u00e7\u00f5es para a sociedade<\/strong> \u2013 Como impulsionar neg\u00f3cios baseados em ci\u00eancia?<\/p>\n<p><strong>Ambientes de inova\u00e7\u00e3o como Living Labs<\/strong> \u2013 em um contexto p\u00f3s-pandemia os ambientes de inova\u00e7\u00e3o podem assumir esse papel de \u201cliving labs\u201d, promovendo esse local de encontro e densidade que catalisam a inova\u00e7\u00e3o?<\/p>\n<p><strong>Gest\u00e3o do capital humano em um mundo sem fronteiras<\/strong> \u2013 como lidar a atra\u00e7\u00e3o e reten\u00e7\u00e3o de talentos em um contexto em que cada vez menos existem fronteiras f\u00edsicas?<\/p>\n<p><strong>Artigo:<\/strong> artigo in\u00e9dito, com at\u00e9 4.000 palavras, publicando contribui\u00e7\u00f5es tendo por base a originalidade, a relev\u00e2ncia, a solidez t\u00e9cnica e a clareza de apresenta\u00e7\u00e3o.<\/p>\n<p><strong>Relato de boas pr\u00e1ticas em empresas e ambientes de inova\u00e7\u00e3o:<\/strong> relato, com at\u00e9 1.500 palavras, discorrendo sobre a(s) solu\u00e7\u00e3o(\u00f5es) encontrada(s) para um problema, acompanhada da apresenta\u00e7\u00e3o dos resultados alcan\u00e7ados (boas pr\u00e1ticas).<\/p>\n<p>Ao todo, foram 23 apresenta\u00e7\u00f5es de trabalhos distribu\u00eddas em quatro sess\u00f5es, em dois dias de evento.<\/p>\n<p>Ap\u00f3s a an\u00e1lise do comit\u00ea de avalia\u00e7\u00e3o, foram escolhidos os trabalhos que mais se destacaram em suas categorias.<\/p>\n<p><img loading=\"lazy\" decoding=\"async\" class=\"size-medium wp-image-1901 alignleft\" src=\"https:\/\/anprotec.org.br\/conferencia2021\/wp-content\/uploads\/2021\/11\/Artigo-300x169.png\" alt=\"\" width=\"300\" height=\"169\" srcset=\"https:\/\/anprotec.org.br\/conferencia2021\/wp-content\/uploads\/2021\/11\/Artigo-300x169.png 300w, https:\/\/anprotec.org.br\/conferencia2021\/wp-content\/uploads\/2021\/11\/Artigo-1024x576.png 1024w, https:\/\/anprotec.org.br\/conferencia2021\/wp-content\/uploads\/2021\/11\/Artigo-768x432.png 768w, https:\/\/anprotec.org.br\/conferencia2021\/wp-content\/uploads\/2021\/11\/Artigo-1536x864.png 1536w, https:\/\/anprotec.org.br\/conferencia2021\/wp-content\/uploads\/2021\/11\/Artigo-260x146.png 260w, https:\/\/anprotec.org.br\/conferencia2021\/wp-content\/uploads\/2021\/11\/Artigo-50x28.png 50w, https:\/\/anprotec.org.br\/conferencia2021\/wp-content\/uploads\/2021\/11\/Artigo-133x75.png 133w, https:\/\/anprotec.org.br\/conferencia2021\/wp-content\/uploads\/2021\/11\/Artigo-1200x675.png 1200w, https:\/\/anprotec.org.br\/conferencia2021\/wp-content\/uploads\/2021\/11\/Artigo.png 1920w\" sizes=\"auto, (max-width: 300px) 100vw, 300px\" \/><\/p>\n<p>Melhor artigo t\u00e9cnico:<\/p>\n<p>Guilherme Paraol de Matos, Rayse Kiane de Souza e Clarissa Stefani Teixeira. <strong>Ecossistema de inova\u00e7\u00e3o e Living Lab: uma an\u00e1lise bibliom\u00e9trica<\/strong><\/p>\n<p>&nbsp;<\/p>\n<p>&nbsp;<\/p>\n<p>&nbsp;<\/p>\n<p>&nbsp;<\/p>\n<p><img loading=\"lazy\" decoding=\"async\" class=\"size-medium wp-image-1902 alignleft\" src=\"https:\/\/anprotec.org.br\/conferencia2021\/wp-content\/uploads\/2021\/11\/Boas-pra\u0301ticas-300x169.png\" alt=\"\" width=\"300\" height=\"169\" srcset=\"https:\/\/anprotec.org.br\/conferencia2021\/wp-content\/uploads\/2021\/11\/Boas-pra\u0301ticas-300x169.png 300w, https:\/\/anprotec.org.br\/conferencia2021\/wp-content\/uploads\/2021\/11\/Boas-pra\u0301ticas-1024x576.png 1024w, https:\/\/anprotec.org.br\/conferencia2021\/wp-content\/uploads\/2021\/11\/Boas-pra\u0301ticas-768x432.png 768w, https:\/\/anprotec.org.br\/conferencia2021\/wp-content\/uploads\/2021\/11\/Boas-pra\u0301ticas-1536x864.png 1536w, https:\/\/anprotec.org.br\/conferencia2021\/wp-content\/uploads\/2021\/11\/Boas-pra\u0301ticas-260x146.png 260w, https:\/\/anprotec.org.br\/conferencia2021\/wp-content\/uploads\/2021\/11\/Boas-pra\u0301ticas-50x28.png 50w, https:\/\/anprotec.org.br\/conferencia2021\/wp-content\/uploads\/2021\/11\/Boas-pra\u0301ticas-133x75.png 133w, https:\/\/anprotec.org.br\/conferencia2021\/wp-content\/uploads\/2021\/11\/Boas-pra\u0301ticas-1200x675.png 1200w, https:\/\/anprotec.org.br\/conferencia2021\/wp-content\/uploads\/2021\/11\/Boas-pra\u0301ticas.png 1920w\" sizes=\"auto, (max-width: 300px) 100vw, 300px\" \/>Melhor relato de boa pr\u00e1tica:<\/p>\n<p>Juliana Corr\u00eaa e Clarissa Teixeira. <strong>Pacto pela Inova\u00e7\u00e3o de Santa Catarina<\/strong><\/p>\n<p>&nbsp;<\/p>\n<p>&nbsp;<\/p>\n<p>&nbsp;<\/p>\n<p>&nbsp;<\/p>\n<p>De acordo com o edital, a premia\u00e7\u00e3o para o melhor artigo completo \u00e9 de R$ 2.000,00 em cr\u00e9dito para cursos e eventos promovidos pela Anprotec. Para a melhor boa pr\u00e1tica o cr\u00e9dito \u00e9 de R$ 1.500,00 tamb\u00e9m em cursos e eventos promovidos pela Anprotec.<\/p>\n<p><strong>Conhe\u00e7a os membros do comit\u00ea de avalia\u00e7\u00e3o<\/strong><\/p>\n<p>Revisores de Artigos T\u00e9cnicos<\/p>\n<p>&nbsp;<\/p>\n<table width=\"567\">\n<tbody>\n<tr>\n<td width=\"255\"><strong>Nome<\/strong><\/td>\n<td width=\"312\"><strong>Institui\u00e7\u00e3o<\/strong><\/td>\n<\/tr>\n<tr>\n<td width=\"255\">Anderson Jorge Serra da Costa<\/td>\n<td width=\"312\">Universidade do Estado do Par\u00e1 (UEPA)<\/td>\n<\/tr>\n<tr>\n<td width=\"255\">Anderson Diego Farias da Silva<\/td>\n<td width=\"312\">Universidade Federal de Pernambuco (UFPE)<\/td>\n<\/tr>\n<tr>\n<td width=\"255\">Ariele Ferreira<\/td>\n<td width=\"312\">Centro Federal de Educa\u00e7\u00e3o Tecnol\u00f3gica Celso Suckow da Fonseca (CEFET\/RJ)<\/td>\n<\/tr>\n<tr>\n<td width=\"255\">Claudio Ant\u00f4nio Klaus Junior<\/td>\n<td width=\"312\">Universidade Alto Vale do Rio do Peixe (Uniarp)<\/td>\n<\/tr>\n<tr>\n<td width=\"255\">Cristiani Fontanela<\/td>\n<td width=\"312\">Universidade Comunit\u00e1ria da Regi\u00e3o de Chapec\u00f3<\/td>\n<\/tr>\n<tr>\n<td width=\"255\">D\u00e1rlinton Carvalho<\/td>\n<td width=\"312\">Universidade Federal de S\u00e3o Jo\u00e3o del-Rei (UFSJ)<\/td>\n<\/tr>\n<tr>\n<td width=\"255\">Elena Martinis<\/td>\n<td width=\"312\">Aging.Rio<\/td>\n<\/tr>\n<tr>\n<td width=\"255\">Emanoel Querette<\/td>\n<td width=\"312\">Universidade Federal de Pernambuco (UFPE)<\/td>\n<\/tr>\n<tr>\n<td width=\"255\">Erik Sch\u00fcler<\/td>\n<td width=\"312\">Instituto Federal de Educa\u00e7\u00e3o, Ci\u00eancia e Tecnologia do Rio Grande do Sul &#8211; Campus Veran\u00f3polis<\/td>\n<\/tr>\n<tr>\n<td width=\"255\">Fabiane Garcia<\/td>\n<td width=\"312\">Universidade Federal do Pampa<\/td>\n<\/tr>\n<tr>\n<td width=\"255\">Gabriel Vidal Gaspar<\/td>\n<td width=\"312\">Federa\u00e7\u00e3o das Ind\u00fastrias do Estado do Cear\u00e1<\/td>\n<\/tr>\n<tr>\n<td width=\"255\">Guilherme Santos<\/td>\n<td width=\"312\">Universidade Federal do Rio de Janeiro (UFRJ)<\/td>\n<\/tr>\n<tr>\n<td width=\"255\">Jardel Silva<\/td>\n<td width=\"312\">Universidade Federal de Mato Grosso do Sul (UFMS)<\/td>\n<\/tr>\n<tr>\n<td width=\"255\">Leonardo J Melo<\/td>\n<td width=\"312\">Universidade Federal do Rio de Janeiro (UFRJ)<\/td>\n<\/tr>\n<tr>\n<td width=\"255\">Marcelo Leandro de Borba<\/td>\n<td width=\"312\">Universidade da Regi\u00e3o de Joinville (Univille)<\/td>\n<\/tr>\n<tr>\n<td width=\"255\">Rejane Sartori<\/td>\n<td width=\"312\">Universidade Estadual de Maring\u00e1 (UEM)<\/td>\n<\/tr>\n<tr>\n<td width=\"255\">Renata L\u00e8bre La Rovere<\/td>\n<td width=\"312\">Universidade Federal do Rio de Janeiro (UFRJ)<\/td>\n<\/tr>\n<tr>\n<td width=\"255\">Ricardo Tomaz Caires<\/td>\n<td width=\"312\">Universidade Estadual de Maring\u00e1 (UEM)<\/td>\n<\/tr>\n<tr>\n<td width=\"255\">Rose Mary A. Lopes<\/td>\n<td width=\"312\">ANEGEPE<\/td>\n<\/tr>\n<tr>\n<td width=\"255\">Simone Stulp<\/td>\n<td width=\"312\">Fuvates- Univates<\/td>\n<\/tr>\n<tr>\n<td width=\"255\">Thiago Renault<\/td>\n<td width=\"312\">Universidade Federal Rural do Rio de Janeiro (UFRRJ)<\/td>\n<\/tr>\n<tr>\n<td width=\"255\">Vanessa Ishikawa Rasoto<\/td>\n<td width=\"312\">Universidade Tecnol\u00f3gica Federal do Paran\u00e1 (UTFPR)<\/td>\n<\/tr>\n<tr>\n<td width=\"255\">Viviane Sartori<\/td>\n<td width=\"312\">Universidade Cesumar (UNICESUMAR)<\/td>\n<\/tr>\n<\/tbody>\n<\/table>\n<p>&nbsp;<\/p>\n<p>Revisores de Relatos de Experi\u00eancia<\/p>\n<table width=\"566\">\n<tbody>\n<tr>\n<td width=\"255\"><strong>Nome<\/strong><\/td>\n<td width=\"312\"><strong>Institui\u00e7\u00e3o<\/strong><\/td>\n<\/tr>\n<tr>\n<td width=\"255\">Anderson Jorge Serra da Costa<\/td>\n<td width=\"312\">Universidade do Estado do Par\u00e1 (UEPA)<\/td>\n<\/tr>\n<tr>\n<td width=\"255\">Claudio Ant\u00f4nio Klaus Junior<\/td>\n<td width=\"312\">Universidade Alto Vale do Rio do Peixe (Uniarp)<\/td>\n<\/tr>\n<tr>\n<td width=\"255\">Claudio Jacoski<\/td>\n<td width=\"312\">Unochapeco<\/td>\n<\/tr>\n<tr>\n<td width=\"255\">Cristiani Fontanela<\/td>\n<td width=\"312\">Universidade Comunit\u00e1ria da Regi\u00e3o de Chapec\u00f3<\/td>\n<\/tr>\n<tr>\n<td width=\"255\">Daiana Monzon<\/td>\n<td width=\"312\"><\/td>\n<\/tr>\n<tr>\n<td width=\"255\">Erik Sch\u00fcler<\/td>\n<td width=\"312\">Instituto Federal de Educa\u00e7\u00e3o, Ci\u00eancia e Tecnologia do Rio Grande do Sul &#8211; Campus Veran\u00f3polis<\/td>\n<\/tr>\n<tr>\n<td width=\"255\">Evaristo Lima<\/td>\n<td width=\"312\">EFL mais FBL Consultoria<\/td>\n<\/tr>\n<tr>\n<td width=\"255\">Fernanda Bombardi<\/td>\n<td width=\"312\">ICE &#8211; Instituto de Cidadania Empresarial<\/td>\n<\/tr>\n<tr>\n<td width=\"255\">Gabriel Gaspar<\/td>\n<td width=\"312\">Federa\u00e7\u00e3o das Ind\u00fastrias do Estado do Cear\u00e1<\/td>\n<\/tr>\n<tr>\n<td width=\"255\">Juc\u00e9lia Roberto<\/td>\n<td width=\"312\">tecnoPARQ &#8211; Parque Tecnol\u00f3gico de Vi\u00e7osa<\/td>\n<\/tr>\n<tr>\n<td width=\"255\">Leonardo J Melo<\/td>\n<td width=\"312\">Universidade Federal do Rio de Janeiro (UFRJ)<\/td>\n<\/tr>\n<tr>\n<td width=\"255\">Marcelo Amaral<\/td>\n<td width=\"312\">Universidade Federal Fluminense (UFF)<\/td>\n<\/tr>\n<tr>\n<td width=\"255\">Martha Delphino Bambini<\/td>\n<td width=\"312\">Embrapa Inform\u00e1tica Agropecu\u00e1ria<\/td>\n<\/tr>\n<tr>\n<td width=\"255\">Regina Faria<\/td>\n<td width=\"312\">COPPE \u2013 Universidade Federal do Rio de Janeiro (UFRJ)<\/td>\n<\/tr>\n<tr>\n<td width=\"255\">Roberta Medeiros<\/td>\n<td width=\"312\">Universidade Federal do Agreste de Pernambuco (UFAPE)<\/td>\n<\/tr>\n<tr>\n<td width=\"255\">Silon Silva<\/td>\n<td width=\"312\">Universidade Federal de Santa Maria (UFSM)<\/td>\n<\/tr>\n<tr>\n<td width=\"255\">Vanessa Ishikawa Rasoto<\/td>\n<td width=\"312\">Universidade Tecnol\u00f3gica Federal do Paran\u00e1 (UTFPR)<\/td>\n<\/tr>\n<\/tbody>\n<\/table>\n<p>&nbsp;<\/p>\n<p>&nbsp;<\/p>\n","protected":false},"excerpt":{"rendered":"<p>Nos dias 10 e 11 de novembro aconteceram as apresenta\u00e7\u00f5es online dos trabalhos selecionados pela Chamada de Trabalhos da 31\u00aa edi\u00e7\u00e3o da Confer\u00eancia Anprotec de Empreendedorismo<span class=\"excerpt-hellip\"> [\u2026]<\/span><\/p>\n","protected":false},"author":2,"featured_media":1903,"comment_status":"closed","ping_status":"open","sticky":false,"template":"","format":"standard","meta":{"footnotes":""},"categories":[1],"tags":[],"class_list":["post-1900","post","type-post","status-publish","format-standard","has-post-thumbnail","hentry","category-noticias"],"yoast_head":"<!-- This site is optimized with the Yoast SEO plugin v17.0 - https:\/\/yoast.com\/wordpress\/plugins\/seo\/ -->\n<title>Confira os vencedores de melhor artigo e relato de boas pr\u00e1ticas da Confer\u00eancia Anprotec 2021 - Confer\u00eancia Anprotec 2021<\/title>\n<meta name=\"robots\" content=\"index, follow, max-snippet:-1, max-image-preview:large, max-video-preview:-1\" \/>\n<link rel=\"canonical\" href=\"https:\/\/anprotec.org.br\/conferencia2021\/2021\/11\/17\/confira-os-vencedores-de-melhor-artigo-e-relato-de-boas-praticas-da-conferencia-anprotec-2021\/\" \/>\n<meta property=\"og:locale\" content=\"pt_BR\" \/>\n<meta property=\"og:type\" content=\"article\" \/>\n<meta property=\"og:title\" content=\"Confira os vencedores de melhor artigo e relato de boas pr\u00e1ticas da Confer\u00eancia Anprotec 2021 - Confer\u00eancia Anprotec 2021\" \/>\n<meta property=\"og:description\" content=\"Nos dias 10 e 11 de novembro aconteceram as apresenta\u00e7\u00f5es online dos trabalhos selecionados pela Chamada de Trabalhos da 31\u00aa edi\u00e7\u00e3o da Confer\u00eancia Anprotec de Empreendedorismo [\u2026]\" \/>\n<meta property=\"og:url\" content=\"https:\/\/anprotec.org.br\/conferencia2021\/2021\/11\/17\/confira-os-vencedores-de-melhor-artigo-e-relato-de-boas-praticas-da-conferencia-anprotec-2021\/\" \/>\n<meta property=\"og:site_name\" content=\"Confer\u00eancia Anprotec 2021\" \/>\n<meta property=\"article:published_time\" content=\"2021-11-17T19:48:12+00:00\" \/>\n<meta property=\"og:image\" content=\"https:\/\/anprotec.org.br\/conferencia2021\/wp-content\/uploads\/2021\/11\/News-Conf.png\" \/>\n\t<meta property=\"og:image:width\" content=\"370\" \/>\n\t<meta property=\"og:image:height\" content=\"235\" \/>\n<meta name=\"twitter:card\" content=\"summary_large_image\" \/>\n<meta name=\"twitter:label1\" content=\"Escrito por\" \/>\n\t<meta name=\"twitter:data1\" content=\"anprotec\" \/>\n\t<meta name=\"twitter:label2\" content=\"Est. tempo de leitura\" \/>\n\t<meta name=\"twitter:data2\" content=\"4 minutos\" \/>\n<script type=\"application\/ld+json\" class=\"yoast-schema-graph\">{\"@context\":\"https:\/\/schema.org\",\"@graph\":[{\"@type\":\"WebSite\",\"@id\":\"https:\/\/anprotec.org.br\/conferencia2021\/#website\",\"url\":\"https:\/\/anprotec.org.br\/conferencia2021\/\",\"name\":\"Confer\\u00eancia Anprotec 2021\",\"description\":\"\",\"potentialAction\":[{\"@type\":\"SearchAction\",\"target\":{\"@type\":\"EntryPoint\",\"urlTemplate\":\"https:\/\/anprotec.org.br\/conferencia2021\/?s={search_term_string}\"},\"query-input\":\"required name=search_term_string\"}],\"inLanguage\":\"pt-BR\"},{\"@type\":\"ImageObject\",\"@id\":\"https:\/\/anprotec.org.br\/conferencia2021\/2021\/11\/17\/confira-os-vencedores-de-melhor-artigo-e-relato-de-boas-praticas-da-conferencia-anprotec-2021\/#primaryimage\",\"inLanguage\":\"pt-BR\",\"url\":\"https:\/\/anprotec.org.br\/conferencia2021\/wp-content\/uploads\/2021\/11\/News-Conf.png\",\"contentUrl\":\"https:\/\/anprotec.org.br\/conferencia2021\/wp-content\/uploads\/2021\/11\/News-Conf.png\",\"width\":370,\"height\":235},{\"@type\":\"WebPage\",\"@id\":\"https:\/\/anprotec.org.br\/conferencia2021\/2021\/11\/17\/confira-os-vencedores-de-melhor-artigo-e-relato-de-boas-praticas-da-conferencia-anprotec-2021\/#webpage\",\"url\":\"https:\/\/anprotec.org.br\/conferencia2021\/2021\/11\/17\/confira-os-vencedores-de-melhor-artigo-e-relato-de-boas-praticas-da-conferencia-anprotec-2021\/\",\"name\":\"Confira os vencedores de melhor artigo e relato de boas pr\\u00e1ticas da Confer\\u00eancia Anprotec 2021 - Confer\\u00eancia Anprotec 2021\",\"isPartOf\":{\"@id\":\"https:\/\/anprotec.org.br\/conferencia2021\/#website\"},\"primaryImageOfPage\":{\"@id\":\"https:\/\/anprotec.org.br\/conferencia2021\/2021\/11\/17\/confira-os-vencedores-de-melhor-artigo-e-relato-de-boas-praticas-da-conferencia-anprotec-2021\/#primaryimage\"},\"datePublished\":\"2021-11-17T19:48:12+00:00\",\"dateModified\":\"2021-11-17T19:48:12+00:00\",\"author\":{\"@id\":\"https:\/\/anprotec.org.br\/conferencia2021\/#\/schema\/person\/99ce149e918cd59cc82adfb7d8f42940\"},\"breadcrumb\":{\"@id\":\"https:\/\/anprotec.org.br\/conferencia2021\/2021\/11\/17\/confira-os-vencedores-de-melhor-artigo-e-relato-de-boas-praticas-da-conferencia-anprotec-2021\/#breadcrumb\"},\"inLanguage\":\"pt-BR\",\"potentialAction\":[{\"@type\":\"ReadAction\",\"target\":[\"https:\/\/anprotec.org.br\/conferencia2021\/2021\/11\/17\/confira-os-vencedores-de-melhor-artigo-e-relato-de-boas-praticas-da-conferencia-anprotec-2021\/\"]}]},{\"@type\":\"BreadcrumbList\",\"@id\":\"https:\/\/anprotec.org.br\/conferencia2021\/2021\/11\/17\/confira-os-vencedores-de-melhor-artigo-e-relato-de-boas-praticas-da-conferencia-anprotec-2021\/#breadcrumb\",\"itemListElement\":[{\"@type\":\"ListItem\",\"position\":1,\"name\":\"In\\u00edcio\",\"item\":\"https:\/\/anprotec.org.br\/conferencia2021\/\"},{\"@type\":\"ListItem\",\"position\":2,\"name\":\"Confira os vencedores de melhor artigo e relato de boas pr\\u00e1ticas da Confer\\u00eancia Anprotec 2021\"}]},{\"@type\":\"Person\",\"@id\":\"https:\/\/anprotec.org.br\/conferencia2021\/#\/schema\/person\/99ce149e918cd59cc82adfb7d8f42940\",\"name\":\"anprotec\",\"url\":\"https:\/\/anprotec.org.br\/conferencia2021\/author\/anprotec\/\"}]}<\/script>\n<!-- \/ Yoast SEO plugin. -->","yoast_head_json":{"title":"Confira os vencedores de melhor artigo e relato de boas pr\u00e1ticas da Confer\u00eancia Anprotec 2021 - Confer\u00eancia Anprotec 2021","robots":{"index":"index","follow":"follow","max-snippet":"max-snippet:-1","max-image-preview":"max-image-preview:large","max-video-preview":"max-video-preview:-1"},"canonical":"https:\/\/anprotec.org.br\/conferencia2021\/2021\/11\/17\/confira-os-vencedores-de-melhor-artigo-e-relato-de-boas-praticas-da-conferencia-anprotec-2021\/","og_locale":"pt_BR","og_type":"article","og_title":"Confira os vencedores de melhor artigo e relato de boas pr\u00e1ticas da Confer\u00eancia Anprotec 2021 - Confer\u00eancia Anprotec 2021","og_description":"Nos dias 10 e 11 de novembro aconteceram as apresenta\u00e7\u00f5es online dos trabalhos selecionados pela Chamada de Trabalhos da 31\u00aa edi\u00e7\u00e3o da Confer\u00eancia Anprotec de Empreendedorismo [\u2026]","og_url":"https:\/\/anprotec.org.br\/conferencia2021\/2021\/11\/17\/confira-os-vencedores-de-melhor-artigo-e-relato-de-boas-praticas-da-conferencia-anprotec-2021\/","og_site_name":"Confer\u00eancia Anprotec 2021","article_published_time":"2021-11-17T19:48:12+00:00","og_image":[{"width":370,"height":235,"url":"https:\/\/anprotec.org.br\/conferencia2021\/wp-content\/uploads\/2021\/11\/News-Conf.png","path":"\/var\/www\/vhosts\/anprotec.org.br\/httpdocs\/conferencia2021\/wp-content\/uploads\/2021\/11\/News-Conf.png","size":"full","id":1903,"alt":"","pixels":86950,"type":"image\/png"}],"twitter_card":"summary_large_image","twitter_misc":{"Escrito por":"anprotec","Est. tempo de leitura":"4 minutos"},"schema":{"@context":"https:\/\/schema.org","@graph":[{"@type":"WebSite","@id":"https:\/\/anprotec.org.br\/conferencia2021\/#website","url":"https:\/\/anprotec.org.br\/conferencia2021\/","name":"Confer\u00eancia Anprotec 2021","description":"","potentialAction":[{"@type":"SearchAction","target":{"@type":"EntryPoint","urlTemplate":"https:\/\/anprotec.org.br\/conferencia2021\/?s={search_term_string}"},"query-input":"required name=search_term_string"}],"inLanguage":"pt-BR"},{"@type":"ImageObject","@id":"https:\/\/anprotec.org.br\/conferencia2021\/2021\/11\/17\/confira-os-vencedores-de-melhor-artigo-e-relato-de-boas-praticas-da-conferencia-anprotec-2021\/#primaryimage","inLanguage":"pt-BR","url":"https:\/\/anprotec.org.br\/conferencia2021\/wp-content\/uploads\/2021\/11\/News-Conf.png","contentUrl":"https:\/\/anprotec.org.br\/conferencia2021\/wp-content\/uploads\/2021\/11\/News-Conf.png","width":370,"height":235},{"@type":"WebPage","@id":"https:\/\/anprotec.org.br\/conferencia2021\/2021\/11\/17\/confira-os-vencedores-de-melhor-artigo-e-relato-de-boas-praticas-da-conferencia-anprotec-2021\/#webpage","url":"https:\/\/anprotec.org.br\/conferencia2021\/2021\/11\/17\/confira-os-vencedores-de-melhor-artigo-e-relato-de-boas-praticas-da-conferencia-anprotec-2021\/","name":"Confira os vencedores de melhor artigo e relato de boas pr\u00e1ticas da Confer\u00eancia Anprotec 2021 - Confer\u00eancia Anprotec 2021","isPartOf":{"@id":"https:\/\/anprotec.org.br\/conferencia2021\/#website"},"primaryImageOfPage":{"@id":"https:\/\/anprotec.org.br\/conferencia2021\/2021\/11\/17\/confira-os-vencedores-de-melhor-artigo-e-relato-de-boas-praticas-da-conferencia-anprotec-2021\/#primaryimage"},"datePublished":"2021-11-17T19:48:12+00:00","dateModified":"2021-11-17T19:48:12+00:00","author":{"@id":"https:\/\/anprotec.org.br\/conferencia2021\/#\/schema\/person\/99ce149e918cd59cc82adfb7d8f42940"},"breadcrumb":{"@id":"https:\/\/anprotec.org.br\/conferencia2021\/2021\/11\/17\/confira-os-vencedores-de-melhor-artigo-e-relato-de-boas-praticas-da-conferencia-anprotec-2021\/#breadcrumb"},"inLanguage":"pt-BR","potentialAction":[{"@type":"ReadAction","target":["https:\/\/anprotec.org.br\/conferencia2021\/2021\/11\/17\/confira-os-vencedores-de-melhor-artigo-e-relato-de-boas-praticas-da-conferencia-anprotec-2021\/"]}]},{"@type":"BreadcrumbList","@id":"https:\/\/anprotec.org.br\/conferencia2021\/2021\/11\/17\/confira-os-vencedores-de-melhor-artigo-e-relato-de-boas-praticas-da-conferencia-anprotec-2021\/#breadcrumb","itemListElement":[{"@type":"ListItem","position":1,"name":"In\u00edcio","item":"https:\/\/anprotec.org.br\/conferencia2021\/"},{"@type":"ListItem","position":2,"name":"Confira os vencedores de melhor artigo e relato de boas pr\u00e1ticas da Confer\u00eancia Anprotec 2021"}]},{"@type":"Person","@id":"https:\/\/anprotec.org.br\/conferencia2021\/#\/schema\/person\/99ce149e918cd59cc82adfb7d8f42940","name":"anprotec","url":"https:\/\/anprotec.org.br\/conferencia2021\/author\/anprotec\/"}]}},"_links":{"self":[{"href":"https:\/\/anprotec.org.br\/conferencia2021\/wp-json\/wp\/v2\/posts\/1900","targetHints":{"allow":["GET"]}}],"collection":[{"href":"https:\/\/anprotec.org.br\/conferencia2021\/wp-json\/wp\/v2\/posts"}],"about":[{"href":"https:\/\/anprotec.org.br\/conferencia2021\/wp-json\/wp\/v2\/types\/post"}],"author":[{"embeddable":true,"href":"https:\/\/anprotec.org.br\/conferencia2021\/wp-json\/wp\/v2\/users\/2"}],"replies":[{"embeddable":true,"href":"https:\/\/anprotec.org.br\/conferencia2021\/wp-json\/wp\/v2\/comments?post=1900"}],"version-history":[{"count":1,"href":"https:\/\/anprotec.org.br\/conferencia2021\/wp-json\/wp\/v2\/posts\/1900\/revisions"}],"predecessor-version":[{"id":1904,"href":"https:\/\/anprotec.org.br\/conferencia2021\/wp-json\/wp\/v2\/posts\/1900\/revisions\/1904"}],"wp:featuredmedia":[{"embeddable":true,"href":"https:\/\/anprotec.org.br\/conferencia2021\/wp-json\/wp\/v2\/media\/1903"}],"wp:attachment":[{"href":"https:\/\/anprotec.org.br\/conferencia2021\/wp-json\/wp\/v2\/media?parent=1900"}],"wp:term":[{"taxonomy":"category","embeddable":true,"href":"https:\/\/anprotec.org.br\/conferencia2021\/wp-json\/wp\/v2\/categories?post=1900"},{"taxonomy":"post_tag","embeddable":true,"href":"https:\/\/anprotec.org.br\/conferencia2021\/wp-json\/wp\/v2\/tags?post=1900"}],"curies":[{"name":"wp","href":"https:\/\/api.w.org\/{rel}","templated":true}]}}