{"id":1827,"date":"2021-11-10T16:13:08","date_gmt":"2021-11-10T19:13:08","guid":{"rendered":"https:\/\/anprotec.org.br\/conferencia2021\/?p=1827"},"modified":"2021-11-11T08:19:43","modified_gmt":"2021-11-11T11:19:43","slug":"mecanismos-de-inovacao-debate-sobre-novos-modelos-de-operacao-durante-31a-conferencia-anprotec","status":"publish","type":"post","link":"https:\/\/anprotec.org.br\/conferencia2021\/2021\/11\/10\/mecanismos-de-inovacao-debate-sobre-novos-modelos-de-operacao-durante-31a-conferencia-anprotec\/","title":{"rendered":"Mecanismos de inova\u00e7\u00e3o debatem sobre novos modelos de opera\u00e7\u00e3o durante 31\u00aa Confer\u00eancia Anprotec"},"content":{"rendered":"<p>&nbsp;<\/p>\n<p>&nbsp;<\/p>\n<p><img loading=\"lazy\" decoding=\"async\" class=\"wp-image-1834  aligncenter\" src=\"https:\/\/anprotec.org.br\/conferencia2021\/wp-content\/uploads\/2021\/11\/Sem-ti\u0301tulo-7.png\" alt=\"\" width=\"714\" height=\"446\" srcset=\"https:\/\/anprotec.org.br\/conferencia2021\/wp-content\/uploads\/2021\/11\/Sem-ti\u0301tulo-7.png 960w, https:\/\/anprotec.org.br\/conferencia2021\/wp-content\/uploads\/2021\/11\/Sem-ti\u0301tulo-7-300x188.png 300w, https:\/\/anprotec.org.br\/conferencia2021\/wp-content\/uploads\/2021\/11\/Sem-ti\u0301tulo-7-768x480.png 768w, https:\/\/anprotec.org.br\/conferencia2021\/wp-content\/uploads\/2021\/11\/Sem-ti\u0301tulo-7-234x146.png 234w, https:\/\/anprotec.org.br\/conferencia2021\/wp-content\/uploads\/2021\/11\/Sem-ti\u0301tulo-7-50x31.png 50w, https:\/\/anprotec.org.br\/conferencia2021\/wp-content\/uploads\/2021\/11\/Sem-ti\u0301tulo-7-120x75.png 120w\" sizes=\"auto, (max-width: 714px) 100vw, 714px\" \/><\/p>\n<p>&nbsp;<\/p>\n<p><span style=\"font-weight: 400;\">A 31\u00aa Confer\u00eancia Anprotec apresentou nesta ter\u00e7a-feira (9), durante o F\u00f3rum SEBRAE de Inova\u00e7\u00e3o 2021, o painel &#8220;Mecanismos Sustent\u00e1veis. Novos modelos de opera\u00e7\u00e3o&#8221;.<\/span><\/p>\n<p><span style=\"font-weight: 400;\">Os painelistas convidados foram Ramon Santos (GetIN Aceleradora &#8211; BA), Em\u00edlia Ros\u00e2ngela Pires Franco (Centro de Empreendedorismo Inovador &#8211; GO), Alessandro Val\u00e9rio (Hub de inova\u00e7\u00e3o do Parque Tecnol\u00f3gico S\u00e3o Jos\u00e9 dos Campos SP), e a modera\u00e7\u00e3o foi feita por Krishna Aum (Gestor de Projetos do Sebrae).<\/span><\/p>\n<p><span style=\"font-weight: 400;\">O evento abordou a import\u00e2ncia dos mecanismos de inova\u00e7\u00e3o, al\u00e9m de discorrer como a pandemia trouxe a oportunidade de abranger diferentes espa\u00e7os, atrav\u00e9s dos novos modelos de opera\u00e7\u00e3o.\u00a0<\/span><\/p>\n<p><span style=\"font-weight: 400;\">Ap\u00f3s a introdu\u00e7\u00e3o do assunto realizado por Krishna Aum, Alessandro Val\u00e9rio iniciou sua fala pontuando a cria\u00e7\u00e3o de oportunidades neste novo cen\u00e1rio. &#8220;Com a pandemia tivemos que nos reinventar, abrindo portas para novos mecanismos de inova\u00e7\u00e3o&#8221;.<\/span><\/p>\n<p>&nbsp;<\/p>\n<p><img loading=\"lazy\" decoding=\"async\" class=\" wp-image-1830 aligncenter\" src=\"https:\/\/anprotec.org.br\/conferencia2021\/wp-content\/uploads\/2021\/11\/Captura-de-Tela-2021-11-10-a\u0300s-15.57.04-300x169.png\" alt=\"\" width=\"408\" height=\"230\" srcset=\"https:\/\/anprotec.org.br\/conferencia2021\/wp-content\/uploads\/2021\/11\/Captura-de-Tela-2021-11-10-a\u0300s-15.57.04-300x169.png 300w, https:\/\/anprotec.org.br\/conferencia2021\/wp-content\/uploads\/2021\/11\/Captura-de-Tela-2021-11-10-a\u0300s-15.57.04-768x435.png 768w, https:\/\/anprotec.org.br\/conferencia2021\/wp-content\/uploads\/2021\/11\/Captura-de-Tela-2021-11-10-a\u0300s-15.57.04-260x146.png 260w, https:\/\/anprotec.org.br\/conferencia2021\/wp-content\/uploads\/2021\/11\/Captura-de-Tela-2021-11-10-a\u0300s-15.57.04-50x28.png 50w, https:\/\/anprotec.org.br\/conferencia2021\/wp-content\/uploads\/2021\/11\/Captura-de-Tela-2021-11-10-a\u0300s-15.57.04-133x75.png 133w, https:\/\/anprotec.org.br\/conferencia2021\/wp-content\/uploads\/2021\/11\/Captura-de-Tela-2021-11-10-a\u0300s-15.57.04.png 772w\" sizes=\"auto, (max-width: 408px) 100vw, 408px\" \/><\/p>\n<p>&nbsp;<\/p>\n<p><span style=\"font-weight: 400;\">Os painelistas falaram tamb\u00e9m sobre a necessidade de solucionar os problemas presentes em determinada localidade, antes de partir para conceitos inovadores que podem n\u00e3o se encaixar naquela realidade, evidenciando a necessidade de se criar um paradoxo de prosperidade durante a modelagem de um neg\u00f3cio.<\/span><\/p>\n<p>&nbsp;<\/p>\n<p><img loading=\"lazy\" decoding=\"async\" class=\" wp-image-1829 aligncenter\" src=\"https:\/\/anprotec.org.br\/conferencia2021\/wp-content\/uploads\/2021\/11\/Captura-de-Tela-2021-11-10-a\u0300s-15.57.35-300x166.png\" alt=\"\" width=\"408\" height=\"226\" srcset=\"https:\/\/anprotec.org.br\/conferencia2021\/wp-content\/uploads\/2021\/11\/Captura-de-Tela-2021-11-10-a\u0300s-15.57.35-300x166.png 300w, https:\/\/anprotec.org.br\/conferencia2021\/wp-content\/uploads\/2021\/11\/Captura-de-Tela-2021-11-10-a\u0300s-15.57.35-768x426.png 768w, https:\/\/anprotec.org.br\/conferencia2021\/wp-content\/uploads\/2021\/11\/Captura-de-Tela-2021-11-10-a\u0300s-15.57.35-260x144.png 260w, https:\/\/anprotec.org.br\/conferencia2021\/wp-content\/uploads\/2021\/11\/Captura-de-Tela-2021-11-10-a\u0300s-15.57.35-50x28.png 50w, https:\/\/anprotec.org.br\/conferencia2021\/wp-content\/uploads\/2021\/11\/Captura-de-Tela-2021-11-10-a\u0300s-15.57.35-135x75.png 135w, https:\/\/anprotec.org.br\/conferencia2021\/wp-content\/uploads\/2021\/11\/Captura-de-Tela-2021-11-10-a\u0300s-15.57.35.png 774w\" sizes=\"auto, (max-width: 408px) 100vw, 408px\" \/><\/p>\n<p>&nbsp;<\/p>\n<p><span style=\"font-weight: 400;\">A quebra de fronteiras e horizontaliza\u00e7\u00e3o que os mecanismos da inova\u00e7\u00e3o tem proporcionado tamb\u00e9m foram pontos levantados entre os convidados, que apresentaram a relev\u00e2ncia que as incubadoras atualmente t\u00eam oferecido \u00e0s aceleradoras e ressaltaram que \u00e9 fundamental apoi\u00e1-las. Para Em\u00edlia Franco &#8220;ningu\u00e9m est\u00e1 pegando o espa\u00e7o do outro. A incubadora veio para complementar a aceleradora e vice-versa, trata-se de uma coopera\u00e7\u00e3o&#8221;.<\/span><\/p>\n<p>&nbsp;<\/p>\n<p><img loading=\"lazy\" decoding=\"async\" class=\"wp-image-1831 aligncenter\" src=\"https:\/\/anprotec.org.br\/conferencia2021\/wp-content\/uploads\/2021\/11\/Captura-de-Tela-2021-11-10-a\u0300s-15.55.42-300x168.png\" alt=\"\" width=\"409\" height=\"229\" srcset=\"https:\/\/anprotec.org.br\/conferencia2021\/wp-content\/uploads\/2021\/11\/Captura-de-Tela-2021-11-10-a\u0300s-15.55.42-300x168.png 300w, https:\/\/anprotec.org.br\/conferencia2021\/wp-content\/uploads\/2021\/11\/Captura-de-Tela-2021-11-10-a\u0300s-15.55.42-768x431.png 768w, https:\/\/anprotec.org.br\/conferencia2021\/wp-content\/uploads\/2021\/11\/Captura-de-Tela-2021-11-10-a\u0300s-15.55.42-260x146.png 260w, https:\/\/anprotec.org.br\/conferencia2021\/wp-content\/uploads\/2021\/11\/Captura-de-Tela-2021-11-10-a\u0300s-15.55.42-50x28.png 50w, https:\/\/anprotec.org.br\/conferencia2021\/wp-content\/uploads\/2021\/11\/Captura-de-Tela-2021-11-10-a\u0300s-15.55.42-134x75.png 134w, https:\/\/anprotec.org.br\/conferencia2021\/wp-content\/uploads\/2021\/11\/Captura-de-Tela-2021-11-10-a\u0300s-15.55.42.png 775w\" sizes=\"auto, (max-width: 409px) 100vw, 409px\" \/><\/p>\n<p>&nbsp;<\/p>\n<p><span style=\"font-weight: 400;\">Ao final do evento Ramon Santos concluiu abordando a import\u00e2ncia de se ter um posicionamento claro sobre o segmento que cada organiza\u00e7\u00e3o possui, ressaltando que os mecanismos possuem estruturas pr\u00f3prias. \u2018Existe a necessidade de um marco legal de mecanismos. Precisamos fomentar os meios da inova\u00e7\u00e3o, n\u00e3o s\u00f3 as pontas, j\u00e1 existe o decreto que institui os minist\u00e9rios de Ci\u00eancia e Tecnologia e tamb\u00e9m as startups, mas para os mecanismos isso ainda n\u00e3o existe na pr\u00e1tica&#8221;.<\/span><\/p>\n<p>&nbsp;<\/p>\n<p><img loading=\"lazy\" decoding=\"async\" class=\"wp-image-1832 aligncenter\" src=\"https:\/\/anprotec.org.br\/conferencia2021\/wp-content\/uploads\/2021\/11\/Captura-de-Tela-2021-11-10-a\u0300s-15.52.46-300x168.png\" alt=\"\" width=\"409\" height=\"229\" srcset=\"https:\/\/anprotec.org.br\/conferencia2021\/wp-content\/uploads\/2021\/11\/Captura-de-Tela-2021-11-10-a\u0300s-15.52.46-300x168.png 300w, https:\/\/anprotec.org.br\/conferencia2021\/wp-content\/uploads\/2021\/11\/Captura-de-Tela-2021-11-10-a\u0300s-15.52.46-768x430.png 768w, https:\/\/anprotec.org.br\/conferencia2021\/wp-content\/uploads\/2021\/11\/Captura-de-Tela-2021-11-10-a\u0300s-15.52.46-260x146.png 260w, https:\/\/anprotec.org.br\/conferencia2021\/wp-content\/uploads\/2021\/11\/Captura-de-Tela-2021-11-10-a\u0300s-15.52.46-50x28.png 50w, https:\/\/anprotec.org.br\/conferencia2021\/wp-content\/uploads\/2021\/11\/Captura-de-Tela-2021-11-10-a\u0300s-15.52.46-134x75.png 134w, https:\/\/anprotec.org.br\/conferencia2021\/wp-content\/uploads\/2021\/11\/Captura-de-Tela-2021-11-10-a\u0300s-15.52.46.png 776w\" sizes=\"auto, (max-width: 409px) 100vw, 409px\" \/><\/p>\n","protected":false},"excerpt":{"rendered":"<p>&nbsp; &nbsp; &nbsp; A 31\u00aa Confer\u00eancia Anprotec apresentou nesta ter\u00e7a-feira (9), durante o F\u00f3rum SEBRAE de Inova\u00e7\u00e3o 2021, o painel &#8220;Mecanismos Sustent\u00e1veis. Novos modelos de opera\u00e7\u00e3o&#8221;.<span class=\"excerpt-hellip\"> [\u2026]<\/span><\/p>\n","protected":false},"author":2,"featured_media":1834,"comment_status":"closed","ping_status":"open","sticky":false,"template":"","format":"standard","meta":{"footnotes":""},"categories":[1],"tags":[],"class_list":["post-1827","post","type-post","status-publish","format-standard","has-post-thumbnail","hentry","category-noticias"],"yoast_head":"<!-- This site is optimized with the Yoast SEO plugin v17.0 - https:\/\/yoast.com\/wordpress\/plugins\/seo\/ -->\n<title>Mecanismos de inova\u00e7\u00e3o debatem sobre novos modelos de opera\u00e7\u00e3o durante 31\u00aa Confer\u00eancia Anprotec - Confer\u00eancia Anprotec 2021<\/title>\n<meta name=\"robots\" content=\"index, follow, max-snippet:-1, max-image-preview:large, max-video-preview:-1\" \/>\n<link rel=\"canonical\" href=\"https:\/\/anprotec.org.br\/conferencia2021\/2021\/11\/10\/mecanismos-de-inovacao-debate-sobre-novos-modelos-de-operacao-durante-31a-conferencia-anprotec\/\" \/>\n<meta property=\"og:locale\" content=\"pt_BR\" \/>\n<meta property=\"og:type\" content=\"article\" \/>\n<meta property=\"og:title\" content=\"Mecanismos de inova\u00e7\u00e3o debatem sobre novos modelos de opera\u00e7\u00e3o durante 31\u00aa Confer\u00eancia Anprotec - Confer\u00eancia Anprotec 2021\" \/>\n<meta property=\"og:description\" content=\"&nbsp; &nbsp; &nbsp; A 31\u00aa Confer\u00eancia Anprotec apresentou nesta ter\u00e7a-feira (9), durante o F\u00f3rum SEBRAE de Inova\u00e7\u00e3o 2021, o painel &#8220;Mecanismos Sustent\u00e1veis. Novos modelos de opera\u00e7\u00e3o&#8221;. [\u2026]\" \/>\n<meta property=\"og:url\" content=\"https:\/\/anprotec.org.br\/conferencia2021\/2021\/11\/10\/mecanismos-de-inovacao-debate-sobre-novos-modelos-de-operacao-durante-31a-conferencia-anprotec\/\" \/>\n<meta property=\"og:site_name\" content=\"Confer\u00eancia Anprotec 2021\" \/>\n<meta property=\"article:published_time\" content=\"2021-11-10T19:13:08+00:00\" \/>\n<meta property=\"article:modified_time\" content=\"2021-11-11T11:19:43+00:00\" \/>\n<meta property=\"og:image\" content=\"https:\/\/anprotec.org.br\/conferencia2021\/wp-content\/uploads\/2021\/11\/Sem-ti\u0301tulo-7.png\" \/>\n\t<meta property=\"og:image:width\" content=\"960\" \/>\n\t<meta property=\"og:image:height\" content=\"600\" \/>\n<meta name=\"twitter:card\" content=\"summary_large_image\" \/>\n<meta name=\"twitter:label1\" content=\"Escrito por\" \/>\n\t<meta name=\"twitter:data1\" content=\"anprotec\" \/>\n\t<meta name=\"twitter:label2\" content=\"Est. tempo de leitura\" \/>\n\t<meta name=\"twitter:data2\" content=\"2 minutos\" \/>\n<script type=\"application\/ld+json\" class=\"yoast-schema-graph\">{\"@context\":\"https:\/\/schema.org\",\"@graph\":[{\"@type\":\"WebSite\",\"@id\":\"https:\/\/anprotec.org.br\/conferencia2021\/#website\",\"url\":\"https:\/\/anprotec.org.br\/conferencia2021\/\",\"name\":\"Confer\\u00eancia Anprotec 2021\",\"description\":\"\",\"potentialAction\":[{\"@type\":\"SearchAction\",\"target\":{\"@type\":\"EntryPoint\",\"urlTemplate\":\"https:\/\/anprotec.org.br\/conferencia2021\/?s={search_term_string}\"},\"query-input\":\"required name=search_term_string\"}],\"inLanguage\":\"pt-BR\"},{\"@type\":\"ImageObject\",\"@id\":\"https:\/\/anprotec.org.br\/conferencia2021\/2021\/11\/10\/mecanismos-de-inovacao-debate-sobre-novos-modelos-de-operacao-durante-31a-conferencia-anprotec\/#primaryimage\",\"inLanguage\":\"pt-BR\",\"url\":\"https:\/\/anprotec.org.br\/conferencia2021\/wp-content\/uploads\/2021\/11\/Sem-ti\\u0301tulo-7.png\",\"contentUrl\":\"https:\/\/anprotec.org.br\/conferencia2021\/wp-content\/uploads\/2021\/11\/Sem-ti\\u0301tulo-7.png\",\"width\":960,\"height\":600},{\"@type\":\"WebPage\",\"@id\":\"https:\/\/anprotec.org.br\/conferencia2021\/2021\/11\/10\/mecanismos-de-inovacao-debate-sobre-novos-modelos-de-operacao-durante-31a-conferencia-anprotec\/#webpage\",\"url\":\"https:\/\/anprotec.org.br\/conferencia2021\/2021\/11\/10\/mecanismos-de-inovacao-debate-sobre-novos-modelos-de-operacao-durante-31a-conferencia-anprotec\/\",\"name\":\"Mecanismos de inova\\u00e7\\u00e3o debatem sobre novos modelos de opera\\u00e7\\u00e3o durante 31\\u00aa Confer\\u00eancia Anprotec - Confer\\u00eancia Anprotec 2021\",\"isPartOf\":{\"@id\":\"https:\/\/anprotec.org.br\/conferencia2021\/#website\"},\"primaryImageOfPage\":{\"@id\":\"https:\/\/anprotec.org.br\/conferencia2021\/2021\/11\/10\/mecanismos-de-inovacao-debate-sobre-novos-modelos-de-operacao-durante-31a-conferencia-anprotec\/#primaryimage\"},\"datePublished\":\"2021-11-10T19:13:08+00:00\",\"dateModified\":\"2021-11-11T11:19:43+00:00\",\"author\":{\"@id\":\"https:\/\/anprotec.org.br\/conferencia2021\/#\/schema\/person\/99ce149e918cd59cc82adfb7d8f42940\"},\"breadcrumb\":{\"@id\":\"https:\/\/anprotec.org.br\/conferencia2021\/2021\/11\/10\/mecanismos-de-inovacao-debate-sobre-novos-modelos-de-operacao-durante-31a-conferencia-anprotec\/#breadcrumb\"},\"inLanguage\":\"pt-BR\",\"potentialAction\":[{\"@type\":\"ReadAction\",\"target\":[\"https:\/\/anprotec.org.br\/conferencia2021\/2021\/11\/10\/mecanismos-de-inovacao-debate-sobre-novos-modelos-de-operacao-durante-31a-conferencia-anprotec\/\"]}]},{\"@type\":\"BreadcrumbList\",\"@id\":\"https:\/\/anprotec.org.br\/conferencia2021\/2021\/11\/10\/mecanismos-de-inovacao-debate-sobre-novos-modelos-de-operacao-durante-31a-conferencia-anprotec\/#breadcrumb\",\"itemListElement\":[{\"@type\":\"ListItem\",\"position\":1,\"name\":\"In\\u00edcio\",\"item\":\"https:\/\/anprotec.org.br\/conferencia2021\/\"},{\"@type\":\"ListItem\",\"position\":2,\"name\":\"Mecanismos de inova\\u00e7\\u00e3o debatem sobre novos modelos de opera\\u00e7\\u00e3o durante 31\\u00aa Confer\\u00eancia Anprotec\"}]},{\"@type\":\"Person\",\"@id\":\"https:\/\/anprotec.org.br\/conferencia2021\/#\/schema\/person\/99ce149e918cd59cc82adfb7d8f42940\",\"name\":\"anprotec\",\"url\":\"https:\/\/anprotec.org.br\/conferencia2021\/author\/anprotec\/\"}]}<\/script>\n<!-- \/ Yoast SEO plugin. -->","yoast_head_json":{"title":"Mecanismos de inova\u00e7\u00e3o debatem sobre novos modelos de opera\u00e7\u00e3o durante 31\u00aa Confer\u00eancia Anprotec - Confer\u00eancia Anprotec 2021","robots":{"index":"index","follow":"follow","max-snippet":"max-snippet:-1","max-image-preview":"max-image-preview:large","max-video-preview":"max-video-preview:-1"},"canonical":"https:\/\/anprotec.org.br\/conferencia2021\/2021\/11\/10\/mecanismos-de-inovacao-debate-sobre-novos-modelos-de-operacao-durante-31a-conferencia-anprotec\/","og_locale":"pt_BR","og_type":"article","og_title":"Mecanismos de inova\u00e7\u00e3o debatem sobre novos modelos de opera\u00e7\u00e3o durante 31\u00aa Confer\u00eancia Anprotec - Confer\u00eancia Anprotec 2021","og_description":"&nbsp; &nbsp; &nbsp; A 31\u00aa Confer\u00eancia Anprotec apresentou nesta ter\u00e7a-feira (9), durante o F\u00f3rum SEBRAE de Inova\u00e7\u00e3o 2021, o painel &#8220;Mecanismos Sustent\u00e1veis. Novos modelos de opera\u00e7\u00e3o&#8221;. [\u2026]","og_url":"https:\/\/anprotec.org.br\/conferencia2021\/2021\/11\/10\/mecanismos-de-inovacao-debate-sobre-novos-modelos-de-operacao-durante-31a-conferencia-anprotec\/","og_site_name":"Confer\u00eancia Anprotec 2021","article_published_time":"2021-11-10T19:13:08+00:00","article_modified_time":"2021-11-11T11:19:43+00:00","og_image":[{"width":960,"height":600,"url":"https:\/\/anprotec.org.br\/conferencia2021\/wp-content\/uploads\/2021\/11\/Sem-ti\u0301tulo-7.png","path":"\/var\/www\/vhosts\/anprotec.org.br\/httpdocs\/conferencia2021\/wp-content\/uploads\/2021\/11\/Sem-ti\u0301tulo-7.png","size":"full","id":1834,"alt":"","pixels":576000,"type":"image\/png"}],"twitter_card":"summary_large_image","twitter_misc":{"Escrito por":"anprotec","Est. tempo de leitura":"2 minutos"},"schema":{"@context":"https:\/\/schema.org","@graph":[{"@type":"WebSite","@id":"https:\/\/anprotec.org.br\/conferencia2021\/#website","url":"https:\/\/anprotec.org.br\/conferencia2021\/","name":"Confer\u00eancia Anprotec 2021","description":"","potentialAction":[{"@type":"SearchAction","target":{"@type":"EntryPoint","urlTemplate":"https:\/\/anprotec.org.br\/conferencia2021\/?s={search_term_string}"},"query-input":"required name=search_term_string"}],"inLanguage":"pt-BR"},{"@type":"ImageObject","@id":"https:\/\/anprotec.org.br\/conferencia2021\/2021\/11\/10\/mecanismos-de-inovacao-debate-sobre-novos-modelos-de-operacao-durante-31a-conferencia-anprotec\/#primaryimage","inLanguage":"pt-BR","url":"https:\/\/anprotec.org.br\/conferencia2021\/wp-content\/uploads\/2021\/11\/Sem-ti\u0301tulo-7.png","contentUrl":"https:\/\/anprotec.org.br\/conferencia2021\/wp-content\/uploads\/2021\/11\/Sem-ti\u0301tulo-7.png","width":960,"height":600},{"@type":"WebPage","@id":"https:\/\/anprotec.org.br\/conferencia2021\/2021\/11\/10\/mecanismos-de-inovacao-debate-sobre-novos-modelos-de-operacao-durante-31a-conferencia-anprotec\/#webpage","url":"https:\/\/anprotec.org.br\/conferencia2021\/2021\/11\/10\/mecanismos-de-inovacao-debate-sobre-novos-modelos-de-operacao-durante-31a-conferencia-anprotec\/","name":"Mecanismos de inova\u00e7\u00e3o debatem sobre novos modelos de opera\u00e7\u00e3o durante 31\u00aa Confer\u00eancia Anprotec - Confer\u00eancia Anprotec 2021","isPartOf":{"@id":"https:\/\/anprotec.org.br\/conferencia2021\/#website"},"primaryImageOfPage":{"@id":"https:\/\/anprotec.org.br\/conferencia2021\/2021\/11\/10\/mecanismos-de-inovacao-debate-sobre-novos-modelos-de-operacao-durante-31a-conferencia-anprotec\/#primaryimage"},"datePublished":"2021-11-10T19:13:08+00:00","dateModified":"2021-11-11T11:19:43+00:00","author":{"@id":"https:\/\/anprotec.org.br\/conferencia2021\/#\/schema\/person\/99ce149e918cd59cc82adfb7d8f42940"},"breadcrumb":{"@id":"https:\/\/anprotec.org.br\/conferencia2021\/2021\/11\/10\/mecanismos-de-inovacao-debate-sobre-novos-modelos-de-operacao-durante-31a-conferencia-anprotec\/#breadcrumb"},"inLanguage":"pt-BR","potentialAction":[{"@type":"ReadAction","target":["https:\/\/anprotec.org.br\/conferencia2021\/2021\/11\/10\/mecanismos-de-inovacao-debate-sobre-novos-modelos-de-operacao-durante-31a-conferencia-anprotec\/"]}]},{"@type":"BreadcrumbList","@id":"https:\/\/anprotec.org.br\/conferencia2021\/2021\/11\/10\/mecanismos-de-inovacao-debate-sobre-novos-modelos-de-operacao-durante-31a-conferencia-anprotec\/#breadcrumb","itemListElement":[{"@type":"ListItem","position":1,"name":"In\u00edcio","item":"https:\/\/anprotec.org.br\/conferencia2021\/"},{"@type":"ListItem","position":2,"name":"Mecanismos de inova\u00e7\u00e3o debatem sobre novos modelos de opera\u00e7\u00e3o durante 31\u00aa Confer\u00eancia Anprotec"}]},{"@type":"Person","@id":"https:\/\/anprotec.org.br\/conferencia2021\/#\/schema\/person\/99ce149e918cd59cc82adfb7d8f42940","name":"anprotec","url":"https:\/\/anprotec.org.br\/conferencia2021\/author\/anprotec\/"}]}},"_links":{"self":[{"href":"https:\/\/anprotec.org.br\/conferencia2021\/wp-json\/wp\/v2\/posts\/1827","targetHints":{"allow":["GET"]}}],"collection":[{"href":"https:\/\/anprotec.org.br\/conferencia2021\/wp-json\/wp\/v2\/posts"}],"about":[{"href":"https:\/\/anprotec.org.br\/conferencia2021\/wp-json\/wp\/v2\/types\/post"}],"author":[{"embeddable":true,"href":"https:\/\/anprotec.org.br\/conferencia2021\/wp-json\/wp\/v2\/users\/2"}],"replies":[{"embeddable":true,"href":"https:\/\/anprotec.org.br\/conferencia2021\/wp-json\/wp\/v2\/comments?post=1827"}],"version-history":[{"count":5,"href":"https:\/\/anprotec.org.br\/conferencia2021\/wp-json\/wp\/v2\/posts\/1827\/revisions"}],"predecessor-version":[{"id":1838,"href":"https:\/\/anprotec.org.br\/conferencia2021\/wp-json\/wp\/v2\/posts\/1827\/revisions\/1838"}],"wp:featuredmedia":[{"embeddable":true,"href":"https:\/\/anprotec.org.br\/conferencia2021\/wp-json\/wp\/v2\/media\/1834"}],"wp:attachment":[{"href":"https:\/\/anprotec.org.br\/conferencia2021\/wp-json\/wp\/v2\/media?parent=1827"}],"wp:term":[{"taxonomy":"category","embeddable":true,"href":"https:\/\/anprotec.org.br\/conferencia2021\/wp-json\/wp\/v2\/categories?post=1827"},{"taxonomy":"post_tag","embeddable":true,"href":"https:\/\/anprotec.org.br\/conferencia2021\/wp-json\/wp\/v2\/tags?post=1827"}],"curies":[{"name":"wp","href":"https:\/\/api.w.org\/{rel}","templated":true}]}}