{"id":1818,"date":"2021-11-10T13:55:38","date_gmt":"2021-11-10T16:55:38","guid":{"rendered":"https:\/\/anprotec.org.br\/conferencia2021\/?p=1818"},"modified":"2021-11-17T09:10:28","modified_gmt":"2021-11-17T12:10:28","slug":"silvio-meira-fala-sobre-brasil-figital-em-plenaria-da-31a-conferencia-anprotec","status":"publish","type":"post","link":"https:\/\/anprotec.org.br\/conferencia2021\/2021\/11\/10\/silvio-meira-fala-sobre-brasil-figital-em-plenaria-da-31a-conferencia-anprotec\/","title":{"rendered":"Silvio Meira fala sobre Brasil Figital em Plen\u00e1ria da 31\u00aa Confer\u00eancia Anprotec"},"content":{"rendered":"<p><img loading=\"lazy\" decoding=\"async\" class=\"wp-image-1813 size-full aligncenter\" src=\"https:\/\/anprotec.org.br\/conferencia2021\/wp-content\/uploads\/2021\/11\/Captura-de-Tela-2021-11-10-a\u0300s-12.42.39.png\" alt=\"\" width=\"771\" height=\"428\" srcset=\"https:\/\/anprotec.org.br\/conferencia2021\/wp-content\/uploads\/2021\/11\/Captura-de-Tela-2021-11-10-a\u0300s-12.42.39.png 771w, https:\/\/anprotec.org.br\/conferencia2021\/wp-content\/uploads\/2021\/11\/Captura-de-Tela-2021-11-10-a\u0300s-12.42.39-300x167.png 300w, https:\/\/anprotec.org.br\/conferencia2021\/wp-content\/uploads\/2021\/11\/Captura-de-Tela-2021-11-10-a\u0300s-12.42.39-768x426.png 768w, https:\/\/anprotec.org.br\/conferencia2021\/wp-content\/uploads\/2021\/11\/Captura-de-Tela-2021-11-10-a\u0300s-12.42.39-260x144.png 260w, https:\/\/anprotec.org.br\/conferencia2021\/wp-content\/uploads\/2021\/11\/Captura-de-Tela-2021-11-10-a\u0300s-12.42.39-50x28.png 50w, https:\/\/anprotec.org.br\/conferencia2021\/wp-content\/uploads\/2021\/11\/Captura-de-Tela-2021-11-10-a\u0300s-12.42.39-135x75.png 135w\" sizes=\"auto, (max-width: 771px) 100vw, 771px\" \/><\/p>\n<p>&nbsp;<\/p>\n<p>&nbsp;<\/p>\n<p><span style=\"font-weight: 400;\">A 31\u00aa Confer\u00eancia Anprotec segue a todo vapor! Hoje, (10) na parte da manh\u00e3, aconteceu a terceira plen\u00e1ria, mediada por Chico Saboya, presidente da Anprotec, e com participa\u00e7\u00e3o especial de Silvio Meira, Cientista-chefe da The Digital Strategy Company e professor extraordin\u00e1rio da Cesar.school.\u00a0<\/span><\/p>\n<p><span style=\"font-weight: 400;\">A plen\u00e1ria debateu sobre: \u201cDire\u00e7\u00f5es, Desafios e Dimens\u00f5es para uma Estrat\u00e9gia de Brasil Figital\u201d. N\u00e3o \u00e9 novidade que o mundo vive uma acelera\u00e7\u00e3o digital intensa, e consequentemente, o Brasil tamb\u00e9m. Essas inova\u00e7\u00f5es digitais passaram a ser ainda mais necess\u00e1rias por conta da pandemia de Covid-19, por conta disso, todos os ramos da ind\u00fastria viram a oportunidade de aproveitar este momento e sugerir mais inova\u00e7\u00f5es.<\/span><\/p>\n<p><span style=\"font-weight: 400;\">Durante o papo, Silvio aponta que o mundo j\u00e1 est\u00e1 em um est\u00e1gio avan\u00e7ado quando falamos sobre o &#8220;figital&#8221; (jun\u00e7\u00e3o dos termos &#8216;f\u00edsico&#8217; e &#8216;digital&#8217;), e que o Brasil, atrav\u00e9s de estrat\u00e9gias e ideias bem executadas, tem de ser parte integrante deste ecossistema.\u00a0<\/span><\/p>\n<p><span style=\"font-weight: 400;\">Para concluir, Silvio Meira ressaltou a import\u00e2ncia de pesquisas e estrat\u00e9gias para fomentar a evolu\u00e7\u00e3o deste universo. \u201cQualquer estrat\u00e9gia minimamente competitiva e sustent\u00e1vel para curto, m\u00e9dio e longo prazo no Brasil depende do conhecimento, pesquisa, desenvolvimento, ensino t\u00e9cnico, gradua\u00e7\u00e3o e p\u00f3s gradua\u00e7\u00e3o em todas as \u00e1reas da computa\u00e7\u00e3o, de qualidade e em larga escala lastreados numa pol\u00edtica p\u00fablica ambiciosa e com investimentos apropriados.\u201d<\/span><\/p>\n<p>O tema abordado por Silvio Meira foi detalhado em um eBook que trata sobre um\u00a0cen\u00e1rio no qual as dimens\u00f5es de performance e competi\u00e7\u00e3o dos neg\u00f3cios est\u00e3o cada vez mais interconectadas: os mundos f\u00edsico, digital e social convivendo em tempo quase real, sem que se possa afirmar objetivamente onde come\u00e7a um e termina o outro.<\/p>\n<p>Ao final de sua apresenta\u00e7\u00e3o, Silvio Meira disponibilizou o link para download do estudo. <a href=\"https:\/\/tds.company\/library\/ebook-fundacoes-para-os-futuros-figitais\/\">Clique aqui para ter acesso.<\/a><\/p>\n<p>&nbsp;<\/p>\n<p><img loading=\"lazy\" decoding=\"async\" class=\"alignnone wp-image-1815\" src=\"https:\/\/anprotec.org.br\/conferencia2021\/wp-content\/uploads\/2021\/11\/Captura-de-Tela-2021-11-10-a\u0300s-12.49.22-300x165.png\" alt=\"\" width=\"511\" height=\"281\" srcset=\"https:\/\/anprotec.org.br\/conferencia2021\/wp-content\/uploads\/2021\/11\/Captura-de-Tela-2021-11-10-a\u0300s-12.49.22-300x165.png 300w, https:\/\/anprotec.org.br\/conferencia2021\/wp-content\/uploads\/2021\/11\/Captura-de-Tela-2021-11-10-a\u0300s-12.49.22-768x423.png 768w, https:\/\/anprotec.org.br\/conferencia2021\/wp-content\/uploads\/2021\/11\/Captura-de-Tela-2021-11-10-a\u0300s-12.49.22-260x143.png 260w, https:\/\/anprotec.org.br\/conferencia2021\/wp-content\/uploads\/2021\/11\/Captura-de-Tela-2021-11-10-a\u0300s-12.49.22-50x28.png 50w, https:\/\/anprotec.org.br\/conferencia2021\/wp-content\/uploads\/2021\/11\/Captura-de-Tela-2021-11-10-a\u0300s-12.49.22-136x75.png 136w, https:\/\/anprotec.org.br\/conferencia2021\/wp-content\/uploads\/2021\/11\/Captura-de-Tela-2021-11-10-a\u0300s-12.49.22.png 773w\" sizes=\"auto, (max-width: 511px) 100vw, 511px\" \/> \u00a0<img loading=\"lazy\" decoding=\"async\" class=\"alignnone wp-image-1816\" src=\"https:\/\/anprotec.org.br\/conferencia2021\/wp-content\/uploads\/2021\/11\/Captura-de-Tela-2021-11-10-a\u0300s-12.48.34-300x166.png\" alt=\"\" width=\"505\" height=\"279\" srcset=\"https:\/\/anprotec.org.br\/conferencia2021\/wp-content\/uploads\/2021\/11\/Captura-de-Tela-2021-11-10-a\u0300s-12.48.34-300x166.png 300w, https:\/\/anprotec.org.br\/conferencia2021\/wp-content\/uploads\/2021\/11\/Captura-de-Tela-2021-11-10-a\u0300s-12.48.34-768x425.png 768w, https:\/\/anprotec.org.br\/conferencia2021\/wp-content\/uploads\/2021\/11\/Captura-de-Tela-2021-11-10-a\u0300s-12.48.34-260x144.png 260w, https:\/\/anprotec.org.br\/conferencia2021\/wp-content\/uploads\/2021\/11\/Captura-de-Tela-2021-11-10-a\u0300s-12.48.34-50x28.png 50w, https:\/\/anprotec.org.br\/conferencia2021\/wp-content\/uploads\/2021\/11\/Captura-de-Tela-2021-11-10-a\u0300s-12.48.34-136x75.png 136w, https:\/\/anprotec.org.br\/conferencia2021\/wp-content\/uploads\/2021\/11\/Captura-de-Tela-2021-11-10-a\u0300s-12.48.34.png 772w\" sizes=\"auto, (max-width: 505px) 100vw, 505px\" \/><\/p>\n<p>&nbsp;<\/p>\n<p><b>Roda de conversa associados<\/b><\/p>\n<p><span style=\"font-weight: 400;\">Ap\u00f3s a palestra de Silvio Meira, foi realizada uma mesa redonda para destrinchar ainda mais o tema abordado anteriormente. O bate papo contou com as participa\u00e7\u00f5es de Gianna Sagazio, Diretora de Inova\u00e7\u00e3o do CNI e de Cl\u00f3vis Meurer, Fundador e Membro do Conselho Deliberativo da ABVCAP.<\/span><\/p>\n<p><span style=\"font-weight: 400;\">Francisco Saboya, mediador da conversa, abriu a discuss\u00e3o destacando o valor das informa\u00e7\u00f5es compartilhadas na Plen\u00e1ria. \u201cSilvio nos deixou uma agenda extremamente rica de possibilidades para que possamos caminhar para sermos um pa\u00eds refer\u00eancia e com protagonismo em figital, com metas ambiciosas, mas realiz\u00e1veis.\u201d<\/span><\/p>\n<p><span style=\"font-weight: 400;\">Com a palavra, Giana explicou o papel da CNI, e contou que, recentemente, a institui\u00e7\u00e3o realizou uma pesquisa com grandes e m\u00e9dias empresas questionando sobre a inova\u00e7\u00e3o durante o per\u00edodo da pandemia e quais foram os resultados da empreitada. \u201cTivemos um resultado surpreendente na minha vis\u00e3o, porque 88% das empresas declararam ter inovado nesse per\u00edodo. E 80% dessas empresas afirmaram que tiveram ganhos de produtividade, competitividade e lucro. Ent\u00e3o, aparentemente existe um reconhecimento da import\u00e2ncia da inova\u00e7\u00e3o como forma de superar a crise e retomar o crescimento.\u201d<\/span><\/p>\n<p><span style=\"font-weight: 400;\">Na sequ\u00eancia, Cl\u00f3vis apontou em sua fala a import\u00e2ncia da capta\u00e7\u00e3o de recursos e do crescimento das atividades industriais de inova\u00e7\u00e3o. \u201cAno passado tivemos n\u00famero recorde de investimentos no Brasil. A queda dos juros se tornou super importante para trazer mais capital para o setor. Apesar de parecer pouco, o aumento de startups e unic\u00f3rnios surgindo evoluiu consideravelmente nos \u00faltimos quatro, cinco anos, felizmente\u201d, concluiu.<\/span><\/p>\n<p>&nbsp;<\/p>\n","protected":false},"excerpt":{"rendered":"<p>&nbsp; &nbsp; A 31\u00aa Confer\u00eancia Anprotec segue a todo vapor! Hoje, (10) na parte da manh\u00e3, aconteceu a terceira plen\u00e1ria, mediada por Chico Saboya, presidente da<span class=\"excerpt-hellip\"> [\u2026]<\/span><\/p>\n","protected":false},"author":2,"featured_media":1814,"comment_status":"closed","ping_status":"open","sticky":false,"template":"","format":"standard","meta":{"footnotes":""},"categories":[1],"tags":[],"class_list":["post-1818","post","type-post","status-publish","format-standard","has-post-thumbnail","hentry","category-noticias"],"yoast_head":"<!-- This site is optimized with the Yoast SEO plugin v17.0 - https:\/\/yoast.com\/wordpress\/plugins\/seo\/ -->\n<title>Silvio Meira fala sobre Brasil Figital em Plen\u00e1ria da 31\u00aa Confer\u00eancia Anprotec - Confer\u00eancia Anprotec 2021<\/title>\n<meta name=\"robots\" content=\"index, follow, max-snippet:-1, max-image-preview:large, max-video-preview:-1\" \/>\n<link rel=\"canonical\" href=\"https:\/\/anprotec.org.br\/conferencia2021\/2021\/11\/10\/silvio-meira-fala-sobre-brasil-figital-em-plenaria-da-31a-conferencia-anprotec\/\" \/>\n<meta property=\"og:locale\" content=\"pt_BR\" \/>\n<meta property=\"og:type\" content=\"article\" \/>\n<meta property=\"og:title\" content=\"Silvio Meira fala sobre Brasil Figital em Plen\u00e1ria da 31\u00aa Confer\u00eancia Anprotec - Confer\u00eancia Anprotec 2021\" \/>\n<meta property=\"og:description\" content=\"&nbsp; &nbsp; A 31\u00aa Confer\u00eancia Anprotec segue a todo vapor! Hoje, (10) na parte da manh\u00e3, aconteceu a terceira plen\u00e1ria, mediada por Chico Saboya, presidente da [\u2026]\" \/>\n<meta property=\"og:url\" content=\"https:\/\/anprotec.org.br\/conferencia2021\/2021\/11\/10\/silvio-meira-fala-sobre-brasil-figital-em-plenaria-da-31a-conferencia-anprotec\/\" \/>\n<meta property=\"og:site_name\" content=\"Confer\u00eancia Anprotec 2021\" \/>\n<meta property=\"article:published_time\" content=\"2021-11-10T16:55:38+00:00\" \/>\n<meta property=\"article:modified_time\" content=\"2021-11-17T12:10:28+00:00\" \/>\n<meta property=\"og:image\" content=\"https:\/\/anprotec.org.br\/conferencia2021\/wp-content\/uploads\/2021\/11\/Sem-ti\u0301tulo-6.png\" \/>\n\t<meta property=\"og:image:width\" content=\"960\" \/>\n\t<meta property=\"og:image:height\" content=\"600\" \/>\n<meta name=\"twitter:card\" content=\"summary_large_image\" \/>\n<meta name=\"twitter:label1\" content=\"Escrito por\" \/>\n\t<meta name=\"twitter:data1\" content=\"anprotec\" \/>\n\t<meta name=\"twitter:label2\" content=\"Est. tempo de leitura\" \/>\n\t<meta name=\"twitter:data2\" content=\"3 minutos\" \/>\n<script type=\"application\/ld+json\" class=\"yoast-schema-graph\">{\"@context\":\"https:\/\/schema.org\",\"@graph\":[{\"@type\":\"WebSite\",\"@id\":\"https:\/\/anprotec.org.br\/conferencia2021\/#website\",\"url\":\"https:\/\/anprotec.org.br\/conferencia2021\/\",\"name\":\"Confer\\u00eancia Anprotec 2021\",\"description\":\"\",\"potentialAction\":[{\"@type\":\"SearchAction\",\"target\":{\"@type\":\"EntryPoint\",\"urlTemplate\":\"https:\/\/anprotec.org.br\/conferencia2021\/?s={search_term_string}\"},\"query-input\":\"required name=search_term_string\"}],\"inLanguage\":\"pt-BR\"},{\"@type\":\"ImageObject\",\"@id\":\"https:\/\/anprotec.org.br\/conferencia2021\/2021\/11\/10\/silvio-meira-fala-sobre-brasil-figital-em-plenaria-da-31a-conferencia-anprotec\/#primaryimage\",\"inLanguage\":\"pt-BR\",\"url\":\"https:\/\/anprotec.org.br\/conferencia2021\/wp-content\/uploads\/2021\/11\/Sem-ti\\u0301tulo-6.png\",\"contentUrl\":\"https:\/\/anprotec.org.br\/conferencia2021\/wp-content\/uploads\/2021\/11\/Sem-ti\\u0301tulo-6.png\",\"width\":960,\"height\":600},{\"@type\":\"WebPage\",\"@id\":\"https:\/\/anprotec.org.br\/conferencia2021\/2021\/11\/10\/silvio-meira-fala-sobre-brasil-figital-em-plenaria-da-31a-conferencia-anprotec\/#webpage\",\"url\":\"https:\/\/anprotec.org.br\/conferencia2021\/2021\/11\/10\/silvio-meira-fala-sobre-brasil-figital-em-plenaria-da-31a-conferencia-anprotec\/\",\"name\":\"Silvio Meira fala sobre Brasil Figital em Plen\\u00e1ria da 31\\u00aa Confer\\u00eancia Anprotec - Confer\\u00eancia Anprotec 2021\",\"isPartOf\":{\"@id\":\"https:\/\/anprotec.org.br\/conferencia2021\/#website\"},\"primaryImageOfPage\":{\"@id\":\"https:\/\/anprotec.org.br\/conferencia2021\/2021\/11\/10\/silvio-meira-fala-sobre-brasil-figital-em-plenaria-da-31a-conferencia-anprotec\/#primaryimage\"},\"datePublished\":\"2021-11-10T16:55:38+00:00\",\"dateModified\":\"2021-11-17T12:10:28+00:00\",\"author\":{\"@id\":\"https:\/\/anprotec.org.br\/conferencia2021\/#\/schema\/person\/99ce149e918cd59cc82adfb7d8f42940\"},\"breadcrumb\":{\"@id\":\"https:\/\/anprotec.org.br\/conferencia2021\/2021\/11\/10\/silvio-meira-fala-sobre-brasil-figital-em-plenaria-da-31a-conferencia-anprotec\/#breadcrumb\"},\"inLanguage\":\"pt-BR\",\"potentialAction\":[{\"@type\":\"ReadAction\",\"target\":[\"https:\/\/anprotec.org.br\/conferencia2021\/2021\/11\/10\/silvio-meira-fala-sobre-brasil-figital-em-plenaria-da-31a-conferencia-anprotec\/\"]}]},{\"@type\":\"BreadcrumbList\",\"@id\":\"https:\/\/anprotec.org.br\/conferencia2021\/2021\/11\/10\/silvio-meira-fala-sobre-brasil-figital-em-plenaria-da-31a-conferencia-anprotec\/#breadcrumb\",\"itemListElement\":[{\"@type\":\"ListItem\",\"position\":1,\"name\":\"In\\u00edcio\",\"item\":\"https:\/\/anprotec.org.br\/conferencia2021\/\"},{\"@type\":\"ListItem\",\"position\":2,\"name\":\"Silvio Meira fala sobre Brasil Figital em Plen\\u00e1ria da 31\\u00aa Confer\\u00eancia Anprotec\"}]},{\"@type\":\"Person\",\"@id\":\"https:\/\/anprotec.org.br\/conferencia2021\/#\/schema\/person\/99ce149e918cd59cc82adfb7d8f42940\",\"name\":\"anprotec\",\"url\":\"https:\/\/anprotec.org.br\/conferencia2021\/author\/anprotec\/\"}]}<\/script>\n<!-- \/ Yoast SEO plugin. -->","yoast_head_json":{"title":"Silvio Meira fala sobre Brasil Figital em Plen\u00e1ria da 31\u00aa Confer\u00eancia Anprotec - Confer\u00eancia Anprotec 2021","robots":{"index":"index","follow":"follow","max-snippet":"max-snippet:-1","max-image-preview":"max-image-preview:large","max-video-preview":"max-video-preview:-1"},"canonical":"https:\/\/anprotec.org.br\/conferencia2021\/2021\/11\/10\/silvio-meira-fala-sobre-brasil-figital-em-plenaria-da-31a-conferencia-anprotec\/","og_locale":"pt_BR","og_type":"article","og_title":"Silvio Meira fala sobre Brasil Figital em Plen\u00e1ria da 31\u00aa Confer\u00eancia Anprotec - Confer\u00eancia Anprotec 2021","og_description":"&nbsp; &nbsp; A 31\u00aa Confer\u00eancia Anprotec segue a todo vapor! Hoje, (10) na parte da manh\u00e3, aconteceu a terceira plen\u00e1ria, mediada por Chico Saboya, presidente da [\u2026]","og_url":"https:\/\/anprotec.org.br\/conferencia2021\/2021\/11\/10\/silvio-meira-fala-sobre-brasil-figital-em-plenaria-da-31a-conferencia-anprotec\/","og_site_name":"Confer\u00eancia Anprotec 2021","article_published_time":"2021-11-10T16:55:38+00:00","article_modified_time":"2021-11-17T12:10:28+00:00","og_image":[{"width":960,"height":600,"url":"https:\/\/anprotec.org.br\/conferencia2021\/wp-content\/uploads\/2021\/11\/Sem-ti\u0301tulo-6.png","path":"\/var\/www\/vhosts\/anprotec.org.br\/httpdocs\/conferencia2021\/wp-content\/uploads\/2021\/11\/Sem-ti\u0301tulo-6.png","size":"full","id":1814,"alt":"","pixels":576000,"type":"image\/png"}],"twitter_card":"summary_large_image","twitter_misc":{"Escrito por":"anprotec","Est. tempo de leitura":"3 minutos"},"schema":{"@context":"https:\/\/schema.org","@graph":[{"@type":"WebSite","@id":"https:\/\/anprotec.org.br\/conferencia2021\/#website","url":"https:\/\/anprotec.org.br\/conferencia2021\/","name":"Confer\u00eancia Anprotec 2021","description":"","potentialAction":[{"@type":"SearchAction","target":{"@type":"EntryPoint","urlTemplate":"https:\/\/anprotec.org.br\/conferencia2021\/?s={search_term_string}"},"query-input":"required name=search_term_string"}],"inLanguage":"pt-BR"},{"@type":"ImageObject","@id":"https:\/\/anprotec.org.br\/conferencia2021\/2021\/11\/10\/silvio-meira-fala-sobre-brasil-figital-em-plenaria-da-31a-conferencia-anprotec\/#primaryimage","inLanguage":"pt-BR","url":"https:\/\/anprotec.org.br\/conferencia2021\/wp-content\/uploads\/2021\/11\/Sem-ti\u0301tulo-6.png","contentUrl":"https:\/\/anprotec.org.br\/conferencia2021\/wp-content\/uploads\/2021\/11\/Sem-ti\u0301tulo-6.png","width":960,"height":600},{"@type":"WebPage","@id":"https:\/\/anprotec.org.br\/conferencia2021\/2021\/11\/10\/silvio-meira-fala-sobre-brasil-figital-em-plenaria-da-31a-conferencia-anprotec\/#webpage","url":"https:\/\/anprotec.org.br\/conferencia2021\/2021\/11\/10\/silvio-meira-fala-sobre-brasil-figital-em-plenaria-da-31a-conferencia-anprotec\/","name":"Silvio Meira fala sobre Brasil Figital em Plen\u00e1ria da 31\u00aa Confer\u00eancia Anprotec - Confer\u00eancia Anprotec 2021","isPartOf":{"@id":"https:\/\/anprotec.org.br\/conferencia2021\/#website"},"primaryImageOfPage":{"@id":"https:\/\/anprotec.org.br\/conferencia2021\/2021\/11\/10\/silvio-meira-fala-sobre-brasil-figital-em-plenaria-da-31a-conferencia-anprotec\/#primaryimage"},"datePublished":"2021-11-10T16:55:38+00:00","dateModified":"2021-11-17T12:10:28+00:00","author":{"@id":"https:\/\/anprotec.org.br\/conferencia2021\/#\/schema\/person\/99ce149e918cd59cc82adfb7d8f42940"},"breadcrumb":{"@id":"https:\/\/anprotec.org.br\/conferencia2021\/2021\/11\/10\/silvio-meira-fala-sobre-brasil-figital-em-plenaria-da-31a-conferencia-anprotec\/#breadcrumb"},"inLanguage":"pt-BR","potentialAction":[{"@type":"ReadAction","target":["https:\/\/anprotec.org.br\/conferencia2021\/2021\/11\/10\/silvio-meira-fala-sobre-brasil-figital-em-plenaria-da-31a-conferencia-anprotec\/"]}]},{"@type":"BreadcrumbList","@id":"https:\/\/anprotec.org.br\/conferencia2021\/2021\/11\/10\/silvio-meira-fala-sobre-brasil-figital-em-plenaria-da-31a-conferencia-anprotec\/#breadcrumb","itemListElement":[{"@type":"ListItem","position":1,"name":"In\u00edcio","item":"https:\/\/anprotec.org.br\/conferencia2021\/"},{"@type":"ListItem","position":2,"name":"Silvio Meira fala sobre Brasil Figital em Plen\u00e1ria da 31\u00aa Confer\u00eancia Anprotec"}]},{"@type":"Person","@id":"https:\/\/anprotec.org.br\/conferencia2021\/#\/schema\/person\/99ce149e918cd59cc82adfb7d8f42940","name":"anprotec","url":"https:\/\/anprotec.org.br\/conferencia2021\/author\/anprotec\/"}]}},"_links":{"self":[{"href":"https:\/\/anprotec.org.br\/conferencia2021\/wp-json\/wp\/v2\/posts\/1818","targetHints":{"allow":["GET"]}}],"collection":[{"href":"https:\/\/anprotec.org.br\/conferencia2021\/wp-json\/wp\/v2\/posts"}],"about":[{"href":"https:\/\/anprotec.org.br\/conferencia2021\/wp-json\/wp\/v2\/types\/post"}],"author":[{"embeddable":true,"href":"https:\/\/anprotec.org.br\/conferencia2021\/wp-json\/wp\/v2\/users\/2"}],"replies":[{"embeddable":true,"href":"https:\/\/anprotec.org.br\/conferencia2021\/wp-json\/wp\/v2\/comments?post=1818"}],"version-history":[{"count":4,"href":"https:\/\/anprotec.org.br\/conferencia2021\/wp-json\/wp\/v2\/posts\/1818\/revisions"}],"predecessor-version":[{"id":1896,"href":"https:\/\/anprotec.org.br\/conferencia2021\/wp-json\/wp\/v2\/posts\/1818\/revisions\/1896"}],"wp:featuredmedia":[{"embeddable":true,"href":"https:\/\/anprotec.org.br\/conferencia2021\/wp-json\/wp\/v2\/media\/1814"}],"wp:attachment":[{"href":"https:\/\/anprotec.org.br\/conferencia2021\/wp-json\/wp\/v2\/media?parent=1818"}],"wp:term":[{"taxonomy":"category","embeddable":true,"href":"https:\/\/anprotec.org.br\/conferencia2021\/wp-json\/wp\/v2\/categories?post=1818"},{"taxonomy":"post_tag","embeddable":true,"href":"https:\/\/anprotec.org.br\/conferencia2021\/wp-json\/wp\/v2\/tags?post=1818"}],"curies":[{"name":"wp","href":"https:\/\/api.w.org\/{rel}","templated":true}]}}