{"id":1792,"date":"2021-11-09T14:08:29","date_gmt":"2021-11-09T17:08:29","guid":{"rendered":"https:\/\/anprotec.org.br\/conferencia2021\/?p=1792"},"modified":"2021-11-09T17:00:01","modified_gmt":"2021-11-09T20:00:01","slug":"a-tecnologia-tem-que-ser-para-todas-as-pessoas-e-o-tema-de-plenaria-1-da-conferencia-anprotec","status":"publish","type":"post","link":"https:\/\/anprotec.org.br\/conferencia2021\/2021\/11\/09\/a-tecnologia-tem-que-ser-para-todas-as-pessoas-e-o-tema-de-plenaria-1-da-conferencia-anprotec\/","title":{"rendered":"A tecnologia tem que ser para todas as pessoas\u201d \u00e9 o tema de Plen\u00e1ria 1 da Confer\u00eancia Anprotec"},"content":{"rendered":"<p><img loading=\"lazy\" decoding=\"async\" class=\"aligncenter wp-image-39013 size-full\" src=\"https:\/\/anprotec.org.br\/site\/wp-content\/uploads\/2021\/11\/Captura-de-Tela-2021-11-09-a\u0300s-14.04.32.png\" alt=\"\" width=\"703\" height=\"398\" \/><\/p>\n<p>&nbsp;<\/p>\n<p><span style=\"font-weight: 400;\">A primeira plen\u00e1ria da Confer\u00eancia Anprotec foi realizada na noite desta segunda-feira (8), e contou com a participa\u00e7\u00e3o de Nina Silva, fundadora do Movimento Black Money e eleita pela Women in Tech como a mulher mais disruptiva do mundo, e com media\u00e7\u00e3o do ex-presidente da Anprotec, Jorge Audy, para tratar sobre diversidade, tecnologia e inova\u00e7\u00e3o.<\/span><\/p>\n<p><span style=\"font-weight: 400;\">Com o tema <\/span><b>\u2018A tecnologia tem que ser para todas as pessoas\u2019<\/b><span style=\"font-weight: 400;\"> a palestra ressaltou a import\u00e2ncia de se abrir espa\u00e7o para que as minorias tenham acesso \u00e0 tecnologia, destacando o seu papel importante na constru\u00e7\u00e3o de solu\u00e7\u00f5es inovadoras, que possam oferecer cada vez mais possibilidades para esses grupos.<\/span><\/p>\n<p><span style=\"font-weight: 400;\">De acordo com Nina, a tecnologia \u00e9 uma forma de quebrar a desigualdade social, criando novas oportunidades, possibilitando que cargos sejam alcan\u00e7ados por pessoas como ela. \u201cA tecnologia hoje est\u00e1 trabalhando, reunindo e reformulando nossos comportamentos e entendimentos de mundo\u201d afirmou.<\/span><\/p>\n<p><span style=\"font-weight: 400;\">Pluralizar, investir e implementar dentro das organiza\u00e7\u00f5es um ecossistema diferente do atual, fazem parte da performance apresentada no evento, que a todo momento aborda o impacto positivo que a diversidade oferece \u00e0s empresas, promovendo um cen\u00e1rio mais inclusivo em prol do desenvolvimento e possibilitando que cargos sejam alcan\u00e7ados por todos os p\u00fablicos.<\/span><\/p>\n<p><span style=\"font-weight: 400;\">A busca pela visibilidade ao empreendedorismo afro e o combate ao racismo tamb\u00e9m fazem parte das causas defendidas por Nina, que preza pela uni\u00e3o da popula\u00e7\u00e3o negra, para que juntos eles possam construir seus pr\u00f3prios espa\u00e7os, circulando cada vez mais a\u00a0 economia dentro desta comunidade.<\/span><\/p>\n<p><span style=\"font-weight: 400;\">No final do evento foi realizada uma roda de perguntas direcionadas a convidada, tendo como\u00a0 foco a inclus\u00e3o, educa\u00e7\u00e3o e inova\u00e7\u00e3o, gerando uma intera\u00e7\u00e3o com o p\u00fablico.<\/span><\/p>\n<p>&nbsp;<\/p>\n","protected":false},"excerpt":{"rendered":"<p>&nbsp; A primeira plen\u00e1ria da Confer\u00eancia Anprotec foi realizada na noite desta segunda-feira (8), e contou com a participa\u00e7\u00e3o de Nina Silva, fundadora do Movimento Black<span class=\"excerpt-hellip\"> [\u2026]<\/span><\/p>\n","protected":false},"author":2,"featured_media":1799,"comment_status":"closed","ping_status":"open","sticky":false,"template":"","format":"standard","meta":{"footnotes":""},"categories":[1],"tags":[],"class_list":["post-1792","post","type-post","status-publish","format-standard","has-post-thumbnail","hentry","category-noticias"],"yoast_head":"<!-- This site is optimized with the Yoast SEO plugin v17.0 - https:\/\/yoast.com\/wordpress\/plugins\/seo\/ -->\n<title>A tecnologia tem que ser para todas as pessoas\u201d \u00e9 o tema de Plen\u00e1ria 1 da Confer\u00eancia Anprotec - Confer\u00eancia Anprotec 2021<\/title>\n<meta name=\"robots\" content=\"index, follow, max-snippet:-1, max-image-preview:large, max-video-preview:-1\" \/>\n<link rel=\"canonical\" href=\"https:\/\/anprotec.org.br\/conferencia2021\/2021\/11\/09\/a-tecnologia-tem-que-ser-para-todas-as-pessoas-e-o-tema-de-plenaria-1-da-conferencia-anprotec\/\" \/>\n<meta property=\"og:locale\" content=\"pt_BR\" \/>\n<meta property=\"og:type\" content=\"article\" \/>\n<meta property=\"og:title\" content=\"A tecnologia tem que ser para todas as pessoas\u201d \u00e9 o tema de Plen\u00e1ria 1 da Confer\u00eancia Anprotec - Confer\u00eancia Anprotec 2021\" \/>\n<meta property=\"og:description\" content=\"&nbsp; A primeira plen\u00e1ria da Confer\u00eancia Anprotec foi realizada na noite desta segunda-feira (8), e contou com a participa\u00e7\u00e3o de Nina Silva, fundadora do Movimento Black [\u2026]\" \/>\n<meta property=\"og:url\" content=\"https:\/\/anprotec.org.br\/conferencia2021\/2021\/11\/09\/a-tecnologia-tem-que-ser-para-todas-as-pessoas-e-o-tema-de-plenaria-1-da-conferencia-anprotec\/\" \/>\n<meta property=\"og:site_name\" content=\"Confer\u00eancia Anprotec 2021\" \/>\n<meta property=\"article:published_time\" content=\"2021-11-09T17:08:29+00:00\" \/>\n<meta property=\"article:modified_time\" content=\"2021-11-09T20:00:01+00:00\" \/>\n<meta property=\"og:image\" content=\"https:\/\/anprotec.org.br\/conferencia2021\/wp-content\/uploads\/2021\/11\/Sem-ti\u0301tulo-3.png\" \/>\n\t<meta property=\"og:image:width\" content=\"960\" \/>\n\t<meta property=\"og:image:height\" content=\"600\" \/>\n<meta name=\"twitter:card\" content=\"summary_large_image\" \/>\n<meta name=\"twitter:label1\" content=\"Escrito por\" \/>\n\t<meta name=\"twitter:data1\" content=\"anprotec\" \/>\n\t<meta name=\"twitter:label2\" content=\"Est. tempo de leitura\" \/>\n\t<meta name=\"twitter:data2\" content=\"2 minutos\" \/>\n<script type=\"application\/ld+json\" class=\"yoast-schema-graph\">{\"@context\":\"https:\/\/schema.org\",\"@graph\":[{\"@type\":\"WebSite\",\"@id\":\"https:\/\/anprotec.org.br\/conferencia2021\/#website\",\"url\":\"https:\/\/anprotec.org.br\/conferencia2021\/\",\"name\":\"Confer\\u00eancia Anprotec 2021\",\"description\":\"\",\"potentialAction\":[{\"@type\":\"SearchAction\",\"target\":{\"@type\":\"EntryPoint\",\"urlTemplate\":\"https:\/\/anprotec.org.br\/conferencia2021\/?s={search_term_string}\"},\"query-input\":\"required name=search_term_string\"}],\"inLanguage\":\"pt-BR\"},{\"@type\":\"ImageObject\",\"@id\":\"https:\/\/anprotec.org.br\/conferencia2021\/2021\/11\/09\/a-tecnologia-tem-que-ser-para-todas-as-pessoas-e-o-tema-de-plenaria-1-da-conferencia-anprotec\/#primaryimage\",\"inLanguage\":\"pt-BR\",\"url\":\"https:\/\/anprotec.org.br\/conferencia2021\/wp-content\/uploads\/2021\/11\/Sem-ti\\u0301tulo-3.png\",\"contentUrl\":\"https:\/\/anprotec.org.br\/conferencia2021\/wp-content\/uploads\/2021\/11\/Sem-ti\\u0301tulo-3.png\",\"width\":960,\"height\":600},{\"@type\":\"WebPage\",\"@id\":\"https:\/\/anprotec.org.br\/conferencia2021\/2021\/11\/09\/a-tecnologia-tem-que-ser-para-todas-as-pessoas-e-o-tema-de-plenaria-1-da-conferencia-anprotec\/#webpage\",\"url\":\"https:\/\/anprotec.org.br\/conferencia2021\/2021\/11\/09\/a-tecnologia-tem-que-ser-para-todas-as-pessoas-e-o-tema-de-plenaria-1-da-conferencia-anprotec\/\",\"name\":\"A tecnologia tem que ser para todas as pessoas\\u201d \\u00e9 o tema de Plen\\u00e1ria 1 da Confer\\u00eancia Anprotec - Confer\\u00eancia Anprotec 2021\",\"isPartOf\":{\"@id\":\"https:\/\/anprotec.org.br\/conferencia2021\/#website\"},\"primaryImageOfPage\":{\"@id\":\"https:\/\/anprotec.org.br\/conferencia2021\/2021\/11\/09\/a-tecnologia-tem-que-ser-para-todas-as-pessoas-e-o-tema-de-plenaria-1-da-conferencia-anprotec\/#primaryimage\"},\"datePublished\":\"2021-11-09T17:08:29+00:00\",\"dateModified\":\"2021-11-09T20:00:01+00:00\",\"author\":{\"@id\":\"https:\/\/anprotec.org.br\/conferencia2021\/#\/schema\/person\/99ce149e918cd59cc82adfb7d8f42940\"},\"breadcrumb\":{\"@id\":\"https:\/\/anprotec.org.br\/conferencia2021\/2021\/11\/09\/a-tecnologia-tem-que-ser-para-todas-as-pessoas-e-o-tema-de-plenaria-1-da-conferencia-anprotec\/#breadcrumb\"},\"inLanguage\":\"pt-BR\",\"potentialAction\":[{\"@type\":\"ReadAction\",\"target\":[\"https:\/\/anprotec.org.br\/conferencia2021\/2021\/11\/09\/a-tecnologia-tem-que-ser-para-todas-as-pessoas-e-o-tema-de-plenaria-1-da-conferencia-anprotec\/\"]}]},{\"@type\":\"BreadcrumbList\",\"@id\":\"https:\/\/anprotec.org.br\/conferencia2021\/2021\/11\/09\/a-tecnologia-tem-que-ser-para-todas-as-pessoas-e-o-tema-de-plenaria-1-da-conferencia-anprotec\/#breadcrumb\",\"itemListElement\":[{\"@type\":\"ListItem\",\"position\":1,\"name\":\"In\\u00edcio\",\"item\":\"https:\/\/anprotec.org.br\/conferencia2021\/\"},{\"@type\":\"ListItem\",\"position\":2,\"name\":\"A tecnologia tem que ser para todas as pessoas\\u201d \\u00e9 o tema de Plen\\u00e1ria 1 da Confer\\u00eancia Anprotec\"}]},{\"@type\":\"Person\",\"@id\":\"https:\/\/anprotec.org.br\/conferencia2021\/#\/schema\/person\/99ce149e918cd59cc82adfb7d8f42940\",\"name\":\"anprotec\",\"url\":\"https:\/\/anprotec.org.br\/conferencia2021\/author\/anprotec\/\"}]}<\/script>\n<!-- \/ Yoast SEO plugin. -->","yoast_head_json":{"title":"A tecnologia tem que ser para todas as pessoas\u201d \u00e9 o tema de Plen\u00e1ria 1 da Confer\u00eancia Anprotec - Confer\u00eancia Anprotec 2021","robots":{"index":"index","follow":"follow","max-snippet":"max-snippet:-1","max-image-preview":"max-image-preview:large","max-video-preview":"max-video-preview:-1"},"canonical":"https:\/\/anprotec.org.br\/conferencia2021\/2021\/11\/09\/a-tecnologia-tem-que-ser-para-todas-as-pessoas-e-o-tema-de-plenaria-1-da-conferencia-anprotec\/","og_locale":"pt_BR","og_type":"article","og_title":"A tecnologia tem que ser para todas as pessoas\u201d \u00e9 o tema de Plen\u00e1ria 1 da Confer\u00eancia Anprotec - Confer\u00eancia Anprotec 2021","og_description":"&nbsp; A primeira plen\u00e1ria da Confer\u00eancia Anprotec foi realizada na noite desta segunda-feira (8), e contou com a participa\u00e7\u00e3o de Nina Silva, fundadora do Movimento Black [\u2026]","og_url":"https:\/\/anprotec.org.br\/conferencia2021\/2021\/11\/09\/a-tecnologia-tem-que-ser-para-todas-as-pessoas-e-o-tema-de-plenaria-1-da-conferencia-anprotec\/","og_site_name":"Confer\u00eancia Anprotec 2021","article_published_time":"2021-11-09T17:08:29+00:00","article_modified_time":"2021-11-09T20:00:01+00:00","og_image":[{"width":960,"height":600,"url":"https:\/\/anprotec.org.br\/conferencia2021\/wp-content\/uploads\/2021\/11\/Sem-ti\u0301tulo-3.png","path":"\/var\/www\/vhosts\/anprotec.org.br\/httpdocs\/conferencia2021\/wp-content\/uploads\/2021\/11\/Sem-ti\u0301tulo-3.png","size":"full","id":1799,"alt":"","pixels":576000,"type":"image\/png"}],"twitter_card":"summary_large_image","twitter_misc":{"Escrito por":"anprotec","Est. tempo de leitura":"2 minutos"},"schema":{"@context":"https:\/\/schema.org","@graph":[{"@type":"WebSite","@id":"https:\/\/anprotec.org.br\/conferencia2021\/#website","url":"https:\/\/anprotec.org.br\/conferencia2021\/","name":"Confer\u00eancia Anprotec 2021","description":"","potentialAction":[{"@type":"SearchAction","target":{"@type":"EntryPoint","urlTemplate":"https:\/\/anprotec.org.br\/conferencia2021\/?s={search_term_string}"},"query-input":"required name=search_term_string"}],"inLanguage":"pt-BR"},{"@type":"ImageObject","@id":"https:\/\/anprotec.org.br\/conferencia2021\/2021\/11\/09\/a-tecnologia-tem-que-ser-para-todas-as-pessoas-e-o-tema-de-plenaria-1-da-conferencia-anprotec\/#primaryimage","inLanguage":"pt-BR","url":"https:\/\/anprotec.org.br\/conferencia2021\/wp-content\/uploads\/2021\/11\/Sem-ti\u0301tulo-3.png","contentUrl":"https:\/\/anprotec.org.br\/conferencia2021\/wp-content\/uploads\/2021\/11\/Sem-ti\u0301tulo-3.png","width":960,"height":600},{"@type":"WebPage","@id":"https:\/\/anprotec.org.br\/conferencia2021\/2021\/11\/09\/a-tecnologia-tem-que-ser-para-todas-as-pessoas-e-o-tema-de-plenaria-1-da-conferencia-anprotec\/#webpage","url":"https:\/\/anprotec.org.br\/conferencia2021\/2021\/11\/09\/a-tecnologia-tem-que-ser-para-todas-as-pessoas-e-o-tema-de-plenaria-1-da-conferencia-anprotec\/","name":"A tecnologia tem que ser para todas as pessoas\u201d \u00e9 o tema de Plen\u00e1ria 1 da Confer\u00eancia Anprotec - Confer\u00eancia Anprotec 2021","isPartOf":{"@id":"https:\/\/anprotec.org.br\/conferencia2021\/#website"},"primaryImageOfPage":{"@id":"https:\/\/anprotec.org.br\/conferencia2021\/2021\/11\/09\/a-tecnologia-tem-que-ser-para-todas-as-pessoas-e-o-tema-de-plenaria-1-da-conferencia-anprotec\/#primaryimage"},"datePublished":"2021-11-09T17:08:29+00:00","dateModified":"2021-11-09T20:00:01+00:00","author":{"@id":"https:\/\/anprotec.org.br\/conferencia2021\/#\/schema\/person\/99ce149e918cd59cc82adfb7d8f42940"},"breadcrumb":{"@id":"https:\/\/anprotec.org.br\/conferencia2021\/2021\/11\/09\/a-tecnologia-tem-que-ser-para-todas-as-pessoas-e-o-tema-de-plenaria-1-da-conferencia-anprotec\/#breadcrumb"},"inLanguage":"pt-BR","potentialAction":[{"@type":"ReadAction","target":["https:\/\/anprotec.org.br\/conferencia2021\/2021\/11\/09\/a-tecnologia-tem-que-ser-para-todas-as-pessoas-e-o-tema-de-plenaria-1-da-conferencia-anprotec\/"]}]},{"@type":"BreadcrumbList","@id":"https:\/\/anprotec.org.br\/conferencia2021\/2021\/11\/09\/a-tecnologia-tem-que-ser-para-todas-as-pessoas-e-o-tema-de-plenaria-1-da-conferencia-anprotec\/#breadcrumb","itemListElement":[{"@type":"ListItem","position":1,"name":"In\u00edcio","item":"https:\/\/anprotec.org.br\/conferencia2021\/"},{"@type":"ListItem","position":2,"name":"A tecnologia tem que ser para todas as pessoas\u201d \u00e9 o tema de Plen\u00e1ria 1 da Confer\u00eancia Anprotec"}]},{"@type":"Person","@id":"https:\/\/anprotec.org.br\/conferencia2021\/#\/schema\/person\/99ce149e918cd59cc82adfb7d8f42940","name":"anprotec","url":"https:\/\/anprotec.org.br\/conferencia2021\/author\/anprotec\/"}]}},"_links":{"self":[{"href":"https:\/\/anprotec.org.br\/conferencia2021\/wp-json\/wp\/v2\/posts\/1792","targetHints":{"allow":["GET"]}}],"collection":[{"href":"https:\/\/anprotec.org.br\/conferencia2021\/wp-json\/wp\/v2\/posts"}],"about":[{"href":"https:\/\/anprotec.org.br\/conferencia2021\/wp-json\/wp\/v2\/types\/post"}],"author":[{"embeddable":true,"href":"https:\/\/anprotec.org.br\/conferencia2021\/wp-json\/wp\/v2\/users\/2"}],"replies":[{"embeddable":true,"href":"https:\/\/anprotec.org.br\/conferencia2021\/wp-json\/wp\/v2\/comments?post=1792"}],"version-history":[{"count":1,"href":"https:\/\/anprotec.org.br\/conferencia2021\/wp-json\/wp\/v2\/posts\/1792\/revisions"}],"predecessor-version":[{"id":1793,"href":"https:\/\/anprotec.org.br\/conferencia2021\/wp-json\/wp\/v2\/posts\/1792\/revisions\/1793"}],"wp:featuredmedia":[{"embeddable":true,"href":"https:\/\/anprotec.org.br\/conferencia2021\/wp-json\/wp\/v2\/media\/1799"}],"wp:attachment":[{"href":"https:\/\/anprotec.org.br\/conferencia2021\/wp-json\/wp\/v2\/media?parent=1792"}],"wp:term":[{"taxonomy":"category","embeddable":true,"href":"https:\/\/anprotec.org.br\/conferencia2021\/wp-json\/wp\/v2\/categories?post=1792"},{"taxonomy":"post_tag","embeddable":true,"href":"https:\/\/anprotec.org.br\/conferencia2021\/wp-json\/wp\/v2\/tags?post=1792"}],"curies":[{"name":"wp","href":"https:\/\/api.w.org\/{rel}","templated":true}]}}