{"id":1789,"date":"2021-11-09T11:00:23","date_gmt":"2021-11-09T14:00:23","guid":{"rendered":"https:\/\/anprotec.org.br\/conferencia2021\/?p=1789"},"modified":"2021-11-09T17:00:31","modified_gmt":"2021-11-09T20:00:31","slug":"cerimonia-de-abertura-da-31-conferencia-anprotec-ressalta-o-papel-da-ciencia-tecnologia-e-inovacao-no-mundo","status":"publish","type":"post","link":"https:\/\/anprotec.org.br\/conferencia2021\/2021\/11\/09\/cerimonia-de-abertura-da-31-conferencia-anprotec-ressalta-o-papel-da-ciencia-tecnologia-e-inovacao-no-mundo\/","title":{"rendered":"Cerim\u00f4nia de abertura da 31 Confer\u00eancia Anprotec ressalta o papel da Ci\u00eancia, Tecnologia e Inova\u00e7\u00e3o no mundo"},"content":{"rendered":"<p><span style=\"font-weight: 400;\">Foi realizada, na noite de hoje (8), a cerim\u00f4nia de abertura da 31\u00aa edi\u00e7\u00e3o da Confer\u00eancia Anprotec de Empreendedorismo e Ambientes de Inova\u00e7\u00e3o, realizada em parceria com o SEBRAE.<\/span><\/p>\n<p><span style=\"font-weight: 400;\">Neste ano, o evento teve como tema central \u201c The Great Reset: a redefini\u00e7\u00e3o dos Ambientes de Inova\u00e7\u00e3o\u201d, o termo foi criado pelo F\u00f3rum Mundial Econ\u00f4mico e pressup\u00f5e a pandemia como um ponto de partida para a reestrutura\u00e7\u00e3o da economia mundial de forma mais sustent\u00e1vel.<\/span><\/p>\n<p><span style=\"font-weight: 400;\">Participaram da cerim\u00f4nia, Francisco Saboya, presidente da Anprotec, Marcos Pontes, ministro de Ci\u00eancia, Tecnologia e Inova\u00e7\u00f5es, Ot\u00e1vio Burgardt, diretor de inova\u00e7\u00e3o da Finep, Igor Calvet presidente da Ag\u00eancia Brasileira de Desenvolvimento Industrial (ABDI), Carlos Melles, presidente do SEBRAE e Artur Gibbon presidente da Reginp.<\/span><\/p>\n<p><span style=\"font-weight: 400;\">O discurso inicial ficou a cargo de Francisco Saboya, que destacou a uni\u00e3o de institui\u00e7\u00f5es importantes para a realiza\u00e7\u00e3o de mais uma edi\u00e7\u00e3o de um evento do porte da Confer\u00eancia Anprotec. \u201c\u00c9 uma honra contarmos com a parceria de outros membros do ecossistema de inova\u00e7\u00e3o em um momento t\u00e3o cr\u00edtico no mundo. S\u00e3o essas pessoas que pilotam e configuram ambientes de inova\u00e7\u00e3o completos como parques tecnol\u00f3gicos, incubadoras, aceleradoras, ambientes que carregam a for\u00e7a da inova\u00e7\u00e3o, carregam o futuro\u201d.<\/span><\/p>\n<p>&nbsp;<\/p>\n<p><img loading=\"lazy\" decoding=\"async\" class=\"aligncenter wp-image-38999 \" src=\"https:\/\/anprotec.org.br\/site\/wp-content\/uploads\/2021\/11\/Chico2-300x169.png\" alt=\"\" width=\"511\" height=\"288\" \/><\/p>\n<p>&nbsp;<\/p>\n<p><span style=\"font-weight: 400;\">Na sequ\u00eancia, foi a vez de Artur Gibbon apontar os desafios enfrentados para a realiza\u00e7\u00e3o da Confer\u00eancia Anprotec diante de um contexto global. \u201cN\u00f3s fizemos uma grande reflex\u00e3o de como realizar um grande evento de maneira virtual pelo segundo ano e assim chegamos a um tema muito relevante e que se relaciona diretamente com o per\u00edodo que todos enfrentamos nos \u00faltimos anos\u201d.<\/span><\/p>\n<p><span style=\"font-weight: 400;\">As trilhas abordadas durante o evento ser\u00e3o:\u00a0<\/span><\/p>\n<p><span style=\"font-weight: 400;\">1 &#8211; Omnichannel: a entrega de valor on e off-line;<\/span><\/p>\n<p><span style=\"font-weight: 400;\">2 &#8211; Transformando pesquisa em solu\u00e7\u00f5es para a sociedade;<\/span><\/p>\n<p><span style=\"font-weight: 400;\">3 &#8211; Ambientes de inova\u00e7\u00e3o como Living Labs;<\/span><\/p>\n<p><span style=\"font-weight: 400;\">4 &#8211; Gest\u00e3o do capital humano em um mundo sem fronteiras.<\/span><\/p>\n<p>&nbsp;<\/p>\n<p><img loading=\"lazy\" decoding=\"async\" class=\" wp-image-39000 aligncenter\" src=\"https:\/\/anprotec.org.br\/site\/wp-content\/uploads\/2021\/11\/Gibbon-300x196.png\" alt=\"\" width=\"470\" height=\"307\" \/><\/p>\n<p>&nbsp;<\/p>\n<p><span style=\"font-weight: 400;\">Ot\u00e1vio Burgardt entrou em seguida e destacou a participa\u00e7\u00e3o da Finep na promo\u00e7\u00e3o do ecossistema de inova\u00e7\u00e3o no Brasil. \u201cPara n\u00f3s, da Finep, \u00e9 um grande orgulho trabalhar a favor da inova\u00e7\u00e3o. Estamos \u00e0 disposi\u00e7\u00e3o para ouvir, estudar e contribuir com qualquer ambiente de inova\u00e7\u00e3o, empresas de todos os portes e outras institui\u00e7\u00f5es inovadoras que necessitam de linhas de apoio e outras a\u00e7\u00f5es de incentivo\u201d.<\/span><\/p>\n<p>&nbsp;<\/p>\n<p><img loading=\"lazy\" decoding=\"async\" class=\" wp-image-39004 aligncenter\" src=\"https:\/\/anprotec.org.br\/site\/wp-content\/uploads\/2021\/11\/finep-300x169.png\" alt=\"\" width=\"511\" height=\"288\" \/><\/p>\n<p>&nbsp;<\/p>\n<p><span style=\"font-weight: 400;\">O pr\u00f3ximo participante a discursar foi Igor Calvet, que discorreu sobre a parceria entre institui\u00e7\u00f5es de CT&amp;I e empresas privadas. \u201cN\u00f3s temos muitos ambientes trabalhando em a\u00e7\u00f5es inovadoras e precisamos conectar essas a\u00e7\u00f5es com o ambiente privado para transformar conhecimento em nota fiscal\u201d.\u00a0<\/span><\/p>\n<p>&nbsp;<\/p>\n<p><img loading=\"lazy\" decoding=\"async\" class=\" wp-image-39005 aligncenter\" src=\"https:\/\/anprotec.org.br\/site\/wp-content\/uploads\/2021\/11\/ABDI-300x169.jpg\" alt=\"\" width=\"511\" height=\"288\" \/><\/p>\n<p>&nbsp;<\/p>\n<p><span style=\"font-weight: 400;\">Em seguida, Carlos Melles citou o papel do SEBRAE no empreendedorismo brasileiro e, consequentemente, para toda a popula\u00e7\u00e3o brasileira. \u201cO foco do SEBRAE \u00e9 usar a tecnologia para melhorar a vida das pessoas. Tudo que n\u00f3s temos hoje \u00e9 fruto de conhecimento, a pandemia legitimou o qu\u00e3o indispens\u00e1vel \u00e9 a ci\u00eancia para o mundo todo. Estamos aqui para facilitar o acesso \u00e0 inova\u00e7\u00e3o para todos e a Confer\u00eancia Anprotec \u00e9 uma dessas oportunidades\u201d.<\/span><\/p>\n<p>&nbsp;<\/p>\n<p><img loading=\"lazy\" decoding=\"async\" class=\" wp-image-39006 aligncenter\" src=\"https:\/\/anprotec.org.br\/site\/wp-content\/uploads\/2021\/11\/SEBRAE-300x169.jpg\" alt=\"\" width=\"511\" height=\"288\" \/><\/p>\n<p>&nbsp;<\/p>\n<p><span style=\"font-weight: 400;\">Por fim, o ministro Marcos Pontes encerrou a cerim\u00f4nia de abertura citando os pr\u00f3ximos planos do MCTI em prol do ecossistema de inova\u00e7\u00e3o. \u201cPassamos por um per\u00edodo dif\u00edcil de libera\u00e7\u00e3o de recursos para a CT&amp;,I mas temos que ser otimistas, a ci\u00eancia j\u00e1 provou o seu valor e, agora, precisamos, mais do que nunca, transformar isso em empregos, ferramentas e projetos. O MCTI est\u00e1 trabalhando intensamente para adquirir os recursos necess\u00e1rios para alavancar o ecossistema de inova\u00e7\u00e3o e trazer benef\u00edcios para toda a popula\u00e7\u00e3o\u201d.<\/span><\/p>\n<p>&nbsp;<\/p>\n<p><img loading=\"lazy\" decoding=\"async\" class=\" wp-image-39007 aligncenter\" src=\"https:\/\/anprotec.org.br\/site\/wp-content\/uploads\/2021\/11\/marcos-pontes-300x169.jpg\" alt=\"\" width=\"511\" height=\"288\" \/><\/p>\n","protected":false},"excerpt":{"rendered":"<p>Foi realizada, na noite de hoje (8), a cerim\u00f4nia de abertura da 31\u00aa edi\u00e7\u00e3o da Confer\u00eancia Anprotec de Empreendedorismo e Ambientes de Inova\u00e7\u00e3o, realizada em parceria<span class=\"excerpt-hellip\"> [\u2026]<\/span><\/p>\n","protected":false},"author":2,"featured_media":1800,"comment_status":"closed","ping_status":"open","sticky":false,"template":"","format":"standard","meta":{"footnotes":""},"categories":[1],"tags":[],"class_list":["post-1789","post","type-post","status-publish","format-standard","has-post-thumbnail","hentry","category-noticias"],"yoast_head":"<!-- This site is optimized with the Yoast SEO plugin v17.0 - https:\/\/yoast.com\/wordpress\/plugins\/seo\/ -->\n<title>Cerim\u00f4nia de abertura da 31 Confer\u00eancia Anprotec ressalta o papel da Ci\u00eancia, Tecnologia e Inova\u00e7\u00e3o no mundo - Confer\u00eancia Anprotec 2021<\/title>\n<meta name=\"robots\" content=\"index, follow, max-snippet:-1, max-image-preview:large, max-video-preview:-1\" \/>\n<link rel=\"canonical\" href=\"https:\/\/anprotec.org.br\/conferencia2021\/2021\/11\/09\/cerimonia-de-abertura-da-31-conferencia-anprotec-ressalta-o-papel-da-ciencia-tecnologia-e-inovacao-no-mundo\/\" \/>\n<meta property=\"og:locale\" content=\"pt_BR\" \/>\n<meta property=\"og:type\" content=\"article\" \/>\n<meta property=\"og:title\" content=\"Cerim\u00f4nia de abertura da 31 Confer\u00eancia Anprotec ressalta o papel da Ci\u00eancia, Tecnologia e Inova\u00e7\u00e3o no mundo - Confer\u00eancia Anprotec 2021\" \/>\n<meta property=\"og:description\" content=\"Foi realizada, na noite de hoje (8), a cerim\u00f4nia de abertura da 31\u00aa edi\u00e7\u00e3o da Confer\u00eancia Anprotec de Empreendedorismo e Ambientes de Inova\u00e7\u00e3o, realizada em parceria [\u2026]\" \/>\n<meta property=\"og:url\" content=\"https:\/\/anprotec.org.br\/conferencia2021\/2021\/11\/09\/cerimonia-de-abertura-da-31-conferencia-anprotec-ressalta-o-papel-da-ciencia-tecnologia-e-inovacao-no-mundo\/\" \/>\n<meta property=\"og:site_name\" content=\"Confer\u00eancia Anprotec 2021\" \/>\n<meta property=\"article:published_time\" content=\"2021-11-09T14:00:23+00:00\" \/>\n<meta property=\"article:modified_time\" content=\"2021-11-09T20:00:31+00:00\" \/>\n<meta property=\"og:image\" content=\"https:\/\/anprotec.org.br\/conferencia2021\/wp-content\/uploads\/2021\/11\/Sem-ti\u0301tulo-4.png\" \/>\n\t<meta property=\"og:image:width\" content=\"960\" \/>\n\t<meta property=\"og:image:height\" content=\"600\" \/>\n<meta name=\"twitter:card\" content=\"summary_large_image\" \/>\n<meta name=\"twitter:label1\" content=\"Escrito por\" \/>\n\t<meta name=\"twitter:data1\" content=\"anprotec\" \/>\n\t<meta name=\"twitter:label2\" content=\"Est. tempo de leitura\" \/>\n\t<meta name=\"twitter:data2\" content=\"4 minutos\" \/>\n<script type=\"application\/ld+json\" class=\"yoast-schema-graph\">{\"@context\":\"https:\/\/schema.org\",\"@graph\":[{\"@type\":\"WebSite\",\"@id\":\"https:\/\/anprotec.org.br\/conferencia2021\/#website\",\"url\":\"https:\/\/anprotec.org.br\/conferencia2021\/\",\"name\":\"Confer\\u00eancia Anprotec 2021\",\"description\":\"\",\"potentialAction\":[{\"@type\":\"SearchAction\",\"target\":{\"@type\":\"EntryPoint\",\"urlTemplate\":\"https:\/\/anprotec.org.br\/conferencia2021\/?s={search_term_string}\"},\"query-input\":\"required name=search_term_string\"}],\"inLanguage\":\"pt-BR\"},{\"@type\":\"ImageObject\",\"@id\":\"https:\/\/anprotec.org.br\/conferencia2021\/2021\/11\/09\/cerimonia-de-abertura-da-31-conferencia-anprotec-ressalta-o-papel-da-ciencia-tecnologia-e-inovacao-no-mundo\/#primaryimage\",\"inLanguage\":\"pt-BR\",\"url\":\"https:\/\/anprotec.org.br\/conferencia2021\/wp-content\/uploads\/2021\/11\/Sem-ti\\u0301tulo-4.png\",\"contentUrl\":\"https:\/\/anprotec.org.br\/conferencia2021\/wp-content\/uploads\/2021\/11\/Sem-ti\\u0301tulo-4.png\",\"width\":960,\"height\":600},{\"@type\":\"WebPage\",\"@id\":\"https:\/\/anprotec.org.br\/conferencia2021\/2021\/11\/09\/cerimonia-de-abertura-da-31-conferencia-anprotec-ressalta-o-papel-da-ciencia-tecnologia-e-inovacao-no-mundo\/#webpage\",\"url\":\"https:\/\/anprotec.org.br\/conferencia2021\/2021\/11\/09\/cerimonia-de-abertura-da-31-conferencia-anprotec-ressalta-o-papel-da-ciencia-tecnologia-e-inovacao-no-mundo\/\",\"name\":\"Cerim\\u00f4nia de abertura da 31 Confer\\u00eancia Anprotec ressalta o papel da Ci\\u00eancia, Tecnologia e Inova\\u00e7\\u00e3o no mundo - Confer\\u00eancia Anprotec 2021\",\"isPartOf\":{\"@id\":\"https:\/\/anprotec.org.br\/conferencia2021\/#website\"},\"primaryImageOfPage\":{\"@id\":\"https:\/\/anprotec.org.br\/conferencia2021\/2021\/11\/09\/cerimonia-de-abertura-da-31-conferencia-anprotec-ressalta-o-papel-da-ciencia-tecnologia-e-inovacao-no-mundo\/#primaryimage\"},\"datePublished\":\"2021-11-09T14:00:23+00:00\",\"dateModified\":\"2021-11-09T20:00:31+00:00\",\"author\":{\"@id\":\"https:\/\/anprotec.org.br\/conferencia2021\/#\/schema\/person\/99ce149e918cd59cc82adfb7d8f42940\"},\"breadcrumb\":{\"@id\":\"https:\/\/anprotec.org.br\/conferencia2021\/2021\/11\/09\/cerimonia-de-abertura-da-31-conferencia-anprotec-ressalta-o-papel-da-ciencia-tecnologia-e-inovacao-no-mundo\/#breadcrumb\"},\"inLanguage\":\"pt-BR\",\"potentialAction\":[{\"@type\":\"ReadAction\",\"target\":[\"https:\/\/anprotec.org.br\/conferencia2021\/2021\/11\/09\/cerimonia-de-abertura-da-31-conferencia-anprotec-ressalta-o-papel-da-ciencia-tecnologia-e-inovacao-no-mundo\/\"]}]},{\"@type\":\"BreadcrumbList\",\"@id\":\"https:\/\/anprotec.org.br\/conferencia2021\/2021\/11\/09\/cerimonia-de-abertura-da-31-conferencia-anprotec-ressalta-o-papel-da-ciencia-tecnologia-e-inovacao-no-mundo\/#breadcrumb\",\"itemListElement\":[{\"@type\":\"ListItem\",\"position\":1,\"name\":\"In\\u00edcio\",\"item\":\"https:\/\/anprotec.org.br\/conferencia2021\/\"},{\"@type\":\"ListItem\",\"position\":2,\"name\":\"Cerim\\u00f4nia de abertura da 31 Confer\\u00eancia Anprotec ressalta o papel da Ci\\u00eancia, Tecnologia e Inova\\u00e7\\u00e3o no mundo\"}]},{\"@type\":\"Person\",\"@id\":\"https:\/\/anprotec.org.br\/conferencia2021\/#\/schema\/person\/99ce149e918cd59cc82adfb7d8f42940\",\"name\":\"anprotec\",\"url\":\"https:\/\/anprotec.org.br\/conferencia2021\/author\/anprotec\/\"}]}<\/script>\n<!-- \/ Yoast SEO plugin. -->","yoast_head_json":{"title":"Cerim\u00f4nia de abertura da 31 Confer\u00eancia Anprotec ressalta o papel da Ci\u00eancia, Tecnologia e Inova\u00e7\u00e3o no mundo - Confer\u00eancia Anprotec 2021","robots":{"index":"index","follow":"follow","max-snippet":"max-snippet:-1","max-image-preview":"max-image-preview:large","max-video-preview":"max-video-preview:-1"},"canonical":"https:\/\/anprotec.org.br\/conferencia2021\/2021\/11\/09\/cerimonia-de-abertura-da-31-conferencia-anprotec-ressalta-o-papel-da-ciencia-tecnologia-e-inovacao-no-mundo\/","og_locale":"pt_BR","og_type":"article","og_title":"Cerim\u00f4nia de abertura da 31 Confer\u00eancia Anprotec ressalta o papel da Ci\u00eancia, Tecnologia e Inova\u00e7\u00e3o no mundo - Confer\u00eancia Anprotec 2021","og_description":"Foi realizada, na noite de hoje (8), a cerim\u00f4nia de abertura da 31\u00aa edi\u00e7\u00e3o da Confer\u00eancia Anprotec de Empreendedorismo e Ambientes de Inova\u00e7\u00e3o, realizada em parceria [\u2026]","og_url":"https:\/\/anprotec.org.br\/conferencia2021\/2021\/11\/09\/cerimonia-de-abertura-da-31-conferencia-anprotec-ressalta-o-papel-da-ciencia-tecnologia-e-inovacao-no-mundo\/","og_site_name":"Confer\u00eancia Anprotec 2021","article_published_time":"2021-11-09T14:00:23+00:00","article_modified_time":"2021-11-09T20:00:31+00:00","og_image":[{"width":960,"height":600,"url":"https:\/\/anprotec.org.br\/conferencia2021\/wp-content\/uploads\/2021\/11\/Sem-ti\u0301tulo-4.png","path":"\/var\/www\/vhosts\/anprotec.org.br\/httpdocs\/conferencia2021\/wp-content\/uploads\/2021\/11\/Sem-ti\u0301tulo-4.png","size":"full","id":1800,"alt":"","pixels":576000,"type":"image\/png"}],"twitter_card":"summary_large_image","twitter_misc":{"Escrito por":"anprotec","Est. tempo de leitura":"4 minutos"},"schema":{"@context":"https:\/\/schema.org","@graph":[{"@type":"WebSite","@id":"https:\/\/anprotec.org.br\/conferencia2021\/#website","url":"https:\/\/anprotec.org.br\/conferencia2021\/","name":"Confer\u00eancia Anprotec 2021","description":"","potentialAction":[{"@type":"SearchAction","target":{"@type":"EntryPoint","urlTemplate":"https:\/\/anprotec.org.br\/conferencia2021\/?s={search_term_string}"},"query-input":"required name=search_term_string"}],"inLanguage":"pt-BR"},{"@type":"ImageObject","@id":"https:\/\/anprotec.org.br\/conferencia2021\/2021\/11\/09\/cerimonia-de-abertura-da-31-conferencia-anprotec-ressalta-o-papel-da-ciencia-tecnologia-e-inovacao-no-mundo\/#primaryimage","inLanguage":"pt-BR","url":"https:\/\/anprotec.org.br\/conferencia2021\/wp-content\/uploads\/2021\/11\/Sem-ti\u0301tulo-4.png","contentUrl":"https:\/\/anprotec.org.br\/conferencia2021\/wp-content\/uploads\/2021\/11\/Sem-ti\u0301tulo-4.png","width":960,"height":600},{"@type":"WebPage","@id":"https:\/\/anprotec.org.br\/conferencia2021\/2021\/11\/09\/cerimonia-de-abertura-da-31-conferencia-anprotec-ressalta-o-papel-da-ciencia-tecnologia-e-inovacao-no-mundo\/#webpage","url":"https:\/\/anprotec.org.br\/conferencia2021\/2021\/11\/09\/cerimonia-de-abertura-da-31-conferencia-anprotec-ressalta-o-papel-da-ciencia-tecnologia-e-inovacao-no-mundo\/","name":"Cerim\u00f4nia de abertura da 31 Confer\u00eancia Anprotec ressalta o papel da Ci\u00eancia, Tecnologia e Inova\u00e7\u00e3o no mundo - Confer\u00eancia Anprotec 2021","isPartOf":{"@id":"https:\/\/anprotec.org.br\/conferencia2021\/#website"},"primaryImageOfPage":{"@id":"https:\/\/anprotec.org.br\/conferencia2021\/2021\/11\/09\/cerimonia-de-abertura-da-31-conferencia-anprotec-ressalta-o-papel-da-ciencia-tecnologia-e-inovacao-no-mundo\/#primaryimage"},"datePublished":"2021-11-09T14:00:23+00:00","dateModified":"2021-11-09T20:00:31+00:00","author":{"@id":"https:\/\/anprotec.org.br\/conferencia2021\/#\/schema\/person\/99ce149e918cd59cc82adfb7d8f42940"},"breadcrumb":{"@id":"https:\/\/anprotec.org.br\/conferencia2021\/2021\/11\/09\/cerimonia-de-abertura-da-31-conferencia-anprotec-ressalta-o-papel-da-ciencia-tecnologia-e-inovacao-no-mundo\/#breadcrumb"},"inLanguage":"pt-BR","potentialAction":[{"@type":"ReadAction","target":["https:\/\/anprotec.org.br\/conferencia2021\/2021\/11\/09\/cerimonia-de-abertura-da-31-conferencia-anprotec-ressalta-o-papel-da-ciencia-tecnologia-e-inovacao-no-mundo\/"]}]},{"@type":"BreadcrumbList","@id":"https:\/\/anprotec.org.br\/conferencia2021\/2021\/11\/09\/cerimonia-de-abertura-da-31-conferencia-anprotec-ressalta-o-papel-da-ciencia-tecnologia-e-inovacao-no-mundo\/#breadcrumb","itemListElement":[{"@type":"ListItem","position":1,"name":"In\u00edcio","item":"https:\/\/anprotec.org.br\/conferencia2021\/"},{"@type":"ListItem","position":2,"name":"Cerim\u00f4nia de abertura da 31 Confer\u00eancia Anprotec ressalta o papel da Ci\u00eancia, Tecnologia e Inova\u00e7\u00e3o no mundo"}]},{"@type":"Person","@id":"https:\/\/anprotec.org.br\/conferencia2021\/#\/schema\/person\/99ce149e918cd59cc82adfb7d8f42940","name":"anprotec","url":"https:\/\/anprotec.org.br\/conferencia2021\/author\/anprotec\/"}]}},"_links":{"self":[{"href":"https:\/\/anprotec.org.br\/conferencia2021\/wp-json\/wp\/v2\/posts\/1789","targetHints":{"allow":["GET"]}}],"collection":[{"href":"https:\/\/anprotec.org.br\/conferencia2021\/wp-json\/wp\/v2\/posts"}],"about":[{"href":"https:\/\/anprotec.org.br\/conferencia2021\/wp-json\/wp\/v2\/types\/post"}],"author":[{"embeddable":true,"href":"https:\/\/anprotec.org.br\/conferencia2021\/wp-json\/wp\/v2\/users\/2"}],"replies":[{"embeddable":true,"href":"https:\/\/anprotec.org.br\/conferencia2021\/wp-json\/wp\/v2\/comments?post=1789"}],"version-history":[{"count":1,"href":"https:\/\/anprotec.org.br\/conferencia2021\/wp-json\/wp\/v2\/posts\/1789\/revisions"}],"predecessor-version":[{"id":1791,"href":"https:\/\/anprotec.org.br\/conferencia2021\/wp-json\/wp\/v2\/posts\/1789\/revisions\/1791"}],"wp:featuredmedia":[{"embeddable":true,"href":"https:\/\/anprotec.org.br\/conferencia2021\/wp-json\/wp\/v2\/media\/1800"}],"wp:attachment":[{"href":"https:\/\/anprotec.org.br\/conferencia2021\/wp-json\/wp\/v2\/media?parent=1789"}],"wp:term":[{"taxonomy":"category","embeddable":true,"href":"https:\/\/anprotec.org.br\/conferencia2021\/wp-json\/wp\/v2\/categories?post=1789"},{"taxonomy":"post_tag","embeddable":true,"href":"https:\/\/anprotec.org.br\/conferencia2021\/wp-json\/wp\/v2\/tags?post=1789"}],"curies":[{"name":"wp","href":"https:\/\/api.w.org\/{rel}","templated":true}]}}