{"id":1416,"date":"2021-11-03T14:24:53","date_gmt":"2021-11-03T17:24:53","guid":{"rendered":"https:\/\/anprotec.org.br\/conferencia2021\/?p=1416"},"modified":"2021-11-03T14:24:53","modified_gmt":"2021-11-03T17:24:53","slug":"20a-edicao-do-anprotalks-discute-trilha-4-da-31a-conferencia-anprotec","status":"publish","type":"post","link":"https:\/\/anprotec.org.br\/conferencia2021\/2021\/11\/03\/20a-edicao-do-anprotalks-discute-trilha-4-da-31a-conferencia-anprotec\/","title":{"rendered":"20\u00aa Edi\u00e7\u00e3o do AnproTalks discute Trilha 4 da 31\u00aa Confer\u00eancia Anprotec"},"content":{"rendered":"<p><img loading=\"lazy\" decoding=\"async\" class=\"size-full wp-image-38944 aligncenter\" src=\"https:\/\/anprotec.org.br\/site\/wp-content\/uploads\/2021\/11\/AnproTalks-20.png\" alt=\"\" width=\"800\" height=\"800\" \/>O pr\u00f3ximo epis\u00f3dio da s\u00e9rie AnproTalks acontece\u00a0na\u00a0<strong>sexta-feira, 5\/11, \u00e0s 11h<\/strong>, e contar\u00e1 com a presen\u00e7a de membros importantes do ecossistema de inova\u00e7\u00e3o nacional para discutir sobre a Trilha 4 da 31\u00aa Confer\u00eancia Anprotec.<\/p>\n<p>\u2018Gest\u00e3o do capital humano em um mundo sem fronteiras\u2019 ser\u00e1 a quarta trilha da Confer\u00eancia Anprotec 2021. John Rennie Short, docente da Universidade de Maryland, no artigo \u201cPorque algumas cidades sobreviver\u00e3o e triunfar\u00e3o\u201d , publicado no site do F\u00f3rum Mundial Econ\u00f4mico, discutiu sobre o papel dos espa\u00e7os urbanos no cen\u00e1rio p\u00f3s-covid 19. Em seu texto, ele argumenta que as cidades, desde que surgiram, t\u00eam sua \u201cutilidade\u201d avaliada, sendo objeto de reflex\u00e3o e transforma\u00e7\u00f5es. Em 1876, com a inven\u00e7\u00e3o do telefone, surgiram os primeiros questionamentos sobre os adensamentos urbanos que, mais de um s\u00e9culo mais tarde, com os computadores pessoais e a internet, voltaram \u00e0 tona com cada vez maior for\u00e7a: qual o sentido das cidades se a comunica\u00e7\u00e3o poderia acontecer de forma remota?<\/p>\n<p>Para ele, as cidades fazem sentido pelo fato de reunirem m\u00e3o-de-obra qualificada, permitindo o interc\u00e2mbio de informa\u00e7\u00e3o, conhecimento e habilidades. Essa concentra\u00e7\u00e3o de m\u00e3o-de-obra qualificada permite a transfer\u00eancia de informa\u00e7\u00f5es, conhecimentos e habilidades.<\/p>\n<p>A Confer\u00eancia Anprotec \u00e9 realizada anualmente em parceria com o SEBRAE. Em sua 31\u00aa edi\u00e7\u00e3o, o evento ter\u00e1 como tema \u2018<strong>The Great Reset: A Redefini\u00e7\u00e3o dos Ambientes de Inova\u00e7\u00e3o\u2019<\/strong>. O conceito foi criado pelo F\u00f3rum Mundial Econ\u00f4mico como uma iniciativa que pressup\u00f5e a pandemia como um ponto de partida para a\u00a0reestrutura\u00e7\u00e3o da economia mundial de forma mais sustent\u00e1vel.<\/p>\n<p>Este AnproTalks faz parte de uma s\u00e9rie de webinars que acontecer\u00e1 at\u00e9 o dia do evento, tratando sobre pontos importantes da Confer\u00eancia.<\/p>\n<p><a href=\"https:\/\/anprotec.org.br\/conferencia2021\/\"><strong>Clique aqui para saber mais.<\/strong><\/a><\/p>\n<p>Participantes:<\/p>\n<p>\u2022\u00a0<strong>Sheila Oliveira Pires<\/strong>\u00a0\u2013 Subsecret\u00e1ria de Ci\u00eancia, Tecnologia e Inova\u00e7\u00e3o do Estado de Goi\u00e1s<\/p>\n<p>\u2022\u00a0<strong>Mariana Pincovsky<\/strong>\u00a0&#8211; Diretora Executiva do Porto Digital<\/p>\n<p>\u2022\u00a0<strong>Daniel Leipnitz \u2013\u00a0<\/strong>Vice-presidente da Anprotec<\/p>\n<h4><a href=\"https:\/\/informativo.anprotec.org.br\/anprotalks_webinar-20\"><strong>Inscreva-se!<\/strong><\/a><\/h4>\n","protected":false},"excerpt":{"rendered":"<p>O pr\u00f3ximo epis\u00f3dio da s\u00e9rie AnproTalks acontece\u00a0na\u00a0sexta-feira, 5\/11, \u00e0s 11h, e contar\u00e1 com a presen\u00e7a de membros importantes do ecossistema de inova\u00e7\u00e3o nacional para discutir sobre<span class=\"excerpt-hellip\"> [\u2026]<\/span><\/p>\n","protected":false},"author":2,"featured_media":1417,"comment_status":"closed","ping_status":"open","sticky":false,"template":"","format":"standard","meta":{"footnotes":""},"categories":[1],"tags":[],"class_list":["post-1416","post","type-post","status-publish","format-standard","has-post-thumbnail","hentry","category-noticias"],"yoast_head":"<!-- This site is optimized with the Yoast SEO plugin v17.0 - https:\/\/yoast.com\/wordpress\/plugins\/seo\/ -->\n<title>20\u00aa Edi\u00e7\u00e3o do AnproTalks discute Trilha 4 da 31\u00aa Confer\u00eancia Anprotec - Confer\u00eancia Anprotec 2021<\/title>\n<meta name=\"robots\" content=\"index, follow, max-snippet:-1, max-image-preview:large, max-video-preview:-1\" \/>\n<link rel=\"canonical\" href=\"https:\/\/anprotec.org.br\/conferencia2021\/2021\/11\/03\/20a-edicao-do-anprotalks-discute-trilha-4-da-31a-conferencia-anprotec\/\" \/>\n<meta property=\"og:locale\" content=\"pt_BR\" \/>\n<meta property=\"og:type\" content=\"article\" \/>\n<meta property=\"og:title\" content=\"20\u00aa Edi\u00e7\u00e3o do AnproTalks discute Trilha 4 da 31\u00aa Confer\u00eancia Anprotec - Confer\u00eancia Anprotec 2021\" \/>\n<meta property=\"og:description\" content=\"O pr\u00f3ximo epis\u00f3dio da s\u00e9rie AnproTalks acontece\u00a0na\u00a0sexta-feira, 5\/11, \u00e0s 11h, e contar\u00e1 com a presen\u00e7a de membros importantes do ecossistema de inova\u00e7\u00e3o nacional para discutir sobre [\u2026]\" \/>\n<meta property=\"og:url\" content=\"https:\/\/anprotec.org.br\/conferencia2021\/2021\/11\/03\/20a-edicao-do-anprotalks-discute-trilha-4-da-31a-conferencia-anprotec\/\" \/>\n<meta property=\"og:site_name\" content=\"Confer\u00eancia Anprotec 2021\" \/>\n<meta property=\"article:published_time\" content=\"2021-11-03T17:24:53+00:00\" \/>\n<meta property=\"og:image\" content=\"https:\/\/anprotec.org.br\/conferencia2021\/wp-content\/uploads\/2021\/11\/AnproTalks-20.png\" \/>\n\t<meta property=\"og:image:width\" content=\"800\" \/>\n\t<meta property=\"og:image:height\" content=\"800\" \/>\n<meta name=\"twitter:card\" content=\"summary_large_image\" \/>\n<meta name=\"twitter:label1\" content=\"Escrito por\" \/>\n\t<meta name=\"twitter:data1\" content=\"anprotec\" \/>\n\t<meta name=\"twitter:label2\" content=\"Est. tempo de leitura\" \/>\n\t<meta name=\"twitter:data2\" content=\"2 minutos\" \/>\n<script type=\"application\/ld+json\" class=\"yoast-schema-graph\">{\"@context\":\"https:\/\/schema.org\",\"@graph\":[{\"@type\":\"WebSite\",\"@id\":\"https:\/\/anprotec.org.br\/conferencia2021\/#website\",\"url\":\"https:\/\/anprotec.org.br\/conferencia2021\/\",\"name\":\"Confer\\u00eancia Anprotec 2021\",\"description\":\"\",\"potentialAction\":[{\"@type\":\"SearchAction\",\"target\":{\"@type\":\"EntryPoint\",\"urlTemplate\":\"https:\/\/anprotec.org.br\/conferencia2021\/?s={search_term_string}\"},\"query-input\":\"required name=search_term_string\"}],\"inLanguage\":\"pt-BR\"},{\"@type\":\"ImageObject\",\"@id\":\"https:\/\/anprotec.org.br\/conferencia2021\/2021\/11\/03\/20a-edicao-do-anprotalks-discute-trilha-4-da-31a-conferencia-anprotec\/#primaryimage\",\"inLanguage\":\"pt-BR\",\"url\":\"https:\/\/anprotec.org.br\/conferencia2021\/wp-content\/uploads\/2021\/11\/AnproTalks-20.png\",\"contentUrl\":\"https:\/\/anprotec.org.br\/conferencia2021\/wp-content\/uploads\/2021\/11\/AnproTalks-20.png\",\"width\":800,\"height\":800},{\"@type\":\"WebPage\",\"@id\":\"https:\/\/anprotec.org.br\/conferencia2021\/2021\/11\/03\/20a-edicao-do-anprotalks-discute-trilha-4-da-31a-conferencia-anprotec\/#webpage\",\"url\":\"https:\/\/anprotec.org.br\/conferencia2021\/2021\/11\/03\/20a-edicao-do-anprotalks-discute-trilha-4-da-31a-conferencia-anprotec\/\",\"name\":\"20\\u00aa Edi\\u00e7\\u00e3o do AnproTalks discute Trilha 4 da 31\\u00aa Confer\\u00eancia Anprotec - Confer\\u00eancia Anprotec 2021\",\"isPartOf\":{\"@id\":\"https:\/\/anprotec.org.br\/conferencia2021\/#website\"},\"primaryImageOfPage\":{\"@id\":\"https:\/\/anprotec.org.br\/conferencia2021\/2021\/11\/03\/20a-edicao-do-anprotalks-discute-trilha-4-da-31a-conferencia-anprotec\/#primaryimage\"},\"datePublished\":\"2021-11-03T17:24:53+00:00\",\"dateModified\":\"2021-11-03T17:24:53+00:00\",\"author\":{\"@id\":\"https:\/\/anprotec.org.br\/conferencia2021\/#\/schema\/person\/99ce149e918cd59cc82adfb7d8f42940\"},\"breadcrumb\":{\"@id\":\"https:\/\/anprotec.org.br\/conferencia2021\/2021\/11\/03\/20a-edicao-do-anprotalks-discute-trilha-4-da-31a-conferencia-anprotec\/#breadcrumb\"},\"inLanguage\":\"pt-BR\",\"potentialAction\":[{\"@type\":\"ReadAction\",\"target\":[\"https:\/\/anprotec.org.br\/conferencia2021\/2021\/11\/03\/20a-edicao-do-anprotalks-discute-trilha-4-da-31a-conferencia-anprotec\/\"]}]},{\"@type\":\"BreadcrumbList\",\"@id\":\"https:\/\/anprotec.org.br\/conferencia2021\/2021\/11\/03\/20a-edicao-do-anprotalks-discute-trilha-4-da-31a-conferencia-anprotec\/#breadcrumb\",\"itemListElement\":[{\"@type\":\"ListItem\",\"position\":1,\"name\":\"In\\u00edcio\",\"item\":\"https:\/\/anprotec.org.br\/conferencia2021\/\"},{\"@type\":\"ListItem\",\"position\":2,\"name\":\"20\\u00aa Edi\\u00e7\\u00e3o do AnproTalks discute Trilha 4 da 31\\u00aa Confer\\u00eancia Anprotec\"}]},{\"@type\":\"Person\",\"@id\":\"https:\/\/anprotec.org.br\/conferencia2021\/#\/schema\/person\/99ce149e918cd59cc82adfb7d8f42940\",\"name\":\"anprotec\",\"url\":\"https:\/\/anprotec.org.br\/conferencia2021\/author\/anprotec\/\"}]}<\/script>\n<!-- \/ Yoast SEO plugin. -->","yoast_head_json":{"title":"20\u00aa Edi\u00e7\u00e3o do AnproTalks discute Trilha 4 da 31\u00aa Confer\u00eancia Anprotec - Confer\u00eancia Anprotec 2021","robots":{"index":"index","follow":"follow","max-snippet":"max-snippet:-1","max-image-preview":"max-image-preview:large","max-video-preview":"max-video-preview:-1"},"canonical":"https:\/\/anprotec.org.br\/conferencia2021\/2021\/11\/03\/20a-edicao-do-anprotalks-discute-trilha-4-da-31a-conferencia-anprotec\/","og_locale":"pt_BR","og_type":"article","og_title":"20\u00aa Edi\u00e7\u00e3o do AnproTalks discute Trilha 4 da 31\u00aa Confer\u00eancia Anprotec - Confer\u00eancia Anprotec 2021","og_description":"O pr\u00f3ximo epis\u00f3dio da s\u00e9rie AnproTalks acontece\u00a0na\u00a0sexta-feira, 5\/11, \u00e0s 11h, e contar\u00e1 com a presen\u00e7a de membros importantes do ecossistema de inova\u00e7\u00e3o nacional para discutir sobre [\u2026]","og_url":"https:\/\/anprotec.org.br\/conferencia2021\/2021\/11\/03\/20a-edicao-do-anprotalks-discute-trilha-4-da-31a-conferencia-anprotec\/","og_site_name":"Confer\u00eancia Anprotec 2021","article_published_time":"2021-11-03T17:24:53+00:00","og_image":[{"width":800,"height":800,"url":"https:\/\/anprotec.org.br\/conferencia2021\/wp-content\/uploads\/2021\/11\/AnproTalks-20.png","path":"\/var\/www\/vhosts\/anprotec.org.br\/httpdocs\/conferencia2021\/wp-content\/uploads\/2021\/11\/AnproTalks-20.png","size":"full","id":1417,"alt":"","pixels":640000,"type":"image\/png"}],"twitter_card":"summary_large_image","twitter_misc":{"Escrito por":"anprotec","Est. tempo de leitura":"2 minutos"},"schema":{"@context":"https:\/\/schema.org","@graph":[{"@type":"WebSite","@id":"https:\/\/anprotec.org.br\/conferencia2021\/#website","url":"https:\/\/anprotec.org.br\/conferencia2021\/","name":"Confer\u00eancia Anprotec 2021","description":"","potentialAction":[{"@type":"SearchAction","target":{"@type":"EntryPoint","urlTemplate":"https:\/\/anprotec.org.br\/conferencia2021\/?s={search_term_string}"},"query-input":"required name=search_term_string"}],"inLanguage":"pt-BR"},{"@type":"ImageObject","@id":"https:\/\/anprotec.org.br\/conferencia2021\/2021\/11\/03\/20a-edicao-do-anprotalks-discute-trilha-4-da-31a-conferencia-anprotec\/#primaryimage","inLanguage":"pt-BR","url":"https:\/\/anprotec.org.br\/conferencia2021\/wp-content\/uploads\/2021\/11\/AnproTalks-20.png","contentUrl":"https:\/\/anprotec.org.br\/conferencia2021\/wp-content\/uploads\/2021\/11\/AnproTalks-20.png","width":800,"height":800},{"@type":"WebPage","@id":"https:\/\/anprotec.org.br\/conferencia2021\/2021\/11\/03\/20a-edicao-do-anprotalks-discute-trilha-4-da-31a-conferencia-anprotec\/#webpage","url":"https:\/\/anprotec.org.br\/conferencia2021\/2021\/11\/03\/20a-edicao-do-anprotalks-discute-trilha-4-da-31a-conferencia-anprotec\/","name":"20\u00aa Edi\u00e7\u00e3o do AnproTalks discute Trilha 4 da 31\u00aa Confer\u00eancia Anprotec - Confer\u00eancia Anprotec 2021","isPartOf":{"@id":"https:\/\/anprotec.org.br\/conferencia2021\/#website"},"primaryImageOfPage":{"@id":"https:\/\/anprotec.org.br\/conferencia2021\/2021\/11\/03\/20a-edicao-do-anprotalks-discute-trilha-4-da-31a-conferencia-anprotec\/#primaryimage"},"datePublished":"2021-11-03T17:24:53+00:00","dateModified":"2021-11-03T17:24:53+00:00","author":{"@id":"https:\/\/anprotec.org.br\/conferencia2021\/#\/schema\/person\/99ce149e918cd59cc82adfb7d8f42940"},"breadcrumb":{"@id":"https:\/\/anprotec.org.br\/conferencia2021\/2021\/11\/03\/20a-edicao-do-anprotalks-discute-trilha-4-da-31a-conferencia-anprotec\/#breadcrumb"},"inLanguage":"pt-BR","potentialAction":[{"@type":"ReadAction","target":["https:\/\/anprotec.org.br\/conferencia2021\/2021\/11\/03\/20a-edicao-do-anprotalks-discute-trilha-4-da-31a-conferencia-anprotec\/"]}]},{"@type":"BreadcrumbList","@id":"https:\/\/anprotec.org.br\/conferencia2021\/2021\/11\/03\/20a-edicao-do-anprotalks-discute-trilha-4-da-31a-conferencia-anprotec\/#breadcrumb","itemListElement":[{"@type":"ListItem","position":1,"name":"In\u00edcio","item":"https:\/\/anprotec.org.br\/conferencia2021\/"},{"@type":"ListItem","position":2,"name":"20\u00aa Edi\u00e7\u00e3o do AnproTalks discute Trilha 4 da 31\u00aa Confer\u00eancia Anprotec"}]},{"@type":"Person","@id":"https:\/\/anprotec.org.br\/conferencia2021\/#\/schema\/person\/99ce149e918cd59cc82adfb7d8f42940","name":"anprotec","url":"https:\/\/anprotec.org.br\/conferencia2021\/author\/anprotec\/"}]}},"_links":{"self":[{"href":"https:\/\/anprotec.org.br\/conferencia2021\/wp-json\/wp\/v2\/posts\/1416","targetHints":{"allow":["GET"]}}],"collection":[{"href":"https:\/\/anprotec.org.br\/conferencia2021\/wp-json\/wp\/v2\/posts"}],"about":[{"href":"https:\/\/anprotec.org.br\/conferencia2021\/wp-json\/wp\/v2\/types\/post"}],"author":[{"embeddable":true,"href":"https:\/\/anprotec.org.br\/conferencia2021\/wp-json\/wp\/v2\/users\/2"}],"replies":[{"embeddable":true,"href":"https:\/\/anprotec.org.br\/conferencia2021\/wp-json\/wp\/v2\/comments?post=1416"}],"version-history":[{"count":1,"href":"https:\/\/anprotec.org.br\/conferencia2021\/wp-json\/wp\/v2\/posts\/1416\/revisions"}],"predecessor-version":[{"id":1419,"href":"https:\/\/anprotec.org.br\/conferencia2021\/wp-json\/wp\/v2\/posts\/1416\/revisions\/1419"}],"wp:featuredmedia":[{"embeddable":true,"href":"https:\/\/anprotec.org.br\/conferencia2021\/wp-json\/wp\/v2\/media\/1417"}],"wp:attachment":[{"href":"https:\/\/anprotec.org.br\/conferencia2021\/wp-json\/wp\/v2\/media?parent=1416"}],"wp:term":[{"taxonomy":"category","embeddable":true,"href":"https:\/\/anprotec.org.br\/conferencia2021\/wp-json\/wp\/v2\/categories?post=1416"},{"taxonomy":"post_tag","embeddable":true,"href":"https:\/\/anprotec.org.br\/conferencia2021\/wp-json\/wp\/v2\/tags?post=1416"}],"curies":[{"name":"wp","href":"https:\/\/api.w.org\/{rel}","templated":true}]}}