{"id":1285,"date":"2021-10-13T09:38:46","date_gmt":"2021-10-13T12:38:46","guid":{"rendered":"https:\/\/anprotec.org.br\/conferencia2021\/?p=1285"},"modified":"2021-11-01T09:39:43","modified_gmt":"2021-11-01T12:39:43","slug":"17a-edicao-do-anprotalks-da-a-largada-oficial-para-31a-conferencia-anprotec","status":"publish","type":"post","link":"https:\/\/anprotec.org.br\/conferencia2021\/2021\/10\/13\/17a-edicao-do-anprotalks-da-a-largada-oficial-para-31a-conferencia-anprotec\/","title":{"rendered":"17\u00aa Edi\u00e7\u00e3o do AnproTalks d\u00e1 a largada oficial para 31\u00aa Confer\u00eancia Anprotec"},"content":{"rendered":"<p>O pr\u00f3ximo epis\u00f3dio da s\u00e9rie AnproTalks acontece na sexta-feira, 15\/10, \u00e0s 11h, e tratar\u00e1 sobre as informa\u00e7\u00f5es sobre o formato, tema e aplicativo para comunica\u00e7\u00e3o da 31\u00aa Confer\u00eancia Anprotec. Al\u00e9m disso, o webinar contar\u00e1 com uma conversa com ambientes sobre o tema \u2018Omnichannel: a entrega de valor on e offline\u2019.<\/p>\n<p>O t\u00f3pico \u2018Omnichannel \u2013 A entrega de valor on e offline,\u2019 ser\u00e1 uma das 4 trilhas abordadas durante o evento, e tratar\u00e1 sobre quest\u00f5es do tipo:<br \/>\n\u2013 Como ambientes de inova\u00e7\u00e3o v\u00e3o agregar valor para seus residentes mesmo \u00e0 dist\u00e2ncia?<br \/>\n\u2013 Como os ambientes de inova\u00e7\u00e3o menores e regionais podem atuar nesse cen\u00e1rio?<br \/>\n\u2013 Como o ambiente online pode potencializar o networking com investidores?<\/p>\n<p>A Confer\u00eancia Anprotec \u00e9 um dos maiores eventos de empreendedorismo inovador da Am\u00e9rica Latina, realizado anualmente em parceria com o SEBRAE. Em sua 31\u00aa edi\u00e7\u00e3o, o evento ter\u00e1 como tema \u2018<strong>The Great Reset: A Redefini\u00e7\u00e3o dos Ambientes de Inova\u00e7\u00e3o\u2019<\/strong>. O conceito foi criado pelo F\u00f3rum Mundial Econ\u00f4mico como uma iniciativa que pressup\u00f5e a pandemia como um ponto de partida para a\u00a0reestrutura\u00e7\u00e3o da economia mundial de forma mais sustent\u00e1vel.<\/p>\n<p>Este AnproTalks \u00e9 o primeiro de uma s\u00e9rie de webinars que acontecer\u00e1 at\u00e9 o dia do evento, tratando sobre pontos importantes da Confer\u00eancia.<\/p>\n<p>Participantes:<\/p>\n<p>\u2022 Carlos Eduardo Aranha \u2013 Diretor de Novos Ambientes da Anprotec<\/p>\n<p>\u2022 Milksom Ferreira Campelo \u2013 Coordenador de Prospec\u00e7\u00e3o, Transfer\u00eancia de Tecnologia e Neg\u00f3cios no Parque de Ci\u00eancia e Tecnologia Guam\u00e1<\/p>\n<p>\u2022 Miguel Gaia \u2013 S\u00f3cio fundador do Nexto<\/p>\n<p>Com uma hora de dura\u00e7\u00e3o, o AnproTalks \u00e9 gratuito com cadastro de inscri\u00e7\u00e3o obrigat\u00f3rio!<\/p>\n<p>Inscreva-se em\u00a0<a href=\"https:\/\/lnkd.in\/eq7aVrp5\" data-attribute-index=\"2\">https:\/\/lnkd.in\/eq7aVrp5<\/a><\/p>\n","protected":false},"excerpt":{"rendered":"<p>O pr\u00f3ximo epis\u00f3dio da s\u00e9rie AnproTalks acontece na sexta-feira, 15\/10, \u00e0s 11h, e tratar\u00e1 sobre as informa\u00e7\u00f5es sobre o formato, tema e aplicativo para comunica\u00e7\u00e3o da<span class=\"excerpt-hellip\"> [\u2026]<\/span><\/p>\n","protected":false},"author":2,"featured_media":1286,"comment_status":"closed","ping_status":"open","sticky":false,"template":"","format":"standard","meta":{"footnotes":""},"categories":[1],"tags":[],"class_list":["post-1285","post","type-post","status-publish","format-standard","has-post-thumbnail","hentry","category-noticias"],"yoast_head":"<!-- This site is optimized with the Yoast SEO plugin v17.0 - https:\/\/yoast.com\/wordpress\/plugins\/seo\/ -->\n<title>17\u00aa Edi\u00e7\u00e3o do AnproTalks d\u00e1 a largada oficial para 31\u00aa Confer\u00eancia Anprotec - Confer\u00eancia Anprotec 2021<\/title>\n<meta name=\"robots\" content=\"index, follow, max-snippet:-1, max-image-preview:large, max-video-preview:-1\" \/>\n<link rel=\"canonical\" href=\"https:\/\/anprotec.org.br\/conferencia2021\/2021\/10\/13\/17a-edicao-do-anprotalks-da-a-largada-oficial-para-31a-conferencia-anprotec\/\" \/>\n<meta property=\"og:locale\" content=\"pt_BR\" \/>\n<meta property=\"og:type\" content=\"article\" \/>\n<meta property=\"og:title\" content=\"17\u00aa Edi\u00e7\u00e3o do AnproTalks d\u00e1 a largada oficial para 31\u00aa Confer\u00eancia Anprotec - Confer\u00eancia Anprotec 2021\" \/>\n<meta property=\"og:description\" content=\"O pr\u00f3ximo epis\u00f3dio da s\u00e9rie AnproTalks acontece na sexta-feira, 15\/10, \u00e0s 11h, e tratar\u00e1 sobre as informa\u00e7\u00f5es sobre o formato, tema e aplicativo para comunica\u00e7\u00e3o da [\u2026]\" \/>\n<meta property=\"og:url\" content=\"https:\/\/anprotec.org.br\/conferencia2021\/2021\/10\/13\/17a-edicao-do-anprotalks-da-a-largada-oficial-para-31a-conferencia-anprotec\/\" \/>\n<meta property=\"og:site_name\" content=\"Confer\u00eancia Anprotec 2021\" \/>\n<meta property=\"article:published_time\" content=\"2021-10-13T12:38:46+00:00\" \/>\n<meta property=\"article:modified_time\" content=\"2021-11-01T12:39:43+00:00\" \/>\n<meta property=\"og:image\" content=\"https:\/\/anprotec.org.br\/conferencia2021\/wp-content\/uploads\/2021\/11\/1633968213752-1024x1024-1.jpeg\" \/>\n\t<meta property=\"og:image:width\" content=\"1024\" \/>\n\t<meta property=\"og:image:height\" content=\"1024\" \/>\n<meta name=\"twitter:card\" content=\"summary_large_image\" \/>\n<meta name=\"twitter:label1\" content=\"Escrito por\" \/>\n\t<meta name=\"twitter:data1\" content=\"anprotec\" \/>\n\t<meta name=\"twitter:label2\" content=\"Est. tempo de leitura\" \/>\n\t<meta name=\"twitter:data2\" content=\"2 minutos\" \/>\n<script type=\"application\/ld+json\" class=\"yoast-schema-graph\">{\"@context\":\"https:\/\/schema.org\",\"@graph\":[{\"@type\":\"WebSite\",\"@id\":\"https:\/\/anprotec.org.br\/conferencia2021\/#website\",\"url\":\"https:\/\/anprotec.org.br\/conferencia2021\/\",\"name\":\"Confer\\u00eancia Anprotec 2021\",\"description\":\"\",\"potentialAction\":[{\"@type\":\"SearchAction\",\"target\":{\"@type\":\"EntryPoint\",\"urlTemplate\":\"https:\/\/anprotec.org.br\/conferencia2021\/?s={search_term_string}\"},\"query-input\":\"required name=search_term_string\"}],\"inLanguage\":\"pt-BR\"},{\"@type\":\"ImageObject\",\"@id\":\"https:\/\/anprotec.org.br\/conferencia2021\/2021\/10\/13\/17a-edicao-do-anprotalks-da-a-largada-oficial-para-31a-conferencia-anprotec\/#primaryimage\",\"inLanguage\":\"pt-BR\",\"url\":\"https:\/\/anprotec.org.br\/conferencia2021\/wp-content\/uploads\/2021\/11\/1633968213752-1024x1024-1.jpeg\",\"contentUrl\":\"https:\/\/anprotec.org.br\/conferencia2021\/wp-content\/uploads\/2021\/11\/1633968213752-1024x1024-1.jpeg\",\"width\":1024,\"height\":1024},{\"@type\":\"WebPage\",\"@id\":\"https:\/\/anprotec.org.br\/conferencia2021\/2021\/10\/13\/17a-edicao-do-anprotalks-da-a-largada-oficial-para-31a-conferencia-anprotec\/#webpage\",\"url\":\"https:\/\/anprotec.org.br\/conferencia2021\/2021\/10\/13\/17a-edicao-do-anprotalks-da-a-largada-oficial-para-31a-conferencia-anprotec\/\",\"name\":\"17\\u00aa Edi\\u00e7\\u00e3o do AnproTalks d\\u00e1 a largada oficial para 31\\u00aa Confer\\u00eancia Anprotec - Confer\\u00eancia Anprotec 2021\",\"isPartOf\":{\"@id\":\"https:\/\/anprotec.org.br\/conferencia2021\/#website\"},\"primaryImageOfPage\":{\"@id\":\"https:\/\/anprotec.org.br\/conferencia2021\/2021\/10\/13\/17a-edicao-do-anprotalks-da-a-largada-oficial-para-31a-conferencia-anprotec\/#primaryimage\"},\"datePublished\":\"2021-10-13T12:38:46+00:00\",\"dateModified\":\"2021-11-01T12:39:43+00:00\",\"author\":{\"@id\":\"https:\/\/anprotec.org.br\/conferencia2021\/#\/schema\/person\/99ce149e918cd59cc82adfb7d8f42940\"},\"breadcrumb\":{\"@id\":\"https:\/\/anprotec.org.br\/conferencia2021\/2021\/10\/13\/17a-edicao-do-anprotalks-da-a-largada-oficial-para-31a-conferencia-anprotec\/#breadcrumb\"},\"inLanguage\":\"pt-BR\",\"potentialAction\":[{\"@type\":\"ReadAction\",\"target\":[\"https:\/\/anprotec.org.br\/conferencia2021\/2021\/10\/13\/17a-edicao-do-anprotalks-da-a-largada-oficial-para-31a-conferencia-anprotec\/\"]}]},{\"@type\":\"BreadcrumbList\",\"@id\":\"https:\/\/anprotec.org.br\/conferencia2021\/2021\/10\/13\/17a-edicao-do-anprotalks-da-a-largada-oficial-para-31a-conferencia-anprotec\/#breadcrumb\",\"itemListElement\":[{\"@type\":\"ListItem\",\"position\":1,\"name\":\"In\\u00edcio\",\"item\":\"https:\/\/anprotec.org.br\/conferencia2021\/\"},{\"@type\":\"ListItem\",\"position\":2,\"name\":\"17\\u00aa Edi\\u00e7\\u00e3o do AnproTalks d\\u00e1 a largada oficial para 31\\u00aa Confer\\u00eancia Anprotec\"}]},{\"@type\":\"Person\",\"@id\":\"https:\/\/anprotec.org.br\/conferencia2021\/#\/schema\/person\/99ce149e918cd59cc82adfb7d8f42940\",\"name\":\"anprotec\",\"url\":\"https:\/\/anprotec.org.br\/conferencia2021\/author\/anprotec\/\"}]}<\/script>\n<!-- \/ Yoast SEO plugin. -->","yoast_head_json":{"title":"17\u00aa Edi\u00e7\u00e3o do AnproTalks d\u00e1 a largada oficial para 31\u00aa Confer\u00eancia Anprotec - Confer\u00eancia Anprotec 2021","robots":{"index":"index","follow":"follow","max-snippet":"max-snippet:-1","max-image-preview":"max-image-preview:large","max-video-preview":"max-video-preview:-1"},"canonical":"https:\/\/anprotec.org.br\/conferencia2021\/2021\/10\/13\/17a-edicao-do-anprotalks-da-a-largada-oficial-para-31a-conferencia-anprotec\/","og_locale":"pt_BR","og_type":"article","og_title":"17\u00aa Edi\u00e7\u00e3o do AnproTalks d\u00e1 a largada oficial para 31\u00aa Confer\u00eancia Anprotec - Confer\u00eancia Anprotec 2021","og_description":"O pr\u00f3ximo epis\u00f3dio da s\u00e9rie AnproTalks acontece na sexta-feira, 15\/10, \u00e0s 11h, e tratar\u00e1 sobre as informa\u00e7\u00f5es sobre o formato, tema e aplicativo para comunica\u00e7\u00e3o da [\u2026]","og_url":"https:\/\/anprotec.org.br\/conferencia2021\/2021\/10\/13\/17a-edicao-do-anprotalks-da-a-largada-oficial-para-31a-conferencia-anprotec\/","og_site_name":"Confer\u00eancia Anprotec 2021","article_published_time":"2021-10-13T12:38:46+00:00","article_modified_time":"2021-11-01T12:39:43+00:00","og_image":[{"width":1024,"height":1024,"url":"https:\/\/anprotec.org.br\/conferencia2021\/wp-content\/uploads\/2021\/11\/1633968213752-1024x1024-1.jpeg","path":"\/var\/www\/vhosts\/anprotec.org.br\/httpdocs\/conferencia2021\/wp-content\/uploads\/2021\/11\/1633968213752-1024x1024-1.jpeg","size":"full","id":1286,"alt":"","pixels":1048576,"type":"image\/jpeg"}],"twitter_card":"summary_large_image","twitter_misc":{"Escrito por":"anprotec","Est. tempo de leitura":"2 minutos"},"schema":{"@context":"https:\/\/schema.org","@graph":[{"@type":"WebSite","@id":"https:\/\/anprotec.org.br\/conferencia2021\/#website","url":"https:\/\/anprotec.org.br\/conferencia2021\/","name":"Confer\u00eancia Anprotec 2021","description":"","potentialAction":[{"@type":"SearchAction","target":{"@type":"EntryPoint","urlTemplate":"https:\/\/anprotec.org.br\/conferencia2021\/?s={search_term_string}"},"query-input":"required name=search_term_string"}],"inLanguage":"pt-BR"},{"@type":"ImageObject","@id":"https:\/\/anprotec.org.br\/conferencia2021\/2021\/10\/13\/17a-edicao-do-anprotalks-da-a-largada-oficial-para-31a-conferencia-anprotec\/#primaryimage","inLanguage":"pt-BR","url":"https:\/\/anprotec.org.br\/conferencia2021\/wp-content\/uploads\/2021\/11\/1633968213752-1024x1024-1.jpeg","contentUrl":"https:\/\/anprotec.org.br\/conferencia2021\/wp-content\/uploads\/2021\/11\/1633968213752-1024x1024-1.jpeg","width":1024,"height":1024},{"@type":"WebPage","@id":"https:\/\/anprotec.org.br\/conferencia2021\/2021\/10\/13\/17a-edicao-do-anprotalks-da-a-largada-oficial-para-31a-conferencia-anprotec\/#webpage","url":"https:\/\/anprotec.org.br\/conferencia2021\/2021\/10\/13\/17a-edicao-do-anprotalks-da-a-largada-oficial-para-31a-conferencia-anprotec\/","name":"17\u00aa Edi\u00e7\u00e3o do AnproTalks d\u00e1 a largada oficial para 31\u00aa Confer\u00eancia Anprotec - Confer\u00eancia Anprotec 2021","isPartOf":{"@id":"https:\/\/anprotec.org.br\/conferencia2021\/#website"},"primaryImageOfPage":{"@id":"https:\/\/anprotec.org.br\/conferencia2021\/2021\/10\/13\/17a-edicao-do-anprotalks-da-a-largada-oficial-para-31a-conferencia-anprotec\/#primaryimage"},"datePublished":"2021-10-13T12:38:46+00:00","dateModified":"2021-11-01T12:39:43+00:00","author":{"@id":"https:\/\/anprotec.org.br\/conferencia2021\/#\/schema\/person\/99ce149e918cd59cc82adfb7d8f42940"},"breadcrumb":{"@id":"https:\/\/anprotec.org.br\/conferencia2021\/2021\/10\/13\/17a-edicao-do-anprotalks-da-a-largada-oficial-para-31a-conferencia-anprotec\/#breadcrumb"},"inLanguage":"pt-BR","potentialAction":[{"@type":"ReadAction","target":["https:\/\/anprotec.org.br\/conferencia2021\/2021\/10\/13\/17a-edicao-do-anprotalks-da-a-largada-oficial-para-31a-conferencia-anprotec\/"]}]},{"@type":"BreadcrumbList","@id":"https:\/\/anprotec.org.br\/conferencia2021\/2021\/10\/13\/17a-edicao-do-anprotalks-da-a-largada-oficial-para-31a-conferencia-anprotec\/#breadcrumb","itemListElement":[{"@type":"ListItem","position":1,"name":"In\u00edcio","item":"https:\/\/anprotec.org.br\/conferencia2021\/"},{"@type":"ListItem","position":2,"name":"17\u00aa Edi\u00e7\u00e3o do AnproTalks d\u00e1 a largada oficial para 31\u00aa Confer\u00eancia Anprotec"}]},{"@type":"Person","@id":"https:\/\/anprotec.org.br\/conferencia2021\/#\/schema\/person\/99ce149e918cd59cc82adfb7d8f42940","name":"anprotec","url":"https:\/\/anprotec.org.br\/conferencia2021\/author\/anprotec\/"}]}},"_links":{"self":[{"href":"https:\/\/anprotec.org.br\/conferencia2021\/wp-json\/wp\/v2\/posts\/1285","targetHints":{"allow":["GET"]}}],"collection":[{"href":"https:\/\/anprotec.org.br\/conferencia2021\/wp-json\/wp\/v2\/posts"}],"about":[{"href":"https:\/\/anprotec.org.br\/conferencia2021\/wp-json\/wp\/v2\/types\/post"}],"author":[{"embeddable":true,"href":"https:\/\/anprotec.org.br\/conferencia2021\/wp-json\/wp\/v2\/users\/2"}],"replies":[{"embeddable":true,"href":"https:\/\/anprotec.org.br\/conferencia2021\/wp-json\/wp\/v2\/comments?post=1285"}],"version-history":[{"count":1,"href":"https:\/\/anprotec.org.br\/conferencia2021\/wp-json\/wp\/v2\/posts\/1285\/revisions"}],"predecessor-version":[{"id":1287,"href":"https:\/\/anprotec.org.br\/conferencia2021\/wp-json\/wp\/v2\/posts\/1285\/revisions\/1287"}],"wp:featuredmedia":[{"embeddable":true,"href":"https:\/\/anprotec.org.br\/conferencia2021\/wp-json\/wp\/v2\/media\/1286"}],"wp:attachment":[{"href":"https:\/\/anprotec.org.br\/conferencia2021\/wp-json\/wp\/v2\/media?parent=1285"}],"wp:term":[{"taxonomy":"category","embeddable":true,"href":"https:\/\/anprotec.org.br\/conferencia2021\/wp-json\/wp\/v2\/categories?post=1285"},{"taxonomy":"post_tag","embeddable":true,"href":"https:\/\/anprotec.org.br\/conferencia2021\/wp-json\/wp\/v2\/tags?post=1285"}],"curies":[{"name":"wp","href":"https:\/\/api.w.org\/{rel}","templated":true}]}}