{"id":1282,"date":"2021-10-20T09:36:54","date_gmt":"2021-10-20T12:36:54","guid":{"rendered":"https:\/\/anprotec.org.br\/conferencia2021\/?p=1282"},"modified":"2021-11-10T12:14:51","modified_gmt":"2021-11-10T15:14:51","slug":"anprotec-divulga-os-trabalhos-selecionados-para-apresentacao-em-sua-31a-conferencia","status":"publish","type":"post","link":"https:\/\/anprotec.org.br\/conferencia2021\/2021\/10\/20\/anprotec-divulga-os-trabalhos-selecionados-para-apresentacao-em-sua-31a-conferencia\/","title":{"rendered":"Anprotec divulga os trabalhos selecionados para apresenta\u00e7\u00e3o em sua 31\u00aa Confer\u00eancia"},"content":{"rendered":"<p>As Sess\u00f5es T\u00e9cnicas Paralelas (STPs) s\u00e3o dedicadas \u00e0 apresenta\u00e7\u00e3o de artigos completos e relatos de boas pr\u00e1ticas pr\u00e9-selecionados a partir dos requisitos estabelecidos na Chamada de Trabalhos da 31\u00aa Confer\u00eancia Anprotec de Empreendedorismo e Ambientes de Inova\u00e7\u00e3o, que acontece de modo virtual de 8 a 11 de novembro, com o tema central \u201c<strong>The Great Reset: A redefini\u00e7\u00e3o dos ambientes de inova\u00e7\u00e3o\u201d.\u00a0<\/strong><\/p>\n<p>Neste ano, os trabalhos devem estar vinculados a pelo menos um dos sub-temas do evento, compondo quatro categorias, respectivamente:<\/p>\n<ul>\n<li><strong>\u00a0Omnichannel: a entrega de valor on e off-line\u00a0\u2013\u00a0<\/strong>como agregar valor para seus residentes, incubados e acelerados mesmo \u00e0 dist\u00e2ncia? Como ambientes de inova\u00e7\u00e3o menores e regionais devem atuar nesse cen\u00e1rio? O ambiente online pode potencializar o networking com investidores?<\/li>\n<li><strong>Transformando pesquisa em solu\u00e7\u00f5es para a sociedade\u00a0\u2013\u00a0<\/strong>Como impulsionar neg\u00f3cios baseados em ci\u00eancia?<\/li>\n<li><strong>Ambientes de inova\u00e7\u00e3o como Living Labs<\/strong>\u00a0\u2013\u00a0em um contexto p\u00f3s-pandemia os ambientes de inova\u00e7\u00e3o podem assumir esse papel de \u201cliving labs\u201d, promovendo esse local de encontro e densidade que catalisam a inova\u00e7\u00e3o?<\/li>\n<li><strong>Gest\u00e3o do capital humano em um mundo sem fronteiras\u00a0\u2013\u00a0<\/strong>como lidar a atra\u00e7\u00e3o e reten\u00e7\u00e3o de talentos em um contexto em que cada vez menos existem fronteiras f\u00edsicas?<\/li>\n<\/ul>\n<p><strong>Artigo<\/strong>: artigo in\u00e9dito, com at\u00e9 4.000 palavras, publicando contribui\u00e7\u00f5es tendo por base a originalidade, a relev\u00e2ncia, a solidez t\u00e9cnica e a clareza de apresenta\u00e7\u00e3o.<\/p>\n<p><strong>Relato de boas pr\u00e1ticas em empresas e ambientes de inova\u00e7\u00e3o<\/strong>: relato, com at\u00e9 1.500 palavras, discorrendo sobre a(s) solu\u00e7\u00e3o(\u00f5es) encontrada(s) para um problema, acompanhada da apresenta\u00e7\u00e3o dos resultados alcan\u00e7ados (boas pr\u00e1ticas).<\/p>\n<p><a href=\"https:\/\/anprotec.org.br\/conferencia2021\/wp-content\/uploads\/2021\/11\/Trabalhos-te%CC%81cnicos.pdf\"><strong>CONFIRA OS ARTIGOS SELECIONADOS NESTE LINK.<\/strong><\/a><\/p>\n<p><a href=\"https:\/\/anprotec.org.br\/conferencia2021\/wp-content\/uploads\/2021\/11\/Relatos.pdf\"><strong>CONFIRA OS RELATOS SELECIONADOS NESTE LINK.<\/strong><\/a><\/p>\n<p>&nbsp;<\/p>\n<p><strong>Os selecionados devem seguir as seguintes orienta\u00e7\u00f5es:<\/strong><\/p>\n<p>1) Efetuar a inscri\u00e7\u00e3o de pelo menos um dos autores do trabalho at\u00e9 o dia\u00a0<strong>03 de novembro de 2021<\/strong><\/p>\n<p>2) enviar a vers\u00e3o final do trabalho corrigido\/com ajustes por e-mail para o endere\u00e7o\u00a0<a href=\"mailto:anprotec31@fundacaoguama.org.br\">anprotec31@fundacaoguama.org.br<\/a>\u00a0at\u00e9 o\u00a0<strong>27 de outubro de 2021.<\/strong><\/p>\n<p>2a) os arquivos do trabalho no formato PDF e Word (nos dois formatos)<\/p>\n<p>2b) informa\u00e7\u00f5es de contato (nome, telefone, e e-mail) do autor que ser\u00e1 respons\u00e1vel pela apresenta\u00e7\u00e3o<\/p>\n<p>3) enviar por e-mail para o endere\u00e7o\u00a0<a href=\"mailto:anprotec31@fundacaoguama.org.br\">anprotec31@fundacaoguama.org.br<\/a>\u00a0at\u00e9 o dia\u00a0<strong>06 de novembro de 2021<\/strong>\u00a0o endere\u00e7o de um link para o YouTube com o v\u00eddeo de apresenta\u00e7\u00e3o do trabalho.<\/p>\n<p>A 31\u00aa Confer\u00eancia Anprotec de Empreendedorismo e Ambientes de Inova\u00e7\u00e3o \u00e9 organizada pela Anprotec e pelo Sebrae, com apoio da Reginp.<\/p>\n","protected":false},"excerpt":{"rendered":"<p>As Sess\u00f5es T\u00e9cnicas Paralelas (STPs) s\u00e3o dedicadas \u00e0 apresenta\u00e7\u00e3o de artigos completos e relatos de boas pr\u00e1ticas pr\u00e9-selecionados a partir dos requisitos estabelecidos na Chamada de<span class=\"excerpt-hellip\"> [\u2026]<\/span><\/p>\n","protected":false},"author":2,"featured_media":1283,"comment_status":"closed","ping_status":"open","sticky":false,"template":"","format":"standard","meta":{"footnotes":""},"categories":[1],"tags":[],"class_list":["post-1282","post","type-post","status-publish","format-standard","has-post-thumbnail","hentry","category-noticias"],"yoast_head":"<!-- This site is optimized with the Yoast SEO plugin v17.0 - https:\/\/yoast.com\/wordpress\/plugins\/seo\/ -->\n<title>Anprotec divulga os trabalhos selecionados para apresenta\u00e7\u00e3o em sua 31\u00aa Confer\u00eancia - Confer\u00eancia Anprotec 2021<\/title>\n<meta name=\"robots\" content=\"index, follow, max-snippet:-1, max-image-preview:large, max-video-preview:-1\" \/>\n<link rel=\"canonical\" href=\"https:\/\/anprotec.org.br\/conferencia2021\/2021\/10\/20\/anprotec-divulga-os-trabalhos-selecionados-para-apresentacao-em-sua-31a-conferencia\/\" \/>\n<meta property=\"og:locale\" content=\"pt_BR\" \/>\n<meta property=\"og:type\" content=\"article\" \/>\n<meta property=\"og:title\" content=\"Anprotec divulga os trabalhos selecionados para apresenta\u00e7\u00e3o em sua 31\u00aa Confer\u00eancia - Confer\u00eancia Anprotec 2021\" \/>\n<meta property=\"og:description\" content=\"As Sess\u00f5es T\u00e9cnicas Paralelas (STPs) s\u00e3o dedicadas \u00e0 apresenta\u00e7\u00e3o de artigos completos e relatos de boas pr\u00e1ticas pr\u00e9-selecionados a partir dos requisitos estabelecidos na Chamada de [\u2026]\" \/>\n<meta property=\"og:url\" content=\"https:\/\/anprotec.org.br\/conferencia2021\/2021\/10\/20\/anprotec-divulga-os-trabalhos-selecionados-para-apresentacao-em-sua-31a-conferencia\/\" \/>\n<meta property=\"og:site_name\" content=\"Confer\u00eancia Anprotec 2021\" \/>\n<meta property=\"article:published_time\" content=\"2021-10-20T12:36:54+00:00\" \/>\n<meta property=\"article:modified_time\" content=\"2021-11-10T15:14:51+00:00\" \/>\n<meta property=\"og:image\" content=\"https:\/\/anprotec.org.br\/conferencia2021\/wp-content\/uploads\/2021\/11\/Chamada-de-trabalhos_Prancheta-1-768x768-1.png\" \/>\n\t<meta property=\"og:image:width\" content=\"768\" \/>\n\t<meta property=\"og:image:height\" content=\"768\" \/>\n<meta name=\"twitter:card\" content=\"summary_large_image\" \/>\n<meta name=\"twitter:label1\" content=\"Escrito por\" \/>\n\t<meta name=\"twitter:data1\" content=\"anprotec\" \/>\n\t<meta name=\"twitter:label2\" content=\"Est. tempo de leitura\" \/>\n\t<meta name=\"twitter:data2\" content=\"2 minutos\" \/>\n<script type=\"application\/ld+json\" class=\"yoast-schema-graph\">{\"@context\":\"https:\/\/schema.org\",\"@graph\":[{\"@type\":\"WebSite\",\"@id\":\"https:\/\/anprotec.org.br\/conferencia2021\/#website\",\"url\":\"https:\/\/anprotec.org.br\/conferencia2021\/\",\"name\":\"Confer\\u00eancia Anprotec 2021\",\"description\":\"\",\"potentialAction\":[{\"@type\":\"SearchAction\",\"target\":{\"@type\":\"EntryPoint\",\"urlTemplate\":\"https:\/\/anprotec.org.br\/conferencia2021\/?s={search_term_string}\"},\"query-input\":\"required name=search_term_string\"}],\"inLanguage\":\"pt-BR\"},{\"@type\":\"ImageObject\",\"@id\":\"https:\/\/anprotec.org.br\/conferencia2021\/2021\/10\/20\/anprotec-divulga-os-trabalhos-selecionados-para-apresentacao-em-sua-31a-conferencia\/#primaryimage\",\"inLanguage\":\"pt-BR\",\"url\":\"https:\/\/anprotec.org.br\/conferencia2021\/wp-content\/uploads\/2021\/11\/Chamada-de-trabalhos_Prancheta-1-768x768-1.png\",\"contentUrl\":\"https:\/\/anprotec.org.br\/conferencia2021\/wp-content\/uploads\/2021\/11\/Chamada-de-trabalhos_Prancheta-1-768x768-1.png\",\"width\":768,\"height\":768},{\"@type\":\"WebPage\",\"@id\":\"https:\/\/anprotec.org.br\/conferencia2021\/2021\/10\/20\/anprotec-divulga-os-trabalhos-selecionados-para-apresentacao-em-sua-31a-conferencia\/#webpage\",\"url\":\"https:\/\/anprotec.org.br\/conferencia2021\/2021\/10\/20\/anprotec-divulga-os-trabalhos-selecionados-para-apresentacao-em-sua-31a-conferencia\/\",\"name\":\"Anprotec divulga os trabalhos selecionados para apresenta\\u00e7\\u00e3o em sua 31\\u00aa Confer\\u00eancia - Confer\\u00eancia Anprotec 2021\",\"isPartOf\":{\"@id\":\"https:\/\/anprotec.org.br\/conferencia2021\/#website\"},\"primaryImageOfPage\":{\"@id\":\"https:\/\/anprotec.org.br\/conferencia2021\/2021\/10\/20\/anprotec-divulga-os-trabalhos-selecionados-para-apresentacao-em-sua-31a-conferencia\/#primaryimage\"},\"datePublished\":\"2021-10-20T12:36:54+00:00\",\"dateModified\":\"2021-11-10T15:14:51+00:00\",\"author\":{\"@id\":\"https:\/\/anprotec.org.br\/conferencia2021\/#\/schema\/person\/99ce149e918cd59cc82adfb7d8f42940\"},\"breadcrumb\":{\"@id\":\"https:\/\/anprotec.org.br\/conferencia2021\/2021\/10\/20\/anprotec-divulga-os-trabalhos-selecionados-para-apresentacao-em-sua-31a-conferencia\/#breadcrumb\"},\"inLanguage\":\"pt-BR\",\"potentialAction\":[{\"@type\":\"ReadAction\",\"target\":[\"https:\/\/anprotec.org.br\/conferencia2021\/2021\/10\/20\/anprotec-divulga-os-trabalhos-selecionados-para-apresentacao-em-sua-31a-conferencia\/\"]}]},{\"@type\":\"BreadcrumbList\",\"@id\":\"https:\/\/anprotec.org.br\/conferencia2021\/2021\/10\/20\/anprotec-divulga-os-trabalhos-selecionados-para-apresentacao-em-sua-31a-conferencia\/#breadcrumb\",\"itemListElement\":[{\"@type\":\"ListItem\",\"position\":1,\"name\":\"In\\u00edcio\",\"item\":\"https:\/\/anprotec.org.br\/conferencia2021\/\"},{\"@type\":\"ListItem\",\"position\":2,\"name\":\"Anprotec divulga os trabalhos selecionados para apresenta\\u00e7\\u00e3o em sua 31\\u00aa Confer\\u00eancia\"}]},{\"@type\":\"Person\",\"@id\":\"https:\/\/anprotec.org.br\/conferencia2021\/#\/schema\/person\/99ce149e918cd59cc82adfb7d8f42940\",\"name\":\"anprotec\",\"url\":\"https:\/\/anprotec.org.br\/conferencia2021\/author\/anprotec\/\"}]}<\/script>\n<!-- \/ Yoast SEO plugin. -->","yoast_head_json":{"title":"Anprotec divulga os trabalhos selecionados para apresenta\u00e7\u00e3o em sua 31\u00aa Confer\u00eancia - Confer\u00eancia Anprotec 2021","robots":{"index":"index","follow":"follow","max-snippet":"max-snippet:-1","max-image-preview":"max-image-preview:large","max-video-preview":"max-video-preview:-1"},"canonical":"https:\/\/anprotec.org.br\/conferencia2021\/2021\/10\/20\/anprotec-divulga-os-trabalhos-selecionados-para-apresentacao-em-sua-31a-conferencia\/","og_locale":"pt_BR","og_type":"article","og_title":"Anprotec divulga os trabalhos selecionados para apresenta\u00e7\u00e3o em sua 31\u00aa Confer\u00eancia - Confer\u00eancia Anprotec 2021","og_description":"As Sess\u00f5es T\u00e9cnicas Paralelas (STPs) s\u00e3o dedicadas \u00e0 apresenta\u00e7\u00e3o de artigos completos e relatos de boas pr\u00e1ticas pr\u00e9-selecionados a partir dos requisitos estabelecidos na Chamada de [\u2026]","og_url":"https:\/\/anprotec.org.br\/conferencia2021\/2021\/10\/20\/anprotec-divulga-os-trabalhos-selecionados-para-apresentacao-em-sua-31a-conferencia\/","og_site_name":"Confer\u00eancia Anprotec 2021","article_published_time":"2021-10-20T12:36:54+00:00","article_modified_time":"2021-11-10T15:14:51+00:00","og_image":[{"width":768,"height":768,"url":"https:\/\/anprotec.org.br\/conferencia2021\/wp-content\/uploads\/2021\/11\/Chamada-de-trabalhos_Prancheta-1-768x768-1.png","path":"\/var\/www\/vhosts\/anprotec.org.br\/httpdocs\/conferencia2021\/wp-content\/uploads\/2021\/11\/Chamada-de-trabalhos_Prancheta-1-768x768-1.png","size":"full","id":1283,"alt":"","pixels":589824,"type":"image\/png"}],"twitter_card":"summary_large_image","twitter_misc":{"Escrito por":"anprotec","Est. tempo de leitura":"2 minutos"},"schema":{"@context":"https:\/\/schema.org","@graph":[{"@type":"WebSite","@id":"https:\/\/anprotec.org.br\/conferencia2021\/#website","url":"https:\/\/anprotec.org.br\/conferencia2021\/","name":"Confer\u00eancia Anprotec 2021","description":"","potentialAction":[{"@type":"SearchAction","target":{"@type":"EntryPoint","urlTemplate":"https:\/\/anprotec.org.br\/conferencia2021\/?s={search_term_string}"},"query-input":"required name=search_term_string"}],"inLanguage":"pt-BR"},{"@type":"ImageObject","@id":"https:\/\/anprotec.org.br\/conferencia2021\/2021\/10\/20\/anprotec-divulga-os-trabalhos-selecionados-para-apresentacao-em-sua-31a-conferencia\/#primaryimage","inLanguage":"pt-BR","url":"https:\/\/anprotec.org.br\/conferencia2021\/wp-content\/uploads\/2021\/11\/Chamada-de-trabalhos_Prancheta-1-768x768-1.png","contentUrl":"https:\/\/anprotec.org.br\/conferencia2021\/wp-content\/uploads\/2021\/11\/Chamada-de-trabalhos_Prancheta-1-768x768-1.png","width":768,"height":768},{"@type":"WebPage","@id":"https:\/\/anprotec.org.br\/conferencia2021\/2021\/10\/20\/anprotec-divulga-os-trabalhos-selecionados-para-apresentacao-em-sua-31a-conferencia\/#webpage","url":"https:\/\/anprotec.org.br\/conferencia2021\/2021\/10\/20\/anprotec-divulga-os-trabalhos-selecionados-para-apresentacao-em-sua-31a-conferencia\/","name":"Anprotec divulga os trabalhos selecionados para apresenta\u00e7\u00e3o em sua 31\u00aa Confer\u00eancia - Confer\u00eancia Anprotec 2021","isPartOf":{"@id":"https:\/\/anprotec.org.br\/conferencia2021\/#website"},"primaryImageOfPage":{"@id":"https:\/\/anprotec.org.br\/conferencia2021\/2021\/10\/20\/anprotec-divulga-os-trabalhos-selecionados-para-apresentacao-em-sua-31a-conferencia\/#primaryimage"},"datePublished":"2021-10-20T12:36:54+00:00","dateModified":"2021-11-10T15:14:51+00:00","author":{"@id":"https:\/\/anprotec.org.br\/conferencia2021\/#\/schema\/person\/99ce149e918cd59cc82adfb7d8f42940"},"breadcrumb":{"@id":"https:\/\/anprotec.org.br\/conferencia2021\/2021\/10\/20\/anprotec-divulga-os-trabalhos-selecionados-para-apresentacao-em-sua-31a-conferencia\/#breadcrumb"},"inLanguage":"pt-BR","potentialAction":[{"@type":"ReadAction","target":["https:\/\/anprotec.org.br\/conferencia2021\/2021\/10\/20\/anprotec-divulga-os-trabalhos-selecionados-para-apresentacao-em-sua-31a-conferencia\/"]}]},{"@type":"BreadcrumbList","@id":"https:\/\/anprotec.org.br\/conferencia2021\/2021\/10\/20\/anprotec-divulga-os-trabalhos-selecionados-para-apresentacao-em-sua-31a-conferencia\/#breadcrumb","itemListElement":[{"@type":"ListItem","position":1,"name":"In\u00edcio","item":"https:\/\/anprotec.org.br\/conferencia2021\/"},{"@type":"ListItem","position":2,"name":"Anprotec divulga os trabalhos selecionados para apresenta\u00e7\u00e3o em sua 31\u00aa Confer\u00eancia"}]},{"@type":"Person","@id":"https:\/\/anprotec.org.br\/conferencia2021\/#\/schema\/person\/99ce149e918cd59cc82adfb7d8f42940","name":"anprotec","url":"https:\/\/anprotec.org.br\/conferencia2021\/author\/anprotec\/"}]}},"_links":{"self":[{"href":"https:\/\/anprotec.org.br\/conferencia2021\/wp-json\/wp\/v2\/posts\/1282","targetHints":{"allow":["GET"]}}],"collection":[{"href":"https:\/\/anprotec.org.br\/conferencia2021\/wp-json\/wp\/v2\/posts"}],"about":[{"href":"https:\/\/anprotec.org.br\/conferencia2021\/wp-json\/wp\/v2\/types\/post"}],"author":[{"embeddable":true,"href":"https:\/\/anprotec.org.br\/conferencia2021\/wp-json\/wp\/v2\/users\/2"}],"replies":[{"embeddable":true,"href":"https:\/\/anprotec.org.br\/conferencia2021\/wp-json\/wp\/v2\/comments?post=1282"}],"version-history":[{"count":2,"href":"https:\/\/anprotec.org.br\/conferencia2021\/wp-json\/wp\/v2\/posts\/1282\/revisions"}],"predecessor-version":[{"id":1809,"href":"https:\/\/anprotec.org.br\/conferencia2021\/wp-json\/wp\/v2\/posts\/1282\/revisions\/1809"}],"wp:featuredmedia":[{"embeddable":true,"href":"https:\/\/anprotec.org.br\/conferencia2021\/wp-json\/wp\/v2\/media\/1283"}],"wp:attachment":[{"href":"https:\/\/anprotec.org.br\/conferencia2021\/wp-json\/wp\/v2\/media?parent=1282"}],"wp:term":[{"taxonomy":"category","embeddable":true,"href":"https:\/\/anprotec.org.br\/conferencia2021\/wp-json\/wp\/v2\/categories?post=1282"},{"taxonomy":"post_tag","embeddable":true,"href":"https:\/\/anprotec.org.br\/conferencia2021\/wp-json\/wp\/v2\/tags?post=1282"}],"curies":[{"name":"wp","href":"https:\/\/api.w.org\/{rel}","templated":true}]}}