{"id":1278,"date":"2021-10-22T09:34:46","date_gmt":"2021-10-22T12:34:46","guid":{"rendered":"https:\/\/anprotec.org.br\/conferencia2021\/?p=1278"},"modified":"2021-11-01T09:35:50","modified_gmt":"2021-11-01T12:35:50","slug":"aquecendo-para-a-31a-conferencia-anprotec-18a-edicao-do-anprotalks-debate-como-transformar-pesquisas-em-solucoes-para-a-sociedade","status":"publish","type":"post","link":"https:\/\/anprotec.org.br\/conferencia2021\/2021\/10\/22\/aquecendo-para-a-31a-conferencia-anprotec-18a-edicao-do-anprotalks-debate-como-transformar-pesquisas-em-solucoes-para-a-sociedade\/","title":{"rendered":"Aquecendo para a 31\u00aa Confer\u00eancia Anprotec, 18\u00aa edi\u00e7\u00e3o do Anprotalks debate como transformar pesquisas em solu\u00e7\u00f5es para a sociedade"},"content":{"rendered":"<p>Hoje (22) na parte da manh\u00e3,\u00a0aconteceu o 18\u00ba epis\u00f3dio da s\u00e9rie AnproTalks. Essa edi\u00e7\u00e3o do\u00a0\u00a0webinar debateu a Trilha 2 da 31\u00aa Confer\u00eancia Anprotec, cujo tema ser\u00e1 \u2018Transformado pesquisa em solu\u00e7\u00f5es para a sociedade\u2019.<\/p>\n<p>A Confer\u00eancia Anprotec, \u00e9 realizada em parceria com o SEBRAE, e acontecer\u00e1 de 8 a 11 de novembro, totalmente online e gratuita para os associados Anprotec. Neste ano o tema central ser\u00e1 \u2018The Great Reset: A Redefini\u00e7\u00e3o dos Ambientes de Inova\u00e7\u00e3o\u2019.<\/p>\n<p>O bate papo\u00a0contou com a presen\u00e7a de personagens relevantes nos ambientes acad\u00eamico e corporativo:\u00a0Rosana Jamal, Diretora de Empresas da Anprotec, Raquel Moutinho Barbosa, Diretora de Propriedade Intelectual na Inova \u2013 Ag\u00eancia de Inova\u00e7\u00e3o da Unicamp e Ana Carolina Cal\u00e7ado, CEO, Presidente e Fundadora do Wylinka<\/p>\n<p>Mediadora do evento, Rosana destacou que durante muitos anos, era mais raro conseguir um ponto de converg\u00eancia entre cientistas e empreendedores. Portanto, era mais dif\u00edcil planejar e desenvolver projetos que trouxessem benef\u00edcios diretos \u00e0 popula\u00e7\u00e3o. \u201cN\u00f3s que pegamos startups de base cient\u00edfica para acelerar sempre temos esse desafio. Hoje em dia, com maior n\u00famero desses empreendimentos, cresce tamb\u00e9m a quantidade de cientistas interessados neste universo\u201d.<\/p>\n<p>Em sua fala inicial, Ana Cal\u00e7ado apontou a import\u00e2ncia de fortalecer o cen\u00e1rio dos ecossistemas de inova\u00e7\u00e3o no Brasil, pontuando o trabalho da Wylinka. \u201cNosso trabalho \u00e9 apoiar o ecossistema de inova\u00e7\u00e3o brasileiro para que possamos construir um futuro melhor. Talvez priorizando at\u00e9 mais o desenvolvimento sustent\u00e1vel que econ\u00f4mico\u201d. Por meio de metodologias embasadas, a Wylinka desenvolve seus projetos para desempenhar a acelera\u00e7\u00e3o de neg\u00f3cios e pesquisas. Ana tamb\u00e9m apresentou cases da empresa e mostrou um pouco das conclus\u00f5es, an\u00e1lises, e diretrizes tirados deles.<\/p>\n<p>Na sequ\u00eancia, Raquel Moutinho, atenta ao fato de que os ambientes de inova\u00e7\u00e3o mais pr\u00f3speros e funcionais devem ser unidos. \u201cN\u00e3o tem como navegar sozinho em um ecossistema. Parceiros como aceleradoras, incubadoras, gestores p\u00fablicos, empresas e universidades precisam estar totalmente conectados e possuir um alinhamento de objetivos\u201d.<\/p>\n<p>Voc\u00ea pode conferir o webinar completo\u00a0<a href=\"https:\/\/www.youtube.com\/watch?v=6g_7hfBeD7o&amp;ab_channel=Associa%C3%A7%C3%A3oAnprotec\">clicando aqui.<\/a><\/p>\n<p>Para saber mais sobre a 31\u00aa Confer\u00eancia Anprotec acesse:\u00a0<a href=\"https:\/\/anprotec.org.br\/conferencia2021\/\">https:\/\/anprotec.org.br\/conferencia2021\/<\/a><\/p>\n<p><b>Participe de nossa comunidade no Nexto<\/b><\/p>\n<p>Quer fazer parte das discuss\u00f5es sobre os temas abordados na 31\u00aa Confer\u00eancia Aprotec? Ent\u00e3o entre em nossa comunidade no Nexto.<\/p>\n<p>Clique no link a seguir para conhecer o app\u00a0<a href=\"https:\/\/www.nexto.pro\/?event=community_A792563\">https:\/\/www.nexto.pro\/?event=community_A792563<\/a>.<\/p>\n","protected":false},"excerpt":{"rendered":"<p>Hoje (22) na parte da manh\u00e3,\u00a0aconteceu o 18\u00ba epis\u00f3dio da s\u00e9rie AnproTalks. Essa edi\u00e7\u00e3o do\u00a0\u00a0webinar debateu a Trilha 2 da 31\u00aa Confer\u00eancia Anprotec, cujo tema ser\u00e1<span class=\"excerpt-hellip\"> [\u2026]<\/span><\/p>\n","protected":false},"author":2,"featured_media":1279,"comment_status":"closed","ping_status":"open","sticky":false,"template":"","format":"standard","meta":{"footnotes":""},"categories":[1],"tags":[],"class_list":["post-1278","post","type-post","status-publish","format-standard","has-post-thumbnail","hentry","category-noticias"],"yoast_head":"<!-- This site is optimized with the Yoast SEO plugin v17.0 - https:\/\/yoast.com\/wordpress\/plugins\/seo\/ -->\n<title>Aquecendo para a 31\u00aa Confer\u00eancia Anprotec, 18\u00aa edi\u00e7\u00e3o do Anprotalks debate como transformar pesquisas em solu\u00e7\u00f5es para a sociedade - Confer\u00eancia Anprotec 2021<\/title>\n<meta name=\"robots\" content=\"index, follow, max-snippet:-1, max-image-preview:large, max-video-preview:-1\" \/>\n<link rel=\"canonical\" href=\"https:\/\/anprotec.org.br\/conferencia2021\/2021\/10\/22\/aquecendo-para-a-31a-conferencia-anprotec-18a-edicao-do-anprotalks-debate-como-transformar-pesquisas-em-solucoes-para-a-sociedade\/\" \/>\n<meta property=\"og:locale\" content=\"pt_BR\" \/>\n<meta property=\"og:type\" content=\"article\" \/>\n<meta property=\"og:title\" content=\"Aquecendo para a 31\u00aa Confer\u00eancia Anprotec, 18\u00aa edi\u00e7\u00e3o do Anprotalks debate como transformar pesquisas em solu\u00e7\u00f5es para a sociedade - Confer\u00eancia Anprotec 2021\" \/>\n<meta property=\"og:description\" content=\"Hoje (22) na parte da manh\u00e3,\u00a0aconteceu o 18\u00ba epis\u00f3dio da s\u00e9rie AnproTalks. Essa edi\u00e7\u00e3o do\u00a0\u00a0webinar debateu a Trilha 2 da 31\u00aa Confer\u00eancia Anprotec, cujo tema ser\u00e1 [\u2026]\" \/>\n<meta property=\"og:url\" content=\"https:\/\/anprotec.org.br\/conferencia2021\/2021\/10\/22\/aquecendo-para-a-31a-conferencia-anprotec-18a-edicao-do-anprotalks-debate-como-transformar-pesquisas-em-solucoes-para-a-sociedade\/\" \/>\n<meta property=\"og:site_name\" content=\"Confer\u00eancia Anprotec 2021\" \/>\n<meta property=\"article:published_time\" content=\"2021-10-22T12:34:46+00:00\" \/>\n<meta property=\"article:modified_time\" content=\"2021-11-01T12:35:50+00:00\" \/>\n<meta property=\"og:image\" content=\"https:\/\/anprotec.org.br\/conferencia2021\/wp-content\/uploads\/2021\/11\/ANp18.jpeg\" \/>\n\t<meta property=\"og:image:width\" content=\"370\" \/>\n\t<meta property=\"og:image:height\" content=\"235\" \/>\n<meta name=\"twitter:card\" content=\"summary_large_image\" \/>\n<meta name=\"twitter:label1\" content=\"Escrito por\" \/>\n\t<meta name=\"twitter:data1\" content=\"anprotec\" \/>\n\t<meta name=\"twitter:label2\" content=\"Est. tempo de leitura\" \/>\n\t<meta name=\"twitter:data2\" content=\"2 minutos\" \/>\n<script type=\"application\/ld+json\" class=\"yoast-schema-graph\">{\"@context\":\"https:\/\/schema.org\",\"@graph\":[{\"@type\":\"WebSite\",\"@id\":\"https:\/\/anprotec.org.br\/conferencia2021\/#website\",\"url\":\"https:\/\/anprotec.org.br\/conferencia2021\/\",\"name\":\"Confer\\u00eancia Anprotec 2021\",\"description\":\"\",\"potentialAction\":[{\"@type\":\"SearchAction\",\"target\":{\"@type\":\"EntryPoint\",\"urlTemplate\":\"https:\/\/anprotec.org.br\/conferencia2021\/?s={search_term_string}\"},\"query-input\":\"required name=search_term_string\"}],\"inLanguage\":\"pt-BR\"},{\"@type\":\"ImageObject\",\"@id\":\"https:\/\/anprotec.org.br\/conferencia2021\/2021\/10\/22\/aquecendo-para-a-31a-conferencia-anprotec-18a-edicao-do-anprotalks-debate-como-transformar-pesquisas-em-solucoes-para-a-sociedade\/#primaryimage\",\"inLanguage\":\"pt-BR\",\"url\":\"https:\/\/anprotec.org.br\/conferencia2021\/wp-content\/uploads\/2021\/11\/ANp18.jpeg\",\"contentUrl\":\"https:\/\/anprotec.org.br\/conferencia2021\/wp-content\/uploads\/2021\/11\/ANp18.jpeg\",\"width\":370,\"height\":235},{\"@type\":\"WebPage\",\"@id\":\"https:\/\/anprotec.org.br\/conferencia2021\/2021\/10\/22\/aquecendo-para-a-31a-conferencia-anprotec-18a-edicao-do-anprotalks-debate-como-transformar-pesquisas-em-solucoes-para-a-sociedade\/#webpage\",\"url\":\"https:\/\/anprotec.org.br\/conferencia2021\/2021\/10\/22\/aquecendo-para-a-31a-conferencia-anprotec-18a-edicao-do-anprotalks-debate-como-transformar-pesquisas-em-solucoes-para-a-sociedade\/\",\"name\":\"Aquecendo para a 31\\u00aa Confer\\u00eancia Anprotec, 18\\u00aa edi\\u00e7\\u00e3o do Anprotalks debate como transformar pesquisas em solu\\u00e7\\u00f5es para a sociedade - Confer\\u00eancia Anprotec 2021\",\"isPartOf\":{\"@id\":\"https:\/\/anprotec.org.br\/conferencia2021\/#website\"},\"primaryImageOfPage\":{\"@id\":\"https:\/\/anprotec.org.br\/conferencia2021\/2021\/10\/22\/aquecendo-para-a-31a-conferencia-anprotec-18a-edicao-do-anprotalks-debate-como-transformar-pesquisas-em-solucoes-para-a-sociedade\/#primaryimage\"},\"datePublished\":\"2021-10-22T12:34:46+00:00\",\"dateModified\":\"2021-11-01T12:35:50+00:00\",\"author\":{\"@id\":\"https:\/\/anprotec.org.br\/conferencia2021\/#\/schema\/person\/99ce149e918cd59cc82adfb7d8f42940\"},\"breadcrumb\":{\"@id\":\"https:\/\/anprotec.org.br\/conferencia2021\/2021\/10\/22\/aquecendo-para-a-31a-conferencia-anprotec-18a-edicao-do-anprotalks-debate-como-transformar-pesquisas-em-solucoes-para-a-sociedade\/#breadcrumb\"},\"inLanguage\":\"pt-BR\",\"potentialAction\":[{\"@type\":\"ReadAction\",\"target\":[\"https:\/\/anprotec.org.br\/conferencia2021\/2021\/10\/22\/aquecendo-para-a-31a-conferencia-anprotec-18a-edicao-do-anprotalks-debate-como-transformar-pesquisas-em-solucoes-para-a-sociedade\/\"]}]},{\"@type\":\"BreadcrumbList\",\"@id\":\"https:\/\/anprotec.org.br\/conferencia2021\/2021\/10\/22\/aquecendo-para-a-31a-conferencia-anprotec-18a-edicao-do-anprotalks-debate-como-transformar-pesquisas-em-solucoes-para-a-sociedade\/#breadcrumb\",\"itemListElement\":[{\"@type\":\"ListItem\",\"position\":1,\"name\":\"In\\u00edcio\",\"item\":\"https:\/\/anprotec.org.br\/conferencia2021\/\"},{\"@type\":\"ListItem\",\"position\":2,\"name\":\"Aquecendo para a 31\\u00aa Confer\\u00eancia Anprotec, 18\\u00aa edi\\u00e7\\u00e3o do Anprotalks debate como transformar pesquisas em solu\\u00e7\\u00f5es para a sociedade\"}]},{\"@type\":\"Person\",\"@id\":\"https:\/\/anprotec.org.br\/conferencia2021\/#\/schema\/person\/99ce149e918cd59cc82adfb7d8f42940\",\"name\":\"anprotec\",\"url\":\"https:\/\/anprotec.org.br\/conferencia2021\/author\/anprotec\/\"}]}<\/script>\n<!-- \/ Yoast SEO plugin. -->","yoast_head_json":{"title":"Aquecendo para a 31\u00aa Confer\u00eancia Anprotec, 18\u00aa edi\u00e7\u00e3o do Anprotalks debate como transformar pesquisas em solu\u00e7\u00f5es para a sociedade - Confer\u00eancia Anprotec 2021","robots":{"index":"index","follow":"follow","max-snippet":"max-snippet:-1","max-image-preview":"max-image-preview:large","max-video-preview":"max-video-preview:-1"},"canonical":"https:\/\/anprotec.org.br\/conferencia2021\/2021\/10\/22\/aquecendo-para-a-31a-conferencia-anprotec-18a-edicao-do-anprotalks-debate-como-transformar-pesquisas-em-solucoes-para-a-sociedade\/","og_locale":"pt_BR","og_type":"article","og_title":"Aquecendo para a 31\u00aa Confer\u00eancia Anprotec, 18\u00aa edi\u00e7\u00e3o do Anprotalks debate como transformar pesquisas em solu\u00e7\u00f5es para a sociedade - Confer\u00eancia Anprotec 2021","og_description":"Hoje (22) na parte da manh\u00e3,\u00a0aconteceu o 18\u00ba epis\u00f3dio da s\u00e9rie AnproTalks. Essa edi\u00e7\u00e3o do\u00a0\u00a0webinar debateu a Trilha 2 da 31\u00aa Confer\u00eancia Anprotec, cujo tema ser\u00e1 [\u2026]","og_url":"https:\/\/anprotec.org.br\/conferencia2021\/2021\/10\/22\/aquecendo-para-a-31a-conferencia-anprotec-18a-edicao-do-anprotalks-debate-como-transformar-pesquisas-em-solucoes-para-a-sociedade\/","og_site_name":"Confer\u00eancia Anprotec 2021","article_published_time":"2021-10-22T12:34:46+00:00","article_modified_time":"2021-11-01T12:35:50+00:00","og_image":[{"width":370,"height":235,"url":"https:\/\/anprotec.org.br\/conferencia2021\/wp-content\/uploads\/2021\/11\/ANp18.jpeg","path":"\/var\/www\/vhosts\/anprotec.org.br\/httpdocs\/conferencia2021\/wp-content\/uploads\/2021\/11\/ANp18.jpeg","size":"full","id":1279,"alt":"","pixels":86950,"type":"image\/jpeg"}],"twitter_card":"summary_large_image","twitter_misc":{"Escrito por":"anprotec","Est. tempo de leitura":"2 minutos"},"schema":{"@context":"https:\/\/schema.org","@graph":[{"@type":"WebSite","@id":"https:\/\/anprotec.org.br\/conferencia2021\/#website","url":"https:\/\/anprotec.org.br\/conferencia2021\/","name":"Confer\u00eancia Anprotec 2021","description":"","potentialAction":[{"@type":"SearchAction","target":{"@type":"EntryPoint","urlTemplate":"https:\/\/anprotec.org.br\/conferencia2021\/?s={search_term_string}"},"query-input":"required name=search_term_string"}],"inLanguage":"pt-BR"},{"@type":"ImageObject","@id":"https:\/\/anprotec.org.br\/conferencia2021\/2021\/10\/22\/aquecendo-para-a-31a-conferencia-anprotec-18a-edicao-do-anprotalks-debate-como-transformar-pesquisas-em-solucoes-para-a-sociedade\/#primaryimage","inLanguage":"pt-BR","url":"https:\/\/anprotec.org.br\/conferencia2021\/wp-content\/uploads\/2021\/11\/ANp18.jpeg","contentUrl":"https:\/\/anprotec.org.br\/conferencia2021\/wp-content\/uploads\/2021\/11\/ANp18.jpeg","width":370,"height":235},{"@type":"WebPage","@id":"https:\/\/anprotec.org.br\/conferencia2021\/2021\/10\/22\/aquecendo-para-a-31a-conferencia-anprotec-18a-edicao-do-anprotalks-debate-como-transformar-pesquisas-em-solucoes-para-a-sociedade\/#webpage","url":"https:\/\/anprotec.org.br\/conferencia2021\/2021\/10\/22\/aquecendo-para-a-31a-conferencia-anprotec-18a-edicao-do-anprotalks-debate-como-transformar-pesquisas-em-solucoes-para-a-sociedade\/","name":"Aquecendo para a 31\u00aa Confer\u00eancia Anprotec, 18\u00aa edi\u00e7\u00e3o do Anprotalks debate como transformar pesquisas em solu\u00e7\u00f5es para a sociedade - Confer\u00eancia Anprotec 2021","isPartOf":{"@id":"https:\/\/anprotec.org.br\/conferencia2021\/#website"},"primaryImageOfPage":{"@id":"https:\/\/anprotec.org.br\/conferencia2021\/2021\/10\/22\/aquecendo-para-a-31a-conferencia-anprotec-18a-edicao-do-anprotalks-debate-como-transformar-pesquisas-em-solucoes-para-a-sociedade\/#primaryimage"},"datePublished":"2021-10-22T12:34:46+00:00","dateModified":"2021-11-01T12:35:50+00:00","author":{"@id":"https:\/\/anprotec.org.br\/conferencia2021\/#\/schema\/person\/99ce149e918cd59cc82adfb7d8f42940"},"breadcrumb":{"@id":"https:\/\/anprotec.org.br\/conferencia2021\/2021\/10\/22\/aquecendo-para-a-31a-conferencia-anprotec-18a-edicao-do-anprotalks-debate-como-transformar-pesquisas-em-solucoes-para-a-sociedade\/#breadcrumb"},"inLanguage":"pt-BR","potentialAction":[{"@type":"ReadAction","target":["https:\/\/anprotec.org.br\/conferencia2021\/2021\/10\/22\/aquecendo-para-a-31a-conferencia-anprotec-18a-edicao-do-anprotalks-debate-como-transformar-pesquisas-em-solucoes-para-a-sociedade\/"]}]},{"@type":"BreadcrumbList","@id":"https:\/\/anprotec.org.br\/conferencia2021\/2021\/10\/22\/aquecendo-para-a-31a-conferencia-anprotec-18a-edicao-do-anprotalks-debate-como-transformar-pesquisas-em-solucoes-para-a-sociedade\/#breadcrumb","itemListElement":[{"@type":"ListItem","position":1,"name":"In\u00edcio","item":"https:\/\/anprotec.org.br\/conferencia2021\/"},{"@type":"ListItem","position":2,"name":"Aquecendo para a 31\u00aa Confer\u00eancia Anprotec, 18\u00aa edi\u00e7\u00e3o do Anprotalks debate como transformar pesquisas em solu\u00e7\u00f5es para a sociedade"}]},{"@type":"Person","@id":"https:\/\/anprotec.org.br\/conferencia2021\/#\/schema\/person\/99ce149e918cd59cc82adfb7d8f42940","name":"anprotec","url":"https:\/\/anprotec.org.br\/conferencia2021\/author\/anprotec\/"}]}},"_links":{"self":[{"href":"https:\/\/anprotec.org.br\/conferencia2021\/wp-json\/wp\/v2\/posts\/1278","targetHints":{"allow":["GET"]}}],"collection":[{"href":"https:\/\/anprotec.org.br\/conferencia2021\/wp-json\/wp\/v2\/posts"}],"about":[{"href":"https:\/\/anprotec.org.br\/conferencia2021\/wp-json\/wp\/v2\/types\/post"}],"author":[{"embeddable":true,"href":"https:\/\/anprotec.org.br\/conferencia2021\/wp-json\/wp\/v2\/users\/2"}],"replies":[{"embeddable":true,"href":"https:\/\/anprotec.org.br\/conferencia2021\/wp-json\/wp\/v2\/comments?post=1278"}],"version-history":[{"count":2,"href":"https:\/\/anprotec.org.br\/conferencia2021\/wp-json\/wp\/v2\/posts\/1278\/revisions"}],"predecessor-version":[{"id":1281,"href":"https:\/\/anprotec.org.br\/conferencia2021\/wp-json\/wp\/v2\/posts\/1278\/revisions\/1281"}],"wp:featuredmedia":[{"embeddable":true,"href":"https:\/\/anprotec.org.br\/conferencia2021\/wp-json\/wp\/v2\/media\/1279"}],"wp:attachment":[{"href":"https:\/\/anprotec.org.br\/conferencia2021\/wp-json\/wp\/v2\/media?parent=1278"}],"wp:term":[{"taxonomy":"category","embeddable":true,"href":"https:\/\/anprotec.org.br\/conferencia2021\/wp-json\/wp\/v2\/categories?post=1278"},{"taxonomy":"post_tag","embeddable":true,"href":"https:\/\/anprotec.org.br\/conferencia2021\/wp-json\/wp\/v2\/tags?post=1278"}],"curies":[{"name":"wp","href":"https:\/\/api.w.org\/{rel}","templated":true}]}}