{"id":1271,"date":"2021-10-29T14:26:04","date_gmt":"2021-10-29T17:26:04","guid":{"rendered":"https:\/\/anprotec.org.br\/conferencia2021\/?p=1271"},"modified":"2021-10-29T14:28:23","modified_gmt":"2021-10-29T17:28:23","slug":"fundadora-do-movimento-black-money-esta-confirmada-para-a-conferencia-anprotec","status":"publish","type":"post","link":"https:\/\/anprotec.org.br\/conferencia2021\/2021\/10\/29\/fundadora-do-movimento-black-money-esta-confirmada-para-a-conferencia-anprotec\/","title":{"rendered":"Fundadora do Movimento Black Money est\u00e1 confirmada para a Confer\u00eancia Anprotec"},"content":{"rendered":"<p><img loading=\"lazy\" decoding=\"async\" class=\"size-full wp-image-38903 aligncenter\" src=\"https:\/\/anprotec.org.br\/site\/wp-content\/uploads\/2021\/10\/Nina-Silva.png\" alt=\"\" width=\"801\" height=\"800\" \/> A programa\u00e7\u00e3o da <strong>31\u00aa Confer\u00eancia Anprotec<\/strong> est\u00e1 incr\u00edvel! <strong>Nina Silva<\/strong>, fundadora do Movimento Black Money \u00e9 a pr\u00f3xima palestrante confirmada para o evento!<\/p>\n<p><b>Nina Silva<\/b><span style=\"font-weight: 400;\"> \u00e9 Executiva em Tecnologia h\u00e1 mais de 20 anos, especializada em gest\u00e3o de projetos internacionais e transforma\u00e7\u00e3o digital. Al\u00e9m disso, \u00e9 empres\u00e1ria, escritora, mentora de neg\u00f3cios, palestrante e colunista da MIT Sloan Review e UOL Economia. <\/span><span style=\"font-weight: 400;\">CEO e uma das fundadoras do Movimento Black Money, Nina foi considerada pela UOL Universal uma das 19 mulheres de 2019, pela Forbes em 2019 uma das 20 Mulheres Mais Poderosas do Brasil e pela MIPAD (Most Influential People of African Descent) como uma das 100 afrodescendentes mais influentes do mundo abaixo de 40 anos.<\/span><\/p>\n<p>Nina Silva participar\u00e1 da Plen\u00e1ria 1, no dia 8\/11, das 19h30 \u00e0s 20h30, que ter\u00e1 como tema &#8220;A tecnologia tem que ser para todas as pessoas&#8221;.<\/p>\n<p>A Confer\u00eancia Anprotec, \u00e9 realizada em parceria com o SEBRAE, e acontecer\u00e1 de\u00a0<strong>8 a 11 de novembro<\/strong>, totalmente online e gratuita para os associados Anprotec. Neste ano o tema central ser\u00e1\u00a0<strong>\u2018The Great Reset: A Redefini\u00e7\u00e3o dos Ambientes de Inova\u00e7\u00e3o\u2019<\/strong>.<\/p>\n<p>Acesse a programa\u00e7\u00e3o completa\u00a0<a href=\"https:\/\/anprotec.org.br\/conferencia2021\/programacao\/\">clicando aqui.<\/a><\/p>\n<p><strong>Participe conosco!<\/strong><\/p>\n<p><strong><a href=\"https:\/\/www.sympla.com.br\/31-conferencia-anprotec-2021__1364795\">INSCREVA-SE.<\/a><\/strong><\/p>\n<p><a href=\"https:\/\/anprotec.org.br\/associado\/oportunidades-para-os-associados\/associado-sua-inscricao-na-conferencia-anprotec-e-gratuita\/\">*Associado, o seu c\u00f3digo de gratuidade est\u00e1 dispon\u00edvel na \u00e1rea do associado.<\/a><\/p>\n","protected":false},"excerpt":{"rendered":"<p>A programa\u00e7\u00e3o da 31\u00aa Confer\u00eancia Anprotec est\u00e1 incr\u00edvel! Nina Silva, fundadora do Movimento Black Money \u00e9 a pr\u00f3xima palestrante confirmada para o evento! Nina Silva \u00e9<span class=\"excerpt-hellip\"> [\u2026]<\/span><\/p>\n","protected":false},"author":2,"featured_media":1273,"comment_status":"closed","ping_status":"open","sticky":false,"template":"","format":"standard","meta":{"footnotes":""},"categories":[1],"tags":[],"class_list":["post-1271","post","type-post","status-publish","format-standard","has-post-thumbnail","hentry","category-noticias"],"yoast_head":"<!-- This site is optimized with the Yoast SEO plugin v17.0 - https:\/\/yoast.com\/wordpress\/plugins\/seo\/ -->\n<title>Fundadora do Movimento Black Money est\u00e1 confirmada para a Confer\u00eancia Anprotec - Confer\u00eancia Anprotec 2021<\/title>\n<meta name=\"robots\" content=\"index, follow, max-snippet:-1, max-image-preview:large, max-video-preview:-1\" \/>\n<link rel=\"canonical\" href=\"https:\/\/anprotec.org.br\/conferencia2021\/2021\/10\/29\/fundadora-do-movimento-black-money-esta-confirmada-para-a-conferencia-anprotec\/\" \/>\n<meta property=\"og:locale\" content=\"pt_BR\" \/>\n<meta property=\"og:type\" content=\"article\" \/>\n<meta property=\"og:title\" content=\"Fundadora do Movimento Black Money est\u00e1 confirmada para a Confer\u00eancia Anprotec - Confer\u00eancia Anprotec 2021\" \/>\n<meta property=\"og:description\" content=\"A programa\u00e7\u00e3o da 31\u00aa Confer\u00eancia Anprotec est\u00e1 incr\u00edvel! Nina Silva, fundadora do Movimento Black Money \u00e9 a pr\u00f3xima palestrante confirmada para o evento! Nina Silva \u00e9 [\u2026]\" \/>\n<meta property=\"og:url\" content=\"https:\/\/anprotec.org.br\/conferencia2021\/2021\/10\/29\/fundadora-do-movimento-black-money-esta-confirmada-para-a-conferencia-anprotec\/\" \/>\n<meta property=\"og:site_name\" content=\"Confer\u00eancia Anprotec 2021\" \/>\n<meta property=\"article:published_time\" content=\"2021-10-29T17:26:04+00:00\" \/>\n<meta property=\"article:modified_time\" content=\"2021-10-29T17:28:23+00:00\" \/>\n<meta property=\"og:image\" content=\"https:\/\/anprotec.org.br\/conferencia2021\/wp-content\/uploads\/2021\/10\/Nina-Silva.png\" \/>\n\t<meta property=\"og:image:width\" content=\"801\" \/>\n\t<meta property=\"og:image:height\" content=\"800\" \/>\n<meta name=\"twitter:card\" content=\"summary_large_image\" \/>\n<meta name=\"twitter:label1\" content=\"Escrito por\" \/>\n\t<meta name=\"twitter:data1\" content=\"anprotec\" \/>\n\t<meta name=\"twitter:label2\" content=\"Est. tempo de leitura\" \/>\n\t<meta name=\"twitter:data2\" content=\"2 minutos\" \/>\n<script type=\"application\/ld+json\" class=\"yoast-schema-graph\">{\"@context\":\"https:\/\/schema.org\",\"@graph\":[{\"@type\":\"WebSite\",\"@id\":\"https:\/\/anprotec.org.br\/conferencia2021\/#website\",\"url\":\"https:\/\/anprotec.org.br\/conferencia2021\/\",\"name\":\"Confer\\u00eancia Anprotec 2021\",\"description\":\"\",\"potentialAction\":[{\"@type\":\"SearchAction\",\"target\":{\"@type\":\"EntryPoint\",\"urlTemplate\":\"https:\/\/anprotec.org.br\/conferencia2021\/?s={search_term_string}\"},\"query-input\":\"required name=search_term_string\"}],\"inLanguage\":\"pt-BR\"},{\"@type\":\"ImageObject\",\"@id\":\"https:\/\/anprotec.org.br\/conferencia2021\/2021\/10\/29\/fundadora-do-movimento-black-money-esta-confirmada-para-a-conferencia-anprotec\/#primaryimage\",\"inLanguage\":\"pt-BR\",\"url\":\"https:\/\/anprotec.org.br\/conferencia2021\/wp-content\/uploads\/2021\/10\/Nina-Silva.png\",\"contentUrl\":\"https:\/\/anprotec.org.br\/conferencia2021\/wp-content\/uploads\/2021\/10\/Nina-Silva.png\",\"width\":801,\"height\":800},{\"@type\":\"WebPage\",\"@id\":\"https:\/\/anprotec.org.br\/conferencia2021\/2021\/10\/29\/fundadora-do-movimento-black-money-esta-confirmada-para-a-conferencia-anprotec\/#webpage\",\"url\":\"https:\/\/anprotec.org.br\/conferencia2021\/2021\/10\/29\/fundadora-do-movimento-black-money-esta-confirmada-para-a-conferencia-anprotec\/\",\"name\":\"Fundadora do Movimento Black Money est\\u00e1 confirmada para a Confer\\u00eancia Anprotec - Confer\\u00eancia Anprotec 2021\",\"isPartOf\":{\"@id\":\"https:\/\/anprotec.org.br\/conferencia2021\/#website\"},\"primaryImageOfPage\":{\"@id\":\"https:\/\/anprotec.org.br\/conferencia2021\/2021\/10\/29\/fundadora-do-movimento-black-money-esta-confirmada-para-a-conferencia-anprotec\/#primaryimage\"},\"datePublished\":\"2021-10-29T17:26:04+00:00\",\"dateModified\":\"2021-10-29T17:28:23+00:00\",\"author\":{\"@id\":\"https:\/\/anprotec.org.br\/conferencia2021\/#\/schema\/person\/99ce149e918cd59cc82adfb7d8f42940\"},\"breadcrumb\":{\"@id\":\"https:\/\/anprotec.org.br\/conferencia2021\/2021\/10\/29\/fundadora-do-movimento-black-money-esta-confirmada-para-a-conferencia-anprotec\/#breadcrumb\"},\"inLanguage\":\"pt-BR\",\"potentialAction\":[{\"@type\":\"ReadAction\",\"target\":[\"https:\/\/anprotec.org.br\/conferencia2021\/2021\/10\/29\/fundadora-do-movimento-black-money-esta-confirmada-para-a-conferencia-anprotec\/\"]}]},{\"@type\":\"BreadcrumbList\",\"@id\":\"https:\/\/anprotec.org.br\/conferencia2021\/2021\/10\/29\/fundadora-do-movimento-black-money-esta-confirmada-para-a-conferencia-anprotec\/#breadcrumb\",\"itemListElement\":[{\"@type\":\"ListItem\",\"position\":1,\"name\":\"In\\u00edcio\",\"item\":\"https:\/\/anprotec.org.br\/conferencia2021\/\"},{\"@type\":\"ListItem\",\"position\":2,\"name\":\"Fundadora do Movimento Black Money est\\u00e1 confirmada para a Confer\\u00eancia Anprotec\"}]},{\"@type\":\"Person\",\"@id\":\"https:\/\/anprotec.org.br\/conferencia2021\/#\/schema\/person\/99ce149e918cd59cc82adfb7d8f42940\",\"name\":\"anprotec\",\"url\":\"https:\/\/anprotec.org.br\/conferencia2021\/author\/anprotec\/\"}]}<\/script>\n<!-- \/ Yoast SEO plugin. -->","yoast_head_json":{"title":"Fundadora do Movimento Black Money est\u00e1 confirmada para a Confer\u00eancia Anprotec - Confer\u00eancia Anprotec 2021","robots":{"index":"index","follow":"follow","max-snippet":"max-snippet:-1","max-image-preview":"max-image-preview:large","max-video-preview":"max-video-preview:-1"},"canonical":"https:\/\/anprotec.org.br\/conferencia2021\/2021\/10\/29\/fundadora-do-movimento-black-money-esta-confirmada-para-a-conferencia-anprotec\/","og_locale":"pt_BR","og_type":"article","og_title":"Fundadora do Movimento Black Money est\u00e1 confirmada para a Confer\u00eancia Anprotec - Confer\u00eancia Anprotec 2021","og_description":"A programa\u00e7\u00e3o da 31\u00aa Confer\u00eancia Anprotec est\u00e1 incr\u00edvel! Nina Silva, fundadora do Movimento Black Money \u00e9 a pr\u00f3xima palestrante confirmada para o evento! Nina Silva \u00e9 [\u2026]","og_url":"https:\/\/anprotec.org.br\/conferencia2021\/2021\/10\/29\/fundadora-do-movimento-black-money-esta-confirmada-para-a-conferencia-anprotec\/","og_site_name":"Confer\u00eancia Anprotec 2021","article_published_time":"2021-10-29T17:26:04+00:00","article_modified_time":"2021-10-29T17:28:23+00:00","og_image":[{"width":801,"height":800,"url":"https:\/\/anprotec.org.br\/conferencia2021\/wp-content\/uploads\/2021\/10\/Nina-Silva.png","path":"\/var\/www\/vhosts\/anprotec.org.br\/httpdocs\/conferencia2021\/wp-content\/uploads\/2021\/10\/Nina-Silva.png","size":"full","id":1273,"alt":"","pixels":640800,"type":"image\/png"}],"twitter_card":"summary_large_image","twitter_misc":{"Escrito por":"anprotec","Est. tempo de leitura":"2 minutos"},"schema":{"@context":"https:\/\/schema.org","@graph":[{"@type":"WebSite","@id":"https:\/\/anprotec.org.br\/conferencia2021\/#website","url":"https:\/\/anprotec.org.br\/conferencia2021\/","name":"Confer\u00eancia Anprotec 2021","description":"","potentialAction":[{"@type":"SearchAction","target":{"@type":"EntryPoint","urlTemplate":"https:\/\/anprotec.org.br\/conferencia2021\/?s={search_term_string}"},"query-input":"required name=search_term_string"}],"inLanguage":"pt-BR"},{"@type":"ImageObject","@id":"https:\/\/anprotec.org.br\/conferencia2021\/2021\/10\/29\/fundadora-do-movimento-black-money-esta-confirmada-para-a-conferencia-anprotec\/#primaryimage","inLanguage":"pt-BR","url":"https:\/\/anprotec.org.br\/conferencia2021\/wp-content\/uploads\/2021\/10\/Nina-Silva.png","contentUrl":"https:\/\/anprotec.org.br\/conferencia2021\/wp-content\/uploads\/2021\/10\/Nina-Silva.png","width":801,"height":800},{"@type":"WebPage","@id":"https:\/\/anprotec.org.br\/conferencia2021\/2021\/10\/29\/fundadora-do-movimento-black-money-esta-confirmada-para-a-conferencia-anprotec\/#webpage","url":"https:\/\/anprotec.org.br\/conferencia2021\/2021\/10\/29\/fundadora-do-movimento-black-money-esta-confirmada-para-a-conferencia-anprotec\/","name":"Fundadora do Movimento Black Money est\u00e1 confirmada para a Confer\u00eancia Anprotec - Confer\u00eancia Anprotec 2021","isPartOf":{"@id":"https:\/\/anprotec.org.br\/conferencia2021\/#website"},"primaryImageOfPage":{"@id":"https:\/\/anprotec.org.br\/conferencia2021\/2021\/10\/29\/fundadora-do-movimento-black-money-esta-confirmada-para-a-conferencia-anprotec\/#primaryimage"},"datePublished":"2021-10-29T17:26:04+00:00","dateModified":"2021-10-29T17:28:23+00:00","author":{"@id":"https:\/\/anprotec.org.br\/conferencia2021\/#\/schema\/person\/99ce149e918cd59cc82adfb7d8f42940"},"breadcrumb":{"@id":"https:\/\/anprotec.org.br\/conferencia2021\/2021\/10\/29\/fundadora-do-movimento-black-money-esta-confirmada-para-a-conferencia-anprotec\/#breadcrumb"},"inLanguage":"pt-BR","potentialAction":[{"@type":"ReadAction","target":["https:\/\/anprotec.org.br\/conferencia2021\/2021\/10\/29\/fundadora-do-movimento-black-money-esta-confirmada-para-a-conferencia-anprotec\/"]}]},{"@type":"BreadcrumbList","@id":"https:\/\/anprotec.org.br\/conferencia2021\/2021\/10\/29\/fundadora-do-movimento-black-money-esta-confirmada-para-a-conferencia-anprotec\/#breadcrumb","itemListElement":[{"@type":"ListItem","position":1,"name":"In\u00edcio","item":"https:\/\/anprotec.org.br\/conferencia2021\/"},{"@type":"ListItem","position":2,"name":"Fundadora do Movimento Black Money est\u00e1 confirmada para a Confer\u00eancia Anprotec"}]},{"@type":"Person","@id":"https:\/\/anprotec.org.br\/conferencia2021\/#\/schema\/person\/99ce149e918cd59cc82adfb7d8f42940","name":"anprotec","url":"https:\/\/anprotec.org.br\/conferencia2021\/author\/anprotec\/"}]}},"_links":{"self":[{"href":"https:\/\/anprotec.org.br\/conferencia2021\/wp-json\/wp\/v2\/posts\/1271","targetHints":{"allow":["GET"]}}],"collection":[{"href":"https:\/\/anprotec.org.br\/conferencia2021\/wp-json\/wp\/v2\/posts"}],"about":[{"href":"https:\/\/anprotec.org.br\/conferencia2021\/wp-json\/wp\/v2\/types\/post"}],"author":[{"embeddable":true,"href":"https:\/\/anprotec.org.br\/conferencia2021\/wp-json\/wp\/v2\/users\/2"}],"replies":[{"embeddable":true,"href":"https:\/\/anprotec.org.br\/conferencia2021\/wp-json\/wp\/v2\/comments?post=1271"}],"version-history":[{"count":1,"href":"https:\/\/anprotec.org.br\/conferencia2021\/wp-json\/wp\/v2\/posts\/1271\/revisions"}],"predecessor-version":[{"id":1272,"href":"https:\/\/anprotec.org.br\/conferencia2021\/wp-json\/wp\/v2\/posts\/1271\/revisions\/1272"}],"wp:featuredmedia":[{"embeddable":true,"href":"https:\/\/anprotec.org.br\/conferencia2021\/wp-json\/wp\/v2\/media\/1273"}],"wp:attachment":[{"href":"https:\/\/anprotec.org.br\/conferencia2021\/wp-json\/wp\/v2\/media?parent=1271"}],"wp:term":[{"taxonomy":"category","embeddable":true,"href":"https:\/\/anprotec.org.br\/conferencia2021\/wp-json\/wp\/v2\/categories?post=1271"},{"taxonomy":"post_tag","embeddable":true,"href":"https:\/\/anprotec.org.br\/conferencia2021\/wp-json\/wp\/v2\/tags?post=1271"}],"curies":[{"name":"wp","href":"https:\/\/api.w.org\/{rel}","templated":true}]}}