{"id":1268,"date":"2021-10-29T14:14:19","date_gmt":"2021-10-29T17:14:19","guid":{"rendered":"https:\/\/anprotec.org.br\/conferencia2021\/?p=1268"},"modified":"2021-10-29T14:14:19","modified_gmt":"2021-10-29T17:14:19","slug":"fundador-da-singularity-university-estara-na-31a-conferencia-anprotec","status":"publish","type":"post","link":"https:\/\/anprotec.org.br\/conferencia2021\/2021\/10\/29\/fundador-da-singularity-university-estara-na-31a-conferencia-anprotec\/","title":{"rendered":"Fundador da Singularity University estar\u00e1 na 31\u00aa\u00a0 Confer\u00eancia Anprotec"},"content":{"rendered":"<p><img loading=\"lazy\" decoding=\"async\" class=\"size-large wp-image-38899 aligncenter\" src=\"https:\/\/anprotec.org.br\/site\/wp-content\/uploads\/2021\/10\/Card-Salim-Ismail-04-1024x1024.png\" alt=\"\" width=\"1024\" height=\"1024\" \/><\/p>\n<p>Estamos a todo vapor com os preparativos da\u00a0<strong>31\u00aa Confer\u00eancia Anprotec<\/strong>!\u00a0<strong>Salim Ismail,<\/strong>\u00a0diretor executivo e fundador da Singularity University \u00e9 o novo palestrante confirmado.<\/p>\n<p>Ismail conduzir\u00e1 a Plen\u00e1ria 4, que ter\u00e1 como tema \u2018<strong>Organiza\u00e7\u00f5es exponenciais e o futuro do empreendedorismo<\/strong>\u2019, que acontece no dia\u00a0<strong>11\/11, \u00e0s 9h.<\/strong><\/p>\n<p>Futurista e autor de best-sellers de Exponential Organizations and Exponential Transformation, Salim Ismail tem constru\u00eddo empresas digitais revolucion\u00e1rias como um empreendedor em s\u00e9rie desde o in\u00edcio dos anos 2000. \u00c9 diretor executivo fundador da Singularity University e cofundador e presidente da OpenExO, um ecossistema de transforma\u00e7\u00e3o global que conecta profissionais de classe mundial com organiza\u00e7\u00f5es, institui\u00e7\u00f5es e pessoas que desejam construir um futuro melhor por meio de ideias de ponta e metodologias acion\u00e1veis.<\/p>\n<p>Al\u00e9m disso fundou e liderou algumas das empresas de tecnologia mais influentes na funda\u00e7\u00e3o de nossa sociedade digital, incluindo PubSub Concepts e Angstro, que o Google adquiriu em 2010. Ele liderou a incubadora interna do Yahoo !, Brickhouse, e \u00e9 membro do Conselho da Funda\u00e7\u00e3o XPRIZE.<\/p>\n<p>A Confer\u00eancia Anprotec, \u00e9 realizada em parceria com o SEBRAE, e acontecer\u00e1 de\u00a0<strong>8 a 11 de novembro<\/strong>, totalmente online e gratuita para os associados Anprotec. Neste ano o tema central ser\u00e1 <strong>&#8216;The Great Reset: A Redefini\u00e7\u00e3o dos Ambientes de Inova\u00e7\u00e3o&#8217;<\/strong>.<\/p>\n<p>Acesse a programa\u00e7\u00e3o completa <a href=\"https:\/\/anprotec.org.br\/conferencia2021\/programacao\/\">clicando aqui.<\/a><\/p>\n<p><strong>Participe conosco!<\/strong><\/p>\n<p><strong><a href=\"https:\/\/www.sympla.com.br\/31-conferencia-anprotec-2021__1364795\">INSCREVA-SE.<\/a><\/strong><\/p>\n<p><a href=\"https:\/\/anprotec.org.br\/associado\/oportunidades-para-os-associados\/associado-sua-inscricao-na-conferencia-anprotec-e-gratuita\/\">*Associado, o seu c\u00f3digo de gratuidade est\u00e1 dispon\u00edvel na \u00e1rea do associado.<\/a><\/p>\n","protected":false},"excerpt":{"rendered":"<p>Estamos a todo vapor com os preparativos da\u00a031\u00aa Confer\u00eancia Anprotec!\u00a0Salim Ismail,\u00a0diretor executivo e fundador da Singularity University \u00e9 o novo palestrante confirmado. Ismail conduzir\u00e1 a Plen\u00e1ria<span class=\"excerpt-hellip\"> [\u2026]<\/span><\/p>\n","protected":false},"author":2,"featured_media":1269,"comment_status":"closed","ping_status":"open","sticky":false,"template":"","format":"standard","meta":{"footnotes":""},"categories":[1],"tags":[],"class_list":["post-1268","post","type-post","status-publish","format-standard","has-post-thumbnail","hentry","category-noticias"],"yoast_head":"<!-- This site is optimized with the Yoast SEO plugin v17.0 - https:\/\/yoast.com\/wordpress\/plugins\/seo\/ -->\n<title>Fundador da Singularity University estar\u00e1 na 31\u00aa\u00a0 Confer\u00eancia Anprotec - Confer\u00eancia Anprotec 2021<\/title>\n<meta name=\"robots\" content=\"index, follow, max-snippet:-1, max-image-preview:large, max-video-preview:-1\" \/>\n<link rel=\"canonical\" href=\"https:\/\/anprotec.org.br\/conferencia2021\/2021\/10\/29\/fundador-da-singularity-university-estara-na-31a-conferencia-anprotec\/\" \/>\n<meta property=\"og:locale\" content=\"pt_BR\" \/>\n<meta property=\"og:type\" content=\"article\" \/>\n<meta property=\"og:title\" content=\"Fundador da Singularity University estar\u00e1 na 31\u00aa\u00a0 Confer\u00eancia Anprotec - Confer\u00eancia Anprotec 2021\" \/>\n<meta property=\"og:description\" content=\"Estamos a todo vapor com os preparativos da\u00a031\u00aa Confer\u00eancia Anprotec!\u00a0Salim Ismail,\u00a0diretor executivo e fundador da Singularity University \u00e9 o novo palestrante confirmado. Ismail conduzir\u00e1 a Plen\u00e1ria [\u2026]\" \/>\n<meta property=\"og:url\" content=\"https:\/\/anprotec.org.br\/conferencia2021\/2021\/10\/29\/fundador-da-singularity-university-estara-na-31a-conferencia-anprotec\/\" \/>\n<meta property=\"og:site_name\" content=\"Confer\u00eancia Anprotec 2021\" \/>\n<meta property=\"article:published_time\" content=\"2021-10-29T17:14:19+00:00\" \/>\n<meta property=\"og:image\" content=\"https:\/\/anprotec.org.br\/conferencia2021\/wp-content\/uploads\/2021\/10\/Card-Salim-Ismail-04.png\" \/>\n\t<meta property=\"og:image:width\" content=\"3335\" \/>\n\t<meta property=\"og:image:height\" content=\"3334\" \/>\n<meta name=\"twitter:card\" content=\"summary_large_image\" \/>\n<meta name=\"twitter:label1\" content=\"Escrito por\" \/>\n\t<meta name=\"twitter:data1\" content=\"anprotec\" \/>\n\t<meta name=\"twitter:label2\" content=\"Est. tempo de leitura\" \/>\n\t<meta name=\"twitter:data2\" content=\"2 minutos\" \/>\n<script type=\"application\/ld+json\" class=\"yoast-schema-graph\">{\"@context\":\"https:\/\/schema.org\",\"@graph\":[{\"@type\":\"WebSite\",\"@id\":\"https:\/\/anprotec.org.br\/conferencia2021\/#website\",\"url\":\"https:\/\/anprotec.org.br\/conferencia2021\/\",\"name\":\"Confer\\u00eancia Anprotec 2021\",\"description\":\"\",\"potentialAction\":[{\"@type\":\"SearchAction\",\"target\":{\"@type\":\"EntryPoint\",\"urlTemplate\":\"https:\/\/anprotec.org.br\/conferencia2021\/?s={search_term_string}\"},\"query-input\":\"required name=search_term_string\"}],\"inLanguage\":\"pt-BR\"},{\"@type\":\"ImageObject\",\"@id\":\"https:\/\/anprotec.org.br\/conferencia2021\/2021\/10\/29\/fundador-da-singularity-university-estara-na-31a-conferencia-anprotec\/#primaryimage\",\"inLanguage\":\"pt-BR\",\"url\":\"https:\/\/anprotec.org.br\/conferencia2021\/wp-content\/uploads\/2021\/10\/Card-Salim-Ismail-04.png\",\"contentUrl\":\"https:\/\/anprotec.org.br\/conferencia2021\/wp-content\/uploads\/2021\/10\/Card-Salim-Ismail-04.png\",\"width\":3335,\"height\":3334},{\"@type\":\"WebPage\",\"@id\":\"https:\/\/anprotec.org.br\/conferencia2021\/2021\/10\/29\/fundador-da-singularity-university-estara-na-31a-conferencia-anprotec\/#webpage\",\"url\":\"https:\/\/anprotec.org.br\/conferencia2021\/2021\/10\/29\/fundador-da-singularity-university-estara-na-31a-conferencia-anprotec\/\",\"name\":\"Fundador da Singularity University estar\\u00e1 na 31\\u00aa\\u00a0 Confer\\u00eancia Anprotec - Confer\\u00eancia Anprotec 2021\",\"isPartOf\":{\"@id\":\"https:\/\/anprotec.org.br\/conferencia2021\/#website\"},\"primaryImageOfPage\":{\"@id\":\"https:\/\/anprotec.org.br\/conferencia2021\/2021\/10\/29\/fundador-da-singularity-university-estara-na-31a-conferencia-anprotec\/#primaryimage\"},\"datePublished\":\"2021-10-29T17:14:19+00:00\",\"dateModified\":\"2021-10-29T17:14:19+00:00\",\"author\":{\"@id\":\"https:\/\/anprotec.org.br\/conferencia2021\/#\/schema\/person\/99ce149e918cd59cc82adfb7d8f42940\"},\"breadcrumb\":{\"@id\":\"https:\/\/anprotec.org.br\/conferencia2021\/2021\/10\/29\/fundador-da-singularity-university-estara-na-31a-conferencia-anprotec\/#breadcrumb\"},\"inLanguage\":\"pt-BR\",\"potentialAction\":[{\"@type\":\"ReadAction\",\"target\":[\"https:\/\/anprotec.org.br\/conferencia2021\/2021\/10\/29\/fundador-da-singularity-university-estara-na-31a-conferencia-anprotec\/\"]}]},{\"@type\":\"BreadcrumbList\",\"@id\":\"https:\/\/anprotec.org.br\/conferencia2021\/2021\/10\/29\/fundador-da-singularity-university-estara-na-31a-conferencia-anprotec\/#breadcrumb\",\"itemListElement\":[{\"@type\":\"ListItem\",\"position\":1,\"name\":\"In\\u00edcio\",\"item\":\"https:\/\/anprotec.org.br\/conferencia2021\/\"},{\"@type\":\"ListItem\",\"position\":2,\"name\":\"Fundador da Singularity University estar\\u00e1 na 31\\u00aa\\u00a0 Confer\\u00eancia Anprotec\"}]},{\"@type\":\"Person\",\"@id\":\"https:\/\/anprotec.org.br\/conferencia2021\/#\/schema\/person\/99ce149e918cd59cc82adfb7d8f42940\",\"name\":\"anprotec\",\"url\":\"https:\/\/anprotec.org.br\/conferencia2021\/author\/anprotec\/\"}]}<\/script>\n<!-- \/ Yoast SEO plugin. -->","yoast_head_json":{"title":"Fundador da Singularity University estar\u00e1 na 31\u00aa\u00a0 Confer\u00eancia Anprotec - Confer\u00eancia Anprotec 2021","robots":{"index":"index","follow":"follow","max-snippet":"max-snippet:-1","max-image-preview":"max-image-preview:large","max-video-preview":"max-video-preview:-1"},"canonical":"https:\/\/anprotec.org.br\/conferencia2021\/2021\/10\/29\/fundador-da-singularity-university-estara-na-31a-conferencia-anprotec\/","og_locale":"pt_BR","og_type":"article","og_title":"Fundador da Singularity University estar\u00e1 na 31\u00aa\u00a0 Confer\u00eancia Anprotec - Confer\u00eancia Anprotec 2021","og_description":"Estamos a todo vapor com os preparativos da\u00a031\u00aa Confer\u00eancia Anprotec!\u00a0Salim Ismail,\u00a0diretor executivo e fundador da Singularity University \u00e9 o novo palestrante confirmado. Ismail conduzir\u00e1 a Plen\u00e1ria [\u2026]","og_url":"https:\/\/anprotec.org.br\/conferencia2021\/2021\/10\/29\/fundador-da-singularity-university-estara-na-31a-conferencia-anprotec\/","og_site_name":"Confer\u00eancia Anprotec 2021","article_published_time":"2021-10-29T17:14:19+00:00","og_image":[{"width":3335,"height":3334,"url":"https:\/\/anprotec.org.br\/conferencia2021\/wp-content\/uploads\/2021\/10\/Card-Salim-Ismail-04.png","path":"\/var\/www\/vhosts\/anprotec.org.br\/httpdocs\/conferencia2021\/wp-content\/uploads\/2021\/10\/Card-Salim-Ismail-04.png","size":"full","id":1269,"alt":"","pixels":11118890,"type":"image\/png"}],"twitter_card":"summary_large_image","twitter_misc":{"Escrito por":"anprotec","Est. tempo de leitura":"2 minutos"},"schema":{"@context":"https:\/\/schema.org","@graph":[{"@type":"WebSite","@id":"https:\/\/anprotec.org.br\/conferencia2021\/#website","url":"https:\/\/anprotec.org.br\/conferencia2021\/","name":"Confer\u00eancia Anprotec 2021","description":"","potentialAction":[{"@type":"SearchAction","target":{"@type":"EntryPoint","urlTemplate":"https:\/\/anprotec.org.br\/conferencia2021\/?s={search_term_string}"},"query-input":"required name=search_term_string"}],"inLanguage":"pt-BR"},{"@type":"ImageObject","@id":"https:\/\/anprotec.org.br\/conferencia2021\/2021\/10\/29\/fundador-da-singularity-university-estara-na-31a-conferencia-anprotec\/#primaryimage","inLanguage":"pt-BR","url":"https:\/\/anprotec.org.br\/conferencia2021\/wp-content\/uploads\/2021\/10\/Card-Salim-Ismail-04.png","contentUrl":"https:\/\/anprotec.org.br\/conferencia2021\/wp-content\/uploads\/2021\/10\/Card-Salim-Ismail-04.png","width":3335,"height":3334},{"@type":"WebPage","@id":"https:\/\/anprotec.org.br\/conferencia2021\/2021\/10\/29\/fundador-da-singularity-university-estara-na-31a-conferencia-anprotec\/#webpage","url":"https:\/\/anprotec.org.br\/conferencia2021\/2021\/10\/29\/fundador-da-singularity-university-estara-na-31a-conferencia-anprotec\/","name":"Fundador da Singularity University estar\u00e1 na 31\u00aa\u00a0 Confer\u00eancia Anprotec - Confer\u00eancia Anprotec 2021","isPartOf":{"@id":"https:\/\/anprotec.org.br\/conferencia2021\/#website"},"primaryImageOfPage":{"@id":"https:\/\/anprotec.org.br\/conferencia2021\/2021\/10\/29\/fundador-da-singularity-university-estara-na-31a-conferencia-anprotec\/#primaryimage"},"datePublished":"2021-10-29T17:14:19+00:00","dateModified":"2021-10-29T17:14:19+00:00","author":{"@id":"https:\/\/anprotec.org.br\/conferencia2021\/#\/schema\/person\/99ce149e918cd59cc82adfb7d8f42940"},"breadcrumb":{"@id":"https:\/\/anprotec.org.br\/conferencia2021\/2021\/10\/29\/fundador-da-singularity-university-estara-na-31a-conferencia-anprotec\/#breadcrumb"},"inLanguage":"pt-BR","potentialAction":[{"@type":"ReadAction","target":["https:\/\/anprotec.org.br\/conferencia2021\/2021\/10\/29\/fundador-da-singularity-university-estara-na-31a-conferencia-anprotec\/"]}]},{"@type":"BreadcrumbList","@id":"https:\/\/anprotec.org.br\/conferencia2021\/2021\/10\/29\/fundador-da-singularity-university-estara-na-31a-conferencia-anprotec\/#breadcrumb","itemListElement":[{"@type":"ListItem","position":1,"name":"In\u00edcio","item":"https:\/\/anprotec.org.br\/conferencia2021\/"},{"@type":"ListItem","position":2,"name":"Fundador da Singularity University estar\u00e1 na 31\u00aa\u00a0 Confer\u00eancia Anprotec"}]},{"@type":"Person","@id":"https:\/\/anprotec.org.br\/conferencia2021\/#\/schema\/person\/99ce149e918cd59cc82adfb7d8f42940","name":"anprotec","url":"https:\/\/anprotec.org.br\/conferencia2021\/author\/anprotec\/"}]}},"_links":{"self":[{"href":"https:\/\/anprotec.org.br\/conferencia2021\/wp-json\/wp\/v2\/posts\/1268","targetHints":{"allow":["GET"]}}],"collection":[{"href":"https:\/\/anprotec.org.br\/conferencia2021\/wp-json\/wp\/v2\/posts"}],"about":[{"href":"https:\/\/anprotec.org.br\/conferencia2021\/wp-json\/wp\/v2\/types\/post"}],"author":[{"embeddable":true,"href":"https:\/\/anprotec.org.br\/conferencia2021\/wp-json\/wp\/v2\/users\/2"}],"replies":[{"embeddable":true,"href":"https:\/\/anprotec.org.br\/conferencia2021\/wp-json\/wp\/v2\/comments?post=1268"}],"version-history":[{"count":1,"href":"https:\/\/anprotec.org.br\/conferencia2021\/wp-json\/wp\/v2\/posts\/1268\/revisions"}],"predecessor-version":[{"id":1270,"href":"https:\/\/anprotec.org.br\/conferencia2021\/wp-json\/wp\/v2\/posts\/1268\/revisions\/1270"}],"wp:featuredmedia":[{"embeddable":true,"href":"https:\/\/anprotec.org.br\/conferencia2021\/wp-json\/wp\/v2\/media\/1269"}],"wp:attachment":[{"href":"https:\/\/anprotec.org.br\/conferencia2021\/wp-json\/wp\/v2\/media?parent=1268"}],"wp:term":[{"taxonomy":"category","embeddable":true,"href":"https:\/\/anprotec.org.br\/conferencia2021\/wp-json\/wp\/v2\/categories?post=1268"},{"taxonomy":"post_tag","embeddable":true,"href":"https:\/\/anprotec.org.br\/conferencia2021\/wp-json\/wp\/v2\/tags?post=1268"}],"curies":[{"name":"wp","href":"https:\/\/api.w.org\/{rel}","templated":true}]}}