{"id":1164,"date":"2021-10-27T11:12:26","date_gmt":"2021-10-27T14:12:26","guid":{"rendered":"https:\/\/anprotec.org.br\/conferencia2021\/?p=1164"},"modified":"2021-10-27T11:12:26","modified_gmt":"2021-10-27T14:12:26","slug":"forum-sebrae-de-inovacao-acontece-no-2-dia-da-31a-conferencia-anprotec","status":"publish","type":"post","link":"https:\/\/anprotec.org.br\/conferencia2021\/2021\/10\/27\/forum-sebrae-de-inovacao-acontece-no-2-dia-da-31a-conferencia-anprotec\/","title":{"rendered":"F\u00f3rum SEBRAE de Inova\u00e7\u00e3o acontece no 2\u00b0 dia da 31\u00aa Confer\u00eancia Anprotec"},"content":{"rendered":"<p><img loading=\"lazy\" decoding=\"async\" class=\"aligncenter wp-image-1165 size-full\" src=\"https:\/\/anprotec.org.br\/conferencia2021\/wp-content\/uploads\/2021\/10\/bkz33k8iou9.png\" alt=\"\" width=\"801\" height=\"800\" srcset=\"https:\/\/anprotec.org.br\/conferencia2021\/wp-content\/uploads\/2021\/10\/bkz33k8iou9.png 801w, https:\/\/anprotec.org.br\/conferencia2021\/wp-content\/uploads\/2021\/10\/bkz33k8iou9-300x300.png 300w, https:\/\/anprotec.org.br\/conferencia2021\/wp-content\/uploads\/2021\/10\/bkz33k8iou9-150x150.png 150w, https:\/\/anprotec.org.br\/conferencia2021\/wp-content\/uploads\/2021\/10\/bkz33k8iou9-768x767.png 768w, https:\/\/anprotec.org.br\/conferencia2021\/wp-content\/uploads\/2021\/10\/bkz33k8iou9-146x146.png 146w, https:\/\/anprotec.org.br\/conferencia2021\/wp-content\/uploads\/2021\/10\/bkz33k8iou9-50x50.png 50w, https:\/\/anprotec.org.br\/conferencia2021\/wp-content\/uploads\/2021\/10\/bkz33k8iou9-75x75.png 75w, https:\/\/anprotec.org.br\/conferencia2021\/wp-content\/uploads\/2021\/10\/bkz33k8iou9-85x85.png 85w, https:\/\/anprotec.org.br\/conferencia2021\/wp-content\/uploads\/2021\/10\/bkz33k8iou9-80x80.png 80w\" sizes=\"auto, (max-width: 801px) 100vw, 801px\" \/><\/p>\n<p>No dia\u00a0<strong>9\/11, a partir das 16h<\/strong>, acontece o\u00a0<strong>F\u00f3rum SEBRAE de Inova\u00e7\u00e3o 2021<\/strong>. Neste ano, o tema ser\u00e1 \u2018<strong>The Great Future by Ideiaz<\/strong>\u2018.<\/p>\n<p>A partir da experi\u00eancia do programa Ideiaz, o F\u00f3rum SEBRAE de Inova\u00e7\u00e3o debater\u00e1 a dualidade ideal x poss\u00edvel sobre o futuro dos mecanismos promotores da inova\u00e7\u00e3o. Os aprendizados obtidos, a partir da transforma\u00e7\u00e3o digital imposta pela pandemia, originaram um mercado diferente, em que os modelos de atendimento e de gera\u00e7\u00e3o de receitas dos mecanismos, bem como as exig\u00eancias dos empreendedores s\u00e3o outras. Os reflexos dessas mudan\u00e7as ser\u00e3o a pauta central do F\u00f3rum.<\/p>\n<p>Os temas abordados no f\u00f3rum ser\u00e3o:<\/p>\n<ul>\n<li>16h00 \u2013 Abertura<\/li>\n<li>16h20 \u2013 Palestra \u201c<strong>A inova\u00e7\u00e3o n\u00e3o \u00e9 mais como era antigamente<\/strong>\u201d \u2013\u00a0Christimara Garcia \u2013 Founder Catalyze Innovations Initiative<\/li>\n<li>17h00 \u2013 Painel:\u00a0<strong>Mecanismos Sustent\u00e1veis. Novos modelos de opera\u00e7\u00e3o<\/strong><\/li>\n<li>17h50 \u2013 Painel:\u00a0<strong>Empresas sustent\u00e1veis. Novas demandas para os mecanismos<\/strong><\/li>\n<li>18h40 \u2013 Painel:\u00a0<strong>Ask me anything<\/strong><\/li>\n<\/ul>\n<p>A Confer\u00eancia Anprotec, \u00e9 realizada em parceria com o SEBRAE, e acontecer\u00e1 de\u00a0<strong>8 a 11 de novembro<\/strong>, totalmente online e gratuita para os associados Anprotec e colaboradores do SEBRAE*. Neste ano o tema central ser\u00e1\u00a0<strong>\u2018The Great Reset: A Redefini\u00e7\u00e3o dos Ambientes de Inova\u00e7\u00e3o\u2019<\/strong>.<\/p>\n<p><strong><a href=\"https:\/\/www.sympla.com.br\/31-conferencia-anprotec-2021__1364795\">INSCREVA-SE<\/a><\/strong><\/p>\n<p><em>*O c\u00f3digo para inscri\u00e7\u00e3o gratuita est\u00e1 dispon\u00edvel na\u00a0<a href=\"https:\/\/anprotec.org.br\/associado\/oportunidades-para-os-associados\/associado-sua-inscricao-na-conferencia-anprotec-e-gratuita\/\">\u00e1rea do associado<\/a>.<\/em><\/p>\n","protected":false},"excerpt":{"rendered":"<p>No dia\u00a09\/11, a partir das 16h, acontece o\u00a0F\u00f3rum SEBRAE de Inova\u00e7\u00e3o 2021. Neste ano, o tema ser\u00e1 \u2018The Great Future by Ideiaz\u2018. A partir da experi\u00eancia<span class=\"excerpt-hellip\"> [\u2026]<\/span><\/p>\n","protected":false},"author":2,"featured_media":1165,"comment_status":"closed","ping_status":"open","sticky":false,"template":"","format":"standard","meta":{"footnotes":""},"categories":[1],"tags":[],"class_list":["post-1164","post","type-post","status-publish","format-standard","has-post-thumbnail","hentry","category-noticias"],"yoast_head":"<!-- This site is optimized with the Yoast SEO plugin v17.0 - https:\/\/yoast.com\/wordpress\/plugins\/seo\/ -->\n<title>F\u00f3rum SEBRAE de Inova\u00e7\u00e3o acontece no 2\u00b0 dia da 31\u00aa Confer\u00eancia Anprotec - Confer\u00eancia Anprotec 2021<\/title>\n<meta name=\"robots\" content=\"index, follow, max-snippet:-1, max-image-preview:large, max-video-preview:-1\" \/>\n<link rel=\"canonical\" href=\"https:\/\/anprotec.org.br\/conferencia2021\/2021\/10\/27\/forum-sebrae-de-inovacao-acontece-no-2-dia-da-31a-conferencia-anprotec\/\" \/>\n<meta property=\"og:locale\" content=\"pt_BR\" \/>\n<meta property=\"og:type\" content=\"article\" \/>\n<meta property=\"og:title\" content=\"F\u00f3rum SEBRAE de Inova\u00e7\u00e3o acontece no 2\u00b0 dia da 31\u00aa Confer\u00eancia Anprotec - Confer\u00eancia Anprotec 2021\" \/>\n<meta property=\"og:description\" content=\"No dia\u00a09\/11, a partir das 16h, acontece o\u00a0F\u00f3rum SEBRAE de Inova\u00e7\u00e3o 2021. Neste ano, o tema ser\u00e1 \u2018The Great Future by Ideiaz\u2018. A partir da experi\u00eancia [\u2026]\" \/>\n<meta property=\"og:url\" content=\"https:\/\/anprotec.org.br\/conferencia2021\/2021\/10\/27\/forum-sebrae-de-inovacao-acontece-no-2-dia-da-31a-conferencia-anprotec\/\" \/>\n<meta property=\"og:site_name\" content=\"Confer\u00eancia Anprotec 2021\" \/>\n<meta property=\"article:published_time\" content=\"2021-10-27T14:12:26+00:00\" \/>\n<meta property=\"og:image\" content=\"https:\/\/anprotec.org.br\/conferencia2021\/wp-content\/uploads\/2021\/10\/bkz33k8iou9.png\" \/>\n\t<meta property=\"og:image:width\" content=\"801\" \/>\n\t<meta property=\"og:image:height\" content=\"800\" \/>\n<meta name=\"twitter:card\" content=\"summary_large_image\" \/>\n<meta name=\"twitter:label1\" content=\"Escrito por\" \/>\n\t<meta name=\"twitter:data1\" content=\"anprotec\" \/>\n\t<meta name=\"twitter:label2\" content=\"Est. tempo de leitura\" \/>\n\t<meta name=\"twitter:data2\" content=\"2 minutos\" \/>\n<script type=\"application\/ld+json\" class=\"yoast-schema-graph\">{\"@context\":\"https:\/\/schema.org\",\"@graph\":[{\"@type\":\"WebSite\",\"@id\":\"https:\/\/anprotec.org.br\/conferencia2021\/#website\",\"url\":\"https:\/\/anprotec.org.br\/conferencia2021\/\",\"name\":\"Confer\\u00eancia Anprotec 2021\",\"description\":\"\",\"potentialAction\":[{\"@type\":\"SearchAction\",\"target\":{\"@type\":\"EntryPoint\",\"urlTemplate\":\"https:\/\/anprotec.org.br\/conferencia2021\/?s={search_term_string}\"},\"query-input\":\"required name=search_term_string\"}],\"inLanguage\":\"pt-BR\"},{\"@type\":\"ImageObject\",\"@id\":\"https:\/\/anprotec.org.br\/conferencia2021\/2021\/10\/27\/forum-sebrae-de-inovacao-acontece-no-2-dia-da-31a-conferencia-anprotec\/#primaryimage\",\"inLanguage\":\"pt-BR\",\"url\":\"https:\/\/anprotec.org.br\/conferencia2021\/wp-content\/uploads\/2021\/10\/bkz33k8iou9.png\",\"contentUrl\":\"https:\/\/anprotec.org.br\/conferencia2021\/wp-content\/uploads\/2021\/10\/bkz33k8iou9.png\",\"width\":801,\"height\":800},{\"@type\":\"WebPage\",\"@id\":\"https:\/\/anprotec.org.br\/conferencia2021\/2021\/10\/27\/forum-sebrae-de-inovacao-acontece-no-2-dia-da-31a-conferencia-anprotec\/#webpage\",\"url\":\"https:\/\/anprotec.org.br\/conferencia2021\/2021\/10\/27\/forum-sebrae-de-inovacao-acontece-no-2-dia-da-31a-conferencia-anprotec\/\",\"name\":\"F\\u00f3rum SEBRAE de Inova\\u00e7\\u00e3o acontece no 2\\u00b0 dia da 31\\u00aa Confer\\u00eancia Anprotec - Confer\\u00eancia Anprotec 2021\",\"isPartOf\":{\"@id\":\"https:\/\/anprotec.org.br\/conferencia2021\/#website\"},\"primaryImageOfPage\":{\"@id\":\"https:\/\/anprotec.org.br\/conferencia2021\/2021\/10\/27\/forum-sebrae-de-inovacao-acontece-no-2-dia-da-31a-conferencia-anprotec\/#primaryimage\"},\"datePublished\":\"2021-10-27T14:12:26+00:00\",\"dateModified\":\"2021-10-27T14:12:26+00:00\",\"author\":{\"@id\":\"https:\/\/anprotec.org.br\/conferencia2021\/#\/schema\/person\/99ce149e918cd59cc82adfb7d8f42940\"},\"breadcrumb\":{\"@id\":\"https:\/\/anprotec.org.br\/conferencia2021\/2021\/10\/27\/forum-sebrae-de-inovacao-acontece-no-2-dia-da-31a-conferencia-anprotec\/#breadcrumb\"},\"inLanguage\":\"pt-BR\",\"potentialAction\":[{\"@type\":\"ReadAction\",\"target\":[\"https:\/\/anprotec.org.br\/conferencia2021\/2021\/10\/27\/forum-sebrae-de-inovacao-acontece-no-2-dia-da-31a-conferencia-anprotec\/\"]}]},{\"@type\":\"BreadcrumbList\",\"@id\":\"https:\/\/anprotec.org.br\/conferencia2021\/2021\/10\/27\/forum-sebrae-de-inovacao-acontece-no-2-dia-da-31a-conferencia-anprotec\/#breadcrumb\",\"itemListElement\":[{\"@type\":\"ListItem\",\"position\":1,\"name\":\"In\\u00edcio\",\"item\":\"https:\/\/anprotec.org.br\/conferencia2021\/\"},{\"@type\":\"ListItem\",\"position\":2,\"name\":\"F\\u00f3rum SEBRAE de Inova\\u00e7\\u00e3o acontece no 2\\u00b0 dia da 31\\u00aa Confer\\u00eancia Anprotec\"}]},{\"@type\":\"Person\",\"@id\":\"https:\/\/anprotec.org.br\/conferencia2021\/#\/schema\/person\/99ce149e918cd59cc82adfb7d8f42940\",\"name\":\"anprotec\",\"url\":\"https:\/\/anprotec.org.br\/conferencia2021\/author\/anprotec\/\"}]}<\/script>\n<!-- \/ Yoast SEO plugin. -->","yoast_head_json":{"title":"F\u00f3rum SEBRAE de Inova\u00e7\u00e3o acontece no 2\u00b0 dia da 31\u00aa Confer\u00eancia Anprotec - Confer\u00eancia Anprotec 2021","robots":{"index":"index","follow":"follow","max-snippet":"max-snippet:-1","max-image-preview":"max-image-preview:large","max-video-preview":"max-video-preview:-1"},"canonical":"https:\/\/anprotec.org.br\/conferencia2021\/2021\/10\/27\/forum-sebrae-de-inovacao-acontece-no-2-dia-da-31a-conferencia-anprotec\/","og_locale":"pt_BR","og_type":"article","og_title":"F\u00f3rum SEBRAE de Inova\u00e7\u00e3o acontece no 2\u00b0 dia da 31\u00aa Confer\u00eancia Anprotec - Confer\u00eancia Anprotec 2021","og_description":"No dia\u00a09\/11, a partir das 16h, acontece o\u00a0F\u00f3rum SEBRAE de Inova\u00e7\u00e3o 2021. Neste ano, o tema ser\u00e1 \u2018The Great Future by Ideiaz\u2018. A partir da experi\u00eancia [\u2026]","og_url":"https:\/\/anprotec.org.br\/conferencia2021\/2021\/10\/27\/forum-sebrae-de-inovacao-acontece-no-2-dia-da-31a-conferencia-anprotec\/","og_site_name":"Confer\u00eancia Anprotec 2021","article_published_time":"2021-10-27T14:12:26+00:00","og_image":[{"width":801,"height":800,"url":"https:\/\/anprotec.org.br\/conferencia2021\/wp-content\/uploads\/2021\/10\/bkz33k8iou9.png","path":"\/var\/www\/vhosts\/anprotec.org.br\/httpdocs\/conferencia2021\/wp-content\/uploads\/2021\/10\/bkz33k8iou9.png","size":"full","id":1165,"alt":"","pixels":640800,"type":"image\/png"}],"twitter_card":"summary_large_image","twitter_misc":{"Escrito por":"anprotec","Est. tempo de leitura":"2 minutos"},"schema":{"@context":"https:\/\/schema.org","@graph":[{"@type":"WebSite","@id":"https:\/\/anprotec.org.br\/conferencia2021\/#website","url":"https:\/\/anprotec.org.br\/conferencia2021\/","name":"Confer\u00eancia Anprotec 2021","description":"","potentialAction":[{"@type":"SearchAction","target":{"@type":"EntryPoint","urlTemplate":"https:\/\/anprotec.org.br\/conferencia2021\/?s={search_term_string}"},"query-input":"required name=search_term_string"}],"inLanguage":"pt-BR"},{"@type":"ImageObject","@id":"https:\/\/anprotec.org.br\/conferencia2021\/2021\/10\/27\/forum-sebrae-de-inovacao-acontece-no-2-dia-da-31a-conferencia-anprotec\/#primaryimage","inLanguage":"pt-BR","url":"https:\/\/anprotec.org.br\/conferencia2021\/wp-content\/uploads\/2021\/10\/bkz33k8iou9.png","contentUrl":"https:\/\/anprotec.org.br\/conferencia2021\/wp-content\/uploads\/2021\/10\/bkz33k8iou9.png","width":801,"height":800},{"@type":"WebPage","@id":"https:\/\/anprotec.org.br\/conferencia2021\/2021\/10\/27\/forum-sebrae-de-inovacao-acontece-no-2-dia-da-31a-conferencia-anprotec\/#webpage","url":"https:\/\/anprotec.org.br\/conferencia2021\/2021\/10\/27\/forum-sebrae-de-inovacao-acontece-no-2-dia-da-31a-conferencia-anprotec\/","name":"F\u00f3rum SEBRAE de Inova\u00e7\u00e3o acontece no 2\u00b0 dia da 31\u00aa Confer\u00eancia Anprotec - Confer\u00eancia Anprotec 2021","isPartOf":{"@id":"https:\/\/anprotec.org.br\/conferencia2021\/#website"},"primaryImageOfPage":{"@id":"https:\/\/anprotec.org.br\/conferencia2021\/2021\/10\/27\/forum-sebrae-de-inovacao-acontece-no-2-dia-da-31a-conferencia-anprotec\/#primaryimage"},"datePublished":"2021-10-27T14:12:26+00:00","dateModified":"2021-10-27T14:12:26+00:00","author":{"@id":"https:\/\/anprotec.org.br\/conferencia2021\/#\/schema\/person\/99ce149e918cd59cc82adfb7d8f42940"},"breadcrumb":{"@id":"https:\/\/anprotec.org.br\/conferencia2021\/2021\/10\/27\/forum-sebrae-de-inovacao-acontece-no-2-dia-da-31a-conferencia-anprotec\/#breadcrumb"},"inLanguage":"pt-BR","potentialAction":[{"@type":"ReadAction","target":["https:\/\/anprotec.org.br\/conferencia2021\/2021\/10\/27\/forum-sebrae-de-inovacao-acontece-no-2-dia-da-31a-conferencia-anprotec\/"]}]},{"@type":"BreadcrumbList","@id":"https:\/\/anprotec.org.br\/conferencia2021\/2021\/10\/27\/forum-sebrae-de-inovacao-acontece-no-2-dia-da-31a-conferencia-anprotec\/#breadcrumb","itemListElement":[{"@type":"ListItem","position":1,"name":"In\u00edcio","item":"https:\/\/anprotec.org.br\/conferencia2021\/"},{"@type":"ListItem","position":2,"name":"F\u00f3rum SEBRAE de Inova\u00e7\u00e3o acontece no 2\u00b0 dia da 31\u00aa Confer\u00eancia Anprotec"}]},{"@type":"Person","@id":"https:\/\/anprotec.org.br\/conferencia2021\/#\/schema\/person\/99ce149e918cd59cc82adfb7d8f42940","name":"anprotec","url":"https:\/\/anprotec.org.br\/conferencia2021\/author\/anprotec\/"}]}},"_links":{"self":[{"href":"https:\/\/anprotec.org.br\/conferencia2021\/wp-json\/wp\/v2\/posts\/1164","targetHints":{"allow":["GET"]}}],"collection":[{"href":"https:\/\/anprotec.org.br\/conferencia2021\/wp-json\/wp\/v2\/posts"}],"about":[{"href":"https:\/\/anprotec.org.br\/conferencia2021\/wp-json\/wp\/v2\/types\/post"}],"author":[{"embeddable":true,"href":"https:\/\/anprotec.org.br\/conferencia2021\/wp-json\/wp\/v2\/users\/2"}],"replies":[{"embeddable":true,"href":"https:\/\/anprotec.org.br\/conferencia2021\/wp-json\/wp\/v2\/comments?post=1164"}],"version-history":[{"count":2,"href":"https:\/\/anprotec.org.br\/conferencia2021\/wp-json\/wp\/v2\/posts\/1164\/revisions"}],"predecessor-version":[{"id":1167,"href":"https:\/\/anprotec.org.br\/conferencia2021\/wp-json\/wp\/v2\/posts\/1164\/revisions\/1167"}],"wp:featuredmedia":[{"embeddable":true,"href":"https:\/\/anprotec.org.br\/conferencia2021\/wp-json\/wp\/v2\/media\/1165"}],"wp:attachment":[{"href":"https:\/\/anprotec.org.br\/conferencia2021\/wp-json\/wp\/v2\/media?parent=1164"}],"wp:term":[{"taxonomy":"category","embeddable":true,"href":"https:\/\/anprotec.org.br\/conferencia2021\/wp-json\/wp\/v2\/categories?post=1164"},{"taxonomy":"post_tag","embeddable":true,"href":"https:\/\/anprotec.org.br\/conferencia2021\/wp-json\/wp\/v2\/tags?post=1164"}],"curies":[{"name":"wp","href":"https:\/\/api.w.org\/{rel}","templated":true}]}}