{"id":1160,"date":"2021-10-27T10:46:59","date_gmt":"2021-10-27T13:46:59","guid":{"rendered":"https:\/\/anprotec.org.br\/conferencia2021\/?p=1160"},"modified":"2021-10-27T10:46:59","modified_gmt":"2021-10-27T13:46:59","slug":"19a-edicao-do-anprotalks-discute-trilha-3-da-31a-conferencia-anprotec","status":"publish","type":"post","link":"https:\/\/anprotec.org.br\/conferencia2021\/2021\/10\/27\/19a-edicao-do-anprotalks-discute-trilha-3-da-31a-conferencia-anprotec\/","title":{"rendered":"19\u00aa Edi\u00e7\u00e3o do AnproTalks discute Trilha 3 da 31\u00aa Confer\u00eancia Anprotec"},"content":{"rendered":"<p><a href=\"https:\/\/informativo.anprotec.org.br\/anprotalks_webinar-19\"><img loading=\"lazy\" decoding=\"async\" class=\"aligncenter wp-image-38876 size-full\" src=\"https:\/\/anprotec.org.br\/site\/wp-content\/uploads\/2021\/10\/AnproTalks-19-1.png\" alt=\"\" width=\"800\" height=\"800\" \/><\/a><\/p>\n<p>O pr\u00f3ximo epis\u00f3dio da s\u00e9rie AnproTalks acontece na\u00a0<strong>sexta-feira, 29\/10, \u00e0s 11h<\/strong>, ter\u00e1 como tema a Trilha 3 da\u00a0<strong>31\u00aa Confer\u00eancia Anprotec\u00a0<\/strong>&#8216;Ambientes de Inova\u00e7\u00e3o como Living Labs&#8217;.<\/p>\n<p>O webinar contar\u00e1 com a participa\u00e7\u00e3o de\u00a0<strong>Ghissia Hauser,<\/strong>\u00a0professora convidada pela Universidade de Nantes-Fran\u00e7a,\u00a0<strong>Edgar Andrade<\/strong>\u00a0&#8211; CEO na Fab Lab Recife e\u00a0<strong>Jardel Mattos<\/strong>, diretor de Redes e Associados da Anprotec, que discutir\u00e3o se os ambientes de inova\u00e7\u00e3o podem assumir o papel &#8216;living labs&#8217;, promovendo um local de encontro e densidade que catalisam a inova\u00e7\u00e3o no contexto de p\u00f3s-pandemia?<\/p>\n<p>A Confer\u00eancia Anprotec \u00e9 realizada anualmente em parceria com o SEBRAE. Em sua 31\u00aa edi\u00e7\u00e3o, o evento ter\u00e1 como tema \u2018The Great Reset: A Redefini\u00e7\u00e3o dos Ambientes de Inova\u00e7\u00e3o\u2019.<\/p>\n<p><strong><a href=\"https:\/\/informativo.anprotec.org.br\/anprotalks_webinar-19\">Clique aqui e inscreva-se.<\/a><\/strong><\/p>\n","protected":false},"excerpt":{"rendered":"<p>O pr\u00f3ximo epis\u00f3dio da s\u00e9rie AnproTalks acontece na\u00a0sexta-feira, 29\/10, \u00e0s 11h, ter\u00e1 como tema a Trilha 3 da\u00a031\u00aa Confer\u00eancia Anprotec\u00a0&#8216;Ambientes de Inova\u00e7\u00e3o como Living Labs&#8217;. O<span class=\"excerpt-hellip\"> [\u2026]<\/span><\/p>\n","protected":false},"author":2,"featured_media":1161,"comment_status":"closed","ping_status":"open","sticky":false,"template":"","format":"standard","meta":{"footnotes":""},"categories":[1],"tags":[],"class_list":["post-1160","post","type-post","status-publish","format-standard","has-post-thumbnail","hentry","category-noticias"],"yoast_head":"<!-- This site is optimized with the Yoast SEO plugin v17.0 - https:\/\/yoast.com\/wordpress\/plugins\/seo\/ -->\n<title>19\u00aa Edi\u00e7\u00e3o do AnproTalks discute Trilha 3 da 31\u00aa Confer\u00eancia Anprotec - Confer\u00eancia Anprotec 2021<\/title>\n<meta name=\"robots\" content=\"index, follow, max-snippet:-1, max-image-preview:large, max-video-preview:-1\" \/>\n<link rel=\"canonical\" href=\"https:\/\/anprotec.org.br\/conferencia2021\/2021\/10\/27\/19a-edicao-do-anprotalks-discute-trilha-3-da-31a-conferencia-anprotec\/\" \/>\n<meta property=\"og:locale\" content=\"pt_BR\" \/>\n<meta property=\"og:type\" content=\"article\" \/>\n<meta property=\"og:title\" content=\"19\u00aa Edi\u00e7\u00e3o do AnproTalks discute Trilha 3 da 31\u00aa Confer\u00eancia Anprotec - Confer\u00eancia Anprotec 2021\" \/>\n<meta property=\"og:description\" content=\"O pr\u00f3ximo epis\u00f3dio da s\u00e9rie AnproTalks acontece na\u00a0sexta-feira, 29\/10, \u00e0s 11h, ter\u00e1 como tema a Trilha 3 da\u00a031\u00aa Confer\u00eancia Anprotec\u00a0&#8216;Ambientes de Inova\u00e7\u00e3o como Living Labs&#8217;. O [\u2026]\" \/>\n<meta property=\"og:url\" content=\"https:\/\/anprotec.org.br\/conferencia2021\/2021\/10\/27\/19a-edicao-do-anprotalks-discute-trilha-3-da-31a-conferencia-anprotec\/\" \/>\n<meta property=\"og:site_name\" content=\"Confer\u00eancia Anprotec 2021\" \/>\n<meta property=\"article:published_time\" content=\"2021-10-27T13:46:59+00:00\" \/>\n<meta property=\"og:image\" content=\"https:\/\/anprotec.org.br\/conferencia2021\/wp-content\/uploads\/2021\/10\/AnproTalks-19-1.png\" \/>\n\t<meta property=\"og:image:width\" content=\"800\" \/>\n\t<meta property=\"og:image:height\" content=\"800\" \/>\n<meta name=\"twitter:card\" content=\"summary_large_image\" \/>\n<meta name=\"twitter:label1\" content=\"Escrito por\" \/>\n\t<meta name=\"twitter:data1\" content=\"anprotec\" \/>\n\t<meta name=\"twitter:label2\" content=\"Est. tempo de leitura\" \/>\n\t<meta name=\"twitter:data2\" content=\"1 minuto\" \/>\n<script type=\"application\/ld+json\" class=\"yoast-schema-graph\">{\"@context\":\"https:\/\/schema.org\",\"@graph\":[{\"@type\":\"WebSite\",\"@id\":\"https:\/\/anprotec.org.br\/conferencia2021\/#website\",\"url\":\"https:\/\/anprotec.org.br\/conferencia2021\/\",\"name\":\"Confer\\u00eancia Anprotec 2021\",\"description\":\"\",\"potentialAction\":[{\"@type\":\"SearchAction\",\"target\":{\"@type\":\"EntryPoint\",\"urlTemplate\":\"https:\/\/anprotec.org.br\/conferencia2021\/?s={search_term_string}\"},\"query-input\":\"required name=search_term_string\"}],\"inLanguage\":\"pt-BR\"},{\"@type\":\"ImageObject\",\"@id\":\"https:\/\/anprotec.org.br\/conferencia2021\/2021\/10\/27\/19a-edicao-do-anprotalks-discute-trilha-3-da-31a-conferencia-anprotec\/#primaryimage\",\"inLanguage\":\"pt-BR\",\"url\":\"https:\/\/anprotec.org.br\/conferencia2021\/wp-content\/uploads\/2021\/10\/AnproTalks-19-1.png\",\"contentUrl\":\"https:\/\/anprotec.org.br\/conferencia2021\/wp-content\/uploads\/2021\/10\/AnproTalks-19-1.png\",\"width\":800,\"height\":800},{\"@type\":\"WebPage\",\"@id\":\"https:\/\/anprotec.org.br\/conferencia2021\/2021\/10\/27\/19a-edicao-do-anprotalks-discute-trilha-3-da-31a-conferencia-anprotec\/#webpage\",\"url\":\"https:\/\/anprotec.org.br\/conferencia2021\/2021\/10\/27\/19a-edicao-do-anprotalks-discute-trilha-3-da-31a-conferencia-anprotec\/\",\"name\":\"19\\u00aa Edi\\u00e7\\u00e3o do AnproTalks discute Trilha 3 da 31\\u00aa Confer\\u00eancia Anprotec - Confer\\u00eancia Anprotec 2021\",\"isPartOf\":{\"@id\":\"https:\/\/anprotec.org.br\/conferencia2021\/#website\"},\"primaryImageOfPage\":{\"@id\":\"https:\/\/anprotec.org.br\/conferencia2021\/2021\/10\/27\/19a-edicao-do-anprotalks-discute-trilha-3-da-31a-conferencia-anprotec\/#primaryimage\"},\"datePublished\":\"2021-10-27T13:46:59+00:00\",\"dateModified\":\"2021-10-27T13:46:59+00:00\",\"author\":{\"@id\":\"https:\/\/anprotec.org.br\/conferencia2021\/#\/schema\/person\/99ce149e918cd59cc82adfb7d8f42940\"},\"breadcrumb\":{\"@id\":\"https:\/\/anprotec.org.br\/conferencia2021\/2021\/10\/27\/19a-edicao-do-anprotalks-discute-trilha-3-da-31a-conferencia-anprotec\/#breadcrumb\"},\"inLanguage\":\"pt-BR\",\"potentialAction\":[{\"@type\":\"ReadAction\",\"target\":[\"https:\/\/anprotec.org.br\/conferencia2021\/2021\/10\/27\/19a-edicao-do-anprotalks-discute-trilha-3-da-31a-conferencia-anprotec\/\"]}]},{\"@type\":\"BreadcrumbList\",\"@id\":\"https:\/\/anprotec.org.br\/conferencia2021\/2021\/10\/27\/19a-edicao-do-anprotalks-discute-trilha-3-da-31a-conferencia-anprotec\/#breadcrumb\",\"itemListElement\":[{\"@type\":\"ListItem\",\"position\":1,\"name\":\"In\\u00edcio\",\"item\":\"https:\/\/anprotec.org.br\/conferencia2021\/\"},{\"@type\":\"ListItem\",\"position\":2,\"name\":\"19\\u00aa Edi\\u00e7\\u00e3o do AnproTalks discute Trilha 3 da 31\\u00aa Confer\\u00eancia Anprotec\"}]},{\"@type\":\"Person\",\"@id\":\"https:\/\/anprotec.org.br\/conferencia2021\/#\/schema\/person\/99ce149e918cd59cc82adfb7d8f42940\",\"name\":\"anprotec\",\"url\":\"https:\/\/anprotec.org.br\/conferencia2021\/author\/anprotec\/\"}]}<\/script>\n<!-- \/ Yoast SEO plugin. -->","yoast_head_json":{"title":"19\u00aa Edi\u00e7\u00e3o do AnproTalks discute Trilha 3 da 31\u00aa Confer\u00eancia Anprotec - Confer\u00eancia Anprotec 2021","robots":{"index":"index","follow":"follow","max-snippet":"max-snippet:-1","max-image-preview":"max-image-preview:large","max-video-preview":"max-video-preview:-1"},"canonical":"https:\/\/anprotec.org.br\/conferencia2021\/2021\/10\/27\/19a-edicao-do-anprotalks-discute-trilha-3-da-31a-conferencia-anprotec\/","og_locale":"pt_BR","og_type":"article","og_title":"19\u00aa Edi\u00e7\u00e3o do AnproTalks discute Trilha 3 da 31\u00aa Confer\u00eancia Anprotec - Confer\u00eancia Anprotec 2021","og_description":"O pr\u00f3ximo epis\u00f3dio da s\u00e9rie AnproTalks acontece na\u00a0sexta-feira, 29\/10, \u00e0s 11h, ter\u00e1 como tema a Trilha 3 da\u00a031\u00aa Confer\u00eancia Anprotec\u00a0&#8216;Ambientes de Inova\u00e7\u00e3o como Living Labs&#8217;. O [\u2026]","og_url":"https:\/\/anprotec.org.br\/conferencia2021\/2021\/10\/27\/19a-edicao-do-anprotalks-discute-trilha-3-da-31a-conferencia-anprotec\/","og_site_name":"Confer\u00eancia Anprotec 2021","article_published_time":"2021-10-27T13:46:59+00:00","og_image":[{"width":800,"height":800,"url":"https:\/\/anprotec.org.br\/conferencia2021\/wp-content\/uploads\/2021\/10\/AnproTalks-19-1.png","path":"\/var\/www\/vhosts\/anprotec.org.br\/httpdocs\/conferencia2021\/wp-content\/uploads\/2021\/10\/AnproTalks-19-1.png","size":"full","id":1161,"alt":"","pixels":640000,"type":"image\/png"}],"twitter_card":"summary_large_image","twitter_misc":{"Escrito por":"anprotec","Est. tempo de leitura":"1 minuto"},"schema":{"@context":"https:\/\/schema.org","@graph":[{"@type":"WebSite","@id":"https:\/\/anprotec.org.br\/conferencia2021\/#website","url":"https:\/\/anprotec.org.br\/conferencia2021\/","name":"Confer\u00eancia Anprotec 2021","description":"","potentialAction":[{"@type":"SearchAction","target":{"@type":"EntryPoint","urlTemplate":"https:\/\/anprotec.org.br\/conferencia2021\/?s={search_term_string}"},"query-input":"required name=search_term_string"}],"inLanguage":"pt-BR"},{"@type":"ImageObject","@id":"https:\/\/anprotec.org.br\/conferencia2021\/2021\/10\/27\/19a-edicao-do-anprotalks-discute-trilha-3-da-31a-conferencia-anprotec\/#primaryimage","inLanguage":"pt-BR","url":"https:\/\/anprotec.org.br\/conferencia2021\/wp-content\/uploads\/2021\/10\/AnproTalks-19-1.png","contentUrl":"https:\/\/anprotec.org.br\/conferencia2021\/wp-content\/uploads\/2021\/10\/AnproTalks-19-1.png","width":800,"height":800},{"@type":"WebPage","@id":"https:\/\/anprotec.org.br\/conferencia2021\/2021\/10\/27\/19a-edicao-do-anprotalks-discute-trilha-3-da-31a-conferencia-anprotec\/#webpage","url":"https:\/\/anprotec.org.br\/conferencia2021\/2021\/10\/27\/19a-edicao-do-anprotalks-discute-trilha-3-da-31a-conferencia-anprotec\/","name":"19\u00aa Edi\u00e7\u00e3o do AnproTalks discute Trilha 3 da 31\u00aa Confer\u00eancia Anprotec - Confer\u00eancia Anprotec 2021","isPartOf":{"@id":"https:\/\/anprotec.org.br\/conferencia2021\/#website"},"primaryImageOfPage":{"@id":"https:\/\/anprotec.org.br\/conferencia2021\/2021\/10\/27\/19a-edicao-do-anprotalks-discute-trilha-3-da-31a-conferencia-anprotec\/#primaryimage"},"datePublished":"2021-10-27T13:46:59+00:00","dateModified":"2021-10-27T13:46:59+00:00","author":{"@id":"https:\/\/anprotec.org.br\/conferencia2021\/#\/schema\/person\/99ce149e918cd59cc82adfb7d8f42940"},"breadcrumb":{"@id":"https:\/\/anprotec.org.br\/conferencia2021\/2021\/10\/27\/19a-edicao-do-anprotalks-discute-trilha-3-da-31a-conferencia-anprotec\/#breadcrumb"},"inLanguage":"pt-BR","potentialAction":[{"@type":"ReadAction","target":["https:\/\/anprotec.org.br\/conferencia2021\/2021\/10\/27\/19a-edicao-do-anprotalks-discute-trilha-3-da-31a-conferencia-anprotec\/"]}]},{"@type":"BreadcrumbList","@id":"https:\/\/anprotec.org.br\/conferencia2021\/2021\/10\/27\/19a-edicao-do-anprotalks-discute-trilha-3-da-31a-conferencia-anprotec\/#breadcrumb","itemListElement":[{"@type":"ListItem","position":1,"name":"In\u00edcio","item":"https:\/\/anprotec.org.br\/conferencia2021\/"},{"@type":"ListItem","position":2,"name":"19\u00aa Edi\u00e7\u00e3o do AnproTalks discute Trilha 3 da 31\u00aa Confer\u00eancia Anprotec"}]},{"@type":"Person","@id":"https:\/\/anprotec.org.br\/conferencia2021\/#\/schema\/person\/99ce149e918cd59cc82adfb7d8f42940","name":"anprotec","url":"https:\/\/anprotec.org.br\/conferencia2021\/author\/anprotec\/"}]}},"_links":{"self":[{"href":"https:\/\/anprotec.org.br\/conferencia2021\/wp-json\/wp\/v2\/posts\/1160","targetHints":{"allow":["GET"]}}],"collection":[{"href":"https:\/\/anprotec.org.br\/conferencia2021\/wp-json\/wp\/v2\/posts"}],"about":[{"href":"https:\/\/anprotec.org.br\/conferencia2021\/wp-json\/wp\/v2\/types\/post"}],"author":[{"embeddable":true,"href":"https:\/\/anprotec.org.br\/conferencia2021\/wp-json\/wp\/v2\/users\/2"}],"replies":[{"embeddable":true,"href":"https:\/\/anprotec.org.br\/conferencia2021\/wp-json\/wp\/v2\/comments?post=1160"}],"version-history":[{"count":1,"href":"https:\/\/anprotec.org.br\/conferencia2021\/wp-json\/wp\/v2\/posts\/1160\/revisions"}],"predecessor-version":[{"id":1162,"href":"https:\/\/anprotec.org.br\/conferencia2021\/wp-json\/wp\/v2\/posts\/1160\/revisions\/1162"}],"wp:featuredmedia":[{"embeddable":true,"href":"https:\/\/anprotec.org.br\/conferencia2021\/wp-json\/wp\/v2\/media\/1161"}],"wp:attachment":[{"href":"https:\/\/anprotec.org.br\/conferencia2021\/wp-json\/wp\/v2\/media?parent=1160"}],"wp:term":[{"taxonomy":"category","embeddable":true,"href":"https:\/\/anprotec.org.br\/conferencia2021\/wp-json\/wp\/v2\/categories?post=1160"},{"taxonomy":"post_tag","embeddable":true,"href":"https:\/\/anprotec.org.br\/conferencia2021\/wp-json\/wp\/v2\/tags?post=1160"}],"curies":[{"name":"wp","href":"https:\/\/api.w.org\/{rel}","templated":true}]}}