{"id":1054,"date":"2021-10-19T14:59:47","date_gmt":"2021-10-19T17:59:47","guid":{"rendered":"https:\/\/anprotec.org.br\/conferencia2021\/?p=1054"},"modified":"2021-10-19T14:59:47","modified_gmt":"2021-10-19T17:59:47","slug":"18a-edicao-do-anprotalks-discute-trilha-2-da-31a-conferencia-anprotec","status":"publish","type":"post","link":"https:\/\/anprotec.org.br\/conferencia2021\/2021\/10\/19\/18a-edicao-do-anprotalks-discute-trilha-2-da-31a-conferencia-anprotec\/","title":{"rendered":"18\u00aa Edi\u00e7\u00e3o do AnproTalks discute Trilha 2 da 31\u00aa Confer\u00eancia Anprotec"},"content":{"rendered":"<p><img loading=\"lazy\" decoding=\"async\" class=\"wp-image-1056 aligncenter\" src=\"https:\/\/anprotec.org.br\/conferencia2021\/wp-content\/uploads\/2021\/10\/AnproTalks-18.png\" alt=\"\" width=\"788\" height=\"788\" srcset=\"https:\/\/anprotec.org.br\/conferencia2021\/wp-content\/uploads\/2021\/10\/AnproTalks-18.png 3334w, https:\/\/anprotec.org.br\/conferencia2021\/wp-content\/uploads\/2021\/10\/AnproTalks-18-300x300.png 300w, https:\/\/anprotec.org.br\/conferencia2021\/wp-content\/uploads\/2021\/10\/AnproTalks-18-1024x1024.png 1024w, https:\/\/anprotec.org.br\/conferencia2021\/wp-content\/uploads\/2021\/10\/AnproTalks-18-150x150.png 150w, https:\/\/anprotec.org.br\/conferencia2021\/wp-content\/uploads\/2021\/10\/AnproTalks-18-768x768.png 768w, https:\/\/anprotec.org.br\/conferencia2021\/wp-content\/uploads\/2021\/10\/AnproTalks-18-1536x1536.png 1536w, https:\/\/anprotec.org.br\/conferencia2021\/wp-content\/uploads\/2021\/10\/AnproTalks-18-2048x2048.png 2048w, https:\/\/anprotec.org.br\/conferencia2021\/wp-content\/uploads\/2021\/10\/AnproTalks-18-146x146.png 146w, https:\/\/anprotec.org.br\/conferencia2021\/wp-content\/uploads\/2021\/10\/AnproTalks-18-50x50.png 50w, https:\/\/anprotec.org.br\/conferencia2021\/wp-content\/uploads\/2021\/10\/AnproTalks-18-75x75.png 75w, https:\/\/anprotec.org.br\/conferencia2021\/wp-content\/uploads\/2021\/10\/AnproTalks-18-85x85.png 85w, https:\/\/anprotec.org.br\/conferencia2021\/wp-content\/uploads\/2021\/10\/AnproTalks-18-80x80.png 80w\" sizes=\"auto, (max-width: 788px) 100vw, 788px\" \/><\/p>\n<p>O pr\u00f3ximo epis\u00f3dio da s\u00e9rie AnproTalks acontece na sexta-feira,\u00a0<strong>22\/10, \u00e0s 11h<\/strong>, e contar\u00e1 com a presen\u00e7a de membros importantes do ambiente acad\u00eamico e corporativo para discutir sobre a Trilha 2 da 31\u00aa Confer\u00eancia Anprotec \u2018Transformando pesquisa em solu\u00e7\u00f5es para a sociedade\u2019.<\/p>\n<p>Como impulsionar neg\u00f3cios baseados em ci\u00eancia? Essa ser\u00e1 a quest\u00e3o inicial que conduzir\u00e1 a discuss\u00e3o que contar\u00e1 com a participa\u00e7\u00e3o de\u00a0<strong>Rosana Jamal<\/strong>, Diretora de Empresas da Anprotec,\u00a0<strong>Raquel Moutinho Barbosa<\/strong>\u00a0\u2013 Diretora de Propriedade Intelectual na Inova \u2013 Ag\u00eancia de Inova\u00e7\u00e3o da Unicamp e\u00a0<strong>Ana Carolina Cal\u00e7ado<\/strong>\u00a0\u2013 CEO, Presidente e Fundadora do Wylinka.<\/p>\n<p>Realizado em parceria com o SEBRAE, a Confer\u00eancia Anprotec \u00e9 um grande evento de empreendedorismo inovador no Brasil. Em sua 31\u00aa edi\u00e7\u00e3o, o evento ter\u00e1 como tema \u2018<strong>The Great Reset: A Redefini\u00e7\u00e3o dos Ambientes de Inova\u00e7\u00e3o\u2019<\/strong>. O conceito foi criado pelo F\u00f3rum Mundial Econ\u00f4mico como uma iniciativa que pressup\u00f5e a pandemia como um ponto de partida para a\u00a0reestrutura\u00e7\u00e3o da economia mundial de forma mais sustent\u00e1vel.<\/p>\n<p>Com uma hora de dura\u00e7\u00e3o, o AnproTalks \u00e9 gratuito com cadastro de inscri\u00e7\u00e3o obrigat\u00f3rio!<\/p>\n<p><strong><a href=\"https:\/\/informativo.anprotec.org.br\/anprotalks_webinar-18\">Clique aqui e inscreva-se.<\/a><\/strong><\/p>\n","protected":false},"excerpt":{"rendered":"<p>O pr\u00f3ximo epis\u00f3dio da s\u00e9rie AnproTalks acontece na sexta-feira,\u00a022\/10, \u00e0s 11h, e contar\u00e1 com a presen\u00e7a de membros importantes do ambiente acad\u00eamico e corporativo para discutir<span class=\"excerpt-hellip\"> [\u2026]<\/span><\/p>\n","protected":false},"author":3,"featured_media":1056,"comment_status":"closed","ping_status":"open","sticky":false,"template":"","format":"standard","meta":{"footnotes":""},"categories":[1],"tags":[],"class_list":["post-1054","post","type-post","status-publish","format-standard","has-post-thumbnail","hentry","category-noticias"],"yoast_head":"<!-- This site is optimized with the Yoast SEO plugin v17.0 - https:\/\/yoast.com\/wordpress\/plugins\/seo\/ -->\n<title>18\u00aa Edi\u00e7\u00e3o do AnproTalks discute Trilha 2 da 31\u00aa Confer\u00eancia Anprotec - Confer\u00eancia Anprotec 2021<\/title>\n<meta name=\"robots\" content=\"index, follow, max-snippet:-1, max-image-preview:large, max-video-preview:-1\" \/>\n<link rel=\"canonical\" href=\"https:\/\/anprotec.org.br\/conferencia2021\/2021\/10\/19\/18a-edicao-do-anprotalks-discute-trilha-2-da-31a-conferencia-anprotec\/\" \/>\n<meta property=\"og:locale\" content=\"pt_BR\" \/>\n<meta property=\"og:type\" content=\"article\" \/>\n<meta property=\"og:title\" content=\"18\u00aa Edi\u00e7\u00e3o do AnproTalks discute Trilha 2 da 31\u00aa Confer\u00eancia Anprotec - Confer\u00eancia Anprotec 2021\" \/>\n<meta property=\"og:description\" content=\"O pr\u00f3ximo epis\u00f3dio da s\u00e9rie AnproTalks acontece na sexta-feira,\u00a022\/10, \u00e0s 11h, e contar\u00e1 com a presen\u00e7a de membros importantes do ambiente acad\u00eamico e corporativo para discutir [\u2026]\" \/>\n<meta property=\"og:url\" content=\"https:\/\/anprotec.org.br\/conferencia2021\/2021\/10\/19\/18a-edicao-do-anprotalks-discute-trilha-2-da-31a-conferencia-anprotec\/\" \/>\n<meta property=\"og:site_name\" content=\"Confer\u00eancia Anprotec 2021\" \/>\n<meta property=\"article:published_time\" content=\"2021-10-19T17:59:47+00:00\" \/>\n<meta property=\"og:image\" content=\"https:\/\/anprotec.org.br\/conferencia2021\/wp-content\/uploads\/2021\/10\/AnproTalks-18-1024x1024.png\" \/>\n\t<meta property=\"og:image:width\" content=\"1024\" \/>\n\t<meta property=\"og:image:height\" content=\"1024\" \/>\n<meta name=\"twitter:card\" content=\"summary_large_image\" \/>\n<meta name=\"twitter:label1\" content=\"Escrito por\" \/>\n\t<meta name=\"twitter:data1\" content=\"lacom\" \/>\n\t<meta name=\"twitter:label2\" content=\"Est. tempo de leitura\" \/>\n\t<meta name=\"twitter:data2\" content=\"1 minuto\" \/>\n<script type=\"application\/ld+json\" class=\"yoast-schema-graph\">{\"@context\":\"https:\/\/schema.org\",\"@graph\":[{\"@type\":\"WebSite\",\"@id\":\"https:\/\/anprotec.org.br\/conferencia2021\/#website\",\"url\":\"https:\/\/anprotec.org.br\/conferencia2021\/\",\"name\":\"Confer\\u00eancia Anprotec 2021\",\"description\":\"\",\"potentialAction\":[{\"@type\":\"SearchAction\",\"target\":{\"@type\":\"EntryPoint\",\"urlTemplate\":\"https:\/\/anprotec.org.br\/conferencia2021\/?s={search_term_string}\"},\"query-input\":\"required name=search_term_string\"}],\"inLanguage\":\"pt-BR\"},{\"@type\":\"ImageObject\",\"@id\":\"https:\/\/anprotec.org.br\/conferencia2021\/2021\/10\/19\/18a-edicao-do-anprotalks-discute-trilha-2-da-31a-conferencia-anprotec\/#primaryimage\",\"inLanguage\":\"pt-BR\",\"url\":\"https:\/\/anprotec.org.br\/conferencia2021\/wp-content\/uploads\/2021\/10\/AnproTalks-18.png\",\"contentUrl\":\"https:\/\/anprotec.org.br\/conferencia2021\/wp-content\/uploads\/2021\/10\/AnproTalks-18.png\",\"width\":3334,\"height\":3334},{\"@type\":\"WebPage\",\"@id\":\"https:\/\/anprotec.org.br\/conferencia2021\/2021\/10\/19\/18a-edicao-do-anprotalks-discute-trilha-2-da-31a-conferencia-anprotec\/#webpage\",\"url\":\"https:\/\/anprotec.org.br\/conferencia2021\/2021\/10\/19\/18a-edicao-do-anprotalks-discute-trilha-2-da-31a-conferencia-anprotec\/\",\"name\":\"18\\u00aa Edi\\u00e7\\u00e3o do AnproTalks discute Trilha 2 da 31\\u00aa Confer\\u00eancia Anprotec - Confer\\u00eancia Anprotec 2021\",\"isPartOf\":{\"@id\":\"https:\/\/anprotec.org.br\/conferencia2021\/#website\"},\"primaryImageOfPage\":{\"@id\":\"https:\/\/anprotec.org.br\/conferencia2021\/2021\/10\/19\/18a-edicao-do-anprotalks-discute-trilha-2-da-31a-conferencia-anprotec\/#primaryimage\"},\"datePublished\":\"2021-10-19T17:59:47+00:00\",\"dateModified\":\"2021-10-19T17:59:47+00:00\",\"author\":{\"@id\":\"https:\/\/anprotec.org.br\/conferencia2021\/#\/schema\/person\/603e0b831afb7e510aab5f14bf0c12f0\"},\"breadcrumb\":{\"@id\":\"https:\/\/anprotec.org.br\/conferencia2021\/2021\/10\/19\/18a-edicao-do-anprotalks-discute-trilha-2-da-31a-conferencia-anprotec\/#breadcrumb\"},\"inLanguage\":\"pt-BR\",\"potentialAction\":[{\"@type\":\"ReadAction\",\"target\":[\"https:\/\/anprotec.org.br\/conferencia2021\/2021\/10\/19\/18a-edicao-do-anprotalks-discute-trilha-2-da-31a-conferencia-anprotec\/\"]}]},{\"@type\":\"BreadcrumbList\",\"@id\":\"https:\/\/anprotec.org.br\/conferencia2021\/2021\/10\/19\/18a-edicao-do-anprotalks-discute-trilha-2-da-31a-conferencia-anprotec\/#breadcrumb\",\"itemListElement\":[{\"@type\":\"ListItem\",\"position\":1,\"name\":\"In\\u00edcio\",\"item\":\"https:\/\/anprotec.org.br\/conferencia2021\/\"},{\"@type\":\"ListItem\",\"position\":2,\"name\":\"18\\u00aa Edi\\u00e7\\u00e3o do AnproTalks discute Trilha 2 da 31\\u00aa Confer\\u00eancia Anprotec\"}]},{\"@type\":\"Person\",\"@id\":\"https:\/\/anprotec.org.br\/conferencia2021\/#\/schema\/person\/603e0b831afb7e510aab5f14bf0c12f0\",\"name\":\"lacom\",\"url\":\"https:\/\/anprotec.org.br\/conferencia2021\/author\/lacom\/\"}]}<\/script>\n<!-- \/ Yoast SEO plugin. -->","yoast_head_json":{"title":"18\u00aa Edi\u00e7\u00e3o do AnproTalks discute Trilha 2 da 31\u00aa Confer\u00eancia Anprotec - Confer\u00eancia Anprotec 2021","robots":{"index":"index","follow":"follow","max-snippet":"max-snippet:-1","max-image-preview":"max-image-preview:large","max-video-preview":"max-video-preview:-1"},"canonical":"https:\/\/anprotec.org.br\/conferencia2021\/2021\/10\/19\/18a-edicao-do-anprotalks-discute-trilha-2-da-31a-conferencia-anprotec\/","og_locale":"pt_BR","og_type":"article","og_title":"18\u00aa Edi\u00e7\u00e3o do AnproTalks discute Trilha 2 da 31\u00aa Confer\u00eancia Anprotec - Confer\u00eancia Anprotec 2021","og_description":"O pr\u00f3ximo epis\u00f3dio da s\u00e9rie AnproTalks acontece na sexta-feira,\u00a022\/10, \u00e0s 11h, e contar\u00e1 com a presen\u00e7a de membros importantes do ambiente acad\u00eamico e corporativo para discutir [\u2026]","og_url":"https:\/\/anprotec.org.br\/conferencia2021\/2021\/10\/19\/18a-edicao-do-anprotalks-discute-trilha-2-da-31a-conferencia-anprotec\/","og_site_name":"Confer\u00eancia Anprotec 2021","article_published_time":"2021-10-19T17:59:47+00:00","og_image":[{"width":1024,"height":1024,"path":"2021\/10\/AnproTalks-18-1024x1024.png","url":"https:\/\/anprotec.org.br\/conferencia2021\/wp-content\/uploads\/2021\/10\/AnproTalks-18-1024x1024.png","size":"large","id":1056,"alt":"","pixels":1048576,"type":"image\/png"}],"twitter_card":"summary_large_image","twitter_misc":{"Escrito por":"lacom","Est. tempo de leitura":"1 minuto"},"schema":{"@context":"https:\/\/schema.org","@graph":[{"@type":"WebSite","@id":"https:\/\/anprotec.org.br\/conferencia2021\/#website","url":"https:\/\/anprotec.org.br\/conferencia2021\/","name":"Confer\u00eancia Anprotec 2021","description":"","potentialAction":[{"@type":"SearchAction","target":{"@type":"EntryPoint","urlTemplate":"https:\/\/anprotec.org.br\/conferencia2021\/?s={search_term_string}"},"query-input":"required name=search_term_string"}],"inLanguage":"pt-BR"},{"@type":"ImageObject","@id":"https:\/\/anprotec.org.br\/conferencia2021\/2021\/10\/19\/18a-edicao-do-anprotalks-discute-trilha-2-da-31a-conferencia-anprotec\/#primaryimage","inLanguage":"pt-BR","url":"https:\/\/anprotec.org.br\/conferencia2021\/wp-content\/uploads\/2021\/10\/AnproTalks-18.png","contentUrl":"https:\/\/anprotec.org.br\/conferencia2021\/wp-content\/uploads\/2021\/10\/AnproTalks-18.png","width":3334,"height":3334},{"@type":"WebPage","@id":"https:\/\/anprotec.org.br\/conferencia2021\/2021\/10\/19\/18a-edicao-do-anprotalks-discute-trilha-2-da-31a-conferencia-anprotec\/#webpage","url":"https:\/\/anprotec.org.br\/conferencia2021\/2021\/10\/19\/18a-edicao-do-anprotalks-discute-trilha-2-da-31a-conferencia-anprotec\/","name":"18\u00aa Edi\u00e7\u00e3o do AnproTalks discute Trilha 2 da 31\u00aa Confer\u00eancia Anprotec - Confer\u00eancia Anprotec 2021","isPartOf":{"@id":"https:\/\/anprotec.org.br\/conferencia2021\/#website"},"primaryImageOfPage":{"@id":"https:\/\/anprotec.org.br\/conferencia2021\/2021\/10\/19\/18a-edicao-do-anprotalks-discute-trilha-2-da-31a-conferencia-anprotec\/#primaryimage"},"datePublished":"2021-10-19T17:59:47+00:00","dateModified":"2021-10-19T17:59:47+00:00","author":{"@id":"https:\/\/anprotec.org.br\/conferencia2021\/#\/schema\/person\/603e0b831afb7e510aab5f14bf0c12f0"},"breadcrumb":{"@id":"https:\/\/anprotec.org.br\/conferencia2021\/2021\/10\/19\/18a-edicao-do-anprotalks-discute-trilha-2-da-31a-conferencia-anprotec\/#breadcrumb"},"inLanguage":"pt-BR","potentialAction":[{"@type":"ReadAction","target":["https:\/\/anprotec.org.br\/conferencia2021\/2021\/10\/19\/18a-edicao-do-anprotalks-discute-trilha-2-da-31a-conferencia-anprotec\/"]}]},{"@type":"BreadcrumbList","@id":"https:\/\/anprotec.org.br\/conferencia2021\/2021\/10\/19\/18a-edicao-do-anprotalks-discute-trilha-2-da-31a-conferencia-anprotec\/#breadcrumb","itemListElement":[{"@type":"ListItem","position":1,"name":"In\u00edcio","item":"https:\/\/anprotec.org.br\/conferencia2021\/"},{"@type":"ListItem","position":2,"name":"18\u00aa Edi\u00e7\u00e3o do AnproTalks discute Trilha 2 da 31\u00aa Confer\u00eancia Anprotec"}]},{"@type":"Person","@id":"https:\/\/anprotec.org.br\/conferencia2021\/#\/schema\/person\/603e0b831afb7e510aab5f14bf0c12f0","name":"lacom","url":"https:\/\/anprotec.org.br\/conferencia2021\/author\/lacom\/"}]}},"_links":{"self":[{"href":"https:\/\/anprotec.org.br\/conferencia2021\/wp-json\/wp\/v2\/posts\/1054","targetHints":{"allow":["GET"]}}],"collection":[{"href":"https:\/\/anprotec.org.br\/conferencia2021\/wp-json\/wp\/v2\/posts"}],"about":[{"href":"https:\/\/anprotec.org.br\/conferencia2021\/wp-json\/wp\/v2\/types\/post"}],"author":[{"embeddable":true,"href":"https:\/\/anprotec.org.br\/conferencia2021\/wp-json\/wp\/v2\/users\/3"}],"replies":[{"embeddable":true,"href":"https:\/\/anprotec.org.br\/conferencia2021\/wp-json\/wp\/v2\/comments?post=1054"}],"version-history":[{"count":3,"href":"https:\/\/anprotec.org.br\/conferencia2021\/wp-json\/wp\/v2\/posts\/1054\/revisions"}],"predecessor-version":[{"id":1059,"href":"https:\/\/anprotec.org.br\/conferencia2021\/wp-json\/wp\/v2\/posts\/1054\/revisions\/1059"}],"wp:featuredmedia":[{"embeddable":true,"href":"https:\/\/anprotec.org.br\/conferencia2021\/wp-json\/wp\/v2\/media\/1056"}],"wp:attachment":[{"href":"https:\/\/anprotec.org.br\/conferencia2021\/wp-json\/wp\/v2\/media?parent=1054"}],"wp:term":[{"taxonomy":"category","embeddable":true,"href":"https:\/\/anprotec.org.br\/conferencia2021\/wp-json\/wp\/v2\/categories?post=1054"},{"taxonomy":"post_tag","embeddable":true,"href":"https:\/\/anprotec.org.br\/conferencia2021\/wp-json\/wp\/v2\/tags?post=1054"}],"curies":[{"name":"wp","href":"https:\/\/api.w.org\/{rel}","templated":true}]}}