{"id":617,"date":"2016-01-12T17:07:44","date_gmt":"2016-01-12T17:07:44","guid":{"rendered":"http:\/\/anprotec.org.br\/cerne\/?p=617"},"modified":"2016-01-12T17:07:44","modified_gmt":"2016-01-12T17:07:44","slug":"nova-chamada-para-consultores-cerne-2","status":"publish","type":"post","link":"https:\/\/anprotec.org.br\/cerne\/nova-chamada-para-consultores-cerne-2\/","title":{"rendered":"Nova chamada para consultores Cerne 2"},"content":{"rendered":"<p>A Anprotec lan\u00e7a a\u00a0<a href=\"http:\/\/www.anprotec.org.br\/Relata\/2ChamadaEditalCredenciamentoConsultoresCerne2.pdf\" target=\"_blank\" rel=\"noopener\">2\u00aa Chamada ao Edital de Credenciamento de Consultores Cerne 2<\/a>, destinado profissionais interessados em atuar como consultores na implanta\u00e7\u00e3o do Cerne 2, segundo n\u00edvel de maturidade do modelo de gest\u00e3o de incubadoras criado pela Associa\u00e7\u00e3o e o Sebrae. As inscri\u00e7\u00f5es podem ser feitas at\u00e9 a pr\u00f3xima sexta-feira, 15 de janeiro.<\/p>\n<p>Para participar do processo seletivo, o profissional precisa, obrigatoriamente, j\u00e1 ser um consultor credenciado Cerne 1; ter participado da Reuni\u00e3o de Atualiza\u00e7\u00e3o do Cerne 1 \u2013 2015 e do Curso de Forma\u00e7\u00e3o para Consultores Cerne 2, realizados em agosto de 2015; fornecer corretamente todas as informa\u00e7\u00f5es solicitadas no processo de inscri\u00e7\u00e3o; e pagar a taxa de inscri\u00e7\u00e3o.<\/p>\n<p>Para realizar a inscri\u00e7\u00e3o, \u00e9 necess\u00e1rio enviar este\u00a0<a href=\"http:\/\/www.anprotec.org.br\/Relata\/FichaInscricao2ChamadaCerne.doc\" target=\"_blank\" rel=\"noopener\">formul\u00e1rio<\/a>\u00a0preenchido para o e-mail\u00a0<a href=\"mailto:cerne@anprotec.org.br\">cerne@anprotec.org.br<\/a>, curr\u00edculo, atestado de capacidade t\u00e9cnica e o comprovante do pagamento da inscri\u00e7\u00e3o at\u00e9 o dia 15 de janeiro. Para mais informa\u00e7\u00f5es, consulte a\u00a0<a href=\"http:\/\/www.anprotec.org.br\/Relata\/2ChamadaEditalCredenciamentoConsultoresCerne2.pdf\" target=\"_blank\" rel=\"noopener\">chamada<\/a>.<\/p>\n<p><strong>Confira o cronograma do processo:<\/strong><\/p>\n<p><em>Inscri\u00e7\u00f5es:<\/em>\u00a0de 12\/01 a 15\/01<br \/>\n<em>Avalia\u00e7\u00e3o de curr\u00edculo:<\/em>\u00a018\/01\/2016<br \/>\n<em>Avalia\u00e7\u00e3o oral de conhecimento<\/em>: 19\/01\/2016<br \/>\n<em>Divulga\u00e7\u00e3o do resultado:<\/em>\u00a029\/01\/2016<br \/>\n<em>Assinatura do termo de compromisso<\/em>: 01 a 05\/02\/2016<\/p>\n<p>Acesse a\u00a0<a href=\"http:\/\/www.anprotec.org.br\/Relata\/2ChamadaEditalCredenciamentoConsultoresCerne2.pdf\" target=\"_blank\" rel=\"noopener\">Chamada<\/a><\/p>\n<p>Acesse o\u00a0<a href=\"http:\/\/www.anprotec.org.br\/Relata\/FichaInscricao2ChamadaCerne.doc\" target=\"_blank\" rel=\"noopener\">Formul\u00e1rio de Inscri\u00e7\u00e3o<\/a><\/p>\n","protected":false},"excerpt":{"rendered":"<p>A Anprotec lan\u00e7a a 2\u00aa Chamada ao Edital de Credenciamento de Consultores Cerne 2. As inscri\u00e7\u00f5es podem ser feitas at\u00e9 a pr\u00f3xima sexta-feira, dia 15 de janeiro de 2016.<\/p>\n","protected":false},"author":2,"featured_media":34,"comment_status":"open","ping_status":"open","sticky":false,"template":"","format":"standard","meta":{"footnotes":""},"categories":[6],"tags":[],"class_list":["post-617","post","type-post","status-publish","format-standard","has-post-thumbnail","hentry","category-sem-categoria"],"_links":{"self":[{"href":"https:\/\/anprotec.org.br\/cerne\/wp-json\/wp\/v2\/posts\/617","targetHints":{"allow":["GET"]}}],"collection":[{"href":"https:\/\/anprotec.org.br\/cerne\/wp-json\/wp\/v2\/posts"}],"about":[{"href":"https:\/\/anprotec.org.br\/cerne\/wp-json\/wp\/v2\/types\/post"}],"author":[{"embeddable":true,"href":"https:\/\/anprotec.org.br\/cerne\/wp-json\/wp\/v2\/users\/2"}],"replies":[{"embeddable":true,"href":"https:\/\/anprotec.org.br\/cerne\/wp-json\/wp\/v2\/comments?post=617"}],"version-history":[{"count":0,"href":"https:\/\/anprotec.org.br\/cerne\/wp-json\/wp\/v2\/posts\/617\/revisions"}],"wp:featuredmedia":[{"embeddable":true,"href":"https:\/\/anprotec.org.br\/cerne\/wp-json\/"}],"wp:attachment":[{"href":"https:\/\/anprotec.org.br\/cerne\/wp-json\/wp\/v2\/media?parent=617"}],"wp:term":[{"taxonomy":"category","embeddable":true,"href":"https:\/\/anprotec.org.br\/cerne\/wp-json\/wp\/v2\/categories?post=617"},{"taxonomy":"post_tag","embeddable":true,"href":"https:\/\/anprotec.org.br\/cerne\/wp-json\/wp\/v2\/tags?post=617"}],"curies":[{"name":"wp","href":"https:\/\/api.w.org\/{rel}","templated":true}]}}