{"id":582,"date":"2015-08-31T21:45:49","date_gmt":"2015-08-31T21:45:49","guid":{"rendered":"http:\/\/anprotec.org.br\/cerne\/?p=582"},"modified":"2015-08-31T21:45:49","modified_gmt":"2015-08-31T21:45:49","slug":"comecam-os-cursos-do-cerne-no-nordeste","status":"publish","type":"post","link":"https:\/\/anprotec.org.br\/cerne\/comecam-os-cursos-do-cerne-no-nordeste\/","title":{"rendered":"Come\u00e7am os cursos do Cerne no Nordeste"},"content":{"rendered":"<p style=\"text-align: justify;\">Come\u00e7ou nesta segunda-feira (31) mais uma rodada de cursos de capacita\u00e7\u00e3o do Cerne, promovida pela Anprotec. \u00a0As atividades ocorrem no Hotel Recanto Wirapuru, em Fortaleza (CE), e enceram na quinta-feira (3). \u00a0Os cursos se baseiam no modelo de gest\u00e3o desenvolvido pela Anprotec e Sebrae.<\/p>\n<p style=\"text-align: justify;\">Nos primeiros dois dias, os participantes participam\u00a0 do Workshop de Nivelamento e do Curso de Implanta\u00e7\u00e3o Cerne 1, focado no desenvolvimento dos empreendimentos. J\u00e1 os dias 2 e 3 de setembro ser\u00e3o dedicados \u00e0queles que j\u00e1 participaram dessa primeira etapa da capacita\u00e7\u00e3o e que estar\u00e3o aptos ao Curso de Implanta\u00e7\u00e3o Cerne 2 \u2013 segundo est\u00e1gio de aplica\u00e7\u00e3o do modelo, focado em gest\u00e3o organizacional.<\/p>\n<p style=\"text-align: justify;\"><strong>O Cerne<\/strong><\/p>\n<p style=\"text-align: justify;\">Resultado de uma parceria entre a Anprotec e o Sebrae, o Cerne \u00e9 um modelo de gest\u00e3o que visa promover a melhoria expressiva nos resultados das incubadoras de diferentes setores de atua\u00e7\u00e3o. Para isso, determina boas pr\u00e1ticas a serem adotadas em diversos processos-chave, que est\u00e3o associados a n\u00edveis de maturidade (Cerne 1, Cerne 2, Cerne 3 e Cerne 4). Cada n\u00edvel de maturidade representa um passo da incubadora em dire\u00e7\u00e3o \u00e0 melhoria cont\u00ednua.<\/p>\n<p>&nbsp;<\/p>\n<p>&nbsp;<\/p>\n","protected":false},"excerpt":{"rendered":"<p>Rodada de capacita\u00e7\u00f5es dos n\u00edveis Cerne 1, voltado a empreendimentos, e Cerne 2, focado em gest\u00e3o organizacional, est\u00e3o sendo realizadas em Fortaleza (CE) e seguem at\u00e9 quinta-feira (03). <\/p>\n","protected":false},"author":2,"featured_media":583,"comment_status":"open","ping_status":"open","sticky":false,"template":"","format":"standard","meta":{"footnotes":""},"categories":[6],"tags":[],"class_list":["post-582","post","type-post","status-publish","format-standard","has-post-thumbnail","hentry","category-sem-categoria"],"_links":{"self":[{"href":"https:\/\/anprotec.org.br\/cerne\/wp-json\/wp\/v2\/posts\/582","targetHints":{"allow":["GET"]}}],"collection":[{"href":"https:\/\/anprotec.org.br\/cerne\/wp-json\/wp\/v2\/posts"}],"about":[{"href":"https:\/\/anprotec.org.br\/cerne\/wp-json\/wp\/v2\/types\/post"}],"author":[{"embeddable":true,"href":"https:\/\/anprotec.org.br\/cerne\/wp-json\/wp\/v2\/users\/2"}],"replies":[{"embeddable":true,"href":"https:\/\/anprotec.org.br\/cerne\/wp-json\/wp\/v2\/comments?post=582"}],"version-history":[{"count":0,"href":"https:\/\/anprotec.org.br\/cerne\/wp-json\/wp\/v2\/posts\/582\/revisions"}],"wp:featuredmedia":[{"embeddable":true,"href":"https:\/\/anprotec.org.br\/cerne\/wp-json\/"}],"wp:attachment":[{"href":"https:\/\/anprotec.org.br\/cerne\/wp-json\/wp\/v2\/media?parent=582"}],"wp:term":[{"taxonomy":"category","embeddable":true,"href":"https:\/\/anprotec.org.br\/cerne\/wp-json\/wp\/v2\/categories?post=582"},{"taxonomy":"post_tag","embeddable":true,"href":"https:\/\/anprotec.org.br\/cerne\/wp-json\/wp\/v2\/tags?post=582"}],"curies":[{"name":"wp","href":"https:\/\/api.w.org\/{rel}","templated":true}]}}