{"id":458,"date":"2015-04-10T20:09:40","date_gmt":"2015-04-10T20:09:40","guid":{"rendered":"http:\/\/anprotec.org.br\/cerne\/?p=458"},"modified":"2015-04-10T20:09:40","modified_gmt":"2015-04-10T20:09:40","slug":"capacitacao-cerne-e-realizada-em-brasilia","status":"publish","type":"post","link":"https:\/\/anprotec.org.br\/cerne\/capacitacao-cerne-e-realizada-em-brasilia\/","title":{"rendered":"Capacita\u00e7\u00e3o Cerne \u00e9 realizada em Bras\u00edlia"},"content":{"rendered":"<p style=\"text-align: justify;\">A Anprotec realizou nos dias 8 e 9 de abril um curso de capacita\u00e7\u00e3o do modelo de gest\u00e3o Cerne \u2013 Centro de Refer\u00eancia para Apoio a Novos Empreendimentos. Os 38 inscritos participaram, nesses dois dias, do Workshop de Nivelamento e o Curso de Implanta\u00e7\u00e3o Cerne 1. As atividades foram realizadas em Bras\u00edlia no\u00a0<a href=\"http:\/\/www.ccip.com.br\/\">Centro de Conven\u00e7\u00f5es Israel Pinheiro<\/a>.<\/p>\n<p style=\"text-align: justify;\">De acordo com a secret\u00e1ria de ind\u00fastria, com\u00e9rcio e turismo de Palotina (PR), Lara Biezus, implantar o modelo Cerne na incubadora que est\u00e1 sendo criada no munic\u00edpio \u00e9 profissionalizar o ingresso e a sustentabilidade dos neg\u00f3cios incubados. Lara tem a miss\u00e3o de transformar um dos condom\u00ednios empresariais de Palotina em uma incubadora com foco na inova\u00e7\u00e3o. Para isso, a secret\u00e1ria j\u00e1 est\u00e1 acompanhando as capacita\u00e7\u00f5es do Cerne para que a implanta\u00e7\u00e3o se d\u00ea desde o in\u00edcio.<\/p>\n<p style=\"text-align: justify;\">A Incubadora do Parque Tecnol\u00f3gico de Sorocaba (SP) j\u00e1 est\u00e1 em processo de implanta\u00e7\u00e3o do modelo de gest\u00e3o e o novo gestor, Marcelo dos Santos Ferreira, participou do curso de capacita\u00e7\u00e3o com a inten\u00e7\u00e3o de se familiarizar com os processos e terminologias do Cerne. \u201c, a metodologia Cerne, a meu ver, possibilitar\u00e1 um avan\u00e7o r\u00e1pido e consistente da incubadora, o que trar\u00e1 um desenvolvimento para a regi\u00e3o de forma geral\u201d, diz.<\/p>\n<p style=\"text-align: justify;\">Katiane Kuyawski, que est\u00e1 \u00e0 frente da Incubadora Findex, do Centro Tecnol\u00f3gico do Munic\u00edpio de Francisco Beltr\u00e3o (PR), acredita que o Cerne fornece um suporte para o trabalho dos gestores. \u201cTemos que ver a incubadora como uma empresa que gere outras empresas, ent\u00e3o o Cerne norteia, d\u00e1 uma linha de pensamento para nossa atua\u00e7\u00e3o. Acredito que dentro da incubadora o melhor caminho seja a implementa\u00e7\u00e3o desse modelo de gest\u00e3o, j\u00e1 que ele foi pensado especificamente para a gest\u00e3o de incubadoras\u201d, afirma Katiane.<\/p>\n<p style=\"text-align: justify;\"><b>Cerne<\/b><\/p>\n<p style=\"text-align: justify;\">Fruto de uma parceria entre a Anprotec e o Sebrae, o Cerne \u00e9 um modelo de gest\u00e3o visa promover a melhoria expressiva nos resultados das incubadoras de diferentes setores de atua\u00e7\u00e3o. Para isso, determina boas pr\u00e1ticas a serem adotadas em diversos processos-chave, que est\u00e3o associados a n\u00edveis de maturidade (Cerne 1, Cerne 2, Cerne 3 e Cerne 4). Cada n\u00edvel de maturidade representa um passo da incubadora em dire\u00e7\u00e3o \u00e0 melhoria cont\u00ednua.<\/p>\n<p style=\"text-align: justify;\">Para a gestora do projeto de incubadoras do Sebrae\/DF, Cristina Vieira, os cursos de capacita\u00e7\u00e3o do Cerne s\u00e3o uma \u00f3tima oportunidade para a troca de boas pr\u00e1ticas. Segundo ela, o Sebrae participa desses cursos para identificar as defici\u00eancias das incubadoras e propor melhorias em parceria com a Anprotec. \u201cO Cerne vem para fortalecer as incubadoras, para melhorar a gest\u00e3o, padronizar os processos, dar qualidade e credibilidade\u201d, conclui.<\/p>\n<p style=\"text-align: justify;\"><b>Novo edital<\/b><\/p>\n<p style=\"text-align: justify;\">No dia 25 de fevereiro, o Sebrae e a Anprotec lan\u00e7aram, em Bras\u00edlia, o\u00a0<a href=\"https:\/\/anprotec.org.br\/site\/2015\/02\/novo-edital-do-cerne-esta-disponivel\/\" target=\"_blank\" rel=\"noopener\">novo edital<\/a>\u00a0do Cerne que vai beneficiar duas modalidades:<\/p>\n<p style=\"text-align: justify;\">&#8211; a primeira ser\u00e1 destinada \u00e0s incubadoras que desejam implantar o primeiro n\u00edvel de maturidade do modelo de gest\u00e3o, Cerne 1, e passar pelo processo de certifica\u00e7\u00e3o deste n\u00edvel;<\/p>\n<p style=\"text-align: justify;\">\u2013 a outra modalidade tem como foco a certifica\u00e7\u00e3o das incubadoras que implantaram o Cerne 1 com apoio do primeiro edital, a implanta\u00e7\u00e3o do Cerne 2 e a certifica\u00e7\u00e3o desta segunda etapa.<\/p>\n","protected":false},"excerpt":{"rendered":"<p>Anprotec promoveu dois dias de atividades divididas no Workshop de Nivelamento e no Curso de Implementa\u00e7\u00e3o Cerne 1, em Bras\u00edlia. Participaram da capacita\u00e7\u00e3o 38 inscritos.<\/p>\n","protected":false},"author":2,"featured_media":459,"comment_status":"open","ping_status":"open","sticky":false,"template":"","format":"standard","meta":{"footnotes":""},"categories":[6],"tags":[],"class_list":["post-458","post","type-post","status-publish","format-standard","has-post-thumbnail","hentry","category-sem-categoria"],"_links":{"self":[{"href":"https:\/\/anprotec.org.br\/cerne\/wp-json\/wp\/v2\/posts\/458","targetHints":{"allow":["GET"]}}],"collection":[{"href":"https:\/\/anprotec.org.br\/cerne\/wp-json\/wp\/v2\/posts"}],"about":[{"href":"https:\/\/anprotec.org.br\/cerne\/wp-json\/wp\/v2\/types\/post"}],"author":[{"embeddable":true,"href":"https:\/\/anprotec.org.br\/cerne\/wp-json\/wp\/v2\/users\/2"}],"replies":[{"embeddable":true,"href":"https:\/\/anprotec.org.br\/cerne\/wp-json\/wp\/v2\/comments?post=458"}],"version-history":[{"count":0,"href":"https:\/\/anprotec.org.br\/cerne\/wp-json\/wp\/v2\/posts\/458\/revisions"}],"wp:featuredmedia":[{"embeddable":true,"href":"https:\/\/anprotec.org.br\/cerne\/wp-json\/"}],"wp:attachment":[{"href":"https:\/\/anprotec.org.br\/cerne\/wp-json\/wp\/v2\/media?parent=458"}],"wp:term":[{"taxonomy":"category","embeddable":true,"href":"https:\/\/anprotec.org.br\/cerne\/wp-json\/wp\/v2\/categories?post=458"},{"taxonomy":"post_tag","embeddable":true,"href":"https:\/\/anprotec.org.br\/cerne\/wp-json\/wp\/v2\/tags?post=458"}],"curies":[{"name":"wp","href":"https:\/\/api.w.org\/{rel}","templated":true}]}}