{"id":402,"date":"2014-12-18T15:40:30","date_gmt":"2014-12-18T15:40:30","guid":{"rendered":"http:\/\/anprotec.org.br\/cerne\/?p=402"},"modified":"2014-12-18T15:40:30","modified_gmt":"2014-12-18T15:40:30","slug":"anprotec-oferece-avaliacao-previa-do-cerne","status":"publish","type":"post","link":"https:\/\/anprotec.org.br\/cerne\/anprotec-oferece-avaliacao-previa-do-cerne\/","title":{"rendered":"Anprotec oferece avalia\u00e7\u00e3o pr\u00e9via do Cerne"},"content":{"rendered":"<p style=\"text-align: justify;\"><a href=\"https:\/\/anprotec.org.br\/cerne-antigo\/wp-content\/uploads\/2014\/07\/Consultores2.jpg\"><img loading=\"lazy\" decoding=\"async\" class=\"size-thumbnail wp-image-133 alignleft\" src=\"https:\/\/anprotec.org.br\/cerne-antigo\/wp-content\/uploads\/2014\/07\/Consultores2-150x150.jpg\" alt=\"Consultores2\" width=\"150\" height=\"150\" \/><\/a>Com o objetivo de contribuir com a implanta\u00e7\u00e3o e o aperfei\u00e7oamento das pr\u00e1ticas relativas ao modelo de gest\u00e3o Cerne, a Anprotec oferecer\u00e1 gratuitamente uma avalia\u00e7\u00e3o pr\u00e9via para as incubadoras que implantaram o modelo Cerne 1 e se considerem preparadas para obter a certifica\u00e7\u00e3o. A avalia\u00e7\u00e3o dever\u00e1 ser realizada ainda no primeiro semestre de 2015.<\/p>\n<p style=\"text-align: justify;\">A atividade ser\u00e1 conduzida por um avaliador credenciado pela Anprotec, com experi\u00eancia em avalia\u00e7\u00e3o de sistemas de gest\u00e3o, em conjunto com um consultor credenciado Cerne, com experi\u00eancia em implanta\u00e7\u00e3o da metodologia. A equipe verificar\u00e1 o est\u00e1gio de implanta\u00e7\u00e3o do Cerne 1 na incubadora, apontando o grau de conformidade das pr\u00e1ticas executadas em rela\u00e7\u00e3o aos requisitos m\u00ednimos exigidos no n\u00edvel Cerne 1. Ao fim da avalia\u00e7\u00e3o, ser\u00e1 emitido um relat\u00f3rio que apontar\u00e1 as conformidades e as n\u00e3o conformidades em rela\u00e7\u00e3o ao modelo, com as respectivas sugest\u00f5es de melhoria.<\/p>\n<p style=\"text-align: justify;\">Dessa forma, a Anprotec espera aumentar a probabilidade de sucesso das incubadoras em obter a certifica\u00e7\u00e3o do modelo Cerne 1, que dever\u00e1 ocorrer no 2\u00ba semestre de 2015, por Institui\u00e7\u00e3o Certificadora credenciada.<\/p>\n<p style=\"text-align: justify;\">Para que a Anprotec possa organizar as avalia\u00e7\u00f5es pr\u00e9vias \u00e9 necess\u00e1rio que os interessados encaminhem este <a href=\"http:\/\/www.anprotec.org.br\/Relata\/SolicitacaoAvaliacaoPreviaCertificacaoCerne.docx\" target=\"_blank\" rel=\"noopener\">formul\u00e1rio<\/a>, informando o est\u00e1gio de cada pr\u00e1tica adotada, at\u00e9 amanh\u00e3 (19\/12).<\/p>\n<p style=\"text-align: justify;\">Acesse o <a href=\"http:\/\/www.anprotec.org.br\/Relata\/SolicitacaoAvaliacaoPreviaCertificacaoCerne.docx\" target=\"_blank\" rel=\"noopener\">formul\u00e1rio de solicita\u00e7\u00e3o<\/a> da avalia\u00e7\u00e3o pr\u00e9via.<\/p>\n","protected":false},"excerpt":{"rendered":"<p>Servi\u00e7o gratuito ser\u00e1 prestado a incubadoras que implantaram o modelo Cerne 1 e desejam se preparar para obter a certifica\u00e7\u00e3o em breve. Prazo para inscri\u00e7\u00e3o encerra amanh\u00e3 (19\/12).  <\/p>\n","protected":false},"author":2,"featured_media":133,"comment_status":"open","ping_status":"open","sticky":false,"template":"","format":"standard","meta":{"footnotes":""},"categories":[6],"tags":[],"class_list":["post-402","post","type-post","status-publish","format-standard","has-post-thumbnail","hentry","category-sem-categoria"],"_links":{"self":[{"href":"https:\/\/anprotec.org.br\/cerne\/wp-json\/wp\/v2\/posts\/402","targetHints":{"allow":["GET"]}}],"collection":[{"href":"https:\/\/anprotec.org.br\/cerne\/wp-json\/wp\/v2\/posts"}],"about":[{"href":"https:\/\/anprotec.org.br\/cerne\/wp-json\/wp\/v2\/types\/post"}],"author":[{"embeddable":true,"href":"https:\/\/anprotec.org.br\/cerne\/wp-json\/wp\/v2\/users\/2"}],"replies":[{"embeddable":true,"href":"https:\/\/anprotec.org.br\/cerne\/wp-json\/wp\/v2\/comments?post=402"}],"version-history":[{"count":0,"href":"https:\/\/anprotec.org.br\/cerne\/wp-json\/wp\/v2\/posts\/402\/revisions"}],"wp:featuredmedia":[{"embeddable":true,"href":"https:\/\/anprotec.org.br\/cerne\/wp-json\/"}],"wp:attachment":[{"href":"https:\/\/anprotec.org.br\/cerne\/wp-json\/wp\/v2\/media?parent=402"}],"wp:term":[{"taxonomy":"category","embeddable":true,"href":"https:\/\/anprotec.org.br\/cerne\/wp-json\/wp\/v2\/categories?post=402"},{"taxonomy":"post_tag","embeddable":true,"href":"https:\/\/anprotec.org.br\/cerne\/wp-json\/wp\/v2\/tags?post=402"}],"curies":[{"name":"wp","href":"https:\/\/api.w.org\/{rel}","templated":true}]}}