{"id":350,"date":"2014-11-10T18:41:37","date_gmt":"2014-11-10T18:41:37","guid":{"rendered":"http:\/\/anprotec.org.br\/cerne\/?p=350"},"modified":"2014-11-10T18:41:37","modified_gmt":"2014-11-10T18:41:37","slug":"habilitados-para-fase-3-do-edital-para-auditores","status":"publish","type":"post","link":"https:\/\/anprotec.org.br\/cerne\/habilitados-para-fase-3-do-edital-para-auditores\/","title":{"rendered":"Habilitados para Fase 3 do edital para auditores"},"content":{"rendered":"<p style=\"text-align: justify;\"><a href=\"https:\/\/anprotec.org.br\/cerne-antigo\/wp-content\/uploads\/2014\/06\/shutterstock_158522279-270x180.jpg\"><img loading=\"lazy\" decoding=\"async\" class=\"size-thumbnail wp-image-106 alignleft\" src=\"https:\/\/anprotec.org.br\/cerne-antigo\/wp-content\/uploads\/2014\/06\/shutterstock_158522279-270x180-150x150.jpg\" alt=\"shutterstock_158522279 (270x180)\" width=\"150\" height=\"150\" \/><\/a>Foi divulgada a\u00a0<a href=\"http:\/\/www.anprotec.org.br\/Relata\/Relacao_de_Habilitados_I_Edital_Credenciamento_Auditores.pdf\" target=\"_blank\" rel=\"noopener\">lista\u00a0<\/a>de empresas e profissionais habilitados para participar da Fase 3 &#8211; Capacita\u00e7\u00e3o e Avalia\u00e7\u00e3o dos Profissionais, referente ao I Edital de Credenciamento de Auditores (Cerne). \u00a0O documento tamb\u00e9m traz os candidatos com dilig\u00eancias, com prazo para que regularizem os documentos at\u00e9 quarta-feira (12).<\/p>\n<p style=\"text-align: justify;\">Os habilitados devem efetuar pagamento da taxa de capacita\u00e7\u00e3o no valor de R$ 800,00 por profissional, enviando o comprovante para o email\u00a0<a href=\"mailto:cerne@anprotec.org.br\">cerne@anprotec.org.br<\/a>\u00a0at\u00e9 quarta-feira (12). Assim, estar\u00e1 confirmada a participa\u00e7\u00e3o no curso, que ocorrer\u00e1 nos dias 17 a 19 de novembro de 2014, em Bras\u00edlia (DF), das 9h \u00e0s 18h, em local a ser confirmado.<\/p>\n<p style=\"text-align: justify;\">Acesse a\u00a0<a href=\"http:\/\/www.anprotec.org.br\/Relata\/Relacao_de_Habilitados_I_Edital_Credenciamento_Auditores.pdf\" target=\"_blank\" rel=\"noopener\">lista<\/a>\u00a0de profissionais habilitados. Consulte o edital\u00a0<a href=\"http:\/\/www.anprotec.org.br\/Relata\/EditalCredenciamentoAuditoresCerne2.pdf\" target=\"_blank\" rel=\"noopener\">aqui<\/a><span>.<\/span><\/p>\n<p style=\"text-align: justify;\"><strong>Processo de credenciamento<\/strong><\/p>\n<p style=\"text-align: justify;\"><span>Ao fim de todo o processo seletivo, os aprovados far\u00e3o parte do Cadastro de Auditores Credenciados Cerne, a ser administrado pelo Instituto Christiano Becker (entidade certificadora definida pela Anprotec) e poder\u00e3o ser chamados para prestar servi\u00e7os quando houver demanda de avalia\u00e7\u00e3o de conformidade Cerne em incubadoras de empresas localizadas no Brasil.<\/span><\/p>\n<p style=\"text-align: justify;\"><span>Toda a documenta\u00e7\u00e3o entregue no ato da inscri\u00e7\u00e3o, incluindo curr\u00edculo e atestado de capacidade t\u00e9cnica, foi avaliada por uma equipe t\u00e9cnica definida pela Anprotec, que selecionou os profissionais para participar da capacita\u00e7\u00e3o, com dura\u00e7\u00e3o de 24h\/aula. Ao fim do treinamento, ser\u00e1 realizada uma prova de conhecimento te\u00f3rico. As empresas habilitadas e os profissionais aprovados na prova far\u00e3o parte da lista de auditores credenciados Cerne, que ser\u00e1 divulgada no site da Anprotec.<\/span><\/p>\n","protected":false},"excerpt":{"rendered":"<p>Anprotec divulga lista de profissionais e empresas aptos a participar da fase 3 do edital, destinada \u00e0 capacita\u00e7\u00e3o e avalia\u00e7\u00e3o dos candidatos. Curso ser\u00e1 realizado de 17 a 19\/11, em Bras\u00edlia. <\/p>\n","protected":false},"author":2,"featured_media":106,"comment_status":"open","ping_status":"open","sticky":false,"template":"","format":"standard","meta":{"footnotes":""},"categories":[6],"tags":[],"class_list":["post-350","post","type-post","status-publish","format-standard","has-post-thumbnail","hentry","category-sem-categoria"],"_links":{"self":[{"href":"https:\/\/anprotec.org.br\/cerne\/wp-json\/wp\/v2\/posts\/350","targetHints":{"allow":["GET"]}}],"collection":[{"href":"https:\/\/anprotec.org.br\/cerne\/wp-json\/wp\/v2\/posts"}],"about":[{"href":"https:\/\/anprotec.org.br\/cerne\/wp-json\/wp\/v2\/types\/post"}],"author":[{"embeddable":true,"href":"https:\/\/anprotec.org.br\/cerne\/wp-json\/wp\/v2\/users\/2"}],"replies":[{"embeddable":true,"href":"https:\/\/anprotec.org.br\/cerne\/wp-json\/wp\/v2\/comments?post=350"}],"version-history":[{"count":0,"href":"https:\/\/anprotec.org.br\/cerne\/wp-json\/wp\/v2\/posts\/350\/revisions"}],"wp:featuredmedia":[{"embeddable":true,"href":"https:\/\/anprotec.org.br\/cerne\/wp-json\/"}],"wp:attachment":[{"href":"https:\/\/anprotec.org.br\/cerne\/wp-json\/wp\/v2\/media?parent=350"}],"wp:term":[{"taxonomy":"category","embeddable":true,"href":"https:\/\/anprotec.org.br\/cerne\/wp-json\/wp\/v2\/categories?post=350"},{"taxonomy":"post_tag","embeddable":true,"href":"https:\/\/anprotec.org.br\/cerne\/wp-json\/wp\/v2\/tags?post=350"}],"curies":[{"name":"wp","href":"https:\/\/api.w.org\/{rel}","templated":true}]}}