{"id":1595,"date":"2025-11-20T11:48:14","date_gmt":"2025-11-20T11:48:14","guid":{"rendered":"https:\/\/anprotec.org.br\/cerne\/?p=1595"},"modified":"2026-04-06T19:33:56","modified_gmt":"2026-04-06T19:33:56","slug":"cerne-2025-anprotec-abre-credenciamento-para-consultores-e-organizacoes-certificadoras","status":"publish","type":"post","link":"https:\/\/anprotec.org.br\/cerne\/cerne-2025-anprotec-abre-credenciamento-para-consultores-e-organizacoes-certificadoras\/","title":{"rendered":"CERNE 2025: Anprotec abre credenciamento para consultores e organiza\u00e7\u00f5es certificadoras"},"content":{"rendered":"<p><img loading=\"lazy\" decoding=\"async\" class=\"aligncenter wp-image-1592 size-full\" src=\"https:\/\/anprotec.org.br\/cerne\/wp-content\/uploads\/2025\/11\/Prancheta-1_2-100-e1763572214379.jpg\" alt=\"\" width=\"700\" height=\"700\" \/><\/p>\n<p>A Anprotec abriu as inscri\u00e7\u00f5es para o credenciamento e a atualiza\u00e7\u00e3o de consultores e organiza\u00e7\u00f5es certificadoras que atuar\u00e3o no Modelo CERNE 2025, a nova gera\u00e7\u00e3o da plataforma de qualifica\u00e7\u00e3o de ambientes de inova\u00e7\u00e3o. As inscri\u00e7\u00f5es, contempladas nos Editais CERNE 01\/2025 (Organiza\u00e7\u00f5es Certificadoras) e CERNE 02\/2025 (Consultores), ficam abertas at\u00e9 16 de janeiro de 2026.<\/p>\n<p>O novo modelo passa a vigorar oficialmente em 11 de fevereiro de 2026, marcando o in\u00edcio de uma transi\u00e7\u00e3o entre os referenciais. Durante esse per\u00edodo, o Modelo CERNE 2018 permanece v\u00e1lido para implanta\u00e7\u00e3o at\u00e9 30 de junho de 2026, o que permitir\u00e1 a prepara\u00e7\u00e3o e atualiza\u00e7\u00e3o de profissionais e institui\u00e7\u00f5es para assegurar uma migra\u00e7\u00e3o organizada e alinhada \u00e0s diretrizes do novo marco.<\/p>\n<p><b>Capacita\u00e7\u00e3o obrigat\u00f3ria<\/b><\/p>\n<p>Assim como nos editais anteriores, o credenciamento exige a participa\u00e7\u00e3o em capacita\u00e7\u00f5es remotas e s\u00edncronas. Para os novos credenciamentos, a forma\u00e7\u00e3o completa inclui: atividades te\u00f3ricas, pr\u00e1ticas e avalia\u00e7\u00e3o oral. J\u00e1 os profissionais credenciados entre 2021 e 2024 devem realizar um m\u00f3dulo resumido de atualiza\u00e7\u00e3o, sem avalia\u00e7\u00e3o oral.<\/p>\n<p>No caso das organiza\u00e7\u00f5es certificadoras, a forma\u00e7\u00e3o completa ocorre entre 26 de janeiro e 3 de fevereiro de 2026, enquanto a atualiza\u00e7\u00e3o ser\u00e1 realizada entre 4 e 9 de fevereiro. Para os consultores, as datas variam: a forma\u00e7\u00e3o completa ser\u00e1 entre 9 e 17 de mar\u00e7o, e a atualiza\u00e7\u00e3o entre 23 e 26 de fevereiro.<\/p>\n<p>Ap\u00f3s a etapa formativa, os candidatos a novos credenciamentos ser\u00e3o convocados para uma avalia\u00e7\u00e3o oral, que medir\u00e1 o dom\u00ednio dos conte\u00fados do CERNE 2025. A nota m\u00ednima para aprova\u00e7\u00e3o \u00e9 70 pontos.<\/p>\n<p><b>Processo de credenciamento<\/b><\/p>\n<p>O processo inclui an\u00e1lise documental, valida\u00e7\u00e3o curricular, capacita\u00e7\u00e3o obrigat\u00f3ria e assinatura dos termos de compromisso. Somente ap\u00f3s a conclus\u00e3o das etapas e a homologa\u00e7\u00e3o pela Anprotec, consultores e organiza\u00e7\u00f5es passam a compor os cadastros oficiais do CERNE e ficam habilitados para atuar na implanta\u00e7\u00e3o e\/ou certifica\u00e7\u00e3o do modelo.<\/p>\n<p>No caso das organiza\u00e7\u00f5es certificadoras, a aprova\u00e7\u00e3o exige que ao menos um avaliador vinculado seja aprovado em todas as etapas. Tanto consultores quanto certificadoras devem estar vinculados a pessoas jur\u00eddicas constitu\u00eddas e regulares, conforme exig\u00eancias dos editais.<\/p>\n<p><b>Investimentos<\/b><\/p>\n<p>A taxa de inscri\u00e7\u00e3o \u00e9 de R$ 600,00 para associados e R$ 1.200,00 para n\u00e3o associados, v\u00e1lida tanto para consultores quanto para avaliadores de certificadoras.<\/p>\n<p>A capacita\u00e7\u00e3o completa tem o valor de R$ 1.800,00 para associados e R$ 2.200,00 para n\u00e3o associados. A atualiza\u00e7\u00e3o, destinada a quem j\u00e1 \u00e9 credenciado, custa R$ 1.080,00 (associados) e R$ 1.320,00 (n\u00e3o associados).<\/p>\n<p>As taxas t\u00eam car\u00e1ter administrativo e n\u00e3o s\u00e3o reembols\u00e1veis.<\/p>\n<p><b>Um novo ciclo para o CERNE<\/b><\/p>\n<p>Desenvolvido pela Anprotec em parceria com o Sebrae, o CERNE foi criado para elevar a maturidade de incubadoras e apoiar a gera\u00e7\u00e3o sistem\u00e1tica de empreendimentos inovadores.<\/p>\n<p>O CERNE 2025, em fase final de valida\u00e7\u00e3o, traz transforma\u00e7\u00f5es estruturais importantes. A principal mudan\u00e7a \u00e9 a amplia\u00e7\u00e3o de escopo, substituindo a refer\u00eancia exclusiva a incubadoras pelo termo \u201cmecanismo de inova\u00e7\u00e3o\u201d \u2014 reconhecendo a atua\u00e7\u00e3o de parques tecnol\u00f3gicos, aceleradoras, hubs e demais estruturas que operam programas de empreendedorismo inovador.<\/p>\n<p>O modelo tamb\u00e9m se consolida como um sistema integrado de certifica\u00e7\u00e3o, com maior padroniza\u00e7\u00e3o das auditorias, fortalecimento das organiza\u00e7\u00f5es certificadoras e ado\u00e7\u00e3o plena do ciclo PDCA como base para a gest\u00e3o orientada a resultados.<\/p>\n<p>Outro destaque \u00e9 a incorpora\u00e7\u00e3o de temas contempor\u00e2neos como ESG, sustentabilidade, diversidade, governan\u00e7a e internacionaliza\u00e7\u00e3o, especialmente nos n\u00edveis mais avan\u00e7ados (CERNE 3 e 4). A nova gera\u00e7\u00e3o de indicadores amplia a vis\u00e3o de desempenho dos ambientes, incluindo aspectos como impacto socioecon\u00f4mico, articula\u00e7\u00e3o em rede, efici\u00eancia operacional e pr\u00e1ticas de inclus\u00e3o.<\/p>\n<p><b>Indicadores ampliados e alinhados \u00e0 agenda ESG<\/b><\/p>\n<p>O CERNE 2025 expande o conceito de desempenho para al\u00e9m dos resultados econ\u00f4micos, incorporando impacto, governan\u00e7a e sustentabilidade em conson\u00e2ncia com a Agenda 2030.<\/p>\n<p>A nova gera\u00e7\u00e3o de indicadores inclui:<\/p>\n<ul>\n<li aria-level=\"1\"><b>Impacto dos empreendimentos:<\/b>\u00a0gera\u00e7\u00e3o de empregos, capta\u00e7\u00e3o de investimentos, ado\u00e7\u00e3o de pr\u00e1ticas ESG, exporta\u00e7\u00f5es e internacionaliza\u00e7\u00e3o.<\/li>\n<li aria-level=\"1\"><b>Efetividade da gest\u00e3o:<\/b>\u00a0alcance de metas estrat\u00e9gicas, satisfa\u00e7\u00e3o dos empreendedores, tempo de execu\u00e7\u00e3o de processos e implementa\u00e7\u00e3o de melhorias cont\u00ednuas.<\/li>\n<li aria-level=\"1\"><b>Articula\u00e7\u00e3o em rede:<\/b>\u00a0grau de integra\u00e7\u00e3o com universidades, ICTs e parceiros do ecossistema.<\/li>\n<li aria-level=\"1\"><b>Sustentabilidade e impacto:<\/b>\u00a0consumo consciente de recursos, diversidade, inclus\u00e3o e projetos de impacto social.<\/li>\n<\/ul>\n<p>Essas mudan\u00e7as aproximam o modelo das melhores pr\u00e1ticas internacionais de gest\u00e3o da inova\u00e7\u00e3o.<\/p>\n<p><b>Nova Pol\u00edtica de Gest\u00e3o de Servi\u00e7os<\/b><\/p>\n<p>Para garantir maior capilaridade, uniformidade e qualidade na implanta\u00e7\u00e3o e certifica\u00e7\u00e3o, a Anprotec lan\u00e7ou uma\u00a0<a href=\"https:\/\/anprotec.org.br\/site\/wp-content\/uploads\/2025\/11\/Politica-de-Gestao-de-Servicos-CERNE_Revisao08.pdf\"><b>Pol\u00edtica de Gest\u00e3o de Servi\u00e7os CERNE<\/b><\/a>. A medida coordena a atua\u00e7\u00e3o dos consultores e certificadoras credenciadas, estabelece regras de rod\u00edzio e padroniza procedimentos em todo o pa\u00eds.<\/p>\n<p>Desde a cria\u00e7\u00e3o do modelo, 121 organiza\u00e7\u00f5es j\u00e1 foram certificadas (60 CERNE 1, 33 CERNE 2, 12 CERNE 3 e 15 CERNE 4) e, entre 2020 e 2023, mais de 690 gestores de ambientes e mecanismos de inova\u00e7\u00e3o foram capacitados nos cursos oficiais, demonstrando o impacto crescente do CERNE no ecossistema de inova\u00e7\u00e3o.<\/p>\n<p><b>Informa\u00e7\u00f5es e acesso aos editais<\/b><\/p>\n<p>Mais informa\u00e7\u00f5es e os editais completos podem ser encontrados aqui:<\/p>\n<ul>\n<li aria-level=\"1\"><a href=\"https:\/\/anprotec.org.br\/site\/wp-content\/uploads\/2025\/11\/Edital-1.2025_Certificadoras_Cerne_2025_V01_10.11.docx.pdf\" target=\"_blank\" rel=\"noopener\"><b>EDITAL CERNE 01\/2025 \u2013 CHAMADA PARA CREDENCIAMENTO DE ORGANIZA\u00c7\u00d5ES CERTIFICADORAS CERNE<\/b><\/a><\/li>\n<\/ul>\n<ul>\n<li aria-level=\"1\"><a href=\"https:\/\/anprotec.org.br\/site\/wp-content\/uploads\/2025\/11\/Edital-2.2025_Consultores_Cerne_2025_V01_10.11-1.docx-1.pdf\" target=\"_blank\" rel=\"noopener\"><b>EDITAL CERNE 02\/2025 \u2013 CHAMADA PARA CREDENCIAMENTO DE CONSULTORES CERNE<\/b><\/a><\/li>\n<\/ul>\n<p>D\u00favidas podem ser encaminhadas para:\u00a0<a href=\"mailto:cerne@anprotec.org.br\">cerne@anprotec.org.br<\/a><\/p>\n<p>&nbsp;<\/p>\n","protected":false},"excerpt":{"rendered":"<p>A Anprotec abriu as inscri\u00e7\u00f5es para o credenciamento e a atualiza\u00e7\u00e3o de consultores e organiza\u00e7\u00f5es certificadoras que atuar\u00e3o no Modelo CERNE 2025, a nova gera\u00e7\u00e3o da plataforma de qualifica\u00e7\u00e3o de ambientes de inova\u00e7\u00e3o. As inscri\u00e7\u00f5es, contempladas nos Editais CERNE 01\/2025 (Organiza\u00e7\u00f5es Certificadoras) e CERNE 02\/2025 (Consultores), ficam abertas at\u00e9 16 de janeiro de 2026. O &hellip;<\/p>\n<p class=\"read-more\"> <a class=\"\" href=\"https:\/\/anprotec.org.br\/cerne\/cerne-2025-anprotec-abre-credenciamento-para-consultores-e-organizacoes-certificadoras\/\"> <span class=\"screen-reader-text\">CERNE 2025: Anprotec abre credenciamento para consultores e organiza\u00e7\u00f5es certificadoras<\/span> Leia mais &raquo;<\/a><\/p>\n","protected":false},"author":4,"featured_media":1593,"comment_status":"open","ping_status":"open","sticky":false,"template":"","format":"standard","meta":{"footnotes":""},"categories":[6,1],"tags":[],"class_list":["post-1595","post","type-post","status-publish","format-standard","has-post-thumbnail","hentry","category-sem-categoria","category-uncategorized"],"_links":{"self":[{"href":"https:\/\/anprotec.org.br\/cerne\/wp-json\/wp\/v2\/posts\/1595","targetHints":{"allow":["GET"]}}],"collection":[{"href":"https:\/\/anprotec.org.br\/cerne\/wp-json\/wp\/v2\/posts"}],"about":[{"href":"https:\/\/anprotec.org.br\/cerne\/wp-json\/wp\/v2\/types\/post"}],"author":[{"embeddable":true,"href":"https:\/\/anprotec.org.br\/cerne\/wp-json\/wp\/v2\/users\/4"}],"replies":[{"embeddable":true,"href":"https:\/\/anprotec.org.br\/cerne\/wp-json\/wp\/v2\/comments?post=1595"}],"version-history":[{"count":2,"href":"https:\/\/anprotec.org.br\/cerne\/wp-json\/wp\/v2\/posts\/1595\/revisions"}],"predecessor-version":[{"id":1606,"href":"https:\/\/anprotec.org.br\/cerne\/wp-json\/wp\/v2\/posts\/1595\/revisions\/1606"}],"wp:featuredmedia":[{"embeddable":true,"href":"https:\/\/anprotec.org.br\/cerne\/wp-json\/wp\/v2\/media\/1593"}],"wp:attachment":[{"href":"https:\/\/anprotec.org.br\/cerne\/wp-json\/wp\/v2\/media?parent=1595"}],"wp:term":[{"taxonomy":"category","embeddable":true,"href":"https:\/\/anprotec.org.br\/cerne\/wp-json\/wp\/v2\/categories?post=1595"},{"taxonomy":"post_tag","embeddable":true,"href":"https:\/\/anprotec.org.br\/cerne\/wp-json\/wp\/v2\/tags?post=1595"}],"curies":[{"name":"wp","href":"https:\/\/api.w.org\/{rel}","templated":true}]}}