{"id":1587,"date":"2025-11-19T17:08:52","date_gmt":"2025-11-19T17:08:52","guid":{"rendered":"https:\/\/anprotec.org.br\/cerne\/?p=1587"},"modified":"2025-11-19T17:08:52","modified_gmt":"2025-11-19T17:08:52","slug":"comunicado-aos-associados-cerne-2025-esta-chegando","status":"publish","type":"post","link":"https:\/\/anprotec.org.br\/cerne\/comunicado-aos-associados-cerne-2025-esta-chegando\/","title":{"rendered":"Comunicado aos Associados: Cerne 2025 est\u00e1 chegando"},"content":{"rendered":"<p>&nbsp;<\/p>\n<p><img loading=\"lazy\" decoding=\"async\" class=\"aligncenter wp-image-1589 size-full\" src=\"https:\/\/anprotec.org.br\/cerne\/wp-content\/uploads\/2025\/11\/Prancheta-1-100-11-1024x1024-2-e1763572113229.jpg\" alt=\"\" width=\"700\" height=\"700\" \/><\/p>\n<p>Caros associados,<\/p>\n<p>\u00c9 com grande satisfa\u00e7\u00e3o que a Anprotec, em parceria com o Sebrae, anuncia o lan\u00e7amento do\u00a0<b>Cerne 2025<\/b>, uma evolu\u00e7\u00e3o importante da plataforma que se consolidou como refer\u00eancia nacional e internacional na qualifica\u00e7\u00e3o de ambientes de inova\u00e7\u00e3o.<\/p>\n<p>Fruto de uma constru\u00e7\u00e3o coletiva conduzida pela Associa\u00e7\u00e3o desde 2022, o novo modelo Cerne 2025 marca um avan\u00e7o na gest\u00e3o e certifica\u00e7\u00e3o de mecanismos de inova\u00e7\u00e3o. O modelo foi desenvolvido a partir de consultas amplas e colaborativas realizadas em workshops durante as Confer\u00eancias Anprotec de 2022, 2023 e 2024, reunindo contribui\u00e7\u00f5es de parceiros, gestores, consultores, certificadoras e institui\u00e7\u00f5es parceiras.<\/p>\n<h5><b>Uma nova gera\u00e7\u00e3o do modelo Cerne<\/b><\/h5>\n<p>A atualiza\u00e7\u00e3o do Cerne 2025 reflete a evolu\u00e7\u00e3o do ecossistema brasileiro de inova\u00e7\u00e3o. O novo conjunto de documentos \u2014\u00a0<b>Manual de Implanta\u00e7\u00e3o, Sum\u00e1rio Executivo e Termo de Refer\u00eancia<\/b>\u00a0\u2014 est\u00e1 em fase final de revis\u00e3o e traz transforma\u00e7\u00f5es estruturais importantes.<\/p>\n<p>Principais mudan\u00e7as:<\/p>\n<p><strong>Amplia\u00e7\u00e3o de escopo:<\/strong>\u00a0O modelo deixa de se aplicar apenas a incubadoras e adota o termo \u201cmecanismo de inova\u00e7\u00e3o\u201d, englobando parques tecnol\u00f3gicos, aceleradoras e hubs que possuam programas de incuba\u00e7\u00e3o.<\/p>\n<p><strong>Consolida\u00e7\u00e3o como sistema de certifica\u00e7\u00e3o:<\/strong>\u00a0O novo modelo amplia e estrutura o papel das entidades certificadoras, consolidando o Cerne como um sistema integrado de gest\u00e3o, avalia\u00e7\u00e3o, auditoria e certifica\u00e7\u00e3o \u2014 aprofundando sua aplica\u00e7\u00e3o como refer\u00eancia de qualidade.<\/p>\n<p><b>Gest\u00e3o baseada em resultados:<\/b>\u00a0Aplica\u00e7\u00e3o expl\u00edcita do ciclo PDCA, com foco em pr\u00e1ticas comprov\u00e1veis, indicadores mensur\u00e1veis e melhoria cont\u00ednua.<\/p>\n<p><b>Agenda contempor\u00e2nea:<\/b>\u00a0Temas como sustentabilidade, responsabilidade socioambiental e internacionaliza\u00e7\u00e3o ganham destaque, especialmente nos n\u00edveis mais avan\u00e7ados (Cerne 3 e 4).<\/p>\n<h5><b>Indicadores ampliados e alinhados \u00e0 agenda ESG<\/b><\/h5>\n<p>O Cerne 2025 expande o conceito de desempenho para al\u00e9m dos resultados econ\u00f4micos, incorporando\u00a0<b>impacto, governan\u00e7a e sustentabilidade<\/b>\u00a0em conson\u00e2ncia com a Agenda 2030.<\/p>\n<p>A nova gera\u00e7\u00e3o de indicadores inclui:<\/p>\n<p><b>Impacto dos empreendimentos:<\/b>\u00a0gera\u00e7\u00e3o de empregos, capta\u00e7\u00e3o de investimentos, ado\u00e7\u00e3o de pr\u00e1ticas ESG, exporta\u00e7\u00f5es e internacionaliza\u00e7\u00e3o.<\/p>\n<p><b>Efetividade da gest\u00e3o:<\/b>\u00a0alcance de metas estrat\u00e9gicas, satisfa\u00e7\u00e3o dos empreendedores, tempo de execu\u00e7\u00e3o de processos e implementa\u00e7\u00e3o de melhorias cont\u00ednuas.<\/p>\n<p><b>Articula\u00e7\u00e3o em rede:<\/b>\u00a0grau de integra\u00e7\u00e3o com universidades, ICTs e parceiros do ecossistema.<\/p>\n<p><b>Sustentabilidade e impacto:<\/b>\u00a0consumo consciente de recursos, diversidade, inclus\u00e3o e projetos de impacto social.<\/p>\n<p>Essas mudan\u00e7as aproximam o modelo das melhores pr\u00e1ticas internacionais de gest\u00e3o da inova\u00e7\u00e3o.<\/p>\n<p><b>Nova Pol\u00edtica de Gest\u00e3o de Servi\u00e7os Cerne<\/b><\/p>\n<p>Para garantir maior capilaridade e qualidade na oferta dos servi\u00e7os Cerne, a Anprotec lan\u00e7ar\u00e1 uma nova Pol\u00edtica de Gest\u00e3o de Servi\u00e7os, que coordenar\u00e1 as atividades dos Consultores Credenciados \u2014 respons\u00e1veis pela implanta\u00e7\u00e3o do modelo nos ambientes de inova\u00e7\u00e3o \u2014 e das Organiza\u00e7\u00f5es Certificadoras Credenciadas, que conduzem os processos de certifica\u00e7\u00e3o.<\/p>\n<p>O objetivo \u00e9 aumentar o n\u00famero de prestadores de servi\u00e7os, estabelecer um sistema de rod\u00edzio para distribui\u00e7\u00e3o equitativa das oportunidades, padronizar processos e fortalecer a rede de profissionais e institui\u00e7\u00f5es que operam o modelo em todo o pa\u00eds.<\/p>\n<p><b>Linha do tempo da transi\u00e7\u00e3o<\/b><\/p>\n<p>A implementa\u00e7\u00e3o do Cerne 2025 seguir\u00e1 um cronograma de transi\u00e7\u00e3o que garante seguran\u00e7a aos ambientes que utilizam a vers\u00e3o anterior:<\/p>\n<p><b>Cerne 2018<\/b><\/p>\n<ul>\n<li aria-level=\"1\"><b>Certificados vencidos:<\/b>\u00a0prorrogados at\u00e9 maio de 2026<\/li>\n<li aria-level=\"1\"><b>Certificados emitidos:<\/b>\u00a0conforme data de validade do certificado<\/li>\n<li aria-level=\"1\"><b>Implanta\u00e7\u00e3o:<\/b>\u00a0requisi\u00e7\u00e3o at\u00e9 30 de junho de 2026<\/li>\n<li aria-level=\"1\"><b>Certifica\u00e7\u00e3o:<\/b>\u00a0conforme validade dos certificados a serem emitidos at\u00e9 30 de junho de 2026<\/li>\n<\/ul>\n<p><b>Cerne 2025<\/b><\/p>\n<ul>\n<li aria-level=\"1\"><b>Implanta\u00e7\u00e3o:<\/b>\u00a0ap\u00f3s conclus\u00e3o da primeira Qualifica\u00e7\u00e3o Cerne 2025, em fevereiro de 2026<\/li>\n<li aria-level=\"1\"><b>Certifica\u00e7\u00e3o:<\/b>\u00a0a partir de 1\u00ba de junho de 2026<\/li>\n<\/ul>\n<p><b>Calend\u00e1rio Cerne 2025<\/b><\/p>\n<p>As inscri\u00e7\u00f5es e regulamentos ser\u00e3o divulgados em breve. O ciclo inicial de capacita\u00e7\u00f5es ser\u00e1 composto pelas seguintes etapas:<\/p>\n<p><b>Para Consultores Credenciados:<\/b><\/p>\n<ul>\n<li aria-level=\"1\">Forma\u00e7\u00e3o de novos consultores: \u00a0<b>09 a 17 de mar\u00e7o de 2026<\/b><\/li>\n<li aria-level=\"1\">Atualiza\u00e7\u00e3o para o modelo 2025:\u00a0<b>23 a 26 de fevereiro de 2026<\/b><\/li>\n<\/ul>\n<p><b>Para Organiza\u00e7\u00f5es Certificadoras:<\/b><\/p>\n<ul>\n<li aria-level=\"1\">Forma\u00e7\u00e3o de novas certificadoras:\u00a0<b>23 de janeiro a 3 de fevereiro de 2026<\/b><\/li>\n<li aria-level=\"1\">Atualiza\u00e7\u00e3o para o modelo 2025:\u00a0<b>4 a 9 de fevereiro de 2026<\/b><\/li>\n<\/ul>\n<p><b>Para profissionais de ambientes de inova\u00e7\u00e3o:<\/b><\/p>\n<ul>\n<li aria-level=\"1\">Capacita\u00e7\u00f5es Cerne 2025:\u00a0<b>a partir de fevereiro de 2026<\/b><\/li>\n<\/ul>\n<p><b>Exclusivo para associados Anprotec<\/b><\/p>\n<p>A partir do Cerne 2025, a implanta\u00e7\u00e3o e certifica\u00e7\u00e3o no modelo Cerne passam a ser exclusivas para associados da Anprotec. A medida refor\u00e7a o compromisso da Associa\u00e7\u00e3o em valorizar e fortalecer sua rede de membros, garantindo acesso priorit\u00e1rio \u00e0s ferramentas de qualifica\u00e7\u00e3o e certifica\u00e7\u00e3o da principal refer\u00eancia nacional em gest\u00e3o de ambientes de inova\u00e7\u00e3o.<\/p>\n<p>O Cerne 2025 representa um novo patamar de maturidade para os mecanismos de inova\u00e7\u00e3o brasileiros \u2014 mais integrado, t\u00e9cnico e conectado \u00e0s demandas contempor\u00e2neas de impacto e sustentabilidade.<\/p>\n","protected":false},"excerpt":{"rendered":"<p>&nbsp; Caros associados, \u00c9 com grande satisfa\u00e7\u00e3o que a Anprotec, em parceria com o Sebrae, anuncia o lan\u00e7amento do\u00a0Cerne 2025, uma evolu\u00e7\u00e3o importante da plataforma que se consolidou como refer\u00eancia nacional e internacional na qualifica\u00e7\u00e3o de ambientes de inova\u00e7\u00e3o. Fruto de uma constru\u00e7\u00e3o coletiva conduzida pela Associa\u00e7\u00e3o desde 2022, o novo modelo Cerne 2025 marca &hellip;<\/p>\n<p class=\"read-more\"> <a class=\"\" href=\"https:\/\/anprotec.org.br\/cerne\/comunicado-aos-associados-cerne-2025-esta-chegando\/\"> <span class=\"screen-reader-text\">Comunicado aos Associados: Cerne 2025 est\u00e1 chegando<\/span> Leia mais &raquo;<\/a><\/p>\n","protected":false},"author":4,"featured_media":1588,"comment_status":"open","ping_status":"open","sticky":false,"template":"","format":"standard","meta":{"footnotes":""},"categories":[6,1],"tags":[],"class_list":["post-1587","post","type-post","status-publish","format-standard","has-post-thumbnail","hentry","category-sem-categoria","category-uncategorized"],"_links":{"self":[{"href":"https:\/\/anprotec.org.br\/cerne\/wp-json\/wp\/v2\/posts\/1587","targetHints":{"allow":["GET"]}}],"collection":[{"href":"https:\/\/anprotec.org.br\/cerne\/wp-json\/wp\/v2\/posts"}],"about":[{"href":"https:\/\/anprotec.org.br\/cerne\/wp-json\/wp\/v2\/types\/post"}],"author":[{"embeddable":true,"href":"https:\/\/anprotec.org.br\/cerne\/wp-json\/wp\/v2\/users\/4"}],"replies":[{"embeddable":true,"href":"https:\/\/anprotec.org.br\/cerne\/wp-json\/wp\/v2\/comments?post=1587"}],"version-history":[{"count":1,"href":"https:\/\/anprotec.org.br\/cerne\/wp-json\/wp\/v2\/posts\/1587\/revisions"}],"predecessor-version":[{"id":1590,"href":"https:\/\/anprotec.org.br\/cerne\/wp-json\/wp\/v2\/posts\/1587\/revisions\/1590"}],"wp:featuredmedia":[{"embeddable":true,"href":"https:\/\/anprotec.org.br\/cerne\/wp-json\/wp\/v2\/media\/1588"}],"wp:attachment":[{"href":"https:\/\/anprotec.org.br\/cerne\/wp-json\/wp\/v2\/media?parent=1587"}],"wp:term":[{"taxonomy":"category","embeddable":true,"href":"https:\/\/anprotec.org.br\/cerne\/wp-json\/wp\/v2\/categories?post=1587"},{"taxonomy":"post_tag","embeddable":true,"href":"https:\/\/anprotec.org.br\/cerne\/wp-json\/wp\/v2\/tags?post=1587"}],"curies":[{"name":"wp","href":"https:\/\/api.w.org\/{rel}","templated":true}]}}